{"id":167178,"date":"2026-09-04T10:16:13","date_gmt":"2026-09-04T13:16:13","guid":{"rendered":"https:\/\/www.aprovaconcursos.com.br\/noticias\/?p=167178"},"modified":"2026-09-04T10:16:14","modified_gmt":"2026-09-04T13:16:14","slug":"concurso-banestes","status":"publish","type":"post","link":"https:\/\/www.aprovaconcursos.com.br\/noticias\/concurso-banestes\/","title":{"rendered":"Concurso Banestes: escolha da banca \u00e9 iniciada para novo Edital!"},"content":{"rendered":"\n<p class=\"wp-block-paragraph\">O <strong>Banestes (Banco do Estado do Esp\u00edrito Santo)<\/strong> deu o primeiro passo administrativo em dire\u00e7\u00e3o a um novo concurso p\u00fablico. <\/p>\n\n\n\n<p class=\"wp-block-paragraph\">O banco iniciou o processo administrativo para escolher a empresa que vai organizar a pr\u00f3xima sele\u00e7\u00e3o, informa\u00e7\u00e3o dada pelo diretor-presidente Carlos Artur Hauschild ao rep\u00f3rter Wilson Rodrigues, da Rede Not\u00edcia, na segunda-feira, 31 de agosto de 2026.<\/p>\n\n\n\n<p class=\"wp-block-paragraph\">Confira aqui a <strong>situa\u00e7\u00e3o atual<\/strong> do concurso Banestes, o que j\u00e1 est\u00e1 oficialmente confirmado, o que ainda depende de defini\u00e7\u00e3o e quais s\u00e3o os pr\u00f3ximos passos. Ela \u00e9 atualizada a cada nova movimenta\u00e7\u00e3o.<\/p>\n\n\n\n<h3 id=\"h-resumo-e-situacao-atual\" class=\"wp-block-heading\">Resumo e situa\u00e7\u00e3o atual<\/h3>\n\n\n\n<ul class=\"wp-block-list\">\n<li><strong>Situa\u00e7\u00e3o:<\/strong> banca organizadora em processo de escolha<\/li>\n\n\n\n<li><strong>Banca:<\/strong> a definir<\/li>\n\n\n\n<li><strong>Edital:<\/strong> sem data de publica\u00e7\u00e3o<\/li>\n\n\n\n<li><strong>Escolaridade prevista:<\/strong> n\u00edvel m\u00e9dio e t\u00e9cnico<\/li>\n\n\n\n<li><strong>Vagas e cargos:<\/strong> a definir no edital de abertura<\/li>\n\n\n\n<li><strong>\u00daltima movimenta\u00e7\u00e3o:<\/strong> 31\/08\/2026 \u2014 confirma\u00e7\u00e3o do in\u00edcio do processo de escolha da banca<\/li>\n<\/ul>\n\n\n\n<p class=\"wp-block-paragraph\">Segundo o Banestes, o processo de escolha da banca est\u00e1 em fase de tr\u00e2mites administrativos e, assim que o contrato for formalizado, a informa\u00e7\u00e3o ser\u00e1 tornada p\u00fablica, conforme as normas de transpar\u00eancia. O cronograma de lan\u00e7amento do edital ainda est\u00e1 sendo estruturado e ser\u00e1 divulgado pelos canais oficiais do banco. <\/p>\n\n\n\n<p class=\"wp-block-paragraph\">O novo concurso contemplar\u00e1 cargos de n\u00edvel m\u00e9dio e t\u00e9cnico, com detalhamento de vagas e especialidades definido apenas no edital de abertura.<\/p>\n\n\n\n<p class=\"wp-block-paragraph\">Tamb\u00e9m \u00e9 preciso considerar um dado importante do cen\u00e1rio: o banco informou que o prazo de validade do concurso p\u00fablico de 2022 se estende at\u00e9 23 de junho de 2027. Ou seja, a sele\u00e7\u00e3o anterior ainda pode gerar convoca\u00e7\u00f5es, e o novo processo em estrutura\u00e7\u00e3o \u00e9 voltado a cargos e necessidades distintas.<\/p>\n\n\n\n<p class=\"wp-block-paragraph\"><strong>Pr\u00f3ximo passo a acompanhar:<\/strong> a formaliza\u00e7\u00e3o do contrato com a banca organizadora, que deve ser divulgada oficialmente pelo Banestes.<\/p>\n\n\n\n<h2 id=\"h-solicitacao-e-autorizacao\" class=\"wp-block-heading\">Solicita\u00e7\u00e3o e autoriza\u00e7\u00e3o<\/h2>\n\n\n\n<p class=\"wp-block-paragraph\">At\u00e9 o momento <strong>n\u00e3o h\u00e1 ato de autoriza\u00e7\u00e3o publicado em di\u00e1rio oficial<\/strong> para o novo concurso. O que existe \u00e9 a confirma\u00e7\u00e3o p\u00fablica do diretor-presidente do banco de que o planejamento avan\u00e7ou internamente.<\/p>\n\n\n\n<p class=\"wp-block-paragraph\">De acordo com a institui\u00e7\u00e3o, o planejamento do novo concurso p\u00fablico encontra-se em fase de estrutura\u00e7\u00e3o administrativa, com cuidado t\u00e9cnico para garantir a conformidade e a seguran\u00e7a jur\u00eddica de todo o processo.<\/p>\n\n\n\n<p class=\"wp-block-paragraph\">Como sociedade de economia mista, o Banestes conduz seus concursos por processo administrativo pr\u00f3prio e publica os avisos de edital no <strong>Di\u00e1rio Oficial do Esp\u00edrito Santo<\/strong>, como ocorreu no ciclo anterior.<\/p>\n\n\n\n<h2 id=\"h-comissao-e-banca\" class=\"wp-block-heading\">Comiss\u00e3o e banca<\/h2>\n\n\n\n<p class=\"wp-block-paragraph\">A defini\u00e7\u00e3o da banca \u00e9 hoje a etapa central do concurso Banestes.<\/p>\n\n\n\n<p class=\"wp-block-paragraph\">O processo de escolha ainda n\u00e3o foi conclu\u00eddo. O banco informou que os procedimentos est\u00e3o em andamento e que, ap\u00f3s a formaliza\u00e7\u00e3o do contrato com a empresa respons\u00e1vel pela organiza\u00e7\u00e3o, a informa\u00e7\u00e3o ser\u00e1 divulgada oficialmente.<\/p>\n\n\n\n<p class=\"wp-block-paragraph\">Nenhuma empresa foi anunciada. Qualquer nome de banca que circule antes da divulga\u00e7\u00e3o oficial do Banestes deve ser tratado como especula\u00e7\u00e3o.<\/p>\n\n\n\n<p class=\"wp-block-paragraph\">Como refer\u00eancia das \u00faltimas edi\u00e7\u00f5es:<\/p>\n\n\n\n<ul class=\"wp-block-list\">\n<li><strong>2024:<\/strong> organiza\u00e7\u00e3o do Instituto ACCESS<\/li>\n\n\n\n<li><strong>2022:<\/strong> organiza\u00e7\u00e3o da Funda\u00e7\u00e3o Getulio Vargas (FGV)<\/li>\n<\/ul>\n\n\n\n<p class=\"wp-block-paragraph\">Hist\u00f3rico de banca <strong>n\u00e3o determina<\/strong> a escolha atual. A nova organizadora s\u00f3 ser\u00e1 conhecida com a publica\u00e7\u00e3o oficial.<\/p>\n\n\n\n<h2 id=\"h-edital\" class=\"wp-block-heading\">Edital<\/h2>\n\n\n\n<p class=\"wp-block-paragraph\">O <strong>edital do concurso Banestes<\/strong> ainda n\u00e3o foi publicado e n\u00e3o h\u00e1 data prevista. O cronograma de lan\u00e7amento est\u00e1 sendo estruturado e, at\u00e9 o momento, n\u00e3o existe uma data definida para a publica\u00e7\u00e3o do documento.<\/p>\n\n\n\n<p class=\"wp-block-paragraph\">O que j\u00e1 se sabe sobre o pr\u00f3ximo edital:<\/p>\n\n\n\n<ul class=\"wp-block-list\">\n<li>contemplar\u00e1 cargos de <strong>n\u00edvel m\u00e9dio e t\u00e9cnico<\/strong>;<\/li>\n\n\n\n<li>o n\u00famero de vagas e as especialidades ser\u00e3o detalhados apenas no documento de abertura;<\/li>\n\n\n\n<li>a publica\u00e7\u00e3o ser\u00e1 anunciada pelos canais oficiais do banco.<\/li>\n<\/ul>\n\n\n\n<p class=\"wp-block-paragraph\">Quando o edital sair, esta se\u00e7\u00e3o ser\u00e1 atualizada com data, link oficial, vagas, cargos, requisitos e regras centrais.<\/p>\n\n\n\n<h2 id=\"h-vagas-cargos-e-remuneracao\" class=\"wp-block-heading\">Vagas, cargos e remunera\u00e7\u00e3o<\/h2>\n\n\n\n<p class=\"wp-block-paragraph\">Para o ciclo atual, <strong>n\u00e3o h\u00e1 n\u00famero de vagas, cargos ou remunera\u00e7\u00e3o confirmados<\/strong>. O \u00fanico dado oficial \u00e9 o n\u00edvel de escolaridade: m\u00e9dio e t\u00e9cnico.<\/p>\n\n\n\n<p class=\"wp-block-paragraph\">Os ciclos anteriores servem apenas como par\u00e2metro do que o banco costuma oferecer:<\/p>\n\n\n\n<h3 id=\"h-concurso-de-2024-nivel-superior\" class=\"wp-block-heading\"><strong>Concurso de 2024 \u2014 n\u00edvel superior<\/strong><\/h3>\n\n\n\n<p class=\"wp-block-paragraph\">Sob organiza\u00e7\u00e3o do Instituto ACCESS, foram ofertadas 759 vagas em cadastro de reserva para os cargos de Analista Econ\u00f4mico Financeiro e Analista em Tecnologia da Informa\u00e7\u00e3o, com sal\u00e1rios entre R$ 4.141,50 e R$ 5.363,81.<\/p>\n\n\n\n<h3 id=\"h-concurso-de-2022-nivel-medio\" class=\"wp-block-heading\"><strong>Concurso de 2022 \u2014 n\u00edvel m\u00e9dio<\/strong><\/h3>\n\n\n\n<p class=\"wp-block-paragraph\">A sele\u00e7\u00e3o, organizada pela FGV, ofertou oportunidades para os cargos de T\u00e9cnico Banc\u00e1rio e Assistente Securit\u00e1rio, com sal\u00e1rios iniciais na faixa de R$ 3,6 mil, al\u00e9m de aux\u00edlio-refei\u00e7\u00e3o, aux\u00edlio-cesta alimenta\u00e7\u00e3o, aux\u00edlio-creche ou aux\u00edlio-bab\u00e1, vale-transporte e participa\u00e7\u00e3o nos lucros ou resultados.<\/p>\n\n\n\n<p class=\"wp-block-paragraph\">Os valores acima <strong>n\u00e3o valem<\/strong> para o novo concurso: a remunera\u00e7\u00e3o ser\u00e1 definida no pr\u00f3ximo edital, com base nos acordos coletivos vigentes.<\/p>\n\n\n\n<h2 id=\"h-gabaritos-e-resultados\" class=\"wp-block-heading\">Gabaritos e resultados<\/h2>\n\n\n\n<p class=\"wp-block-paragraph\">O concurso Banestes de 2024, voltado a cargos de n\u00edvel superior, <strong>j\u00e1 teve o resultado final homologado<\/strong> e encerrou suas etapas.<\/p>\n\n\n\n<p class=\"wp-block-paragraph\">Sobre a sele\u00e7\u00e3o que segue produzindo efeitos, o banco confirmou que a validade do concurso p\u00fablico de 2022 se estende at\u00e9 23 de junho de 2027 \u2014 per\u00edodo em que novas convoca\u00e7\u00f5es ainda podem ocorrer.<\/p>\n\n\n\n<p class=\"wp-block-paragraph\">N\u00e3o h\u00e1, no ciclo atual, gabarito, resultado ou classifica\u00e7\u00e3o a divulgar, j\u00e1 que o edital n\u00e3o foi publicado.<\/p>\n\n\n\n<h2 id=\"h-cronologia\" class=\"wp-block-heading\">Cronologia<\/h2>\n\n\n\n<ul class=\"wp-block-list\">\n<li><strong>31\/08\/2026<\/strong> \u2014 Diretor-presidente Carlos Artur Hauschild confirma o in\u00edcio do processo administrativo para escolha da banca organizadora do novo concurso<\/li>\n\n\n\n<li><strong>23\/06\/2027<\/strong> \u2014 Data-limite de validade do concurso p\u00fablico de 2022, conforme informado pelo banco<\/li>\n\n\n\n<li><strong>2025<\/strong> \u2014 Homologa\u00e7\u00e3o do resultado final do concurso de 2024<\/li>\n\n\n\n<li><strong>26\/02\/2024<\/strong> \u2014 Aviso de edital publicado no Di\u00e1rio Oficial do Esp\u00edrito Santo; inscri\u00e7\u00f5es abertas at\u00e9 11\/04\/2024, com taxa de R$ 80,00 e provas objetivas aplicadas em 19\/05\/2024, nas cidades de Vit\u00f3ria, Cachoeiro de Itapemirim e S\u00e3o Mateus<\/li>\n\n\n\n<li><strong>Dezembro\/2022<\/strong> \u2014 Publica\u00e7\u00e3o do Edital 001\/2022, com organiza\u00e7\u00e3o da FGV, para cargos de n\u00edvel m\u00e9dio<\/li>\n\n\n\n<li><strong>2018<\/strong> \u2014 Edital de abertura para forma\u00e7\u00e3o de cadastro de reserva, posteriormente prorrogado at\u00e9 7 de julho de 2022<\/li>\n<\/ul>\n\n\n\n<h2 id=\"h-ultimas-noticias\" class=\"wp-block-heading\">\u00daltimas not\u00edcias<\/h2>\n\n\n\n<h3 id=\"h-banestes-inicia-processo-de-escolha-da-banca-do-novo-concurso-31-08-2026\" class=\"wp-block-heading\"><strong>Banestes inicia processo de escolha da banca do novo concurso \u2014 31\/08\/2026<\/strong><\/h3>\n\n\n\n<p class=\"wp-block-paragraph\">O diretor-presidente do banco confirmou que o processo administrativo para contratar a organizadora foi iniciado. A institui\u00e7\u00e3o informou que o cronograma do edital segue em estrutura\u00e7\u00e3o e que o novo concurso ter\u00e1 cargos de n\u00edvel m\u00e9dio e t\u00e9cnico. Nenhuma banca foi anunciada at\u00e9 o momento.<\/p>\n\n\n\n<h2 id=\"h-fontes-oficiais\" class=\"wp-block-heading\">Fontes oficiais<\/h2>\n\n\n\n<ul class=\"wp-block-list\">\n<li><a href=\"https:\/\/www.banestes.com.br\/publicacoes_legais\/concurso.htm\" target=\"_blank\" rel=\"noopener noreferrer\">Concurso P\u00fablico Banestes<\/a> \u2014 p\u00e1gina oficial com editais e avisos das sele\u00e7\u00f5es do Sistema Financeiro Banestes<\/li>\n\n\n\n<li><a href=\"https:\/\/www.banestes.com.br\/publicacoes_legais\/concurso2024.htm\" target=\"_blank\" rel=\"noopener noreferrer\">Concurso P\u00fablico Banestes 2024<\/a> \u2014 editais e avisos do ciclo anterior<\/li>\n\n\n\n<li><a href=\"https:\/\/www.banestes.com.br\/publicacoes_legais\/concurso2022.htm\" target=\"_blank\" rel=\"noopener noreferrer\">Concurso P\u00fablico Banestes 2022<\/a> \u2014 editais e avisos do Edital 001\/2022<\/li>\n\n\n\n<li><a href=\"https:\/\/www.es.gov.br\/Noticia\/banestes-lanca-novo-edital-para-concurso-publico-nesta-segunda-feira-26\" target=\"_blank\" rel=\"noopener noreferrer\">Governo do Estado do Esp\u00edrito Santo<\/a> \u2014 comunicado oficial sobre o edital de 2024<\/li>\n<\/ul>\n\n\n\n<p class=\"wp-block-paragraph\"><strong>O Aprova tem <a href=\"https:\/\/www.aprovaconcursos.com.br\/concursos\/banestes?xcod=%7B%22co%22%3A%22%7B%5C%22u%5C%22%3A%5C%2233941e43-21ab-4fae-99b3-9531ac0e3b7c%5C%22%2C%5C%22url%5C%22%3A%5C%22www.aprovaconcursos.com.br%2Fconcursos%2Ftabapua-sp-camara-municipal%2Fassistente-parlamentar-2%22%2C%22u%22%3A%220f604527-d35b-4e1a-86e1-7a4bd0e60b27%22%2C%22url%22%3A%22www.aprovaconcursos.com.br%2F%22%2C%22r%22%3A%22%22%2C%22v%22%3A1%7D&amp;utm_content=%7B%22co%22%3A%22%7B%5C%22u%5C%22%3A%5C%2233941e43-21ab-4fae-99b3-9531ac0e3b7c%5C%22%2C%5C%22url%5C%22%3A%5C%22www.aprovaconcursos.com.br%2Fconcursos%2Ftabapua-sp-camara-municipal%2Fassistente-parlamentar-2%22%2C%22u%22%3A%220f604527-d35b-4e1a-86e1-7a4bd0e60b27%22%2C%22url%22%3A%22www.aprovaconcursos.com.br%2F%22%2C%22v%22%3A1%7D\" target=\"_blank\" rel=\"noopener noreferrer\">curso preparat\u00f3rio<\/a> para o concurso do Banestes<\/strong>, com material atualizado para as carreiras de n\u00edvel m\u00e9dio e t\u00e9cnico do banco. Comece a estudar agora e ganhe vantagem antes da publica\u00e7\u00e3o do edital.<\/p>\n\n\n\n<h2 id=\"h-perguntas-frequentes\" class=\"wp-block-heading\">Perguntas frequentes<\/h2>\n\n\n\n<h3 id=\"h-o-que-significa-dizer-que-a-banca-esta-em-processo-de-escolha\" class=\"wp-block-heading\">O que significa dizer que a banca est\u00e1 &#8220;em processo de escolha&#8221;?<\/h3>\n\n\n\n<p class=\"wp-block-paragraph\">Significa que o Banestes abriu o procedimento administrativo interno para contratar a empresa que vai aplicar as provas. A escolha envolve tr\u00e2mites formais e s\u00f3 se conclui com a assinatura do contrato. Antes disso, n\u00e3o existe banca definida, mesmo que nomes de organizadoras sejam especulados fora dos canais oficiais.<\/p>\n\n\n\n<h3 id=\"h-por-que-o-banestes-prepara-um-novo-concurso-se-o-anterior-segue-valido\" class=\"wp-block-heading\">Por que o Banestes prepara um novo concurso se o anterior segue v\u00e1lido?<\/h3>\n\n\n\n<p class=\"wp-block-paragraph\">Porque as sele\u00e7\u00f5es atendem a necessidades diferentes. O concurso vigente foi voltado a cargos espec\u00edficos e continua podendo gerar convoca\u00e7\u00f5es at\u00e9 junho de 2027. O novo processo \u00e9 destinado a cargos de n\u00edvel m\u00e9dio e t\u00e9cnico, um p\u00fablico-alvo distinto do contemplado pela sele\u00e7\u00e3o mais recente, de n\u00edvel superior.<\/p>\n\n\n\n<h3 id=\"h-existe-prazo-entre-a-contratacao-da-banca-e-a-publicacao-do-edital\" class=\"wp-block-heading\">Existe prazo entre a contrata\u00e7\u00e3o da banca e a publica\u00e7\u00e3o do edital?<\/h3>\n\n\n\n<p class=\"wp-block-paragraph\">N\u00e3o existe prazo fixo. O intervalo depende do contrato firmado, do planejamento interno e da defini\u00e7\u00e3o de vagas e cargos. O Banestes informou apenas que o cronograma est\u00e1 sendo estruturado e ser\u00e1 divulgado quando estiver pronto. Estimativas de data que circulam sem confirma\u00e7\u00e3o do banco n\u00e3o t\u00eam respaldo oficial.<\/p>\n\n\n\n<h3 id=\"h-onde-a-publicacao-oficial-do-edital-sera-divulgada\" class=\"wp-block-heading\">Onde a publica\u00e7\u00e3o oficial do edital ser\u00e1 divulgada?<\/h3>\n\n\n\n<p class=\"wp-block-paragraph\">Nos canais oficiais do Banestes, com aviso no Di\u00e1rio Oficial do Esp\u00edrito Santo e publica\u00e7\u00e3o dos documentos na \u00e1rea de concursos p\u00fablicos do site do banco. Depois de definida, a organizadora tamb\u00e9m mant\u00e9m uma p\u00e1gina pr\u00f3pria da sele\u00e7\u00e3o, com edital, inscri\u00e7\u00f5es e demais comunicados.<\/p>\n\n\n\n<h3 id=\"h-vale-comecar-a-estudar-antes-do-edital\" class=\"wp-block-heading\">Vale come\u00e7ar a estudar antes do edital?<\/h3>\n\n\n\n<p class=\"wp-block-paragraph\">Sim, especialmente porque o escopo j\u00e1 est\u00e1 confirmado para n\u00edvel m\u00e9dio e t\u00e9cnico. As provas de bancos estaduais costumam repetir eixos como l\u00edngua portuguesa, matem\u00e1tica, racioc\u00ednio l\u00f3gico, atualidades e conhecimentos banc\u00e1rios. Ajustes finos de conte\u00fado s\u00f3 devem ser feitos depois da divulga\u00e7\u00e3o do edital e da banca.<\/p>\n","protected":false},"excerpt":{"rendered":"<p>O Banestes (Banco do Estado do Esp\u00edrito Santo) deu o primeiro passo administrativo em dire\u00e7\u00e3o a um novo concurso p\u00fablico. O banco\u2026<\/p>\n","protected":false},"author":3,"featured_media":167186,"comment_status":"open","ping_status":"open","sticky":false,"template":"","format":"standard","meta":{"footnotes":""},"categories":[13745,19080,11,13698],"tags":[20478],"class_list":["post-167178","post","type-post","status-publish","format-standard","has-post-thumbnail","hentry","category-bancaria","category-nacional","category-noticias","category-superior","tag-concurso-banestes"],"yoast_head":"<!-- This site is optimized with the Yoast SEO Premium plugin v27.9 (Yoast SEO v28.2) - https:\/\/yoast.com\/product\/yoast-seo-premium-wordpress\/ -->\n<title>Concurso Banestes: escolha da banca \u00e9 iniciada para novo Edital!<\/title>\n<meta name=\"description\" content=\"Concurso Banestes: banco iniciou a escolha da banca organizadora do novo edital, com vagas de n\u00edvel m\u00e9dio e t\u00e9cnico. Veja a situa\u00e7\u00e3o atual.\" \/>\n<meta name=\"robots\" content=\"index, follow, max-snippet:-1, max-image-preview:large, max-video-preview:-1\" \/>\n<link rel=\"canonical\" href=\"https:\/\/www.aprovaconcursos.com.br\/noticias\/concurso-banestes\/\" \/>\n<meta property=\"og:locale\" content=\"pt_BR\" \/>\n<meta property=\"og:type\" content=\"article\" \/>\n<meta property=\"og:title\" content=\"Concurso Banestes: escolha da banca \u00e9 iniciada para novo Edital!\" \/>\n<meta property=\"og:description\" content=\"Concurso Banestes: banco iniciou a escolha da banca organizadora do novo edital, com vagas de n\u00edvel m\u00e9dio e t\u00e9cnico. Veja a situa\u00e7\u00e3o atual.\" \/>\n<meta property=\"og:url\" content=\"https:\/\/www.aprovaconcursos.com.br\/noticias\/concurso-banestes\/\" \/>\n<meta property=\"og:site_name\" content=\"Aprova Concursos - Not\u00edcias\" \/>\n<meta property=\"article:publisher\" content=\"https:\/\/www.facebook.com\/aprovaconcursos\" \/>\n<meta property=\"article:published_time\" content=\"2026-09-04T13:16:13+00:00\" \/>\n<meta property=\"article:modified_time\" content=\"2026-09-04T13:16:14+00:00\" \/>\n<meta property=\"og:image\" content=\"https:\/\/www.aprovaconcursos.com.br\/noticias\/wp-content\/uploads\/2026\/09\/concurso-banestes.webp\" \/>\n\t<meta property=\"og:image:width\" content=\"1200\" \/>\n\t<meta property=\"og:image:height\" content=\"628\" \/>\n\t<meta property=\"og:image:type\" content=\"image\/webp\" \/>\n<meta name=\"author\" content=\"Rinaldo Junior\" \/>\n<meta name=\"twitter:card\" content=\"summary_large_image\" \/>\n<meta name=\"twitter:label1\" content=\"Escrito por\" \/>\n\t<meta name=\"twitter:data1\" content=\"Rinaldo Junior\" \/>\n\t<meta name=\"twitter:label2\" content=\"Est. tempo de leitura\" \/>\n\t<meta name=\"twitter:data2\" content=\"8 minutos\" \/>\n<script type=\"application\/ld+json\" class=\"yoast-schema-graph\">{\"@context\":\"https:\\\/\\\/schema.org\",\"@graph\":[{\"@type\":\"NewsArticle\",\"@id\":\"https:\\\/\\\/www.aprovaconcursos.com.br\\\/noticias\\\/concurso-banestes\\\/#article\",\"isPartOf\":{\"@id\":\"https:\\\/\\\/www.aprovaconcursos.com.br\\\/noticias\\\/concurso-banestes\\\/\"},\"author\":{\"name\":\"Rinaldo Junior\",\"@id\":\"https:\\\/\\\/www.aprovaconcursos.com.br\\\/noticias\\\/#\\\/schema\\\/person\\\/77bad5b521fb3041405f9288cabffd3d\"},\"headline\":\"Concurso Banestes: escolha da banca \u00e9 iniciada para novo Edital!\",\"datePublished\":\"2026-09-04T13:16:13+00:00\",\"dateModified\":\"2026-09-04T13:16:14+00:00\",\"mainEntityOfPage\":{\"@id\":\"https:\\\/\\\/www.aprovaconcursos.com.br\\\/noticias\\\/concurso-banestes\\\/\"},\"wordCount\":1508,\"commentCount\":0,\"publisher\":{\"@id\":\"https:\\\/\\\/www.aprovaconcursos.com.br\\\/noticias\\\/#organization\"},\"image\":{\"@id\":\"https:\\\/\\\/www.aprovaconcursos.com.br\\\/noticias\\\/concurso-banestes\\\/#primaryimage\"},\"thumbnailUrl\":\"https:\\\/\\\/www.aprovaconcursos.com.br\\\/noticias\\\/wp-content\\\/uploads\\\/2026\\\/09\\\/concurso-banestes.webp\",\"keywords\":[\"Concurso Banestes\"],\"articleSection\":[\"Banc\u00e1ria\",\"Nacional\",\"Not\u00edcias\",\"Superior\"],\"inLanguage\":\"pt-BR\",\"potentialAction\":[{\"@type\":\"CommentAction\",\"name\":\"Comment\",\"target\":[\"https:\\\/\\\/www.aprovaconcursos.com.br\\\/noticias\\\/concurso-banestes\\\/#respond\"]}],\"copyrightYear\":\"2026\",\"copyrightHolder\":{\"@id\":\"https:\\\/\\\/www.aprovaconcursos.com.br\\\/noticias\\\/#organization\"}},{\"@type\":\"WebPage\",\"@id\":\"https:\\\/\\\/www.aprovaconcursos.com.br\\\/noticias\\\/concurso-banestes\\\/\",\"url\":\"https:\\\/\\\/www.aprovaconcursos.com.br\\\/noticias\\\/concurso-banestes\\\/\",\"name\":\"Concurso Banestes: escolha da banca \u00e9 iniciada para novo Edital!\",\"isPartOf\":{\"@id\":\"https:\\\/\\\/www.aprovaconcursos.com.br\\\/noticias\\\/#website\"},\"primaryImageOfPage\":{\"@id\":\"https:\\\/\\\/www.aprovaconcursos.com.br\\\/noticias\\\/concurso-banestes\\\/#primaryimage\"},\"image\":{\"@id\":\"https:\\\/\\\/www.aprovaconcursos.com.br\\\/noticias\\\/concurso-banestes\\\/#primaryimage\"},\"thumbnailUrl\":\"https:\\\/\\\/www.aprovaconcursos.com.br\\\/noticias\\\/wp-content\\\/uploads\\\/2026\\\/09\\\/concurso-banestes.webp\",\"datePublished\":\"2026-09-04T13:16:13+00:00\",\"dateModified\":\"2026-09-04T13:16:14+00:00\",\"description\":\"Concurso Banestes: banco iniciou a escolha da banca organizadora do novo edital, com vagas de n\u00edvel m\u00e9dio e t\u00e9cnico. Veja a situa\u00e7\u00e3o atual.\",\"breadcrumb\":{\"@id\":\"https:\\\/\\\/www.aprovaconcursos.com.br\\\/noticias\\\/concurso-banestes\\\/#breadcrumb\"},\"inLanguage\":\"pt-BR\",\"potentialAction\":[{\"@type\":\"ReadAction\",\"target\":[\"https:\\\/\\\/www.aprovaconcursos.com.br\\\/noticias\\\/concurso-banestes\\\/\"]}]},{\"@type\":\"ImageObject\",\"inLanguage\":\"pt-BR\",\"@id\":\"https:\\\/\\\/www.aprovaconcursos.com.br\\\/noticias\\\/concurso-banestes\\\/#primaryimage\",\"url\":\"https:\\\/\\\/www.aprovaconcursos.com.br\\\/noticias\\\/wp-content\\\/uploads\\\/2026\\\/09\\\/concurso-banestes.webp\",\"contentUrl\":\"https:\\\/\\\/www.aprovaconcursos.com.br\\\/noticias\\\/wp-content\\\/uploads\\\/2026\\\/09\\\/concurso-banestes.webp\",\"width\":1200,\"height\":628,\"caption\":\"Concurso Banestes.\"},{\"@type\":\"BreadcrumbList\",\"@id\":\"https:\\\/\\\/www.aprovaconcursos.com.br\\\/noticias\\\/concurso-banestes\\\/#breadcrumb\",\"itemListElement\":[{\"@type\":\"ListItem\",\"position\":1,\"name\":\"Home\",\"item\":\"https:\\\/\\\/www.aprovaconcursos.com.br\\\/noticias\\\/\"},{\"@type\":\"ListItem\",\"position\":2,\"name\":\"Concurso Banestes: escolha da banca \u00e9 iniciada para novo Edital!\"}]},{\"@type\":\"WebSite\",\"@id\":\"https:\\\/\\\/www.aprovaconcursos.com.br\\\/noticias\\\/#website\",\"url\":\"https:\\\/\\\/www.aprovaconcursos.com.br\\\/noticias\\\/\",\"name\":\"Aprova Concursos - Not\u00edcias\",\"description\":\"Fique por dentro das not\u00edcias sobre concursos p\u00fablicos do Brasil inteiro, ENEM, Exame de Ordem (OAB) e Exame de Sufici\u00eancia (CFC). Mantenha-se atualizado aqui!\",\"publisher\":{\"@id\":\"https:\\\/\\\/www.aprovaconcursos.com.br\\\/noticias\\\/#organization\"},\"potentialAction\":[{\"@type\":\"SearchAction\",\"target\":{\"@type\":\"EntryPoint\",\"urlTemplate\":\"https:\\\/\\\/www.aprovaconcursos.com.br\\\/noticias\\\/?s={search_term_string}\"},\"query-input\":{\"@type\":\"PropertyValueSpecification\",\"valueRequired\":true,\"valueName\":\"search_term_string\"}}],\"inLanguage\":\"pt-BR\"},{\"@type\":\"Organization\",\"@id\":\"https:\\\/\\\/www.aprovaconcursos.com.br\\\/noticias\\\/#organization\",\"name\":\"Aprova Concursos - Not\u00edcias\",\"url\":\"https:\\\/\\\/www.aprovaconcursos.com.br\\\/noticias\\\/\",\"logo\":{\"@type\":\"ImageObject\",\"inLanguage\":\"pt-BR\",\"@id\":\"https:\\\/\\\/www.aprovaconcursos.com.br\\\/noticias\\\/#\\\/schema\\\/logo\\\/image\\\/\",\"url\":\"https:\\\/\\\/www.aprovaconcursos.com.br\\\/noticias\\\/wp-content\\\/uploads\\\/2026\\\/06\\\/logo.webp\",\"contentUrl\":\"https:\\\/\\\/www.aprovaconcursos.com.br\\\/noticias\\\/wp-content\\\/uploads\\\/2026\\\/06\\\/logo.webp\",\"width\":171,\"height\":49,\"caption\":\"Aprova Concursos - Not\u00edcias\"},\"image\":{\"@id\":\"https:\\\/\\\/www.aprovaconcursos.com.br\\\/noticias\\\/#\\\/schema\\\/logo\\\/image\\\/\"},\"sameAs\":[\"https:\\\/\\\/www.facebook.com\\\/aprovaconcursos\"]},{\"@type\":\"Person\",\"@id\":\"https:\\\/\\\/www.aprovaconcursos.com.br\\\/noticias\\\/#\\\/schema\\\/person\\\/77bad5b521fb3041405f9288cabffd3d\",\"name\":\"Rinaldo Junior\",\"image\":{\"@type\":\"ImageObject\",\"inLanguage\":\"pt-BR\",\"@id\":\"https:\\\/\\\/secure.gravatar.com\\\/avatar\\\/f617925ffe96996dc8799f23a7984694b0e3efacaa19fbff06b4414133263471?s=96&d=mm&r=g\",\"url\":\"https:\\\/\\\/secure.gravatar.com\\\/avatar\\\/f617925ffe96996dc8799f23a7984694b0e3efacaa19fbff06b4414133263471?s=96&d=mm&r=g\",\"contentUrl\":\"https:\\\/\\\/secure.gravatar.com\\\/avatar\\\/f617925ffe96996dc8799f23a7984694b0e3efacaa19fbff06b4414133263471?s=96&d=mm&r=g\",\"caption\":\"Rinaldo Junior\"},\"description\":\"Rinaldo \u00e9 graduado em Letras, Tecn\u00f3logo em Marketing e Analista do time de Reda\u00e7\u00e3o do Aprova Concursos. Sua atua\u00e7\u00e3o na esfera de concursos p\u00fablicos prop\u00f5e an\u00e1lises dos principais editais do pa\u00eds e projetos de cria\u00e7\u00e3o de conte\u00fado para web, com expertise em SEO. H\u00e1 anos re\u00fane informa\u00e7\u00f5es atualizadas e materiais de estudo para apoiar o candidato ao longo da jornada de prepara\u00e7\u00e3o.\",\"url\":\"https:\\\/\\\/www.aprovaconcursos.com.br\\\/noticias\\\/autor\\\/rinaldo-junior\\\/\"}]}<\/script>\n<!-- \/ Yoast SEO Premium plugin. -->","yoast_head_json":{"title":"Concurso Banestes: escolha da banca \u00e9 iniciada para novo Edital!","description":"Concurso Banestes: banco iniciou a escolha da banca organizadora do novo edital, com vagas de n\u00edvel m\u00e9dio e t\u00e9cnico. Veja a situa\u00e7\u00e3o atual.","robots":{"index":"index","follow":"follow","max-snippet":"max-snippet:-1","max-image-preview":"max-image-preview:large","max-video-preview":"max-video-preview:-1"},"canonical":"https:\/\/www.aprovaconcursos.com.br\/noticias\/concurso-banestes\/","og_locale":"pt_BR","og_type":"article","og_title":"Concurso Banestes: escolha da banca \u00e9 iniciada para novo Edital!","og_description":"Concurso Banestes: banco iniciou a escolha da banca organizadora do novo edital, com vagas de n\u00edvel m\u00e9dio e t\u00e9cnico. Veja a situa\u00e7\u00e3o atual.","og_url":"https:\/\/www.aprovaconcursos.com.br\/noticias\/concurso-banestes\/","og_site_name":"Aprova Concursos - Not\u00edcias","article_publisher":"https:\/\/www.facebook.com\/aprovaconcursos","article_published_time":"2026-09-04T13:16:13+00:00","article_modified_time":"2026-09-04T13:16:14+00:00","og_image":[{"width":1200,"height":628,"url":"https:\/\/www.aprovaconcursos.com.br\/noticias\/wp-content\/uploads\/2026\/09\/concurso-banestes.webp","type":"image\/webp"}],"author":"Rinaldo Junior","twitter_card":"summary_large_image","twitter_misc":{"Escrito por":"Rinaldo Junior","Est. tempo de leitura":"8 minutos"},"schema":{"@context":"https:\/\/schema.org","@graph":[{"@type":"NewsArticle","@id":"https:\/\/www.aprovaconcursos.com.br\/noticias\/concurso-banestes\/#article","isPartOf":{"@id":"https:\/\/www.aprovaconcursos.com.br\/noticias\/concurso-banestes\/"},"author":{"name":"Rinaldo Junior","@id":"https:\/\/www.aprovaconcursos.com.br\/noticias\/#\/schema\/person\/77bad5b521fb3041405f9288cabffd3d"},"headline":"Concurso Banestes: escolha da banca \u00e9 iniciada para novo Edital!","datePublished":"2026-09-04T13:16:13+00:00","dateModified":"2026-09-04T13:16:14+00:00","mainEntityOfPage":{"@id":"https:\/\/www.aprovaconcursos.com.br\/noticias\/concurso-banestes\/"},"wordCount":1508,"commentCount":0,"publisher":{"@id":"https:\/\/www.aprovaconcursos.com.br\/noticias\/#organization"},"image":{"@id":"https:\/\/www.aprovaconcursos.com.br\/noticias\/concurso-banestes\/#primaryimage"},"thumbnailUrl":"https:\/\/www.aprovaconcursos.com.br\/noticias\/wp-content\/uploads\/2026\/09\/concurso-banestes.webp","keywords":["Concurso Banestes"],"articleSection":["Banc\u00e1ria","Nacional","Not\u00edcias","Superior"],"inLanguage":"pt-BR","potentialAction":[{"@type":"CommentAction","name":"Comment","target":["https:\/\/www.aprovaconcursos.com.br\/noticias\/concurso-banestes\/#respond"]}],"copyrightYear":"2026","copyrightHolder":{"@id":"https:\/\/www.aprovaconcursos.com.br\/noticias\/#organization"}},{"@type":"WebPage","@id":"https:\/\/www.aprovaconcursos.com.br\/noticias\/concurso-banestes\/","url":"https:\/\/www.aprovaconcursos.com.br\/noticias\/concurso-banestes\/","name":"Concurso Banestes: escolha da banca \u00e9 iniciada para novo Edital!","isPartOf":{"@id":"https:\/\/www.aprovaconcursos.com.br\/noticias\/#website"},"primaryImageOfPage":{"@id":"https:\/\/www.aprovaconcursos.com.br\/noticias\/concurso-banestes\/#primaryimage"},"image":{"@id":"https:\/\/www.aprovaconcursos.com.br\/noticias\/concurso-banestes\/#primaryimage"},"thumbnailUrl":"https:\/\/www.aprovaconcursos.com.br\/noticias\/wp-content\/uploads\/2026\/09\/concurso-banestes.webp","datePublished":"2026-09-04T13:16:13+00:00","dateModified":"2026-09-04T13:16:14+00:00","description":"Concurso Banestes: banco iniciou a escolha da banca organizadora do novo edital, com vagas de n\u00edvel m\u00e9dio e t\u00e9cnico. Veja a situa\u00e7\u00e3o atual.","breadcrumb":{"@id":"https:\/\/www.aprovaconcursos.com.br\/noticias\/concurso-banestes\/#breadcrumb"},"inLanguage":"pt-BR","potentialAction":[{"@type":"ReadAction","target":["https:\/\/www.aprovaconcursos.com.br\/noticias\/concurso-banestes\/"]}]},{"@type":"ImageObject","inLanguage":"pt-BR","@id":"https:\/\/www.aprovaconcursos.com.br\/noticias\/concurso-banestes\/#primaryimage","url":"https:\/\/www.aprovaconcursos.com.br\/noticias\/wp-content\/uploads\/2026\/09\/concurso-banestes.webp","contentUrl":"https:\/\/www.aprovaconcursos.com.br\/noticias\/wp-content\/uploads\/2026\/09\/concurso-banestes.webp","width":1200,"height":628,"caption":"Concurso Banestes."},{"@type":"BreadcrumbList","@id":"https:\/\/www.aprovaconcursos.com.br\/noticias\/concurso-banestes\/#breadcrumb","itemListElement":[{"@type":"ListItem","position":1,"name":"Home","item":"https:\/\/www.aprovaconcursos.com.br\/noticias\/"},{"@type":"ListItem","position":2,"name":"Concurso Banestes: escolha da banca \u00e9 iniciada para novo Edital!"}]},{"@type":"WebSite","@id":"https:\/\/www.aprovaconcursos.com.br\/noticias\/#website","url":"https:\/\/www.aprovaconcursos.com.br\/noticias\/","name":"Aprova Concursos - Not\u00edcias","description":"Fique por dentro das not\u00edcias sobre concursos p\u00fablicos do Brasil inteiro, ENEM, Exame de Ordem (OAB) e Exame de Sufici\u00eancia (CFC). Mantenha-se atualizado aqui!","publisher":{"@id":"https:\/\/www.aprovaconcursos.com.br\/noticias\/#organization"},"potentialAction":[{"@type":"SearchAction","target":{"@type":"EntryPoint","urlTemplate":"https:\/\/www.aprovaconcursos.com.br\/noticias\/?s={search_term_string}"},"query-input":{"@type":"PropertyValueSpecification","valueRequired":true,"valueName":"search_term_string"}}],"inLanguage":"pt-BR"},{"@type":"Organization","@id":"https:\/\/www.aprovaconcursos.com.br\/noticias\/#organization","name":"Aprova Concursos - Not\u00edcias","url":"https:\/\/www.aprovaconcursos.com.br\/noticias\/","logo":{"@type":"ImageObject","inLanguage":"pt-BR","@id":"https:\/\/www.aprovaconcursos.com.br\/noticias\/#\/schema\/logo\/image\/","url":"https:\/\/www.aprovaconcursos.com.br\/noticias\/wp-content\/uploads\/2026\/06\/logo.webp","contentUrl":"https:\/\/www.aprovaconcursos.com.br\/noticias\/wp-content\/uploads\/2026\/06\/logo.webp","width":171,"height":49,"caption":"Aprova Concursos - Not\u00edcias"},"image":{"@id":"https:\/\/www.aprovaconcursos.com.br\/noticias\/#\/schema\/logo\/image\/"},"sameAs":["https:\/\/www.facebook.com\/aprovaconcursos"]},{"@type":"Person","@id":"https:\/\/www.aprovaconcursos.com.br\/noticias\/#\/schema\/person\/77bad5b521fb3041405f9288cabffd3d","name":"Rinaldo Junior","image":{"@type":"ImageObject","inLanguage":"pt-BR","@id":"https:\/\/secure.gravatar.com\/avatar\/f617925ffe96996dc8799f23a7984694b0e3efacaa19fbff06b4414133263471?s=96&d=mm&r=g","url":"https:\/\/secure.gravatar.com\/avatar\/f617925ffe96996dc8799f23a7984694b0e3efacaa19fbff06b4414133263471?s=96&d=mm&r=g","contentUrl":"https:\/\/secure.gravatar.com\/avatar\/f617925ffe96996dc8799f23a7984694b0e3efacaa19fbff06b4414133263471?s=96&d=mm&r=g","caption":"Rinaldo Junior"},"description":"Rinaldo \u00e9 graduado em Letras, Tecn\u00f3logo em Marketing e Analista do time de Reda\u00e7\u00e3o do Aprova Concursos. Sua atua\u00e7\u00e3o na esfera de concursos p\u00fablicos prop\u00f5e an\u00e1lises dos principais editais do pa\u00eds e projetos de cria\u00e7\u00e3o de conte\u00fado para web, com expertise em SEO. H\u00e1 anos re\u00fane informa\u00e7\u00f5es atualizadas e materiais de estudo para apoiar o candidato ao longo da jornada de prepara\u00e7\u00e3o.","url":"https:\/\/www.aprovaconcursos.com.br\/noticias\/autor\/rinaldo-junior\/"}]}},"_links":{"self":[{"href":"https:\/\/www.aprovaconcursos.com.br\/noticias\/wp-json\/wp\/v2\/posts\/167178","targetHints":{"allow":["GET"]}}],"collection":[{"href":"https:\/\/www.aprovaconcursos.com.br\/noticias\/wp-json\/wp\/v2\/posts"}],"about":[{"href":"https:\/\/www.aprovaconcursos.com.br\/noticias\/wp-json\/wp\/v2\/types\/post"}],"author":[{"embeddable":true,"href":"https:\/\/www.aprovaconcursos.com.br\/noticias\/wp-json\/wp\/v2\/users\/3"}],"replies":[{"embeddable":true,"href":"https:\/\/www.aprovaconcursos.com.br\/noticias\/wp-json\/wp\/v2\/comments?post=167178"}],"version-history":[{"count":1,"href":"https:\/\/www.aprovaconcursos.com.br\/noticias\/wp-json\/wp\/v2\/posts\/167178\/revisions"}],"predecessor-version":[{"id":167187,"href":"https:\/\/www.aprovaconcursos.com.br\/noticias\/wp-json\/wp\/v2\/posts\/167178\/revisions\/167187"}],"wp:featuredmedia":[{"embeddable":true,"href":"https:\/\/www.aprovaconcursos.com.br\/noticias\/wp-json\/wp\/v2\/media\/167186"}],"wp:attachment":[{"href":"https:\/\/www.aprovaconcursos.com.br\/noticias\/wp-json\/wp\/v2\/media?parent=167178"}],"wp:term":[{"taxonomy":"category","embeddable":true,"href":"https:\/\/www.aprovaconcursos.com.br\/noticias\/wp-json\/wp\/v2\/categories?post=167178"},{"taxonomy":"post_tag","embeddable":true,"href":"https:\/\/www.aprovaconcursos.com.br\/noticias\/wp-json\/wp\/v2\/tags?post=167178"}],"curies":[{"name":"wp","href":"https:\/\/api.w.org\/{rel}","templated":true}]}}