{"id":167177,"date":"2026-09-04T09:52:41","date_gmt":"2026-09-04T12:52:41","guid":{"rendered":"https:\/\/www.aprovaconcursos.com.br\/noticias\/?p=167177"},"modified":"2026-09-04T09:52:42","modified_gmt":"2026-09-04T12:52:42","slug":"concurso-pc-pe","status":"publish","type":"post","link":"https:\/\/www.aprovaconcursos.com.br\/noticias\/concurso-pc-pe\/","title":{"rendered":"Concurso PC PE: 1.315 vagas para agente, escriv\u00e3o e delegado com sal\u00e1rio de at\u00e9 R$ 13,5 mil"},"content":{"rendered":"\n<p class=\"wp-block-paragraph\">O concurso da Pol\u00edcia Civil de Pernambuco (PC PE) chegou \u00e0 sua etapa mais avan\u00e7ada desde a autoriza\u00e7\u00e3o: o Cebraspe foi definido como banca organizadora da sele\u00e7\u00e3o de 1.315 vagas. Esta p\u00e1gina re\u00fane a situa\u00e7\u00e3o atual, os documentos oficiais j\u00e1 publicados e o que ainda falta para a abertura das inscri\u00e7\u00f5es, e \u00e9 atualizada a cada nova movimenta\u00e7\u00e3o.<\/p>\n\n\n\n<h2 id=\"h-resumo-e-situacao-atual\" class=\"wp-block-heading\">Resumo e situa\u00e7\u00e3o atual<\/h2>\n\n\n\n<p class=\"wp-block-paragraph\"><strong>Status:<\/strong> autorizado, com comiss\u00f5es instaladas e banca definida. <strong>Edital: n\u00e3o publicado.<\/strong><\/p>\n\n\n\n<p class=\"wp-block-paragraph\"><strong>\u00daltima movimenta\u00e7\u00e3o (4 de setembro de 2026):<\/strong> o <strong>Cebraspe<\/strong> foi definido como respons\u00e1vel pela organiza\u00e7\u00e3o do concurso PC PE, com a divulga\u00e7\u00e3o do <strong>termo de refer\u00eancia<\/strong> do processo. O documento detalha as carreiras contempladas, as etapas de avalia\u00e7\u00e3o e as cidades de aplica\u00e7\u00e3o das provas. A formaliza\u00e7\u00e3o da contrata\u00e7\u00e3o ainda deve ser publicada no Di\u00e1rio Oficial do Estado.<\/p>\n\n\n\n<p class=\"wp-block-paragraph\"><strong>N\u00fameros confirmados:<\/strong> 1.315 vagas, sendo 1.200 para agente de pol\u00edcia, 70 para escriv\u00e3o e 45 para delegado, todas de n\u00edvel superior e com exig\u00eancia de CNH a partir da categoria &#8220;B&#8221;.<\/p>\n\n\n\n<p class=\"wp-block-paragraph\"><strong>Remunera\u00e7\u00e3o inicial:<\/strong> R$ 5.667,92 para agente e escriv\u00e3o e R$ 13.560,00 para delegado, conforme a legisla\u00e7\u00e3o estadual vigente desde 1\u00ba de junho de 2026.<\/p>\n\n\n\n<p class=\"wp-block-paragraph\"><strong>Pr\u00f3ximo passo:<\/strong> publica\u00e7\u00e3o do edital de abertura. A governadora Raquel Lyra reafirmou, em 2 de setembro, que a divulga\u00e7\u00e3o deve ocorrer at\u00e9 dezembro; a previs\u00e3o do secret\u00e1rio de Defesa Social \u00e9 de provas at\u00e9 abril de 2027.<\/p>\n\n\n\n<h2 id=\"h-solicitacao-e-autorizacao\" class=\"wp-block-heading\">Solicita\u00e7\u00e3o e autoriza\u00e7\u00e3o<\/h2>\n\n\n\n<p class=\"wp-block-paragraph\">A autoriza\u00e7\u00e3o do concurso PC PE est\u00e1 formalizada em uma cadeia de atos oficiais, e n\u00e3o em declara\u00e7\u00e3o isolada.<\/p>\n\n\n\n<p class=\"wp-block-paragraph\">A delibera\u00e7\u00e3o partiu da <strong>Resolu\u00e7\u00e3o da C\u00e2mara de Pol\u00edtica de Pessoal n\u00ba 005, de 4 de junho de 2026<\/strong>, homologada pelo <strong>Ato Governamental n\u00ba 3914, de 1\u00ba de julho de 2026<\/strong>, publicado no <strong>Di\u00e1rio Oficial do Estado n\u00ba 118, de 2 de julho de 2026<\/strong>. \u00c9 esse conjunto que sustenta juridicamente as 1.315 vagas e permite a abertura das etapas seguintes.<\/p>\n\n\n\n<p class=\"wp-block-paragraph\">A base legal citada nos atos \u00e9 a <strong>Lei Estadual n\u00ba 14.538\/2011<\/strong>, combinada com o <strong>Decreto Estadual n\u00ba 55.110\/2023<\/strong>, que disciplinam a realiza\u00e7\u00e3o de concursos p\u00fablicos no \u00e2mbito do Estado.<\/p>\n\n\n\n<p class=\"wp-block-paragraph\">Na pr\u00e1tica, a autoriza\u00e7\u00e3o \u00e9 o aval or\u00e7ament\u00e1rio e administrativo para contratar: ela libera a montagem da comiss\u00e3o, a contrata\u00e7\u00e3o da banca e a elabora\u00e7\u00e3o do edital, mas <strong>n\u00e3o abre inscri\u00e7\u00f5es nem fixa datas<\/strong>.<\/p>\n\n\n\n<h2 id=\"h-comissao-e-banca\" class=\"wp-block-heading\">Comiss\u00e3o e banca<\/h2>\n\n\n\n<h3 id=\"h-comissoes-coordenadoras-instaladas-em-agosto\" class=\"wp-block-heading\">Comiss\u00f5es coordenadoras instaladas em agosto<\/h3>\n\n\n\n<p class=\"wp-block-paragraph\">Duas portarias conjuntas das Secretarias de Administra\u00e7\u00e3o (SAD) e de Defesa Social (SDS), ambas de 25 de agosto de 2026, institu\u00edram as comiss\u00f5es coordenadoras do concurso:<\/p>\n\n\n\n<ul class=\"wp-block-list\">\n<li><strong>Portaria Conjunta SAD\/SDS n\u00ba 284<\/strong> \u2014 comiss\u00e3o respons\u00e1vel pelas 45 vagas de <strong>delegado de pol\u00edcia<\/strong>, presidida pela secret\u00e1ria executiva de Gest\u00e3o de Pessoas da SAD;<\/li>\n\n\n\n<li><strong>Portaria Conjunta SAD\/SDS n\u00ba 285<\/strong> \u2014 comiss\u00e3o respons\u00e1vel pelas <strong>1.200 vagas de agente<\/strong> e <strong>70 de escriv\u00e3o<\/strong>.<\/li>\n<\/ul>\n\n\n\n<p class=\"wp-block-paragraph\">As comiss\u00f5es respondem pela normatiza\u00e7\u00e3o e pelo acompanhamento da execu\u00e7\u00e3o do concurso, incluindo a valida\u00e7\u00e3o do edital antes da publica\u00e7\u00e3o. A composi\u00e7\u00e3o re\u00fane gestores da SAD, entre eles a ger\u00eancia de Concursos P\u00fablicos, e representantes da SDS, como a dire\u00e7\u00e3o da Escola Superior da Pol\u00edcia Civil (ESPEC\/ACADEPOL) e a Diretoria de Recursos Humanos da PC PE.<\/p>\n\n\n\n<h3 id=\"h-cebraspe-e-a-banca\" class=\"wp-block-heading\">Cebraspe \u00e9 a banca<\/h3>\n\n\n\n<p class=\"wp-block-paragraph\">O <strong>Cebraspe<\/strong> foi definido como banca organizadora do concurso PC PE, informa\u00e7\u00e3o divulgada em 4 de setembro de 2026 junto com o termo de refer\u00eancia da contrata\u00e7\u00e3o. A institui\u00e7\u00e3o tamb\u00e9m organizou as duas sele\u00e7\u00f5es anteriores da corpora\u00e7\u00e3o, em 2016 e em 2023\/2024, o que d\u00e1 previsibilidade ao formato de prova.<\/p>\n\n\n\n<p class=\"wp-block-paragraph\">Segundo o termo de refer\u00eancia, as provas intelectuais ser\u00e3o aplicadas em Recife, Arcoverde, Caruaru e Petrolina, quatro polos que cobrem a Regi\u00e3o Metropolitana, o Agreste e o Sert\u00e3o do estado.<\/p>\n\n\n\n<p class=\"wp-block-paragraph\"><strong>Ponto de aten\u00e7\u00e3o:<\/strong> at\u00e9 o fechamento desta atualiza\u00e7\u00e3o, o extrato do contrato com o Cebraspe ainda n\u00e3o havia sido publicado no Di\u00e1rio Oficial do Estado. A confirma\u00e7\u00e3o formal \u00e9 o pr\u00f3ximo documento a ser monitorado, e esta p\u00e1gina ser\u00e1 atualizada quando isso ocorrer.<\/p>\n\n\n\n<h2 id=\"h-edital\" class=\"wp-block-heading\">Edital<\/h2>\n\n\n\n<p class=\"wp-block-paragraph\">O edital de abertura do concurso PC PE <strong>ainda n\u00e3o foi publicado<\/strong>.<\/p>\n\n\n\n<p class=\"wp-block-paragraph\">A previs\u00e3o oficial mais recente \u00e9 de divulga\u00e7\u00e3o <strong>at\u00e9 dezembro de 2026<\/strong>. O prazo foi anunciado pelo secret\u00e1rio de Defesa Social, Alessandro Carvalho, em 5 de agosto, e reafirmado pela governadora Raquel Lyra em 2 de setembro. A aplica\u00e7\u00e3o das provas est\u00e1 prevista para ocorrer at\u00e9 abril de 2027.<\/p>\n\n\n\n<p class=\"wp-block-paragraph\">Enquanto o edital n\u00e3o sai, o documento de refer\u00eancia \u00e9 o <strong>termo de refer\u00eancia da contrata\u00e7\u00e3o da banca<\/strong>, divulgado em 4 de setembro. Ele antecipa a estrutura da sele\u00e7\u00e3o, mas <strong>n\u00e3o substitui o edital<\/strong>: taxa de inscri\u00e7\u00e3o, cronograma, conte\u00fado program\u00e1tico, reserva de vagas e crit\u00e9rios de elimina\u00e7\u00e3o s\u00f3 passam a valer quando publicados no edital de abertura.<\/p>\n\n\n\n<h2 id=\"h-vagas-cargos-e-remuneracao\" class=\"wp-block-heading\">Vagas, cargos e remunera\u00e7\u00e3o<\/h2>\n\n\n\n<p class=\"wp-block-paragraph\">As 1.315 vagas autorizadas est\u00e3o distribu\u00eddas entre tr\u00eas carreiras, todas de n\u00edvel superior:<\/p>\n\n\n\n<figure class=\"wp-block-table\"><table class=\"has-fixed-layout\"><thead><tr><th>Cargo<\/th><th>Vagas<\/th><th>Escolaridade e requisitos<\/th><th>Remunera\u00e7\u00e3o inicial<\/th><\/tr><\/thead><tbody><tr><td><strong>Agente de Pol\u00edcia<\/strong><\/td><td>1.200<\/td><td>N\u00edvel superior em qualquer \u00e1rea + CNH categoria B<\/td><td>R$ 5.667,92<\/td><\/tr><tr><td><strong>Escriv\u00e3o de Pol\u00edcia<\/strong><\/td><td>70<\/td><td>N\u00edvel superior em qualquer \u00e1rea + CNH categoria B<\/td><td>R$ 5.667,92<\/td><\/tr><tr><td><strong>Delegado de Pol\u00edcia<\/strong><\/td><td>45<\/td><td>Bacharelado em Direito, 3 anos de atividade jur\u00eddica ou policial + CNH categoria B<\/td><td>R$ 13.560,00<\/td><\/tr><\/tbody><\/table><\/figure>\n\n\n\n<p class=\"wp-block-paragraph\">O subs\u00eddio inicial de agente e escriv\u00e3o est\u00e1 previsto na <strong>Lei Complementar n\u00ba 551\/2024<\/strong> e vigora em R$ 5.667,92 desde 1\u00ba de junho de 2026, para jornada de 40 horas semanais. O subs\u00eddio de delegado seguiu o reajuste progressivo da <strong>Lei Complementar n\u00ba 548\/2024<\/strong>, chegando a R$ 13.560,00 na mesma data, com b\u00f4nus de desempenho anual de 17,5% sobre a remunera\u00e7\u00e3o final. A legisla\u00e7\u00e3o tamb\u00e9m prev\u00ea ajuda de custo de transporte de R$ 240 para a carreira de delegado.<\/p>\n\n\n\n<p class=\"wp-block-paragraph\">Os valores representam salto expressivo em rela\u00e7\u00e3o ao concurso anterior, cujo edital indicava R$ 4.700,00 para agente e escriv\u00e3o e R$ 10.930,51 para delegado.<\/p>\n\n\n\n<p class=\"wp-block-paragraph\"><strong>Importante:<\/strong> os valores acima decorrem da legisla\u00e7\u00e3o estadual em vigor. A remunera\u00e7\u00e3o que constar\u00e1 efetivamente do pr\u00f3ximo concurso ser\u00e1 confirmada no edital.<\/p>\n\n\n\n<h3 id=\"h-atribuicoes-dos-cargos\" class=\"wp-block-heading\">Atribui\u00e7\u00f5es dos cargos<\/h3>\n\n\n\n<p class=\"wp-block-paragraph\"><strong>Agente de pol\u00edcia<\/strong> \u2014 praticar os atos de pol\u00edcia judici\u00e1ria de sua compet\u00eancia t\u00e9cnica e funcional, cumprir mandados judiciais, custodiar presos, dirigir ve\u00edculos policiais, operar equipamentos de comunica\u00e7\u00e3o e armamentos e manter o sigilo necess\u00e1rio \u00e0s investiga\u00e7\u00f5es.<\/p>\n\n\n\n<p class=\"wp-block-paragraph\"><strong>Escriv\u00e3o de pol\u00edcia<\/strong> \u2014 materializar os atos de pol\u00edcia judici\u00e1ria, formalizar inqu\u00e9ritos, sindic\u00e2ncias e processos administrativos disciplinares, expedir certid\u00f5es, responder pela guarda de bens e instrumentos de crime e zelar pelo cumprimento dos prazos legais.<\/p>\n\n\n\n<p class=\"wp-block-paragraph\"><strong>Delegado de pol\u00edcia<\/strong> \u2014 dirigir, supervisionar e coordenar as investiga\u00e7\u00f5es e opera\u00e7\u00f5es policiais, al\u00e9m de instaurar e presidir os procedimentos de pol\u00edcia judici\u00e1ria.<\/p>\n\n\n\n<h2 id=\"h-provas-e-locais\" class=\"wp-block-heading\">Provas e locais<\/h2>\n\n\n\n<p class=\"wp-block-paragraph\">O termo de refer\u00eancia divulgado com a defini\u00e7\u00e3o da banca antecipa a estrutura de avalia\u00e7\u00e3o prevista para cada carreira.<\/p>\n\n\n\n<p class=\"wp-block-paragraph\"><strong>Agente de pol\u00edcia:<\/strong> prova objetiva com 60 quest\u00f5es, prova discursiva, exames m\u00e9dicos, prova de capacidade f\u00edsica, avalia\u00e7\u00e3o psicol\u00f3gica, investiga\u00e7\u00e3o social e curso de forma\u00e7\u00e3o.<\/p>\n\n\n\n<p class=\"wp-block-paragraph\"><strong>Escriv\u00e3o de pol\u00edcia:<\/strong> prova objetiva com 60 quest\u00f5es, prova discursiva, prova pr\u00e1tica de digita\u00e7\u00e3o, exames m\u00e9dicos, capacidade f\u00edsica, avalia\u00e7\u00e3o psicol\u00f3gica, investiga\u00e7\u00e3o social e curso de forma\u00e7\u00e3o.<\/p>\n\n\n\n<p class=\"wp-block-paragraph\"><strong>Delegado de pol\u00edcia:<\/strong> prova objetiva com 100 quest\u00f5es, prova discursiva, exames m\u00e9dicos, aptid\u00e3o f\u00edsica, avalia\u00e7\u00e3o psicol\u00f3gica, investiga\u00e7\u00e3o social, prova oral, an\u00e1lise de t\u00edtulos e curso de forma\u00e7\u00e3o.<\/p>\n\n\n\n<p class=\"wp-block-paragraph\"><strong>Cidades de aplica\u00e7\u00e3o previstas:<\/strong> Recife, Arcoverde, Caruaru e Petrolina.<\/p>\n\n\n\n<p class=\"wp-block-paragraph\">Datas, turnos, dura\u00e7\u00e3o das provas e crit\u00e9rios de aprova\u00e7\u00e3o em cada etapa <strong>n\u00e3o foram divulgados<\/strong> e dependem do edital.<\/p>\n\n\n\n<h2 id=\"h-cronologia\" class=\"wp-block-heading\">Cronologia<\/h2>\n\n\n\n<ul class=\"wp-block-list\">\n<li><strong>4 de junho de 2026<\/strong> \u2014 Resolu\u00e7\u00e3o da C\u00e2mara de Pol\u00edtica de Pessoal n\u00ba 005 delibera sobre a autoriza\u00e7\u00e3o das vagas.<\/li>\n\n\n\n<li><strong>1\u00ba de julho de 2026<\/strong> \u2014 Ato Governamental n\u00ba 3914 homologa a autoriza\u00e7\u00e3o.<\/li>\n\n\n\n<li><strong>2 de julho de 2026<\/strong> \u2014 publica\u00e7\u00e3o no Di\u00e1rio Oficial do Estado n\u00ba 118: concurso PC PE autorizado com 1.315 vagas.<\/li>\n\n\n\n<li><strong>5 de agosto de 2026<\/strong> \u2014 o secret\u00e1rio de Defesa Social, Alessandro Carvalho, anuncia edital at\u00e9 dezembro e provas at\u00e9 abril de 2027.<\/li>\n\n\n\n<li><strong>25 de agosto de 2026<\/strong> \u2014 Portarias Conjuntas SAD\/SDS n\u00ba 284 e n\u00ba 285 instituem as comiss\u00f5es coordenadoras.<\/li>\n\n\n\n<li><strong>2 de setembro de 2026<\/strong> \u2014 a governadora Raquel Lyra reafirma a publica\u00e7\u00e3o do edital at\u00e9 dezembro.<\/li>\n\n\n\n<li><strong>4 de setembro de 2026<\/strong> \u2014 Cebraspe \u00e9 definido como banca organizadora e o termo de refer\u00eancia \u00e9 divulgado.<\/li>\n<\/ul>\n\n\n\n<h2 id=\"h-ultimas-noticias\" class=\"wp-block-heading\">\u00daltimas not\u00edcias<\/h2>\n\n\n\n<p class=\"wp-block-paragraph\"><strong>Cebraspe \u00e9 definido como banca do concurso PC PE (4\/9\/2026)<\/strong> \u2014 a organizadora das duas \u00faltimas sele\u00e7\u00f5es da corpora\u00e7\u00e3o volta a assumir o processo, agora para 1.315 vagas. O termo de refer\u00eancia divulgado com a defini\u00e7\u00e3o detalha as etapas de cada cargo e aponta Recife, Arcoverde, Caruaru e Petrolina como cidades de prova.<\/p>\n\n\n\n<p class=\"wp-block-paragraph\"><strong>Governadora reafirma edital at\u00e9 dezembro (2\/9\/2026)<\/strong> \u2014 em nova declara\u00e7\u00e3o p\u00fablica, Raquel Lyra confirmou o prazo de publica\u00e7\u00e3o do edital do concurso PC PE e dos demais concursos da \u00e1rea de seguran\u00e7a do estado.<\/p>\n\n\n\n<p class=\"wp-block-paragraph\"><strong>Comiss\u00f5es coordenadoras s\u00e3o instaladas (25\/8\/2026)<\/strong> \u2014 duas portarias conjuntas SAD\/SDS criaram as comiss\u00f5es respons\u00e1veis pela normatiza\u00e7\u00e3o e pelo acompanhamento do concurso, uma para delegado e outra para agente e escriv\u00e3o.<\/p>\n\n\n\n<p class=\"wp-block-paragraph\"><strong>Concurso \u00e9 autorizado com 1.315 vagas (2\/7\/2026)<\/strong> \u2014 publica\u00e7\u00e3o no Di\u00e1rio Oficial do Estado formaliza a maior oferta de vagas da Pol\u00edcia Civil de Pernambuco das \u00faltimas d\u00e9cadas.<\/p>\n\n\n\n<p class=\"wp-block-paragraph\">Com 1.315 vagas e sal\u00e1rios que chegam a R$ 13.560, a disputa deve ser das mais concorridas do Nordeste, o concurso anterior, com menos de um ter\u00e7o dessa oferta, reuniu quase 49 mil inscritos. <strong>O Aprova tem <a href=\"https:\/\/www.aprovaconcursos.com.br\/concursos\/pc-pe?xcod={%22co%22:%22{%5C%22u%5C%22:%5C%22259823e3-6161-4f67-898e-16791ff5abfa%5C%22,%5C%22url%5C%22:%5C%22www.aprovaconcursos.com.br\/%5C%22,%5C%22v%5C%22:1}%22,%22u%22:%22259823e3-6161-4f67-898e-16791ff5abfa%22,%22url%22:%22www.aprovaconcursos.com.br\/concursos\/pm-mg%22,%22r%22:%22%22,%22v%22:1}&amp;utm_content={%22co%22:%22{%5C%22u%5C%22:%5C%22259823e3-6161-4f67-898e-16791ff5abfa%5C%22,%5C%22url%5C%22:%5C%22www.aprovaconcursos.com.br\/%5C%22,%5C%22v%5C%22:1}%22,%22u%22:%22259823e3-6161-4f67-898e-16791ff5abfa%22,%22url%22:%22www.aprovaconcursos.com.br\/concursos\/pm-mg%22,%22v%22:1}\" target=\"_blank\" rel=\"noopener noreferrer\">curso preparat\u00f3rio para o concurso da Pol\u00edcia Civil de Pernambuco<\/a><\/strong>, com material direcionado \u00e0s tr\u00eas carreiras e ao estilo de prova do Cebraspe, para quem quer come\u00e7ar antes do edital.<\/p>\n\n\n\n<h2 id=\"h-perguntas-frequentes\" class=\"wp-block-heading\">Perguntas frequentes<\/h2>\n\n\n\n<h3 id=\"h-qual-a-diferenca-entre-a-autorizacao-e-a-publicacao-do-edital\" class=\"wp-block-heading\">Qual a diferen\u00e7a entre a autoriza\u00e7\u00e3o e a publica\u00e7\u00e3o do edital?<\/h3>\n\n\n\n<p class=\"wp-block-paragraph\">A autoriza\u00e7\u00e3o \u00e9 o aval do governo para realizar o concurso: libera vagas, or\u00e7amento e a contrata\u00e7\u00e3o da banca. O edital \u00e9 o documento que efetivamente abre a sele\u00e7\u00e3o, com cronograma, taxa, conte\u00fado program\u00e1tico e crit\u00e9rios de elimina\u00e7\u00e3o. No concurso PC PE, a autoriza\u00e7\u00e3o saiu em julho de 2026; o edital ainda n\u00e3o foi publicado.<\/p>\n\n\n\n<h3 id=\"h-o-termo-de-referencia-vale-como-edital\" class=\"wp-block-heading\">O termo de refer\u00eancia vale como edital?<\/h3>\n\n\n\n<p class=\"wp-block-paragraph\">N\u00e3o. O termo de refer\u00eancia orienta a contrata\u00e7\u00e3o da banca e antecipa carreiras, etapas e cidades de prova, mas n\u00e3o gera direitos nem abre inscri\u00e7\u00f5es. Todas as informa\u00e7\u00f5es podem ser ajustadas no edital de abertura, que \u00e9 o documento oficial da sele\u00e7\u00e3o.<\/p>\n\n\n\n<h3 id=\"h-ja-e-possivel-se-inscrever-no-concurso-pc-pe\" class=\"wp-block-heading\">J\u00e1 \u00e9 poss\u00edvel se inscrever no concurso PC PE?<\/h3>\n\n\n\n<p class=\"wp-block-paragraph\">N\u00e3o. As inscri\u00e7\u00f5es s\u00f3 abrem ap\u00f3s a publica\u00e7\u00e3o do edital, sempre no site da banca organizadora. Qualquer cobran\u00e7a ou formul\u00e1rio de &#8220;pr\u00e9\u2011inscri\u00e7\u00e3o&#8221; divulgado antes disso n\u00e3o tem validade oficial.<\/p>\n\n\n\n<h3 id=\"h-aprovados-excedentes-do-concurso-anterior-podem-ser-chamados-em-vez-do-novo-concurso\" class=\"wp-block-heading\">Aprovados excedentes do concurso anterior podem ser chamados em vez do novo concurso?<\/h3>\n\n\n\n<p class=\"wp-block-paragraph\">O secret\u00e1rio de Defesa Social afirmou que n\u00e3o haver\u00e1 convoca\u00e7\u00e3o de excedentes dos concursos anteriores, justamente porque o estado optou por uma contrata\u00e7\u00e3o nova e ampliada. Quem ficou fora das vagas do edital de 2023 precisa disputar a nova sele\u00e7\u00e3o.<\/p>\n\n\n\n<h3 id=\"h-existe-idade-maxima-para-ingressar-na-policia-civil-de-pernambuco\" class=\"wp-block-heading\">Existe idade m\u00e1xima para ingressar na Pol\u00edcia Civil de Pernambuco?<\/h3>\n\n\n\n<p class=\"wp-block-paragraph\">A exig\u00eancia \u00e9 de no m\u00ednimo 18 anos completos na data da posse, e n\u00e3o h\u00e1 limite m\u00e1ximo de idade previsto, desde que o candidato cumpra os demais requisitos. O edital \u00e9 quem confirma as regras aplic\u00e1veis a esta edi\u00e7\u00e3o.<\/p>\n\n\n\n<h3 id=\"h-quanto-tempo-costuma-haver-entre-o-edital-e-a-prova-na-pc-pe\" class=\"wp-block-heading\">Quanto tempo costuma haver entre o edital e a prova na PC PE?<\/h3>\n\n\n\n<p class=\"wp-block-paragraph\">No concurso anterior, o intervalo foi curto: edital publicado em dezembro de 2023 e provas aplicadas em fevereiro e mar\u00e7o de 2024. Com previs\u00e3o de edital at\u00e9 dezembro de 2026 e provas at\u00e9 abril de 2027, o cen\u00e1rio aponta para um prazo igualmente apertado.<\/p>\n","protected":false},"excerpt":{"rendered":"<p>O concurso da Pol\u00edcia Civil de Pernambuco (PC PE) chegou \u00e0 sua etapa mais avan\u00e7ada desde a autoriza\u00e7\u00e3o: o Cebraspe foi definido\u2026<\/p>\n","protected":false},"author":6,"featured_media":167180,"comment_status":"open","ping_status":"open","sticky":false,"template":"","format":"standard","meta":{"footnotes":""},"categories":[11,18699],"tags":[24778],"class_list":["post-167177","post","type-post","status-publish","format-standard","has-post-thumbnail","hentry","category-noticias","category-ultimas-noticias-concursos","tag-pc-pe"],"yoast_head":"<!-- This site is optimized with the Yoast SEO Premium plugin v27.9 (Yoast SEO v28.2) - https:\/\/yoast.com\/product\/yoast-seo-premium-wordpress\/ -->\n<title>Concurso PC PE: 1.315 vagas e sal\u00e1rio de at\u00e9 R$ 13,5 mil<\/title>\n<meta name=\"description\" content=\"1.315 vagas para agente, escriv\u00e3o e delegado, com sal\u00e1rios de R$ 5.667,92 a R$ 13.560. Cebraspe \u00e9 a banca e edital sai at\u00e9 dezembro.\" \/>\n<meta name=\"robots\" content=\"index, follow, max-snippet:-1, max-image-preview:large, max-video-preview:-1\" \/>\n<link rel=\"canonical\" href=\"https:\/\/www.aprovaconcursos.com.br\/noticias\/concurso-pc-pe\/\" \/>\n<meta property=\"og:locale\" content=\"pt_BR\" \/>\n<meta property=\"og:type\" content=\"article\" \/>\n<meta property=\"og:title\" content=\"Concurso PC PE: 1.315 vagas para agente, escriv\u00e3o e delegado com sal\u00e1rio de at\u00e9 R$ 13,5 mil\" \/>\n<meta property=\"og:description\" content=\"1.315 vagas para agente, escriv\u00e3o e delegado, com sal\u00e1rios de R$ 5.667,92 a R$ 13.560. Cebraspe \u00e9 a banca e edital sai at\u00e9 dezembro.\" \/>\n<meta property=\"og:url\" content=\"https:\/\/www.aprovaconcursos.com.br\/noticias\/concurso-pc-pe\/\" \/>\n<meta property=\"og:site_name\" content=\"Aprova Concursos - Not\u00edcias\" \/>\n<meta property=\"article:publisher\" content=\"https:\/\/www.facebook.com\/aprovaconcursos\" \/>\n<meta property=\"article:published_time\" content=\"2026-09-04T12:52:41+00:00\" \/>\n<meta property=\"article:modified_time\" content=\"2026-09-04T12:52:42+00:00\" \/>\n<meta property=\"og:image\" content=\"https:\/\/www.aprovaconcursos.com.br\/noticias\/wp-content\/uploads\/2026\/09\/concurso-pc-pe.webp\" \/>\n\t<meta property=\"og:image:width\" content=\"1200\" \/>\n\t<meta property=\"og:image:height\" content=\"628\" \/>\n\t<meta property=\"og:image:type\" content=\"image\/webp\" \/>\n<meta name=\"author\" content=\"Bruna Silva\" \/>\n<meta name=\"twitter:card\" content=\"summary_large_image\" \/>\n<meta name=\"twitter:label1\" content=\"Escrito por\" \/>\n\t<meta name=\"twitter:data1\" content=\"Bruna Silva\" \/>\n\t<meta name=\"twitter:label2\" content=\"Est. tempo de leitura\" \/>\n\t<meta name=\"twitter:data2\" content=\"11 minutos\" \/>\n<script type=\"application\/ld+json\" class=\"yoast-schema-graph\">{\"@context\":\"https:\\\/\\\/schema.org\",\"@graph\":[{\"@type\":\"NewsArticle\",\"@id\":\"https:\\\/\\\/www.aprovaconcursos.com.br\\\/noticias\\\/concurso-pc-pe\\\/#article\",\"isPartOf\":{\"@id\":\"https:\\\/\\\/www.aprovaconcursos.com.br\\\/noticias\\\/concurso-pc-pe\\\/\"},\"author\":{\"name\":\"Bruna Silva\",\"@id\":\"https:\\\/\\\/www.aprovaconcursos.com.br\\\/noticias\\\/#\\\/schema\\\/person\\\/02de4047f7bd2cbec9b6b2323204656c\"},\"headline\":\"Concurso PC PE: 1.315 vagas para agente, escriv\u00e3o e delegado com sal\u00e1rio de at\u00e9 R$ 13,5 mil\",\"datePublished\":\"2026-09-04T12:52:41+00:00\",\"dateModified\":\"2026-09-04T12:52:42+00:00\",\"mainEntityOfPage\":{\"@id\":\"https:\\\/\\\/www.aprovaconcursos.com.br\\\/noticias\\\/concurso-pc-pe\\\/\"},\"wordCount\":2000,\"commentCount\":0,\"publisher\":{\"@id\":\"https:\\\/\\\/www.aprovaconcursos.com.br\\\/noticias\\\/#organization\"},\"image\":{\"@id\":\"https:\\\/\\\/www.aprovaconcursos.com.br\\\/noticias\\\/concurso-pc-pe\\\/#primaryimage\"},\"thumbnailUrl\":\"https:\\\/\\\/www.aprovaconcursos.com.br\\\/noticias\\\/wp-content\\\/uploads\\\/2026\\\/09\\\/concurso-pc-pe.webp\",\"keywords\":[\"PC PE\"],\"articleSection\":[\"Not\u00edcias\",\"\u00daltimas Not\u00edcias\"],\"inLanguage\":\"pt-BR\",\"potentialAction\":[{\"@type\":\"CommentAction\",\"name\":\"Comment\",\"target\":[\"https:\\\/\\\/www.aprovaconcursos.com.br\\\/noticias\\\/concurso-pc-pe\\\/#respond\"]}],\"copyrightYear\":\"2026\",\"copyrightHolder\":{\"@id\":\"https:\\\/\\\/www.aprovaconcursos.com.br\\\/noticias\\\/#organization\"}},{\"@type\":\"WebPage\",\"@id\":\"https:\\\/\\\/www.aprovaconcursos.com.br\\\/noticias\\\/concurso-pc-pe\\\/\",\"url\":\"https:\\\/\\\/www.aprovaconcursos.com.br\\\/noticias\\\/concurso-pc-pe\\\/\",\"name\":\"Concurso PC PE: 1.315 vagas e sal\u00e1rio de at\u00e9 R$ 13,5 mil\",\"isPartOf\":{\"@id\":\"https:\\\/\\\/www.aprovaconcursos.com.br\\\/noticias\\\/#website\"},\"primaryImageOfPage\":{\"@id\":\"https:\\\/\\\/www.aprovaconcursos.com.br\\\/noticias\\\/concurso-pc-pe\\\/#primaryimage\"},\"image\":{\"@id\":\"https:\\\/\\\/www.aprovaconcursos.com.br\\\/noticias\\\/concurso-pc-pe\\\/#primaryimage\"},\"thumbnailUrl\":\"https:\\\/\\\/www.aprovaconcursos.com.br\\\/noticias\\\/wp-content\\\/uploads\\\/2026\\\/09\\\/concurso-pc-pe.webp\",\"datePublished\":\"2026-09-04T12:52:41+00:00\",\"dateModified\":\"2026-09-04T12:52:42+00:00\",\"description\":\"1.315 vagas para agente, escriv\u00e3o e delegado, com sal\u00e1rios de R$ 5.667,92 a R$ 13.560. Cebraspe \u00e9 a banca e edital sai at\u00e9 dezembro.\",\"breadcrumb\":{\"@id\":\"https:\\\/\\\/www.aprovaconcursos.com.br\\\/noticias\\\/concurso-pc-pe\\\/#breadcrumb\"},\"inLanguage\":\"pt-BR\",\"potentialAction\":[{\"@type\":\"ReadAction\",\"target\":[\"https:\\\/\\\/www.aprovaconcursos.com.br\\\/noticias\\\/concurso-pc-pe\\\/\"]}]},{\"@type\":\"ImageObject\",\"inLanguage\":\"pt-BR\",\"@id\":\"https:\\\/\\\/www.aprovaconcursos.com.br\\\/noticias\\\/concurso-pc-pe\\\/#primaryimage\",\"url\":\"https:\\\/\\\/www.aprovaconcursos.com.br\\\/noticias\\\/wp-content\\\/uploads\\\/2026\\\/09\\\/concurso-pc-pe.webp\",\"contentUrl\":\"https:\\\/\\\/www.aprovaconcursos.com.br\\\/noticias\\\/wp-content\\\/uploads\\\/2026\\\/09\\\/concurso-pc-pe.webp\",\"width\":1200,\"height\":628,\"caption\":\"Concurso PC PE.\"},{\"@type\":\"BreadcrumbList\",\"@id\":\"https:\\\/\\\/www.aprovaconcursos.com.br\\\/noticias\\\/concurso-pc-pe\\\/#breadcrumb\",\"itemListElement\":[{\"@type\":\"ListItem\",\"position\":1,\"name\":\"Home\",\"item\":\"https:\\\/\\\/www.aprovaconcursos.com.br\\\/noticias\\\/\"},{\"@type\":\"ListItem\",\"position\":2,\"name\":\"Concurso PC PE: 1.315 vagas para agente, escriv\u00e3o e delegado com sal\u00e1rio de at\u00e9 R$ 13,5 mil\"}]},{\"@type\":\"WebSite\",\"@id\":\"https:\\\/\\\/www.aprovaconcursos.com.br\\\/noticias\\\/#website\",\"url\":\"https:\\\/\\\/www.aprovaconcursos.com.br\\\/noticias\\\/\",\"name\":\"Aprova Concursos - Not\u00edcias\",\"description\":\"Fique por dentro das not\u00edcias sobre concursos p\u00fablicos do Brasil inteiro, ENEM, Exame de Ordem (OAB) e Exame de Sufici\u00eancia (CFC). Mantenha-se atualizado aqui!\",\"publisher\":{\"@id\":\"https:\\\/\\\/www.aprovaconcursos.com.br\\\/noticias\\\/#organization\"},\"potentialAction\":[{\"@type\":\"SearchAction\",\"target\":{\"@type\":\"EntryPoint\",\"urlTemplate\":\"https:\\\/\\\/www.aprovaconcursos.com.br\\\/noticias\\\/?s={search_term_string}\"},\"query-input\":{\"@type\":\"PropertyValueSpecification\",\"valueRequired\":true,\"valueName\":\"search_term_string\"}}],\"inLanguage\":\"pt-BR\"},{\"@type\":\"Organization\",\"@id\":\"https:\\\/\\\/www.aprovaconcursos.com.br\\\/noticias\\\/#organization\",\"name\":\"Aprova Concursos - Not\u00edcias\",\"url\":\"https:\\\/\\\/www.aprovaconcursos.com.br\\\/noticias\\\/\",\"logo\":{\"@type\":\"ImageObject\",\"inLanguage\":\"pt-BR\",\"@id\":\"https:\\\/\\\/www.aprovaconcursos.com.br\\\/noticias\\\/#\\\/schema\\\/logo\\\/image\\\/\",\"url\":\"https:\\\/\\\/www.aprovaconcursos.com.br\\\/noticias\\\/wp-content\\\/uploads\\\/2026\\\/06\\\/logo.webp\",\"contentUrl\":\"https:\\\/\\\/www.aprovaconcursos.com.br\\\/noticias\\\/wp-content\\\/uploads\\\/2026\\\/06\\\/logo.webp\",\"width\":171,\"height\":49,\"caption\":\"Aprova Concursos - Not\u00edcias\"},\"image\":{\"@id\":\"https:\\\/\\\/www.aprovaconcursos.com.br\\\/noticias\\\/#\\\/schema\\\/logo\\\/image\\\/\"},\"sameAs\":[\"https:\\\/\\\/www.facebook.com\\\/aprovaconcursos\"]},{\"@type\":\"Person\",\"@id\":\"https:\\\/\\\/www.aprovaconcursos.com.br\\\/noticias\\\/#\\\/schema\\\/person\\\/02de4047f7bd2cbec9b6b2323204656c\",\"name\":\"Bruna Silva\",\"image\":{\"@type\":\"ImageObject\",\"inLanguage\":\"pt-BR\",\"@id\":\"https:\\\/\\\/secure.gravatar.com\\\/avatar\\\/5fabaa975c4c6bb33544b972597d884f7e9c3a62a662250af1086af52760d20a?s=96&d=mm&r=g\",\"url\":\"https:\\\/\\\/secure.gravatar.com\\\/avatar\\\/5fabaa975c4c6bb33544b972597d884f7e9c3a62a662250af1086af52760d20a?s=96&d=mm&r=g\",\"contentUrl\":\"https:\\\/\\\/secure.gravatar.com\\\/avatar\\\/5fabaa975c4c6bb33544b972597d884f7e9c3a62a662250af1086af52760d20a?s=96&d=mm&r=g\",\"caption\":\"Bruna Silva\"},\"sameAs\":[\"https:\\\/\\\/www.aprovaconcursos.com.br\\\/\"],\"url\":\"https:\\\/\\\/www.aprovaconcursos.com.br\\\/noticias\\\/autor\\\/bruna-silva\\\/\"}]}<\/script>\n<!-- \/ Yoast SEO Premium plugin. -->","yoast_head_json":{"title":"Concurso PC PE: 1.315 vagas e sal\u00e1rio de at\u00e9 R$ 13,5 mil","description":"1.315 vagas para agente, escriv\u00e3o e delegado, com sal\u00e1rios de R$ 5.667,92 a R$ 13.560. Cebraspe \u00e9 a banca e edital sai at\u00e9 dezembro.","robots":{"index":"index","follow":"follow","max-snippet":"max-snippet:-1","max-image-preview":"max-image-preview:large","max-video-preview":"max-video-preview:-1"},"canonical":"https:\/\/www.aprovaconcursos.com.br\/noticias\/concurso-pc-pe\/","og_locale":"pt_BR","og_type":"article","og_title":"Concurso PC PE: 1.315 vagas para agente, escriv\u00e3o e delegado com sal\u00e1rio de at\u00e9 R$ 13,5 mil","og_description":"1.315 vagas para agente, escriv\u00e3o e delegado, com sal\u00e1rios de R$ 5.667,92 a R$ 13.560. Cebraspe \u00e9 a banca e edital sai at\u00e9 dezembro.","og_url":"https:\/\/www.aprovaconcursos.com.br\/noticias\/concurso-pc-pe\/","og_site_name":"Aprova Concursos - Not\u00edcias","article_publisher":"https:\/\/www.facebook.com\/aprovaconcursos","article_published_time":"2026-09-04T12:52:41+00:00","article_modified_time":"2026-09-04T12:52:42+00:00","og_image":[{"width":1200,"height":628,"url":"https:\/\/www.aprovaconcursos.com.br\/noticias\/wp-content\/uploads\/2026\/09\/concurso-pc-pe.webp","type":"image\/webp"}],"author":"Bruna Silva","twitter_card":"summary_large_image","twitter_misc":{"Escrito por":"Bruna Silva","Est. tempo de leitura":"11 minutos"},"schema":{"@context":"https:\/\/schema.org","@graph":[{"@type":"NewsArticle","@id":"https:\/\/www.aprovaconcursos.com.br\/noticias\/concurso-pc-pe\/#article","isPartOf":{"@id":"https:\/\/www.aprovaconcursos.com.br\/noticias\/concurso-pc-pe\/"},"author":{"name":"Bruna Silva","@id":"https:\/\/www.aprovaconcursos.com.br\/noticias\/#\/schema\/person\/02de4047f7bd2cbec9b6b2323204656c"},"headline":"Concurso PC PE: 1.315 vagas para agente, escriv\u00e3o e delegado com sal\u00e1rio de at\u00e9 R$ 13,5 mil","datePublished":"2026-09-04T12:52:41+00:00","dateModified":"2026-09-04T12:52:42+00:00","mainEntityOfPage":{"@id":"https:\/\/www.aprovaconcursos.com.br\/noticias\/concurso-pc-pe\/"},"wordCount":2000,"commentCount":0,"publisher":{"@id":"https:\/\/www.aprovaconcursos.com.br\/noticias\/#organization"},"image":{"@id":"https:\/\/www.aprovaconcursos.com.br\/noticias\/concurso-pc-pe\/#primaryimage"},"thumbnailUrl":"https:\/\/www.aprovaconcursos.com.br\/noticias\/wp-content\/uploads\/2026\/09\/concurso-pc-pe.webp","keywords":["PC PE"],"articleSection":["Not\u00edcias","\u00daltimas Not\u00edcias"],"inLanguage":"pt-BR","potentialAction":[{"@type":"CommentAction","name":"Comment","target":["https:\/\/www.aprovaconcursos.com.br\/noticias\/concurso-pc-pe\/#respond"]}],"copyrightYear":"2026","copyrightHolder":{"@id":"https:\/\/www.aprovaconcursos.com.br\/noticias\/#organization"}},{"@type":"WebPage","@id":"https:\/\/www.aprovaconcursos.com.br\/noticias\/concurso-pc-pe\/","url":"https:\/\/www.aprovaconcursos.com.br\/noticias\/concurso-pc-pe\/","name":"Concurso PC PE: 1.315 vagas e sal\u00e1rio de at\u00e9 R$ 13,5 mil","isPartOf":{"@id":"https:\/\/www.aprovaconcursos.com.br\/noticias\/#website"},"primaryImageOfPage":{"@id":"https:\/\/www.aprovaconcursos.com.br\/noticias\/concurso-pc-pe\/#primaryimage"},"image":{"@id":"https:\/\/www.aprovaconcursos.com.br\/noticias\/concurso-pc-pe\/#primaryimage"},"thumbnailUrl":"https:\/\/www.aprovaconcursos.com.br\/noticias\/wp-content\/uploads\/2026\/09\/concurso-pc-pe.webp","datePublished":"2026-09-04T12:52:41+00:00","dateModified":"2026-09-04T12:52:42+00:00","description":"1.315 vagas para agente, escriv\u00e3o e delegado, com sal\u00e1rios de R$ 5.667,92 a R$ 13.560. Cebraspe \u00e9 a banca e edital sai at\u00e9 dezembro.","breadcrumb":{"@id":"https:\/\/www.aprovaconcursos.com.br\/noticias\/concurso-pc-pe\/#breadcrumb"},"inLanguage":"pt-BR","potentialAction":[{"@type":"ReadAction","target":["https:\/\/www.aprovaconcursos.com.br\/noticias\/concurso-pc-pe\/"]}]},{"@type":"ImageObject","inLanguage":"pt-BR","@id":"https:\/\/www.aprovaconcursos.com.br\/noticias\/concurso-pc-pe\/#primaryimage","url":"https:\/\/www.aprovaconcursos.com.br\/noticias\/wp-content\/uploads\/2026\/09\/concurso-pc-pe.webp","contentUrl":"https:\/\/www.aprovaconcursos.com.br\/noticias\/wp-content\/uploads\/2026\/09\/concurso-pc-pe.webp","width":1200,"height":628,"caption":"Concurso PC PE."},{"@type":"BreadcrumbList","@id":"https:\/\/www.aprovaconcursos.com.br\/noticias\/concurso-pc-pe\/#breadcrumb","itemListElement":[{"@type":"ListItem","position":1,"name":"Home","item":"https:\/\/www.aprovaconcursos.com.br\/noticias\/"},{"@type":"ListItem","position":2,"name":"Concurso PC PE: 1.315 vagas para agente, escriv\u00e3o e delegado com sal\u00e1rio de at\u00e9 R$ 13,5 mil"}]},{"@type":"WebSite","@id":"https:\/\/www.aprovaconcursos.com.br\/noticias\/#website","url":"https:\/\/www.aprovaconcursos.com.br\/noticias\/","name":"Aprova Concursos - Not\u00edcias","description":"Fique por dentro das not\u00edcias sobre concursos p\u00fablicos do Brasil inteiro, ENEM, Exame de Ordem (OAB) e Exame de Sufici\u00eancia (CFC). Mantenha-se atualizado aqui!","publisher":{"@id":"https:\/\/www.aprovaconcursos.com.br\/noticias\/#organization"},"potentialAction":[{"@type":"SearchAction","target":{"@type":"EntryPoint","urlTemplate":"https:\/\/www.aprovaconcursos.com.br\/noticias\/?s={search_term_string}"},"query-input":{"@type":"PropertyValueSpecification","valueRequired":true,"valueName":"search_term_string"}}],"inLanguage":"pt-BR"},{"@type":"Organization","@id":"https:\/\/www.aprovaconcursos.com.br\/noticias\/#organization","name":"Aprova Concursos - Not\u00edcias","url":"https:\/\/www.aprovaconcursos.com.br\/noticias\/","logo":{"@type":"ImageObject","inLanguage":"pt-BR","@id":"https:\/\/www.aprovaconcursos.com.br\/noticias\/#\/schema\/logo\/image\/","url":"https:\/\/www.aprovaconcursos.com.br\/noticias\/wp-content\/uploads\/2026\/06\/logo.webp","contentUrl":"https:\/\/www.aprovaconcursos.com.br\/noticias\/wp-content\/uploads\/2026\/06\/logo.webp","width":171,"height":49,"caption":"Aprova Concursos - Not\u00edcias"},"image":{"@id":"https:\/\/www.aprovaconcursos.com.br\/noticias\/#\/schema\/logo\/image\/"},"sameAs":["https:\/\/www.facebook.com\/aprovaconcursos"]},{"@type":"Person","@id":"https:\/\/www.aprovaconcursos.com.br\/noticias\/#\/schema\/person\/02de4047f7bd2cbec9b6b2323204656c","name":"Bruna Silva","image":{"@type":"ImageObject","inLanguage":"pt-BR","@id":"https:\/\/secure.gravatar.com\/avatar\/5fabaa975c4c6bb33544b972597d884f7e9c3a62a662250af1086af52760d20a?s=96&d=mm&r=g","url":"https:\/\/secure.gravatar.com\/avatar\/5fabaa975c4c6bb33544b972597d884f7e9c3a62a662250af1086af52760d20a?s=96&d=mm&r=g","contentUrl":"https:\/\/secure.gravatar.com\/avatar\/5fabaa975c4c6bb33544b972597d884f7e9c3a62a662250af1086af52760d20a?s=96&d=mm&r=g","caption":"Bruna Silva"},"sameAs":["https:\/\/www.aprovaconcursos.com.br\/"],"url":"https:\/\/www.aprovaconcursos.com.br\/noticias\/autor\/bruna-silva\/"}]}},"_links":{"self":[{"href":"https:\/\/www.aprovaconcursos.com.br\/noticias\/wp-json\/wp\/v2\/posts\/167177","targetHints":{"allow":["GET"]}}],"collection":[{"href":"https:\/\/www.aprovaconcursos.com.br\/noticias\/wp-json\/wp\/v2\/posts"}],"about":[{"href":"https:\/\/www.aprovaconcursos.com.br\/noticias\/wp-json\/wp\/v2\/types\/post"}],"author":[{"embeddable":true,"href":"https:\/\/www.aprovaconcursos.com.br\/noticias\/wp-json\/wp\/v2\/users\/6"}],"replies":[{"embeddable":true,"href":"https:\/\/www.aprovaconcursos.com.br\/noticias\/wp-json\/wp\/v2\/comments?post=167177"}],"version-history":[{"count":1,"href":"https:\/\/www.aprovaconcursos.com.br\/noticias\/wp-json\/wp\/v2\/posts\/167177\/revisions"}],"predecessor-version":[{"id":167181,"href":"https:\/\/www.aprovaconcursos.com.br\/noticias\/wp-json\/wp\/v2\/posts\/167177\/revisions\/167181"}],"wp:featuredmedia":[{"embeddable":true,"href":"https:\/\/www.aprovaconcursos.com.br\/noticias\/wp-json\/wp\/v2\/media\/167180"}],"wp:attachment":[{"href":"https:\/\/www.aprovaconcursos.com.br\/noticias\/wp-json\/wp\/v2\/media?parent=167177"}],"wp:term":[{"taxonomy":"category","embeddable":true,"href":"https:\/\/www.aprovaconcursos.com.br\/noticias\/wp-json\/wp\/v2\/categories?post=167177"},{"taxonomy":"post_tag","embeddable":true,"href":"https:\/\/www.aprovaconcursos.com.br\/noticias\/wp-json\/wp\/v2\/tags?post=167177"}],"curies":[{"name":"wp","href":"https:\/\/api.w.org\/{rel}","templated":true}]}}