{"id":167174,"date":"2026-09-04T09:28:22","date_gmt":"2026-09-04T12:28:22","guid":{"rendered":"https:\/\/www.aprovaconcursos.com.br\/noticias\/?p=167174"},"modified":"2026-09-04T09:28:22","modified_gmt":"2026-09-04T12:28:22","slug":"concurso-pm-mg","status":"publish","type":"post","link":"https:\/\/www.aprovaconcursos.com.br\/noticias\/concurso-pm-mg\/","title":{"rendered":"Concurso PM MG: edital publicado com 90 vagas para Oficial e sal\u00e1rio de at\u00e9 R$ 12,1 mil"},"content":{"rendered":"\n<p class=\"wp-block-paragraph\">O concurso PM MG est\u00e1 com <strong>edital publicado<\/strong> para a carreira de Oficial. A Pol\u00edcia Militar de Minas Gerais divulgou o Edital DRH\/CRS n\u00ba 11\/2026, que oferta 90 vagas para ingresso no Curso de Forma\u00e7\u00e3o de Oficiais (CFO\/2027). O documento saiu na quinta-feira, 3 de setembro de 2026. <\/p>\n\n\n\n<p class=\"wp-block-paragraph\">A exig\u00eancia \u00e9 de bacharelado em Direito, com remunera\u00e7\u00e3o inicial de R$ 7.912,17 como Cadete do 1\u00ba ano e R$ 12.170,61 ao ingressar no posto de 2\u00ba Tenente. <\/p>\n\n\n\n<h2 id=\"h-resumo-e-situacao-atual\" class=\"wp-block-heading\">Resumo e situa\u00e7\u00e3o atual<\/h2>\n\n\n\n<p class=\"wp-block-paragraph\"><strong>Situa\u00e7\u00e3o:<\/strong> edital publicado. As inscri\u00e7\u00f5es ainda n\u00e3o come\u00e7aram.<\/p>\n\n\n\n<p class=\"wp-block-paragraph\">Esta p\u00e1gina re\u00fane a situa\u00e7\u00e3o oficial do concurso PM MG e \u00e9 atualizada a cada nova movimenta\u00e7\u00e3o. Veja o essencial agora:<\/p>\n\n\n\n<ul class=\"wp-block-list\">\n<li><strong>Cargo:<\/strong> Cadete (carreira de Oficial), com ingresso posterior como 2\u00ba Tenente PM<\/li>\n\n\n\n<li><strong>Vagas:<\/strong> 90 no total \u2014 72 de ampla concorr\u00eancia e 18 reservadas a pessoas negras <\/li>\n\n\n\n<li><strong>Escolaridade:<\/strong> bacharelado em Direito<\/li>\n\n\n\n<li><strong>Remunera\u00e7\u00e3o:<\/strong> R$ 7.912,17 (Cadete) a R$ 12.170,61 (2\u00ba Tenente) <\/li>\n\n\n\n<li><strong>Inscri\u00e7\u00f5es:<\/strong> de 10 de novembro a 10 de dezembro de 2026<\/li>\n\n\n\n<li><strong>Taxa:<\/strong> R$ 243,00 <\/li>\n\n\n\n<li><strong>Organiza\u00e7\u00e3o:<\/strong> Centro de Recrutamento e Sele\u00e7\u00e3o (CRS) da pr\u00f3pria PMMG <\/li>\n\n\n\n<li><strong>Prova objetiva e reda\u00e7\u00e3o:<\/strong> 10 de janeiro de 2027 <\/li>\n<\/ul>\n\n\n\n<p class=\"wp-block-paragraph\"><strong>\u00daltima movimenta\u00e7\u00e3o:<\/strong> publica\u00e7\u00e3o do Edital DRH\/CRS n\u00ba 11\/2026, em 3 de setembro de 2026.<\/p>\n\n\n\n<p class=\"wp-block-paragraph\"><strong>Pr\u00f3ximo passo:<\/strong> abertura das inscri\u00e7\u00f5es em 10 de novembro de 2026, pelo site do CRS.<\/p>\n\n\n\n<h2 id=\"h-solicitacao-e-autorizacao\" class=\"wp-block-heading\">Solicita\u00e7\u00e3o e autoriza\u00e7\u00e3o<\/h2>\n\n\n\n<p class=\"wp-block-paragraph\">O concurso para o CFO\/2027 foi formalizado com a publica\u00e7\u00e3o do edital pelo Departamento de Recursos Humanos (DRH), por meio do CRS. N\u00e3o h\u00e1, portanto, pend\u00eancia de autoriza\u00e7\u00e3o para esta sele\u00e7\u00e3o.<\/p>\n\n\n\n<p class=\"wp-block-paragraph\">Para a <strong>carreira de Soldado<\/strong>, a situa\u00e7\u00e3o \u00e9 diferente. Em maio de 2026, o governador Mateus Sim\u00f5es afirmou, durante a cerim\u00f4nia de formatura de novos soldados realizada no Mineirinho, em Belo Horizonte, que um novo concurso da PMMG seria realizado at\u00e9 o in\u00edcio de 2027. Segundo o governo, a reposi\u00e7\u00e3o do efetivo \u00e9 necess\u00e1ria diante do n\u00famero de aposentadorias e desligamentos registrados anualmente pela corpora\u00e7\u00e3o, e j\u00e1 existe reserva or\u00e7ament\u00e1ria para viabilizar a sele\u00e7\u00e3o. <\/p>\n\n\n\n<p class=\"wp-block-paragraph\">A estimativa oficial \u00e9 de que cerca de 2 mil policiais deixem a corpora\u00e7\u00e3o a cada ano. <strong>Ainda n\u00e3o h\u00e1 edital, cronograma ou n\u00famero de vagas oficializado para Soldado.<\/strong> N\u00fameros divulgados at\u00e9 aqui t\u00eam car\u00e1ter de previs\u00e3o declarada pelo governo estadual, n\u00e3o de dado publicado em edital. <\/p>\n\n\n\n<h2 id=\"h-comissao-e-banca\" class=\"wp-block-heading\">Comiss\u00e3o e banca<\/h2>\n\n\n\n<p class=\"wp-block-paragraph\">A pr\u00f3pria institui\u00e7\u00e3o organiza o concurso, por meio do Centro de Recrutamento e Sele\u00e7\u00e3o (CRS). N\u00e3o h\u00e1 banca externa contratada: a elabora\u00e7\u00e3o e a aplica\u00e7\u00e3o das provas ficam sob responsabilidade do CRS, o que mant\u00e9m o padr\u00e3o hist\u00f3rico das sele\u00e7\u00f5es da PMMG.<\/p>\n\n\n\n<p class=\"wp-block-paragraph\">Todas as publica\u00e7\u00f5es, retifica\u00e7\u00f5es e convoca\u00e7\u00f5es s\u00e3o divulgadas no <a href=\"https:\/\/www.policiamilitar.mg.gov.br\/site\/crs\" target=\"_blank\" rel=\"noopener noreferrer\">site do Centro de Recrutamento e Sele\u00e7\u00e3o da PMMG<\/a>.<\/p>\n\n\n\n<h2 id=\"h-edital\" class=\"wp-block-heading\">Edital<\/h2>\n\n\n\n<p class=\"wp-block-paragraph\">O <strong>Edital DRH\/CRS n\u00ba 11\/2026<\/strong> rege o concurso de admiss\u00e3o ao Curso de Forma\u00e7\u00e3o de Oficiais da PMMG, turma 2027.<\/p>\n\n\n\n<figure class=\"wp-block-table\"><table class=\"has-fixed-layout\"><thead><tr><th>Item<\/th><th>Informa\u00e7\u00e3o<\/th><\/tr><\/thead><tbody><tr><td>\u00d3rg\u00e3o<\/td><td>Pol\u00edcia Militar de Minas Gerais<\/td><\/tr><tr><td>Edital<\/td><td>DRH\/CRS n\u00ba 11\/2026<\/td><\/tr><tr><td>Publica\u00e7\u00e3o<\/td><td>3 de setembro de 2026<\/td><\/tr><tr><td>Concurso<\/td><td>CFO\/2027<\/td><\/tr><tr><td>Vagas<\/td><td>90<\/td><\/tr><tr><td>Escolaridade<\/td><td>Bacharelado em Direito<\/td><\/tr><tr><td>Taxa<\/td><td>R$ 243,00<\/td><\/tr><tr><td>Inscri\u00e7\u00f5es<\/td><td>10\/11\/2026 a 10\/12\/2026<\/td><\/tr><tr><td>Provas de conhecimentos<\/td><td>10\/01\/2027<\/td><\/tr><\/tbody><\/table><\/figure>\n\n\n\n<h3 id=\"h-requisitos-para-inscricao\" class=\"wp-block-heading\">Requisitos para inscri\u00e7\u00e3o<\/h3>\n\n\n\n<p class=\"wp-block-paragraph\">Para participar, \u00e9 necess\u00e1rio ser brasileiro nato, ter bacharelado em Direito, estar em dia com as obriga\u00e7\u00f5es eleitorais e militares, ter entre 18 e 30 anos e n\u00e3o ter completado 31 anos na data da inscri\u00e7\u00e3o. Tamb\u00e9m \u00e9 exigida CNH v\u00e1lida, no m\u00ednimo na categoria B.<\/p>\n\n\n\n<p class=\"wp-block-paragraph\">O edital exige ainda altura m\u00ednima de 1,60 m para homens e 1,55 m para mulheres, al\u00e9m de idoneidade moral, sanidade f\u00edsica e mental, aptid\u00e3o f\u00edsica e aprova\u00e7\u00e3o na avalia\u00e7\u00e3o psicol\u00f3gica. <\/p>\n\n\n\n<h3 id=\"h-reserva-de-vagas\" class=\"wp-block-heading\">Reserva de vagas<\/h3>\n\n\n\n<p class=\"wp-block-paragraph\">Das 90 vagas, 72 s\u00e3o de ampla concorr\u00eancia e 18 ficam reservadas a pessoas negras. O edital estabelece que n\u00e3o haver\u00e1 vagas reservadas para pessoas com defici\u00eancia, em raz\u00e3o da natureza do cargo e das regras aplic\u00e1veis aos militares.<\/p>\n\n\n\n<h3 id=\"h-validade\" class=\"wp-block-heading\">Validade<\/h3>\n\n\n\n<p class=\"wp-block-paragraph\">Segundo o edital, o concurso ter\u00e1 validade de 30 dias ap\u00f3s a homologa\u00e7\u00e3o do resultado final, podendo ser prorrogado uma vez por igual per\u00edodo. Os aprovados e classificados dentro do n\u00famero de vagas t\u00eam assegurada a matr\u00edcula no CFO, desde que cumpram todas as exig\u00eancias previstas.<\/p>\n\n\n\n<h2 id=\"h-vagas-cargos-e-remuneracao\" class=\"wp-block-heading\">Vagas, cargos e remunera\u00e7\u00e3o<\/h2>\n\n\n\n<p class=\"wp-block-paragraph\">O aprovado ingressa na gradua\u00e7\u00e3o de <strong>Cadete<\/strong> e cursa o CFO. Ap\u00f3s a formatura, assume o posto de 2\u00ba Tenente PM. Conclu\u00eddo o curso com aproveitamento e satisfeitas as exig\u00eancias legais, o Cadete \u00e9 declarado Aspirante a Oficial e, ap\u00f3s o per\u00edodo de arregimenta\u00e7\u00e3o, pode ser promovido ao posto inicial da carreira de Oficial.<\/p>\n\n\n\n<figure class=\"wp-block-table\"><table class=\"has-fixed-layout\"><thead><tr><th>Situa\u00e7\u00e3o<\/th><th>Remunera\u00e7\u00e3o b\u00e1sica<\/th><\/tr><\/thead><tbody><tr><td>Cadete do 1\u00ba ano (durante o CFO)<\/td><td>R$ 7.912,17<\/td><\/tr><tr><td>2\u00ba Tenente PM (ap\u00f3s a forma\u00e7\u00e3o)<\/td><td>R$ 12.170,61<\/td><\/tr><\/tbody><\/table><\/figure>\n\n\n\n<p class=\"wp-block-paragraph\">Durante o curso, o Cadete tem direito a remunera\u00e7\u00e3o, abono fardamento, ajuda de custo para alimenta\u00e7\u00e3o e assist\u00eancia m\u00e9dico-hospitalar, psicol\u00f3gica e odontol\u00f3gica, conforme a legisla\u00e7\u00e3o.<\/p>\n\n\n\n<h2 id=\"h-como-sera-o-curso-de-formacao-de-oficiais\" class=\"wp-block-heading\">Como ser\u00e1 o Curso de Forma\u00e7\u00e3o de Oficiais<\/h2>\n\n\n\n<p class=\"wp-block-paragraph\">O CFO ser\u00e1 realizado na Escola de Forma\u00e7\u00e3o de Oficiais da Academia de Pol\u00edcia Militar, em Belo Horizonte, com in\u00edcio previsto para junho de 2027 e t\u00e9rmino em julho de 2030.<\/p>\n\n\n\n<p class=\"wp-block-paragraph\">A forma\u00e7\u00e3o \u00e9 em tempo integral e com dedica\u00e7\u00e3o exclusiva. O edital prev\u00ea atividades ap\u00f3s as 18h, inclusive s\u00e1bados, domingos e feriados, conforme as necessidades da forma\u00e7\u00e3o, al\u00e9m de alojamento obrigat\u00f3rio do Cadete nos aquartelamentos.<\/p>\n\n\n\n<h2 id=\"h-inscricoes\" class=\"wp-block-heading\">Inscri\u00e7\u00f5es<\/h2>\n\n\n\n<p class=\"wp-block-paragraph\">As inscri\u00e7\u00f5es do concurso PM MG para Oficial ocorrem <strong>de 10 de novembro a 10 de dezembro de 2026<\/strong>, exclusivamente pela internet, pelo site do Centro de Recrutamento e Sele\u00e7\u00e3o da PMMG.<\/p>\n\n\n\n<p class=\"wp-block-paragraph\"><strong>Passo a passo previsto no edital:<\/strong><\/p>\n\n\n\n<ol class=\"wp-block-list\">\n<li>Ter uma conta gov.br de n\u00edvel prata ou ouro para acessar a \u00c1rea do Candidato<\/li>\n\n\n\n<li>Enviar fotografia atual do rosto e preencher os dados solicitados<\/li>\n\n\n\n<li>Escolher o munic\u00edpio onde pretende realizar a prova <\/li>\n\n\n\n<li>Emitir a guia DAE (Documento de Arrecada\u00e7\u00e3o Estadual) e pagar a taxa de R$ 243,00O pagamento da taxa deve ser efetuado at\u00e9 11 de dezembro de 2026<\/li>\n<\/ol>\n\n\n\n<h3 id=\"h-isencao-da-taxa\" class=\"wp-block-heading\">Isen\u00e7\u00e3o da taxa<\/h3>\n\n\n\n<p class=\"wp-block-paragraph\">Os pedidos de isen\u00e7\u00e3o devem ser feitos entre 10 e 11 de novembro de 2026 e alcan\u00e7am candidatos amparados pela Lei Estadual n\u00ba 13.392\/1999 desempregados, doadores regulares de sangue ou membros de mesa receptora de votos em se\u00e7\u00f5es eleitorais do estado, inscritos no Cad\u00danico e candidatos que comprovem hipossufici\u00eancia financeira.<\/p>\n\n\n\n<h2 id=\"h-provas-e-locais\" class=\"wp-block-heading\">Provas e locais<\/h2>\n\n\n\n<p class=\"wp-block-paragraph\">As provas de conhecimentos ser\u00e3o aplicadas em 10 de janeiro de 2027, das 8h30 \u00e0s 12h30, com port\u00f5es abertos \u00e0s 7h e fechados \u00e0s 7h50. O edital prev\u00ea quatro horas para a realiza\u00e7\u00e3o da prova objetiva e da reda\u00e7\u00e3o.<\/p>\n\n\n\n<h3 id=\"h-etapas-do-concurso\" class=\"wp-block-heading\">Etapas do concurso<\/h3>\n\n\n\n<p class=\"wp-block-paragraph\">O processo seletivo ter\u00e1 cinco fases. A primeira re\u00fane a prova objetiva e a prova dissertativa. Em seguida v\u00eam a Avalia\u00e7\u00e3o F\u00edsica Militar, as avalia\u00e7\u00f5es psicol\u00f3gicas e os exames de sa\u00fade, a prova oral e a prova de t\u00edtulos. A \u00faltima etapa \u00e9 o procedimento de heteroidentifica\u00e7\u00e3o para candidatos negros.<\/p>\n\n\n\n<h3 id=\"h-prova-objetiva\" class=\"wp-block-heading\">Prova objetiva<\/h3>\n\n\n\n<p class=\"wp-block-paragraph\">A prova objetiva ter\u00e1 50 quest\u00f5es de m\u00faltipla escolha, com quatro alternativas cada. Cada quest\u00e3o vale dois pontos, totalizando 100 pontos.<\/p>\n\n\n\n<figure class=\"wp-block-table\"><table class=\"has-fixed-layout\"><thead><tr><th>Disciplina<\/th><th>Quest\u00f5es<\/th><\/tr><\/thead><tbody><tr><td>L\u00edngua Portuguesa<\/td><td>5<\/td><\/tr><tr><td>No\u00e7\u00f5es de L\u00edngua Inglesa<\/td><td>4<\/td><\/tr><tr><td>Racioc\u00ednio L\u00f3gico-Matem\u00e1tico<\/td><td>4<\/td><\/tr><tr><td>Direito Constitucional<\/td><td>7<\/td><\/tr><tr><td>Direito Penal<\/td><td>6<\/td><\/tr><tr><td>Direito Processual Penal<\/td><td>6<\/td><\/tr><tr><td>Direito Administrativo<\/td><td>7<\/td><\/tr><tr><td>Direito Civil e Direito Processual Civil<\/td><td>5<\/td><\/tr><tr><td>Legisla\u00e7\u00e3o Extravagante e Direitos Humanos<\/td><td>6<\/td><\/tr><tr><td><strong>Total<\/strong><\/td><td><strong>50<\/strong><\/td><\/tr><\/tbody><\/table><\/figure>\n\n\n\n<h3 id=\"h-prova-dissertativa\" class=\"wp-block-heading\">Prova dissertativa<\/h3>\n\n\n\n<p class=\"wp-block-paragraph\">A reda\u00e7\u00e3o tamb\u00e9m vale 100 pontos. O candidato deve produzir texto dissertativo-argumentativo de 20 a 30 linhas, avaliado pelo dom\u00ednio da norma culta, compreens\u00e3o da proposta, capacidade de argumenta\u00e7\u00e3o e organiza\u00e7\u00e3o das informa\u00e7\u00f5es.<\/p>\n\n\n\n<p class=\"wp-block-paragraph\">Somente ter\u00e3o a reda\u00e7\u00e3o corrigida os candidatos que alcan\u00e7arem pelo menos 60% da pontua\u00e7\u00e3o da prova objetiva, respeitada a convoca\u00e7\u00e3o de at\u00e9 2,5 candidatos por vaga, inclu\u00eddos os empatados na nota de corte. Tamb\u00e9m \u00e9 necess\u00e1rio obter no m\u00ednimo 60% na prova dissertativa para n\u00e3o ser eliminado.<\/p>\n\n\n\n<h3 id=\"h-cidades-de-prova\" class=\"wp-block-heading\">Cidades de prova<\/h3>\n\n\n\n<p class=\"wp-block-paragraph\">O candidato pode optar por realizar o exame em 17 cidades mineiras: Belo Horizonte, Juiz de Fora, Uberaba, Lavras, Divin\u00f3polis, Governador Valadares, Uberl\u00e2ndia, Patos de Minas, Montes Claros, Ipatinga, Barbacena, Curvelo, Te\u00f3filo Otoni, Una\u00ed, Pouso Alegre, Po\u00e7os de Caldas e Sete Lagoas. A rela\u00e7\u00e3o consta do Anexo \u201cC\u201d do edital.<\/p>\n\n\n\n<p class=\"wp-block-paragraph\">Os locais e hor\u00e1rios exatos ser\u00e3o informados no edital de convoca\u00e7\u00e3o, previsto para 4 de janeiro de 2027.<\/p>\n\n\n\n<h2 id=\"h-gabaritos-e-resultados\" class=\"wp-block-heading\">Gabaritos e resultados<\/h2>\n\n\n\n<p class=\"wp-block-paragraph\"><strong>Status:<\/strong> ainda n\u00e3o h\u00e1 gabarito ou resultado divulgado. As datas previstas no cronograma s\u00e3o:<\/p>\n\n\n\n<figure class=\"wp-block-table\"><table class=\"has-fixed-layout\"><thead><tr><th>Etapa<\/th><th>Data prevista<\/th><\/tr><\/thead><tbody><tr><td>Edital de convoca\u00e7\u00e3o para as provas<\/td><td>04\/01\/2027<\/td><\/tr><tr><td>Prova objetiva e dissertativa<\/td><td>10\/01\/2027<\/td><\/tr><tr><td>Divulga\u00e7\u00e3o do gabarito<\/td><td>11\/01\/2027<\/td><\/tr><tr><td>Divulga\u00e7\u00e3o do resultado final<\/td><td>31\/05\/2027<\/td><\/tr><\/tbody><\/table><\/figure>\n\n\n\n<p class=\"wp-block-paragraph\">O gabarito est\u00e1 previsto para o dia seguinte \u00e0 aplica\u00e7\u00e3o das provas, e o resultado final, para 31 de maio de 2027. Os prazos de recurso seguem o calend\u00e1rio do Anexo \u201cA\u201d do edital.<\/p>\n\n\n\n<h2 id=\"h-cronologia\" class=\"wp-block-heading\">Cronologia<\/h2>\n\n\n\n<ul class=\"wp-block-list\">\n<li><strong>2024<\/strong> \u2014 A PMMG publica edital com 3.102 vagas para o Curso de Forma\u00e7\u00e3o de Soldados, com remunera\u00e7\u00e3o de R$ 4.360,83; a sele\u00e7\u00e3o registra 49.363 inscritos<\/li>\n\n\n\n<li><strong>In\u00edcio de 2025<\/strong> \u2014 Mateus Sim\u00f5es, ent\u00e3o vice-governador, anuncia a inten\u00e7\u00e3o de ofertar 2.500 vagas em nova sele\u00e7\u00e3o da PMMG<\/li>\n\n\n\n<li><strong>Setembro de 2025<\/strong> \u2014 Publica\u00e7\u00e3o de edital para Oficial com 60 vagas e sal\u00e1rios de at\u00e9 R$ 11.547,07; a sele\u00e7\u00e3o contemplou ainda 60 vagas para Oficial de Sa\u00fade, nas \u00e1reas de Enfermagem, Psicologia, Odontologia e Medicina, sem oferta para o cargo de Soldado <\/li>\n\n\n\n<li><strong>Maio de 2026<\/strong> \u2014 O governador Mateus Sim\u00f5es confirma, em cerim\u00f4nia de formatura no Mineirinho, novo concurso da PMMG at\u00e9 o in\u00edcio de 2027<\/li>\n\n\n\n<li><strong>3 de setembro de 2026<\/strong> \u2014 Publica\u00e7\u00e3o do Edital DRH\/CRS n\u00ba 11\/2026, com 90 vagas para o CFO\/2027<\/li>\n\n\n\n<li><strong>10 de novembro de 2026<\/strong> \u2014 Abertura das inscri\u00e7\u00f5es<\/li>\n\n\n\n<li><strong>10 de janeiro de 2027<\/strong> \u2014 Aplica\u00e7\u00e3o das provas de conhecimentos<\/li>\n<\/ul>\n\n\n\n<h2 id=\"h-ultimas-noticias\" class=\"wp-block-heading\">\u00daltimas not\u00edcias<\/h2>\n\n\n\n<p class=\"wp-block-paragraph\"><strong>Edital do concurso PM MG para Oficial \u00e9 publicado com 90 vagas<\/strong> \u2014 O Edital DRH\/CRS n\u00ba 11\/2026 confirma 90 vagas para o CFO\/2027, exig\u00eancia de bacharelado em Direito, taxa de R$ 243,00 e provas em 10 de janeiro de 2027. <\/p>\n\n\n\n<p class=\"wp-block-paragraph\"><strong>Governo de MG confirma novo concurso para Soldado da PMMG<\/strong> \u2014 Declara\u00e7\u00e3o do governador em maio de 2026 aponta nova sele\u00e7\u00e3o at\u00e9 o in\u00edcio de 2027, sem edital, cronograma ou n\u00famero de vagas oficializado. <\/p>\n\n\n\n<p class=\"wp-block-paragraph\"><strong>Quer garantir uma das 90 vagas de Oficial da PMMG?<\/strong> O Aprova Concursos tem <a href=\"https:\/\/www.aprovaconcursos.com.br\/concursos\/pm-mg?xcod=%7B%22co%22%3A%22%7B%5C%22u%5C%22%3A%5C%22259823e3-6161-4f67-898e-16791ff5abfa%5C%22%2C%5C%22url%5C%22%3A%5C%22www.aprovaconcursos.com.br%2F%5C%22%2C%5C%22v%5C%22%3A1%7D%22%2C%22u%22%3A%22259823e3-6161-4f67-898e-16791ff5abfa%22%2C%22url%22%3A%22www.aprovaconcursos.com.br%2Fconcursos%2Fpm-mg%22%2C%22r%22%3A%22%22%2C%22v%22%3A1%7D&amp;utm_content=%7B%22u%22%3A%22259823e3-6161-4f67-898e-16791ff5abfa%22%2C%22url%22%3A%22www.aprovaconcursos.com.br%2F%22%2C%22v%22%3A1%7D\" target=\"_blank\" rel=\"noopener noreferrer\">curso preparat\u00f3rio para o concurso PM MG<\/a>, com material alinhado ao edital e ao estilo de prova do CRS. Comece a estudar hoje e chegue pronto para 10 de janeiro de 2027.<\/p>\n\n\n\n<h2 id=\"h-perguntas-frequentes\" class=\"wp-block-heading\">Perguntas frequentes<\/h2>\n\n\n\n<h3 id=\"h-quem-nao-e-formado-em-direito-pode-fazer-o-concurso-pm-mg-para-oficial\" class=\"wp-block-heading\">Quem n\u00e3o \u00e9 formado em Direito pode fazer o concurso PM MG para Oficial?<\/h3>\n\n\n\n<p class=\"wp-block-paragraph\">N\u00e3o. O Edital DRH\/CRS n\u00ba 11\/2026 exige bacharelado em Direito para a carreira de Oficial. Candidatos com outras forma\u00e7\u00f5es precisam aguardar sele\u00e7\u00f5es espec\u00edficas, como as de Oficial de Sa\u00fade ou de Soldado, que adotam requisitos pr\u00f3prios de escolaridade.<\/p>\n\n\n\n<h3 id=\"h-ja-e-possivel-se-inscrever-no-concurso-pm-mg\" class=\"wp-block-heading\">J\u00e1 \u00e9 poss\u00edvel se inscrever no concurso PM MG?<\/h3>\n\n\n\n<p class=\"wp-block-paragraph\">Ainda n\u00e3o. As inscri\u00e7\u00f5es abrem em 10 de novembro de 2026 e v\u00e3o at\u00e9 10 de dezembro de 2026, exclusivamente pela internet. Antes disso, vale providenciar a conta gov.br em n\u00edvel prata ou ouro, exigida para acessar a \u00c1rea do Candidato.<\/p>\n\n\n\n<h3 id=\"h-qual-a-diferenca-entre-a-remuneracao-de-cadete-e-de-2\u00ba-tenente\" class=\"wp-block-heading\">Qual a diferen\u00e7a entre a remunera\u00e7\u00e3o de Cadete e de 2\u00ba Tenente?<\/h3>\n\n\n\n<p class=\"wp-block-paragraph\">O Cadete recebe R$ 7.912,17 j\u00e1 no primeiro ano, enquanto cursa o CFO. Ap\u00f3s concluir a forma\u00e7\u00e3o e ingressar no posto de 2\u00ba Tenente PM, a remunera\u00e7\u00e3o b\u00e1sica inicial passa a R$ 12.170,61. O curso tem dura\u00e7\u00e3o prevista de junho de 2027 a julho de 2030.<\/p>\n\n\n\n<h3 id=\"h-ha-previsao-de-concurso-pm-mg-para-soldado\" class=\"wp-block-heading\">H\u00e1 previs\u00e3o de concurso PM MG para Soldado?<\/h3>\n\n\n\n<p class=\"wp-block-paragraph\">O governo estadual declarou, em maio de 2026, a inten\u00e7\u00e3o de realizar nova sele\u00e7\u00e3o da PMMG at\u00e9 o in\u00edcio de 2027. N\u00e3o existe edital, cronograma nem n\u00famero de vagas publicado oficialmente para o cargo de Soldado. Qualquer quantitativo divulgado at\u00e9 aqui \u00e9 previs\u00e3o declarada, n\u00e3o dado oficial.<\/p>\n\n\n\n<h3 id=\"h-e-possivel-conseguir-isencao-da-taxa-de-r-243-00\" class=\"wp-block-heading\">\u00c9 poss\u00edvel conseguir isen\u00e7\u00e3o da taxa de R$ 243,00?<\/h3>\n\n\n\n<p class=\"wp-block-paragraph\">Sim, mas o prazo \u00e9 curto: apenas 10 e 11 de novembro de 2026. Podem solicitar desempregados, doadores regulares de sangue, mes\u00e1rios amparados pela Lei Estadual n\u00ba 13.392\/1999, inscritos no Cad\u00danico e candidatos que comprovem hipossufici\u00eancia financeira.<\/p>\n\n\n\n<h3 id=\"h-quem-for-aprovado-precisa-morar-no-quartel\" class=\"wp-block-heading\">Quem for aprovado precisa morar no quartel?<\/h3>\n\n\n\n<p class=\"wp-block-paragraph\">Sim. O edital prev\u00ea alojamento obrigat\u00f3rio do Cadete nos aquartelamentos, com forma\u00e7\u00e3o em tempo integral e dedica\u00e7\u00e3o exclusiva, incluindo atividades ap\u00f3s as 18h e em s\u00e1bados, domingos e feriados, conforme as necessidades do curso.<\/p>\n\n\n\n<p class=\"wp-block-paragraph\"><\/p>\n","protected":false},"excerpt":{"rendered":"<p>O concurso PM MG est\u00e1 com edital publicado para a carreira de Oficial. A Pol\u00edcia Militar de Minas Gerais divulgou o Edital\u2026<\/p>\n","protected":false},"author":6,"featured_media":167175,"comment_status":"open","ping_status":"open","sticky":false,"template":"","format":"standard","meta":{"footnotes":""},"categories":[11,18699],"tags":[20508],"class_list":["post-167174","post","type-post","status-publish","format-standard","has-post-thumbnail","hentry","category-noticias","category-ultimas-noticias-concursos","tag-pm-mg"],"yoast_head":"<!-- This site is optimized with the Yoast SEO Premium plugin v27.9 (Yoast SEO v28.2) - https:\/\/yoast.com\/product\/yoast-seo-premium-wordpress\/ -->\n<title>Concurso PM MG: 90 vagas para Oficial e at\u00e9 R$ 12,1 mil<\/title>\n<meta name=\"description\" content=\"Concurso PM MG: edital com 90 vagas para Oficial, sal\u00e1rio de at\u00e9 R$ 12.170,61 e inscri\u00e7\u00f5es de 10\/11 a 10\/12\/2026. Veja todos os detalhes.\" \/>\n<meta name=\"robots\" content=\"index, follow, max-snippet:-1, max-image-preview:large, max-video-preview:-1\" \/>\n<link rel=\"canonical\" href=\"https:\/\/www.aprovaconcursos.com.br\/noticias\/concurso-pm-mg\/\" \/>\n<meta property=\"og:locale\" content=\"pt_BR\" \/>\n<meta property=\"og:type\" content=\"article\" \/>\n<meta property=\"og:title\" content=\"Concurso PM MG: edital publicado com 90 vagas para Oficial e sal\u00e1rio de at\u00e9 R$ 12,1 mil\" \/>\n<meta property=\"og:description\" content=\"Concurso PM MG: edital com 90 vagas para Oficial, sal\u00e1rio de at\u00e9 R$ 12.170,61 e inscri\u00e7\u00f5es de 10\/11 a 10\/12\/2026. Veja todos os detalhes.\" \/>\n<meta property=\"og:url\" content=\"https:\/\/www.aprovaconcursos.com.br\/noticias\/concurso-pm-mg\/\" \/>\n<meta property=\"og:site_name\" content=\"Aprova Concursos - Not\u00edcias\" \/>\n<meta property=\"article:publisher\" content=\"https:\/\/www.facebook.com\/aprovaconcursos\" \/>\n<meta property=\"article:published_time\" content=\"2026-09-04T12:28:22+00:00\" \/>\n<meta property=\"og:image\" content=\"https:\/\/www.aprovaconcursos.com.br\/noticias\/wp-content\/uploads\/2026\/09\/concurso-pm-mg.webp\" \/>\n\t<meta property=\"og:image:width\" content=\"1200\" \/>\n\t<meta property=\"og:image:height\" content=\"628\" \/>\n\t<meta property=\"og:image:type\" content=\"image\/webp\" \/>\n<meta name=\"author\" content=\"Bruna Silva\" \/>\n<meta name=\"twitter:card\" content=\"summary_large_image\" \/>\n<meta name=\"twitter:label1\" content=\"Escrito por\" \/>\n\t<meta name=\"twitter:data1\" content=\"Bruna Silva\" \/>\n\t<meta name=\"twitter:label2\" content=\"Est. tempo de leitura\" \/>\n\t<meta name=\"twitter:data2\" content=\"11 minutos\" \/>\n<script type=\"application\/ld+json\" class=\"yoast-schema-graph\">{\"@context\":\"https:\\\/\\\/schema.org\",\"@graph\":[{\"@type\":\"NewsArticle\",\"@id\":\"https:\\\/\\\/www.aprovaconcursos.com.br\\\/noticias\\\/concurso-pm-mg\\\/#article\",\"isPartOf\":{\"@id\":\"https:\\\/\\\/www.aprovaconcursos.com.br\\\/noticias\\\/concurso-pm-mg\\\/\"},\"author\":{\"name\":\"Bruna Silva\",\"@id\":\"https:\\\/\\\/www.aprovaconcursos.com.br\\\/noticias\\\/#\\\/schema\\\/person\\\/02de4047f7bd2cbec9b6b2323204656c\"},\"headline\":\"Concurso PM MG: edital publicado com 90 vagas para Oficial e sal\u00e1rio de at\u00e9 R$ 12,1 mil\",\"datePublished\":\"2026-09-04T12:28:22+00:00\",\"mainEntityOfPage\":{\"@id\":\"https:\\\/\\\/www.aprovaconcursos.com.br\\\/noticias\\\/concurso-pm-mg\\\/\"},\"wordCount\":2070,\"commentCount\":0,\"publisher\":{\"@id\":\"https:\\\/\\\/www.aprovaconcursos.com.br\\\/noticias\\\/#organization\"},\"image\":{\"@id\":\"https:\\\/\\\/www.aprovaconcursos.com.br\\\/noticias\\\/concurso-pm-mg\\\/#primaryimage\"},\"thumbnailUrl\":\"https:\\\/\\\/www.aprovaconcursos.com.br\\\/noticias\\\/wp-content\\\/uploads\\\/2026\\\/09\\\/concurso-pm-mg.webp\",\"keywords\":[\"PM MG\"],\"articleSection\":[\"Not\u00edcias\",\"\u00daltimas Not\u00edcias\"],\"inLanguage\":\"pt-BR\",\"potentialAction\":[{\"@type\":\"CommentAction\",\"name\":\"Comment\",\"target\":[\"https:\\\/\\\/www.aprovaconcursos.com.br\\\/noticias\\\/concurso-pm-mg\\\/#respond\"]}],\"copyrightYear\":\"2026\",\"copyrightHolder\":{\"@id\":\"https:\\\/\\\/www.aprovaconcursos.com.br\\\/noticias\\\/#organization\"}},{\"@type\":\"WebPage\",\"@id\":\"https:\\\/\\\/www.aprovaconcursos.com.br\\\/noticias\\\/concurso-pm-mg\\\/\",\"url\":\"https:\\\/\\\/www.aprovaconcursos.com.br\\\/noticias\\\/concurso-pm-mg\\\/\",\"name\":\"Concurso PM MG: 90 vagas para Oficial e at\u00e9 R$ 12,1 mil\",\"isPartOf\":{\"@id\":\"https:\\\/\\\/www.aprovaconcursos.com.br\\\/noticias\\\/#website\"},\"primaryImageOfPage\":{\"@id\":\"https:\\\/\\\/www.aprovaconcursos.com.br\\\/noticias\\\/concurso-pm-mg\\\/#primaryimage\"},\"image\":{\"@id\":\"https:\\\/\\\/www.aprovaconcursos.com.br\\\/noticias\\\/concurso-pm-mg\\\/#primaryimage\"},\"thumbnailUrl\":\"https:\\\/\\\/www.aprovaconcursos.com.br\\\/noticias\\\/wp-content\\\/uploads\\\/2026\\\/09\\\/concurso-pm-mg.webp\",\"datePublished\":\"2026-09-04T12:28:22+00:00\",\"description\":\"Concurso PM MG: edital com 90 vagas para Oficial, sal\u00e1rio de at\u00e9 R$ 12.170,61 e inscri\u00e7\u00f5es de 10\\\/11 a 10\\\/12\\\/2026. Veja todos os detalhes.\",\"breadcrumb\":{\"@id\":\"https:\\\/\\\/www.aprovaconcursos.com.br\\\/noticias\\\/concurso-pm-mg\\\/#breadcrumb\"},\"inLanguage\":\"pt-BR\",\"potentialAction\":[{\"@type\":\"ReadAction\",\"target\":[\"https:\\\/\\\/www.aprovaconcursos.com.br\\\/noticias\\\/concurso-pm-mg\\\/\"]}]},{\"@type\":\"ImageObject\",\"inLanguage\":\"pt-BR\",\"@id\":\"https:\\\/\\\/www.aprovaconcursos.com.br\\\/noticias\\\/concurso-pm-mg\\\/#primaryimage\",\"url\":\"https:\\\/\\\/www.aprovaconcursos.com.br\\\/noticias\\\/wp-content\\\/uploads\\\/2026\\\/09\\\/concurso-pm-mg.webp\",\"contentUrl\":\"https:\\\/\\\/www.aprovaconcursos.com.br\\\/noticias\\\/wp-content\\\/uploads\\\/2026\\\/09\\\/concurso-pm-mg.webp\",\"width\":1200,\"height\":628,\"caption\":\"Concurso PM MG.\"},{\"@type\":\"BreadcrumbList\",\"@id\":\"https:\\\/\\\/www.aprovaconcursos.com.br\\\/noticias\\\/concurso-pm-mg\\\/#breadcrumb\",\"itemListElement\":[{\"@type\":\"ListItem\",\"position\":1,\"name\":\"Home\",\"item\":\"https:\\\/\\\/www.aprovaconcursos.com.br\\\/noticias\\\/\"},{\"@type\":\"ListItem\",\"position\":2,\"name\":\"Concurso PM MG: edital publicado com 90 vagas para Oficial e sal\u00e1rio de at\u00e9 R$ 12,1 mil\"}]},{\"@type\":\"WebSite\",\"@id\":\"https:\\\/\\\/www.aprovaconcursos.com.br\\\/noticias\\\/#website\",\"url\":\"https:\\\/\\\/www.aprovaconcursos.com.br\\\/noticias\\\/\",\"name\":\"Aprova Concursos - Not\u00edcias\",\"description\":\"Fique por dentro das not\u00edcias sobre concursos p\u00fablicos do Brasil inteiro, ENEM, Exame de Ordem (OAB) e Exame de Sufici\u00eancia (CFC). Mantenha-se atualizado aqui!\",\"publisher\":{\"@id\":\"https:\\\/\\\/www.aprovaconcursos.com.br\\\/noticias\\\/#organization\"},\"potentialAction\":[{\"@type\":\"SearchAction\",\"target\":{\"@type\":\"EntryPoint\",\"urlTemplate\":\"https:\\\/\\\/www.aprovaconcursos.com.br\\\/noticias\\\/?s={search_term_string}\"},\"query-input\":{\"@type\":\"PropertyValueSpecification\",\"valueRequired\":true,\"valueName\":\"search_term_string\"}}],\"inLanguage\":\"pt-BR\"},{\"@type\":\"Organization\",\"@id\":\"https:\\\/\\\/www.aprovaconcursos.com.br\\\/noticias\\\/#organization\",\"name\":\"Aprova Concursos - Not\u00edcias\",\"url\":\"https:\\\/\\\/www.aprovaconcursos.com.br\\\/noticias\\\/\",\"logo\":{\"@type\":\"ImageObject\",\"inLanguage\":\"pt-BR\",\"@id\":\"https:\\\/\\\/www.aprovaconcursos.com.br\\\/noticias\\\/#\\\/schema\\\/logo\\\/image\\\/\",\"url\":\"https:\\\/\\\/www.aprovaconcursos.com.br\\\/noticias\\\/wp-content\\\/uploads\\\/2026\\\/06\\\/logo.webp\",\"contentUrl\":\"https:\\\/\\\/www.aprovaconcursos.com.br\\\/noticias\\\/wp-content\\\/uploads\\\/2026\\\/06\\\/logo.webp\",\"width\":171,\"height\":49,\"caption\":\"Aprova Concursos - Not\u00edcias\"},\"image\":{\"@id\":\"https:\\\/\\\/www.aprovaconcursos.com.br\\\/noticias\\\/#\\\/schema\\\/logo\\\/image\\\/\"},\"sameAs\":[\"https:\\\/\\\/www.facebook.com\\\/aprovaconcursos\"]},{\"@type\":\"Person\",\"@id\":\"https:\\\/\\\/www.aprovaconcursos.com.br\\\/noticias\\\/#\\\/schema\\\/person\\\/02de4047f7bd2cbec9b6b2323204656c\",\"name\":\"Bruna Silva\",\"image\":{\"@type\":\"ImageObject\",\"inLanguage\":\"pt-BR\",\"@id\":\"https:\\\/\\\/secure.gravatar.com\\\/avatar\\\/5fabaa975c4c6bb33544b972597d884f7e9c3a62a662250af1086af52760d20a?s=96&d=mm&r=g\",\"url\":\"https:\\\/\\\/secure.gravatar.com\\\/avatar\\\/5fabaa975c4c6bb33544b972597d884f7e9c3a62a662250af1086af52760d20a?s=96&d=mm&r=g\",\"contentUrl\":\"https:\\\/\\\/secure.gravatar.com\\\/avatar\\\/5fabaa975c4c6bb33544b972597d884f7e9c3a62a662250af1086af52760d20a?s=96&d=mm&r=g\",\"caption\":\"Bruna Silva\"},\"sameAs\":[\"https:\\\/\\\/www.aprovaconcursos.com.br\\\/\"],\"url\":\"https:\\\/\\\/www.aprovaconcursos.com.br\\\/noticias\\\/autor\\\/bruna-silva\\\/\"}]}<\/script>\n<!-- \/ Yoast SEO Premium plugin. -->","yoast_head_json":{"title":"Concurso PM MG: 90 vagas para Oficial e at\u00e9 R$ 12,1 mil","description":"Concurso PM MG: edital com 90 vagas para Oficial, sal\u00e1rio de at\u00e9 R$ 12.170,61 e inscri\u00e7\u00f5es de 10\/11 a 10\/12\/2026. Veja todos os detalhes.","robots":{"index":"index","follow":"follow","max-snippet":"max-snippet:-1","max-image-preview":"max-image-preview:large","max-video-preview":"max-video-preview:-1"},"canonical":"https:\/\/www.aprovaconcursos.com.br\/noticias\/concurso-pm-mg\/","og_locale":"pt_BR","og_type":"article","og_title":"Concurso PM MG: edital publicado com 90 vagas para Oficial e sal\u00e1rio de at\u00e9 R$ 12,1 mil","og_description":"Concurso PM MG: edital com 90 vagas para Oficial, sal\u00e1rio de at\u00e9 R$ 12.170,61 e inscri\u00e7\u00f5es de 10\/11 a 10\/12\/2026. Veja todos os detalhes.","og_url":"https:\/\/www.aprovaconcursos.com.br\/noticias\/concurso-pm-mg\/","og_site_name":"Aprova Concursos - Not\u00edcias","article_publisher":"https:\/\/www.facebook.com\/aprovaconcursos","article_published_time":"2026-09-04T12:28:22+00:00","og_image":[{"width":1200,"height":628,"url":"https:\/\/www.aprovaconcursos.com.br\/noticias\/wp-content\/uploads\/2026\/09\/concurso-pm-mg.webp","type":"image\/webp"}],"author":"Bruna Silva","twitter_card":"summary_large_image","twitter_misc":{"Escrito por":"Bruna Silva","Est. tempo de leitura":"11 minutos"},"schema":{"@context":"https:\/\/schema.org","@graph":[{"@type":"NewsArticle","@id":"https:\/\/www.aprovaconcursos.com.br\/noticias\/concurso-pm-mg\/#article","isPartOf":{"@id":"https:\/\/www.aprovaconcursos.com.br\/noticias\/concurso-pm-mg\/"},"author":{"name":"Bruna Silva","@id":"https:\/\/www.aprovaconcursos.com.br\/noticias\/#\/schema\/person\/02de4047f7bd2cbec9b6b2323204656c"},"headline":"Concurso PM MG: edital publicado com 90 vagas para Oficial e sal\u00e1rio de at\u00e9 R$ 12,1 mil","datePublished":"2026-09-04T12:28:22+00:00","mainEntityOfPage":{"@id":"https:\/\/www.aprovaconcursos.com.br\/noticias\/concurso-pm-mg\/"},"wordCount":2070,"commentCount":0,"publisher":{"@id":"https:\/\/www.aprovaconcursos.com.br\/noticias\/#organization"},"image":{"@id":"https:\/\/www.aprovaconcursos.com.br\/noticias\/concurso-pm-mg\/#primaryimage"},"thumbnailUrl":"https:\/\/www.aprovaconcursos.com.br\/noticias\/wp-content\/uploads\/2026\/09\/concurso-pm-mg.webp","keywords":["PM MG"],"articleSection":["Not\u00edcias","\u00daltimas Not\u00edcias"],"inLanguage":"pt-BR","potentialAction":[{"@type":"CommentAction","name":"Comment","target":["https:\/\/www.aprovaconcursos.com.br\/noticias\/concurso-pm-mg\/#respond"]}],"copyrightYear":"2026","copyrightHolder":{"@id":"https:\/\/www.aprovaconcursos.com.br\/noticias\/#organization"}},{"@type":"WebPage","@id":"https:\/\/www.aprovaconcursos.com.br\/noticias\/concurso-pm-mg\/","url":"https:\/\/www.aprovaconcursos.com.br\/noticias\/concurso-pm-mg\/","name":"Concurso PM MG: 90 vagas para Oficial e at\u00e9 R$ 12,1 mil","isPartOf":{"@id":"https:\/\/www.aprovaconcursos.com.br\/noticias\/#website"},"primaryImageOfPage":{"@id":"https:\/\/www.aprovaconcursos.com.br\/noticias\/concurso-pm-mg\/#primaryimage"},"image":{"@id":"https:\/\/www.aprovaconcursos.com.br\/noticias\/concurso-pm-mg\/#primaryimage"},"thumbnailUrl":"https:\/\/www.aprovaconcursos.com.br\/noticias\/wp-content\/uploads\/2026\/09\/concurso-pm-mg.webp","datePublished":"2026-09-04T12:28:22+00:00","description":"Concurso PM MG: edital com 90 vagas para Oficial, sal\u00e1rio de at\u00e9 R$ 12.170,61 e inscri\u00e7\u00f5es de 10\/11 a 10\/12\/2026. Veja todos os detalhes.","breadcrumb":{"@id":"https:\/\/www.aprovaconcursos.com.br\/noticias\/concurso-pm-mg\/#breadcrumb"},"inLanguage":"pt-BR","potentialAction":[{"@type":"ReadAction","target":["https:\/\/www.aprovaconcursos.com.br\/noticias\/concurso-pm-mg\/"]}]},{"@type":"ImageObject","inLanguage":"pt-BR","@id":"https:\/\/www.aprovaconcursos.com.br\/noticias\/concurso-pm-mg\/#primaryimage","url":"https:\/\/www.aprovaconcursos.com.br\/noticias\/wp-content\/uploads\/2026\/09\/concurso-pm-mg.webp","contentUrl":"https:\/\/www.aprovaconcursos.com.br\/noticias\/wp-content\/uploads\/2026\/09\/concurso-pm-mg.webp","width":1200,"height":628,"caption":"Concurso PM MG."},{"@type":"BreadcrumbList","@id":"https:\/\/www.aprovaconcursos.com.br\/noticias\/concurso-pm-mg\/#breadcrumb","itemListElement":[{"@type":"ListItem","position":1,"name":"Home","item":"https:\/\/www.aprovaconcursos.com.br\/noticias\/"},{"@type":"ListItem","position":2,"name":"Concurso PM MG: edital publicado com 90 vagas para Oficial e sal\u00e1rio de at\u00e9 R$ 12,1 mil"}]},{"@type":"WebSite","@id":"https:\/\/www.aprovaconcursos.com.br\/noticias\/#website","url":"https:\/\/www.aprovaconcursos.com.br\/noticias\/","name":"Aprova Concursos - Not\u00edcias","description":"Fique por dentro das not\u00edcias sobre concursos p\u00fablicos do Brasil inteiro, ENEM, Exame de Ordem (OAB) e Exame de Sufici\u00eancia (CFC). Mantenha-se atualizado aqui!","publisher":{"@id":"https:\/\/www.aprovaconcursos.com.br\/noticias\/#organization"},"potentialAction":[{"@type":"SearchAction","target":{"@type":"EntryPoint","urlTemplate":"https:\/\/www.aprovaconcursos.com.br\/noticias\/?s={search_term_string}"},"query-input":{"@type":"PropertyValueSpecification","valueRequired":true,"valueName":"search_term_string"}}],"inLanguage":"pt-BR"},{"@type":"Organization","@id":"https:\/\/www.aprovaconcursos.com.br\/noticias\/#organization","name":"Aprova Concursos - Not\u00edcias","url":"https:\/\/www.aprovaconcursos.com.br\/noticias\/","logo":{"@type":"ImageObject","inLanguage":"pt-BR","@id":"https:\/\/www.aprovaconcursos.com.br\/noticias\/#\/schema\/logo\/image\/","url":"https:\/\/www.aprovaconcursos.com.br\/noticias\/wp-content\/uploads\/2026\/06\/logo.webp","contentUrl":"https:\/\/www.aprovaconcursos.com.br\/noticias\/wp-content\/uploads\/2026\/06\/logo.webp","width":171,"height":49,"caption":"Aprova Concursos - Not\u00edcias"},"image":{"@id":"https:\/\/www.aprovaconcursos.com.br\/noticias\/#\/schema\/logo\/image\/"},"sameAs":["https:\/\/www.facebook.com\/aprovaconcursos"]},{"@type":"Person","@id":"https:\/\/www.aprovaconcursos.com.br\/noticias\/#\/schema\/person\/02de4047f7bd2cbec9b6b2323204656c","name":"Bruna Silva","image":{"@type":"ImageObject","inLanguage":"pt-BR","@id":"https:\/\/secure.gravatar.com\/avatar\/5fabaa975c4c6bb33544b972597d884f7e9c3a62a662250af1086af52760d20a?s=96&d=mm&r=g","url":"https:\/\/secure.gravatar.com\/avatar\/5fabaa975c4c6bb33544b972597d884f7e9c3a62a662250af1086af52760d20a?s=96&d=mm&r=g","contentUrl":"https:\/\/secure.gravatar.com\/avatar\/5fabaa975c4c6bb33544b972597d884f7e9c3a62a662250af1086af52760d20a?s=96&d=mm&r=g","caption":"Bruna Silva"},"sameAs":["https:\/\/www.aprovaconcursos.com.br\/"],"url":"https:\/\/www.aprovaconcursos.com.br\/noticias\/autor\/bruna-silva\/"}]}},"_links":{"self":[{"href":"https:\/\/www.aprovaconcursos.com.br\/noticias\/wp-json\/wp\/v2\/posts\/167174","targetHints":{"allow":["GET"]}}],"collection":[{"href":"https:\/\/www.aprovaconcursos.com.br\/noticias\/wp-json\/wp\/v2\/posts"}],"about":[{"href":"https:\/\/www.aprovaconcursos.com.br\/noticias\/wp-json\/wp\/v2\/types\/post"}],"author":[{"embeddable":true,"href":"https:\/\/www.aprovaconcursos.com.br\/noticias\/wp-json\/wp\/v2\/users\/6"}],"replies":[{"embeddable":true,"href":"https:\/\/www.aprovaconcursos.com.br\/noticias\/wp-json\/wp\/v2\/comments?post=167174"}],"version-history":[{"count":1,"href":"https:\/\/www.aprovaconcursos.com.br\/noticias\/wp-json\/wp\/v2\/posts\/167174\/revisions"}],"predecessor-version":[{"id":167176,"href":"https:\/\/www.aprovaconcursos.com.br\/noticias\/wp-json\/wp\/v2\/posts\/167174\/revisions\/167176"}],"wp:featuredmedia":[{"embeddable":true,"href":"https:\/\/www.aprovaconcursos.com.br\/noticias\/wp-json\/wp\/v2\/media\/167175"}],"wp:attachment":[{"href":"https:\/\/www.aprovaconcursos.com.br\/noticias\/wp-json\/wp\/v2\/media?parent=167174"}],"wp:term":[{"taxonomy":"category","embeddable":true,"href":"https:\/\/www.aprovaconcursos.com.br\/noticias\/wp-json\/wp\/v2\/categories?post=167174"},{"taxonomy":"post_tag","embeddable":true,"href":"https:\/\/www.aprovaconcursos.com.br\/noticias\/wp-json\/wp\/v2\/tags?post=167174"}],"curies":[{"name":"wp","href":"https:\/\/api.w.org\/{rel}","templated":true}]}}