{"id":167073,"date":"2026-09-03T10:23:15","date_gmt":"2026-09-03T13:23:15","guid":{"rendered":"https:\/\/www.aprovaconcursos.com.br\/noticias\/?p=167073"},"modified":"2026-09-03T10:23:16","modified_gmt":"2026-09-03T13:23:16","slug":"concurso-agsus","status":"publish","type":"post","link":"https:\/\/www.aprovaconcursos.com.br\/noticias\/concurso-agsus\/","title":{"rendered":"Concurso AgSUS 2026: sal\u00e1rios de at\u00e9 R$ 10,3 mil"},"content":{"rendered":"\n<h2 id=\"h-resumo-e-situacao-atual\" class=\"wp-block-heading\">Resumo e situa\u00e7\u00e3o atual<\/h2>\n\n\n\n<p class=\"wp-block-paragraph\">A <strong>Ag\u00eancia Brasileira de Apoio \u00e0 Gest\u00e3o do SUS (AgSUS)<\/strong> est\u00e1 com <strong>dois processos seletivos simplificados abertos<\/strong>, ambos executados pelo <strong>Cebraspe<\/strong> e voltados \u00e0 forma\u00e7\u00e3o de <strong>cadastro de reserva<\/strong>. As inscri\u00e7\u00f5es s\u00e3o <strong>gratuitas<\/strong> nos dois casos.<\/p>\n\n\n\n<p class=\"wp-block-paragraph\">O <strong>Edital n\u00ba 98\/2026<\/strong> contempla o cargo de <strong>Psic\u00f3logo<\/strong>, com remunera\u00e7\u00e3o de <strong>R$ 8.800,00 mais benef\u00edcios<\/strong> e jornada de 40 horas semanais, e recebe inscri\u00e7\u00f5es de <strong>4 a 18 de setembro de 2026<\/strong>. O <strong>Edital n\u00ba 99\/2026<\/strong> abrange cinco cargos de n\u00edveis t\u00e9cnico e superior do projeto <strong>SESMT<\/strong>, com remunera\u00e7\u00e3o de <strong>at\u00e9 R$ 10.302,00 mais benef\u00edcios<\/strong>, e recebe inscri\u00e7\u00f5es de <strong>16 de setembro a 16 de outubro de 2026<\/strong>.<\/p>\n\n\n\n<p class=\"wp-block-paragraph\"><strong>\u00daltima movimenta\u00e7\u00e3o:<\/strong> inscri\u00e7\u00f5es do edital 98\/2026 (Psic\u00f3logo) come\u00e7am nesta sexta-feira, 4 de setembro de 2026, \u00e0s 10h.<\/p>\n\n\n\n<p class=\"wp-block-paragraph\"><strong>Pr\u00f3ximo passo:<\/strong> abertura das inscri\u00e7\u00f5es do edital 99\/2026 (SESMT) em 16 de setembro. As provas objetivas on-line est\u00e3o previstas para <strong>1\u00ba de novembro<\/strong> (Psic\u00f3logo) e <strong>22 de novembro de 2026<\/strong> (SESMT).<\/p>\n\n\n\n<p class=\"wp-block-paragraph\"><strong>Aten\u00e7\u00e3o:<\/strong> n\u00e3o se trata de concurso p\u00fablico para cargo efetivo. A AgSUS realiza processo seletivo simplificado, com contrata\u00e7\u00e3o pelo regime da CLT.<\/p>\n\n\n\n<h2 id=\"h-solicitacao-e-autorizacao\" class=\"wp-block-heading\">Solicita\u00e7\u00e3o e autoriza\u00e7\u00e3o<\/h2>\n\n\n\n<p class=\"wp-block-paragraph\">Os dois editais foram assinados pelo Diretor de Opera\u00e7\u00f5es da AgSUS com base na <strong>Lei n\u00ba 14.621, de 14 de julho de 2023<\/strong>, na <strong>Resolu\u00e7\u00e3o DIREX n\u00ba 61, de 16 de dezembro de 2025<\/strong>, e na <strong>Resolu\u00e7\u00e3o DIREX n\u00ba 70, de 26 de mar\u00e7o de 2026<\/strong>.<\/p>\n\n\n\n<p class=\"wp-block-paragraph\">A AgSUS foi criada pela Lei n\u00ba 14.621\/2023, no \u00e2mbito do Programa M\u00e9dicos pelo Brasil, na condi\u00e7\u00e3o de <strong>servi\u00e7o social aut\u00f4nomo<\/strong>. Esse formato jur\u00eddico \u00e9 o que permite \u00e0 Ag\u00eancia contratar por sele\u00e7\u00e3o simplificada e v\u00ednculo celetista, em vez de concurso p\u00fablico com nomea\u00e7\u00e3o estatut\u00e1ria.<\/p>\n\n\n\n<p class=\"wp-block-paragraph\">Os documentos oficiais de abertura est\u00e3o publicados na \u00e1rea <a href=\"https:\/\/agenciasus.org.br\/trabalhe-conosco\/\" target=\"_blank\" rel=\"noopener noreferrer\">Trabalhe Conosco da AgSUS<\/a>.<\/p>\n\n\n\n<h2 id=\"h-comissao-e-banca\" class=\"wp-block-heading\">Comiss\u00e3o e banca<\/h2>\n\n\n\n<p class=\"wp-block-paragraph\">Os processos seletivos s\u00e3o <strong>executados pelo Cebraspe<\/strong> (Centro Brasileiro de Pesquisa em Avalia\u00e7\u00e3o e Sele\u00e7\u00e3o e de Promo\u00e7\u00e3o de Eventos), respons\u00e1vel pela aplica\u00e7\u00e3o das provas objetivas on-line, pela avalia\u00e7\u00e3o de t\u00edtulos e pelos procedimentos de verifica\u00e7\u00e3o das reservas de vagas.<\/p>\n\n\n\n<p class=\"wp-block-paragraph\">As p\u00e1ginas oficiais das sele\u00e7\u00f5es na banca s\u00e3o:<\/p>\n\n\n\n<ul class=\"wp-block-list\">\n<li><strong>Edital 98\/2026 (Psic\u00f3logo):<\/strong> <a href=\"https:\/\/www.cebraspe.org.br\/concursos\/AGSUS_26_ACOLHEDORA\" target=\"_blank\" rel=\"noopener noreferrer\">cebraspe.org.br\/concursos\/AGSUS_26_ACOLHEDORA<\/a><\/li>\n\n\n\n<li><strong>Edital 99\/2026 (SESMT):<\/strong> <a href=\"https:\/\/www.cebraspe.org.br\/concursos\/agsus_26_sesmt\" target=\"_blank\" rel=\"noopener noreferrer\">cebraspe.org.br\/concursos\/agsus_26_sesmt<\/a><\/li>\n<\/ul>\n\n\n\n<h2 id=\"h-edital\" class=\"wp-block-heading\">Edital<\/h2>\n\n\n\n<p class=\"wp-block-paragraph\">O <strong>Edital de Processo Seletivo Simplificado n\u00ba 99\/2026<\/strong> foi publicado em 17 de agosto de 2026 e destina-se ao <strong>Servi\u00e7o Especializado em Engenharia de Seguran\u00e7a e em Medicina do Trabalho (SESMT)<\/strong>. Os profissionais contratados atuar\u00e3o em apoio \u00e0s a\u00e7\u00f5es do SUS, com foco nas equipes e na infraestrutura operacional dos <strong>Distritos Sanit\u00e1rios Especiais Ind\u00edgenas (DSEIs)<\/strong> em \u00e2mbito nacional.<\/p>\n\n\n\n<p class=\"wp-block-paragraph\">O <strong>Edital n\u00ba 98\/2026<\/strong> trata do cargo de Psic\u00f3logo. A sele\u00e7\u00e3o \u00e9 destinada \u00e0 Coordena\u00e7\u00e3o de Servi\u00e7os de Acolhimento Profissional, no \u00e2mbito do <strong>Programa AgSUS Acolhedora<\/strong>, com lota\u00e7\u00e3o na sede da Ag\u00eancia, em Bras\u00edlia (DF).<\/p>\n\n\n\n<p class=\"wp-block-paragraph\">Nos dois editais, o <strong>regime de contrata\u00e7\u00e3o \u00e9 CLT<\/strong>. O contrato inicial de experi\u00eancia \u00e9 de 45 dias, prorrog\u00e1vel por igual per\u00edodo, podendo passar a vigorar por prazo indeterminado conforme a necessidade da AgSUS. A validade da sele\u00e7\u00e3o \u00e9 de <strong>1 ano<\/strong> a partir da publica\u00e7\u00e3o do resultado final, prorrog\u00e1vel por igual per\u00edodo.<\/p>\n\n\n\n<p class=\"wp-block-paragraph\">Documentos oficiais:<\/p>\n\n\n\n<ul class=\"wp-block-list\">\n<li><a href=\"https:\/\/agenciasus.org.br\/trabalhe-conosco\/edital-de-processo-seletivo-simplificado-no-98-2026-agsus-acolhedora\/\" target=\"_blank\" rel=\"noopener noreferrer\">Edital de Processo Seletivo Simplificado n\u00ba 98\/2026 \u2014 AgSUS Acolhedora<\/a><\/li>\n\n\n\n<li><a href=\"https:\/\/agenciasus.org.br\/shared-files\/40937\/?Edital-de-Processo-Seletivo-Simplificado-no-992026-SESTMT.pdf=\" target=\"_blank\" rel=\"noopener noreferrer\">Edital de Processo Seletivo Simplificado n\u00ba 99\/2026 \u2014 SESMT<\/a><\/li>\n<\/ul>\n\n\n\n<h2 id=\"h-vagas-cargos-e-remuneracao\" class=\"wp-block-heading\">Vagas, cargos e remunera\u00e7\u00e3o<\/h2>\n\n\n\n<p class=\"wp-block-paragraph\"><strong>Nenhum dos dois editais fixa n\u00famero de vagas imediatas.<\/strong> As duas sele\u00e7\u00f5es formam exclusivamente cadastro de reserva, com convoca\u00e7\u00e3o conforme a necessidade da Ag\u00eancia ao longo da validade do processo.<\/p>\n\n\n\n<p class=\"wp-block-paragraph\"><strong>Edital n\u00ba 98\/2026 \u2014 Programa AgSUS Acolhedora<\/strong><\/p>\n\n\n\n<figure class=\"wp-block-table\"><table class=\"has-fixed-layout\"><thead><tr><th>Cargo<\/th><th>Requisitos<\/th><th>Remunera\u00e7\u00e3o<\/th><th>Jornada<\/th><\/tr><\/thead><tbody><tr><td>Psic\u00f3logo<\/td><td>Gradua\u00e7\u00e3o em Psicologia reconhecida pelo MEC e registro ativo no CRP<\/td><td>R$ 8.800,00 + benef\u00edcios<\/td><td>40h semanais<\/td><\/tr><\/tbody><\/table><\/figure>\n\n\n\n<p class=\"wp-block-paragraph\">A exig\u00eancia \u00e9 diploma registrado de conclus\u00e3o de curso de gradua\u00e7\u00e3o em Psicologia, fornecido por institui\u00e7\u00e3o reconhecida pelo MEC, e registro ativo e regular no Conselho Regional de Psicologia, com habilita\u00e7\u00e3o para o exerc\u00edcio profissional na respectiva jurisdi\u00e7\u00e3o.<\/p>\n\n\n\n<p class=\"wp-block-paragraph\"><strong>Edital n\u00ba 99\/2026 \u2014 projeto SESMT<\/strong><\/p>\n\n\n\n<figure class=\"wp-block-table\"><table class=\"has-fixed-layout\"><thead><tr><th>Cargo<\/th><th>N\u00edvel<\/th><th>Remunera\u00e7\u00e3o<\/th><th>Jornada<\/th><\/tr><\/thead><tbody><tr><td>Analista de Gest\u00e3o: Engenharia do Trabalho<\/td><td>Superior<\/td><td>R$ 10.302,00 + benef\u00edcios<\/td><td>40h semanais<\/td><\/tr><tr><td>Analista de Gest\u00e3o: Enfermeiro do Trabalho<\/td><td>Superior<\/td><td>R$ 8.800,00 + benef\u00edcios<\/td><td>40h semanais<\/td><\/tr><tr><td>Analista de Gest\u00e3o: M\u00e9dico do Trabalho<\/td><td>Superior<\/td><td>R$ 8.331,75 + benef\u00edcios<\/td><td>20h semanais<\/td><\/tr><tr><td>T\u00e9cnico de Enfermagem do Trabalho<\/td><td>T\u00e9cnico<\/td><td>R$ 4.000,00 + benef\u00edcios<\/td><td>40h semanais<\/td><\/tr><tr><td>T\u00e9cnico de Seguran\u00e7a do Trabalho<\/td><td>T\u00e9cnico<\/td><td>R$ 4.000,00 + benef\u00edcios<\/td><td>40h semanais<\/td><\/tr><\/tbody><\/table><\/figure>\n\n\n\n<p class=\"wp-block-paragraph\">Os cargos de n\u00edvel superior exigem gradua\u00e7\u00e3o na \u00e1rea e especializa\u00e7\u00e3o ou resid\u00eancia correspondente; os cargos t\u00e9cnicos exigem certificado t\u00e9cnico e registro no conselho de classe. Todos pedem experi\u00eancia m\u00ednima de 6 meses na \u00e1rea. Para alguns cargos de n\u00edvel superior h\u00e1 exig\u00eancia espec\u00edfica de comprova\u00e7\u00e3o de experi\u00eancia profissional, al\u00e9m dos demais requisitos previstos no edital.<\/p>\n\n\n\n<p class=\"wp-block-paragraph\">Al\u00e9m do sal\u00e1rio-base, os contratados t\u00eam direito a benef\u00edcios como <strong>aux\u00edlio-alimenta\u00e7\u00e3o\/refei\u00e7\u00e3o, vale-transporte e aux\u00edlio-sa\u00fade e bem-estar<\/strong>.<\/p>\n\n\n\n<p class=\"wp-block-paragraph\">Os aprovados pelo edital n\u00ba 99\/2026 poder\u00e3o ser lotados em unidades da AgSUS em <strong>17 estados<\/strong>. O cadastro de reserva est\u00e1 distribu\u00eddo em 61 combina\u00e7\u00f5es de cargo, DSEI e local de lota\u00e7\u00e3o.<\/p>\n\n\n\n<p class=\"wp-block-paragraph\"><strong>Reserva de vagas (edital 99\/2026):<\/strong> 5% para pessoas com defici\u00eancia, nos termos da Lei n\u00ba 13.146\/2015, e 30% distribu\u00eddos entre candidatos negros (25%), ind\u00edgenas (3%) e quilombolas (2%).<\/p>\n\n\n\n<h2 id=\"h-inscricoes\" class=\"wp-block-heading\">Inscri\u00e7\u00f5es<\/h2>\n\n\n\n<p class=\"wp-block-paragraph\">As inscri\u00e7\u00f5es s\u00e3o <strong>gratuitas<\/strong> e feitas <strong>exclusivamente pela internet<\/strong>, nos endere\u00e7os do Cebraspe. <strong>N\u00e3o h\u00e1 taxa<\/strong> em nenhum dos dois editais.<\/p>\n\n\n\n<p class=\"wp-block-paragraph\"><strong>Edital n\u00ba 98\/2026 \u2014 Psic\u00f3logo<\/strong><\/p>\n\n\n\n<p class=\"wp-block-paragraph\">Inscri\u00e7\u00f5es de <strong>4 a 18 de setembro de 2026<\/strong>, das 10h \u00e0s 18h no hor\u00e1rio de Bras\u00edlia, exclusivamente pelo site do Cebraspe, sem cobran\u00e7a de taxa. Endere\u00e7o: <a href=\"https:\/\/www.cebraspe.org.br\/concursos\/AGSUS_26_ACOLHEDORA\" target=\"_blank\" rel=\"noopener noreferrer\">cebraspe.org.br\/concursos\/AGSUS_26_ACOLHEDORA<\/a>. <a href=\"https:\/\/www.pciconcursos.com.br\/noticias\/agsus-abre-selecao-para-psicologo-com-remuneracao-de-8800\" target=\"_blank\" rel=\"noopener\">PCI Concursos<\/a><\/p>\n\n\n\n<p class=\"wp-block-paragraph\"><strong>Edital n\u00ba 99\/2026 \u2014 SESMT<\/strong><\/p>\n\n\n\n<p class=\"wp-block-paragraph\">Inscri\u00e7\u00f5es de <strong>16 de setembro a 16 de outubro de 2026<\/strong>, das 10h do primeiro dia \u00e0s 18h do \u00faltimo dia, no hor\u00e1rio de Bras\u00edlia. Endere\u00e7o: <a href=\"https:\/\/www.cebraspe.org.br\/concursos\/agsus_26_sesmt\" target=\"_blank\" rel=\"noopener noreferrer\">cebraspe.org.br\/concursos\/agsus_26_sesmt<\/a>.<\/p>\n\n\n\n<p class=\"wp-block-paragraph\">\u00c9 permitida <strong>apenas uma inscri\u00e7\u00e3o por CPF<\/strong>. Durante o prazo, o candidato pode alterar cargo, DSEI, local de lota\u00e7\u00e3o, atendimento especializado e sistema de concorr\u00eancia quantas vezes quiser, vale sempre a \u00faltima altera\u00e7\u00e3o registrada antes do encerramento.<\/p>\n\n\n\n<p class=\"wp-block-paragraph\">No ato da inscri\u00e7\u00e3o \u00e9 obrigat\u00f3rio enviar, por upload, uma fotografia individual tirada nos \u00faltimos 6 meses e a imagem leg\u00edvel de documento de identidade com foto, frente e verso, em PDF, PNG, JPEG ou JPG, com no m\u00e1ximo 2 MB por arquivo. No edital 99\/2026, a confer\u00eancia da foto enviada ocorre entre 19 e 20 de outubro de 2026.<\/p>\n\n\n\n<h2 id=\"h-provas-e-locais\" class=\"wp-block-heading\">Provas e locais<\/h2>\n\n\n\n<p class=\"wp-block-paragraph\"><strong>As provas objetivas s\u00e3o 100% on-line e remotas<\/strong>, aplicadas pelo Sistema de Aplica\u00e7\u00e3o de Testes Eletr\u00f4nicos do Cebraspe. N\u00e3o h\u00e1 local f\u00edsico de prova.<\/p>\n\n\n\n<figure class=\"wp-block-table\"><table class=\"has-fixed-layout\"><thead><tr><th>Edital<\/th><th>Data prevista da prova<\/th><th>Turno<\/th><\/tr><\/thead><tbody><tr><td>98\/2026 \u2014 Psic\u00f3logo<\/td><td>1\u00ba de novembro de 2026<\/td><td>Manh\u00e3<\/td><\/tr><tr><td>99\/2026 \u2014 SESMT<\/td><td>22 de novembro de 2026<\/td><td>Manh\u00e3<\/td><\/tr><\/tbody><\/table><\/figure>\n\n\n\n<p class=\"wp-block-paragraph\">A prova tem <strong>40 itens<\/strong>: 10 de conhecimentos b\u00e1sicos sobre normativos da AgSUS, 10 sobre o Sistema \u00danico de Sa\u00fade (SUS) e 20 de conhecimentos espec\u00edficos. A aplica\u00e7\u00e3o \u00e9 dividida em dois blocos de 40 minutos, com intervalo de 30 minutos entre eles, e o sistema tem evolu\u00e7\u00e3o unidirecional, impedindo o retorno a itens j\u00e1 respondidos. No edital 99\/2026, a prova vale 40,00 pontos, com 1,00 ponto por item correto, e \u00e9 eliminado quem obtiver nota inferior a 20,00 pontos. Resposta incorreta ou n\u00e3o marcada recebe zero, sem desconto. <\/p>\n\n\n\n<p class=\"wp-block-paragraph\"><strong>Requisitos t\u00e9cnicos.<\/strong> \u00c9 preciso computador ou notebook com Windows 10 ou superior (ou MacOS), Google Chrome vers\u00e3o 80 ou Microsoft Edge atualizados, c\u00e2mera e microfone funcionando durante toda a prova e conex\u00e3o de no m\u00ednimo 5 Mb\/s. Segunda tela e m\u00e1quina virtual s\u00e3o proibidas, sob pena de elimina\u00e7\u00e3o, e o acesso \u00e0 plataforma deve ocorrer com pelo menos 1 hora de anteced\u00eancia para identifica\u00e7\u00e3o.<\/p>\n\n\n\n<p class=\"wp-block-paragraph\"><strong>Segunda etapa.<\/strong> A avalia\u00e7\u00e3o de t\u00edtulos tem car\u00e1ter apenas classificat\u00f3rio e \u00e9 aberta somente aos candidatos n\u00e3o eliminados na prova objetiva, valendo 8,00 pontos. Para os cargos de n\u00edvel superior do edital 99\/2026 pontuam doutorado (2,00), mestrado (1,00), cursos de aperfei\u00e7oamento de no m\u00ednimo 120 horas (at\u00e9 1,00) e experi\u00eancia profissional (0,50 por ano completo, at\u00e9 4,00 pontos); para os cargos t\u00e9cnicos, cursos de aperfei\u00e7oamento valem at\u00e9 3,00 pontos e a experi\u00eancia at\u00e9 5,00 pontos.<\/p>\n\n\n\n<h2 id=\"h-gabaritos-e-resultados\" class=\"wp-block-heading\">Gabaritos e resultados<\/h2>\n\n\n\n<p class=\"wp-block-paragraph\"><strong>Nenhum gabarito foi divulgado.<\/strong> As duas sele\u00e7\u00f5es est\u00e3o em fase de inscri\u00e7\u00e3o.<\/p>\n\n\n\n<p class=\"wp-block-paragraph\">Datas previstas no cronograma do <strong>edital n\u00ba 99\/2026<\/strong>:<\/p>\n\n\n\n<p class=\"wp-block-paragraph\">Consulta aos gabaritos preliminares de 24 a 26 de novembro de 2026, com recursos em 25 e 26 de novembro e gabarito oficial definitivo em 27 de novembro. O resultado final da prova objetiva e a convoca\u00e7\u00e3o para heteroidentifica\u00e7\u00e3o est\u00e3o previstos para 15 de dezembro de 2026, com o procedimento de heteroidentifica\u00e7\u00e3o em 20 de dezembro. O resultado final da avalia\u00e7\u00e3o de t\u00edtulos e o resultado final do processo seletivo est\u00e3o previstos para 24 de fevereiro de 2027. <a href=\"https:\/\/portaldeoportunidadess.com.br\/processo-seletivo-agsus-sesmt-2026\/\" target=\"_blank\" rel=\"noopener\">Portaldeoportunidadess<\/a><\/p>\n\n\n\n<p class=\"wp-block-paragraph\">O edital reserva \u00e0 AgSUS e ao Cebraspe o direito de alterar essas datas por conveni\u00eancia, sempre por meio de edital de retifica\u00e7\u00e3o divulgado na p\u00e1gina oficial da sele\u00e7\u00e3o.<\/p>\n\n\n\n<p class=\"wp-block-paragraph\">O cronograma detalhado do edital n\u00ba 98\/2026 consta do Anexo I do pr\u00f3prio documento, dispon\u00edvel na p\u00e1gina da sele\u00e7\u00e3o no Cebraspe.<\/p>\n\n\n\n<h2 id=\"h-cronologia\" class=\"wp-block-heading\">Cronologia<\/h2>\n\n\n\n<ul class=\"wp-block-list\">\n<li><strong>14 de julho de 2023<\/strong> \u2014 Publicada a Lei n\u00ba 14.621, que cria a AgSUS como servi\u00e7o social aut\u00f4nomo.<\/li>\n\n\n\n<li><strong>16 de dezembro de 2025<\/strong> \u2014 Resolu\u00e7\u00e3o DIREX n\u00ba 61, uma das bases normativas dos editais de 2026.<\/li>\n\n\n\n<li><strong>26 de mar\u00e7o de 2026<\/strong> \u2014 Resolu\u00e7\u00e3o DIREX n\u00ba 70, que disciplina os processos seletivos simplificados da Ag\u00eancia.<\/li>\n\n\n\n<li><strong>17 de agosto de 2026<\/strong> \u2014 Publica\u00e7\u00e3o dos editais n\u00ba 98\/2026 (AgSUS Acolhedora) e n\u00ba 99\/2026 (SESMT).<\/li>\n\n\n\n<li><strong>18 a 20 de agosto de 2026<\/strong> \u2014 Prazo de impugna\u00e7\u00e3o do edital n\u00ba 98\/2026.<\/li>\n\n\n\n<li><strong>18 a 25 de agosto de 2026<\/strong> \u2014 Prazo de impugna\u00e7\u00e3o do edital n\u00ba 99\/2026.<\/li>\n\n\n\n<li><strong>4 de setembro de 2026<\/strong> \u2014 Abertura das inscri\u00e7\u00f5es do edital n\u00ba 98\/2026.<\/li>\n\n\n\n<li><strong>16 de setembro de 2026<\/strong> \u2014 Abertura das inscri\u00e7\u00f5es do edital n\u00ba 99\/2026.<\/li>\n\n\n\n<li><strong>18 de setembro de 2026<\/strong> \u2014 Encerramento das inscri\u00e7\u00f5es do edital n\u00ba 98\/2026.<\/li>\n\n\n\n<li><strong>16 de outubro de 2026<\/strong> \u2014 Encerramento das inscri\u00e7\u00f5es do edital n\u00ba 99\/2026.<\/li>\n\n\n\n<li><strong>1\u00ba de novembro de 2026<\/strong> \u2014 Prova objetiva on-line do edital n\u00ba 98\/2026.<\/li>\n\n\n\n<li><strong>22 de novembro de 2026<\/strong> \u2014 Prova objetiva on-line do edital n\u00ba 99\/2026.<\/li>\n\n\n\n<li><strong>24 de fevereiro de 2027<\/strong> \u2014 Resultado final previsto do edital n\u00ba 99\/2026.<\/li>\n<\/ul>\n\n\n\n<h2 id=\"h-ultimas-noticias\" class=\"wp-block-heading\">\u00daltimas not\u00edcias<\/h2>\n\n\n\n<p class=\"wp-block-paragraph\"><strong>Inscri\u00e7\u00f5es do edital 98\/2026 come\u00e7am em 4 de setembro<\/strong> \u2014 A sele\u00e7\u00e3o para Psic\u00f3logo do Programa AgSUS Acolhedora recebe inscri\u00e7\u00f5es gratuitas at\u00e9 18 de setembro, pelo site do Cebraspe. A remunera\u00e7\u00e3o \u00e9 de R$ 8.800,00 mais benef\u00edcios, com jornada de 40 horas semanais e lota\u00e7\u00e3o na sede da Ag\u00eancia, em Bras\u00edlia.<\/p>\n\n\n\n<p class=\"wp-block-paragraph\"><strong>Edital SESMT oferece sal\u00e1rios de at\u00e9 R$ 10.302<\/strong> \u2014 O edital n\u00ba 99\/2026 abre cadastro de reserva para cinco cargos de n\u00edveis t\u00e9cnico e superior, com atua\u00e7\u00e3o vinculada aos Distritos Sanit\u00e1rios Especiais Ind\u00edgenas em 17 estados. <\/p>\n\n\n\n<p class=\"wp-block-paragraph\">O Aprova Concursos tem <a href=\"https:\/\/www.aprovaconcursos.com.br\/concursos\/agsus?xcod=%7B%22co%22%3A%22%7B%5C%22u%5C%22%3A%5C%22ba0fd2c7-6b42-43ba-b7c8-853523156241%5C%22%2C%5C%22url%5C%22%3A%5C%22www.aprovaconcursos.com.br%2F%5C%22%2C%5C%22v%5C%22%3A1%7D%22%2C%22u%22%3A%22ba0fd2c7-6b42-43ba-b7c8-853523156241%22%2C%22url%22%3A%22www.aprovaconcursos.com.br%2Fconcursos%2Fagsus%22%2C%22r%22%3A%22%22%2C%22v%22%3A1%7D&amp;utm_content=%7B%22co%22%3A%22%7B%5C%22u%5C%22%3A%5C%22ba0fd2c7-6b42-43ba-b7c8-853523156241%5C%22%2C%5C%22url%5C%22%3A%5C%22www.aprovaconcursos.com.br%2F%5C%22%2C%5C%22v%5C%22%3A1%7D%22%2C%22u%22%3A%22ba0fd2c7-6b42-43ba-b7c8-853523156241%22%2C%22url%22%3A%22www.aprovaconcursos.com.br%2Fconcursos%2Ftj-es%22%2C%22v%22%3A1%7D\" target=\"_blank\" rel=\"noopener noreferrer\">curso preparat\u00f3rio para as sele\u00e7\u00f5es da AgSUS<\/a>, com aulas focadas em SUS, normativos da Ag\u00eancia e conhecimentos espec\u00edficos de cada cargo, o mesmo conte\u00fado cobrado nos 40 itens da prova objetiva on-line.<\/p>\n\n\n\n<h2 id=\"h-perguntas-frequentes\" class=\"wp-block-heading\">Perguntas frequentes<\/h2>\n\n\n\n<h3 id=\"h-o-concurso-agsus-2026-e-para-cargo-efetivo\" class=\"wp-block-heading\">O concurso AgSUS 2026 \u00e9 para cargo efetivo?<\/h3>\n\n\n\n<p class=\"wp-block-paragraph\">N\u00e3o. A AgSUS \u00e9 servi\u00e7o social aut\u00f4nomo e contrata por processo seletivo simplificado, com v\u00ednculo regido pela CLT. N\u00e3o h\u00e1 estabilidade nem nomea\u00e7\u00e3o estatut\u00e1ria. O contrato come\u00e7a com experi\u00eancia de 45 dias, prorrog\u00e1vel por igual per\u00edodo, e pode passar a vigorar por prazo indeterminado conforme a necessidade da Ag\u00eancia.<\/p>\n\n\n\n<h3 id=\"h-cadastro-de-reserva-na-agsus-garante-contratacao\" class=\"wp-block-heading\">Cadastro de reserva na AgSUS garante contrata\u00e7\u00e3o?<\/h3>\n\n\n\n<p class=\"wp-block-paragraph\">N\u00e3o. A aprova\u00e7\u00e3o em cadastro de reserva assegura apenas a posi\u00e7\u00e3o na lista de classifica\u00e7\u00e3o. A convoca\u00e7\u00e3o depende da necessidade da Ag\u00eancia durante a validade da sele\u00e7\u00e3o, que \u00e9 de um ano ap\u00f3s o resultado final, prorrog\u00e1vel por igual per\u00edodo.<\/p>\n\n\n\n<h3 id=\"h-preciso-ter-experiencia-para-se-inscrever-no-edital-99-2026\" class=\"wp-block-heading\">Preciso ter experi\u00eancia para se inscrever no edital 99\/2026?<\/h3>\n\n\n\n<p class=\"wp-block-paragraph\">Sim. Os cinco cargos do projeto SESMT exigem comprova\u00e7\u00e3o de experi\u00eancia profissional m\u00ednima de seis meses na \u00e1rea, al\u00e9m do registro no conselho de classe correspondente. Confira a exig\u00eancia espec\u00edfica do cargo pretendido antes de concluir a inscri\u00e7\u00e3o.<\/p>\n\n\n\n<h3 id=\"h-e-possivel-concorrer-aos-dois-editais-ao-mesmo-tempo\" class=\"wp-block-heading\">\u00c9 poss\u00edvel concorrer aos dois editais ao mesmo tempo?<\/h3>\n\n\n\n<p class=\"wp-block-paragraph\">Sim, desde que o candidato atenda aos requisitos de cada cargo. S\u00e3o sele\u00e7\u00f5es distintas, com editais, prazos de inscri\u00e7\u00e3o e datas de prova separados. Cada edital admite apenas uma inscri\u00e7\u00e3o por CPF, e as provas ocorrem em datas diferentes: 1\u00ba e 22 de novembro de 2026.<\/p>\n\n\n\n<h3 id=\"h-o-que-acontece-se-a-internet-cair-durante-a-prova-on-line\" class=\"wp-block-heading\">O que acontece se a internet cair durante a prova on-line?<\/h3>\n\n\n\n<p class=\"wp-block-paragraph\">O edital atribui ao candidato a responsabilidade pelas condi\u00e7\u00f5es de equipamento e conex\u00e3o. Por isso a banca exige teste pr\u00e9vio, acesso com uma hora de anteced\u00eancia e conex\u00e3o m\u00ednima de 5 Mb\/s. As regras completas de aplica\u00e7\u00e3o remota constam do documento oficial da sele\u00e7\u00e3o.<\/p>\n\n\n\n<h3 id=\"h-onde-acompanhar-retificacoes-dos-editais\" class=\"wp-block-heading\">Onde acompanhar retifica\u00e7\u00f5es dos editais?<\/h3>\n\n\n\n<p class=\"wp-block-paragraph\">Na \u00e1rea Trabalhe Conosco do site da AgSUS e nas p\u00e1ginas das sele\u00e7\u00f5es no Cebraspe. Altera\u00e7\u00f5es de cronograma, cargos e requisitos s\u00e3o formalizadas por edital de retifica\u00e7\u00e3o e valem apenas quando publicadas nesses canais oficiais.<\/p>\n\n\n\n<p class=\"wp-block-paragraph\"><\/p>\n","protected":false},"excerpt":{"rendered":"<p>Resumo e situa\u00e7\u00e3o atual A Ag\u00eancia Brasileira de Apoio \u00e0 Gest\u00e3o do SUS (AgSUS) est\u00e1 com dois processos seletivos simplificados abertos, ambos\u2026<\/p>\n","protected":false},"author":6,"featured_media":167074,"comment_status":"open","ping_status":"open","sticky":false,"template":"","format":"standard","meta":{"footnotes":""},"categories":[11,18699],"tags":[24777],"class_list":["post-167073","post","type-post","status-publish","format-standard","has-post-thumbnail","hentry","category-noticias","category-ultimas-noticias-concursos","tag-agsus"],"yoast_head":"<!-- This site is optimized with the Yoast SEO Premium plugin v27.9 (Yoast SEO v28.2) - https:\/\/yoast.com\/product\/yoast-seo-premium-wordpress\/ -->\n<title>Concurso AgSUS 2026: sal\u00e1rios de at\u00e9 R$ 10,3 mil<\/title>\n<meta name=\"description\" content=\"Concurso AgSUS 2026: editais 98 e 99 abertos, cargos, sal\u00e1rios de at\u00e9 R$ 10.302 e inscri\u00e7\u00f5es gratuitas no Cebraspe. Veja prazos e provas.\" \/>\n<meta name=\"robots\" content=\"index, follow, max-snippet:-1, max-image-preview:large, max-video-preview:-1\" \/>\n<link rel=\"canonical\" href=\"https:\/\/www.aprovaconcursos.com.br\/noticias\/concurso-agsus\/\" \/>\n<meta property=\"og:locale\" content=\"pt_BR\" \/>\n<meta property=\"og:type\" content=\"article\" \/>\n<meta property=\"og:title\" content=\"Concurso AgSUS 2026: sal\u00e1rios de at\u00e9 R$ 10,3 mil\" \/>\n<meta property=\"og:description\" content=\"Concurso AgSUS 2026: editais 98 e 99 abertos, cargos, sal\u00e1rios de at\u00e9 R$ 10.302 e inscri\u00e7\u00f5es gratuitas no Cebraspe. Veja prazos e provas.\" \/>\n<meta property=\"og:url\" content=\"https:\/\/www.aprovaconcursos.com.br\/noticias\/concurso-agsus\/\" \/>\n<meta property=\"og:site_name\" content=\"Aprova Concursos - Not\u00edcias\" \/>\n<meta property=\"article:publisher\" content=\"https:\/\/www.facebook.com\/aprovaconcursos\" \/>\n<meta property=\"article:published_time\" content=\"2026-09-03T13:23:15+00:00\" \/>\n<meta property=\"article:modified_time\" content=\"2026-09-03T13:23:16+00:00\" \/>\n<meta property=\"og:image\" content=\"https:\/\/www.aprovaconcursos.com.br\/noticias\/wp-content\/uploads\/2026\/09\/concurso-agsus.webp\" \/>\n\t<meta property=\"og:image:width\" content=\"1200\" \/>\n\t<meta property=\"og:image:height\" content=\"628\" \/>\n\t<meta property=\"og:image:type\" content=\"image\/webp\" \/>\n<meta name=\"author\" content=\"Bruna Silva\" \/>\n<meta name=\"twitter:card\" content=\"summary_large_image\" \/>\n<meta name=\"twitter:label1\" content=\"Escrito por\" \/>\n\t<meta name=\"twitter:data1\" content=\"Bruna Silva\" \/>\n\t<meta name=\"twitter:label2\" content=\"Est. tempo de leitura\" \/>\n\t<meta name=\"twitter:data2\" content=\"12 minutos\" \/>\n<script type=\"application\/ld+json\" class=\"yoast-schema-graph\">{\"@context\":\"https:\\\/\\\/schema.org\",\"@graph\":[{\"@type\":\"NewsArticle\",\"@id\":\"https:\\\/\\\/www.aprovaconcursos.com.br\\\/noticias\\\/concurso-agsus\\\/#article\",\"isPartOf\":{\"@id\":\"https:\\\/\\\/www.aprovaconcursos.com.br\\\/noticias\\\/concurso-agsus\\\/\"},\"author\":{\"name\":\"Bruna Silva\",\"@id\":\"https:\\\/\\\/www.aprovaconcursos.com.br\\\/noticias\\\/#\\\/schema\\\/person\\\/02de4047f7bd2cbec9b6b2323204656c\"},\"headline\":\"Concurso AgSUS 2026: sal\u00e1rios de at\u00e9 R$ 10,3 mil\",\"datePublished\":\"2026-09-03T13:23:15+00:00\",\"dateModified\":\"2026-09-03T13:23:16+00:00\",\"mainEntityOfPage\":{\"@id\":\"https:\\\/\\\/www.aprovaconcursos.com.br\\\/noticias\\\/concurso-agsus\\\/\"},\"wordCount\":2165,\"commentCount\":0,\"publisher\":{\"@id\":\"https:\\\/\\\/www.aprovaconcursos.com.br\\\/noticias\\\/#organization\"},\"image\":{\"@id\":\"https:\\\/\\\/www.aprovaconcursos.com.br\\\/noticias\\\/concurso-agsus\\\/#primaryimage\"},\"thumbnailUrl\":\"https:\\\/\\\/www.aprovaconcursos.com.br\\\/noticias\\\/wp-content\\\/uploads\\\/2026\\\/09\\\/concurso-agsus.webp\",\"keywords\":[\"AgSUS\"],\"articleSection\":[\"Not\u00edcias\",\"\u00daltimas Not\u00edcias\"],\"inLanguage\":\"pt-BR\",\"potentialAction\":[{\"@type\":\"CommentAction\",\"name\":\"Comment\",\"target\":[\"https:\\\/\\\/www.aprovaconcursos.com.br\\\/noticias\\\/concurso-agsus\\\/#respond\"]}],\"copyrightYear\":\"2026\",\"copyrightHolder\":{\"@id\":\"https:\\\/\\\/www.aprovaconcursos.com.br\\\/noticias\\\/#organization\"}},{\"@type\":\"WebPage\",\"@id\":\"https:\\\/\\\/www.aprovaconcursos.com.br\\\/noticias\\\/concurso-agsus\\\/\",\"url\":\"https:\\\/\\\/www.aprovaconcursos.com.br\\\/noticias\\\/concurso-agsus\\\/\",\"name\":\"Concurso AgSUS 2026: sal\u00e1rios de at\u00e9 R$ 10,3 mil\",\"isPartOf\":{\"@id\":\"https:\\\/\\\/www.aprovaconcursos.com.br\\\/noticias\\\/#website\"},\"primaryImageOfPage\":{\"@id\":\"https:\\\/\\\/www.aprovaconcursos.com.br\\\/noticias\\\/concurso-agsus\\\/#primaryimage\"},\"image\":{\"@id\":\"https:\\\/\\\/www.aprovaconcursos.com.br\\\/noticias\\\/concurso-agsus\\\/#primaryimage\"},\"thumbnailUrl\":\"https:\\\/\\\/www.aprovaconcursos.com.br\\\/noticias\\\/wp-content\\\/uploads\\\/2026\\\/09\\\/concurso-agsus.webp\",\"datePublished\":\"2026-09-03T13:23:15+00:00\",\"dateModified\":\"2026-09-03T13:23:16+00:00\",\"description\":\"Concurso AgSUS 2026: editais 98 e 99 abertos, cargos, sal\u00e1rios de at\u00e9 R$ 10.302 e inscri\u00e7\u00f5es gratuitas no Cebraspe. Veja prazos e provas.\",\"breadcrumb\":{\"@id\":\"https:\\\/\\\/www.aprovaconcursos.com.br\\\/noticias\\\/concurso-agsus\\\/#breadcrumb\"},\"inLanguage\":\"pt-BR\",\"potentialAction\":[{\"@type\":\"ReadAction\",\"target\":[\"https:\\\/\\\/www.aprovaconcursos.com.br\\\/noticias\\\/concurso-agsus\\\/\"]}]},{\"@type\":\"ImageObject\",\"inLanguage\":\"pt-BR\",\"@id\":\"https:\\\/\\\/www.aprovaconcursos.com.br\\\/noticias\\\/concurso-agsus\\\/#primaryimage\",\"url\":\"https:\\\/\\\/www.aprovaconcursos.com.br\\\/noticias\\\/wp-content\\\/uploads\\\/2026\\\/09\\\/concurso-agsus.webp\",\"contentUrl\":\"https:\\\/\\\/www.aprovaconcursos.com.br\\\/noticias\\\/wp-content\\\/uploads\\\/2026\\\/09\\\/concurso-agsus.webp\",\"width\":1200,\"height\":628,\"caption\":\"Concurso AgSUS.\"},{\"@type\":\"BreadcrumbList\",\"@id\":\"https:\\\/\\\/www.aprovaconcursos.com.br\\\/noticias\\\/concurso-agsus\\\/#breadcrumb\",\"itemListElement\":[{\"@type\":\"ListItem\",\"position\":1,\"name\":\"Home\",\"item\":\"https:\\\/\\\/www.aprovaconcursos.com.br\\\/noticias\\\/\"},{\"@type\":\"ListItem\",\"position\":2,\"name\":\"Concurso AgSUS 2026: sal\u00e1rios de at\u00e9 R$ 10,3 mil\"}]},{\"@type\":\"WebSite\",\"@id\":\"https:\\\/\\\/www.aprovaconcursos.com.br\\\/noticias\\\/#website\",\"url\":\"https:\\\/\\\/www.aprovaconcursos.com.br\\\/noticias\\\/\",\"name\":\"Aprova Concursos - Not\u00edcias\",\"description\":\"Fique por dentro das not\u00edcias sobre concursos p\u00fablicos do Brasil inteiro, ENEM, Exame de Ordem (OAB) e Exame de Sufici\u00eancia (CFC). Mantenha-se atualizado aqui!\",\"publisher\":{\"@id\":\"https:\\\/\\\/www.aprovaconcursos.com.br\\\/noticias\\\/#organization\"},\"potentialAction\":[{\"@type\":\"SearchAction\",\"target\":{\"@type\":\"EntryPoint\",\"urlTemplate\":\"https:\\\/\\\/www.aprovaconcursos.com.br\\\/noticias\\\/?s={search_term_string}\"},\"query-input\":{\"@type\":\"PropertyValueSpecification\",\"valueRequired\":true,\"valueName\":\"search_term_string\"}}],\"inLanguage\":\"pt-BR\"},{\"@type\":\"Organization\",\"@id\":\"https:\\\/\\\/www.aprovaconcursos.com.br\\\/noticias\\\/#organization\",\"name\":\"Aprova Concursos - Not\u00edcias\",\"url\":\"https:\\\/\\\/www.aprovaconcursos.com.br\\\/noticias\\\/\",\"logo\":{\"@type\":\"ImageObject\",\"inLanguage\":\"pt-BR\",\"@id\":\"https:\\\/\\\/www.aprovaconcursos.com.br\\\/noticias\\\/#\\\/schema\\\/logo\\\/image\\\/\",\"url\":\"https:\\\/\\\/www.aprovaconcursos.com.br\\\/noticias\\\/wp-content\\\/uploads\\\/2026\\\/06\\\/logo.webp\",\"contentUrl\":\"https:\\\/\\\/www.aprovaconcursos.com.br\\\/noticias\\\/wp-content\\\/uploads\\\/2026\\\/06\\\/logo.webp\",\"width\":171,\"height\":49,\"caption\":\"Aprova Concursos - Not\u00edcias\"},\"image\":{\"@id\":\"https:\\\/\\\/www.aprovaconcursos.com.br\\\/noticias\\\/#\\\/schema\\\/logo\\\/image\\\/\"},\"sameAs\":[\"https:\\\/\\\/www.facebook.com\\\/aprovaconcursos\"]},{\"@type\":\"Person\",\"@id\":\"https:\\\/\\\/www.aprovaconcursos.com.br\\\/noticias\\\/#\\\/schema\\\/person\\\/02de4047f7bd2cbec9b6b2323204656c\",\"name\":\"Bruna Silva\",\"image\":{\"@type\":\"ImageObject\",\"inLanguage\":\"pt-BR\",\"@id\":\"https:\\\/\\\/secure.gravatar.com\\\/avatar\\\/5fabaa975c4c6bb33544b972597d884f7e9c3a62a662250af1086af52760d20a?s=96&d=mm&r=g\",\"url\":\"https:\\\/\\\/secure.gravatar.com\\\/avatar\\\/5fabaa975c4c6bb33544b972597d884f7e9c3a62a662250af1086af52760d20a?s=96&d=mm&r=g\",\"contentUrl\":\"https:\\\/\\\/secure.gravatar.com\\\/avatar\\\/5fabaa975c4c6bb33544b972597d884f7e9c3a62a662250af1086af52760d20a?s=96&d=mm&r=g\",\"caption\":\"Bruna Silva\"},\"sameAs\":[\"https:\\\/\\\/www.aprovaconcursos.com.br\\\/\"],\"url\":\"https:\\\/\\\/www.aprovaconcursos.com.br\\\/noticias\\\/autor\\\/bruna-silva\\\/\"}]}<\/script>\n<!-- \/ Yoast SEO Premium plugin. -->","yoast_head_json":{"title":"Concurso AgSUS 2026: sal\u00e1rios de at\u00e9 R$ 10,3 mil","description":"Concurso AgSUS 2026: editais 98 e 99 abertos, cargos, sal\u00e1rios de at\u00e9 R$ 10.302 e inscri\u00e7\u00f5es gratuitas no Cebraspe. Veja prazos e provas.","robots":{"index":"index","follow":"follow","max-snippet":"max-snippet:-1","max-image-preview":"max-image-preview:large","max-video-preview":"max-video-preview:-1"},"canonical":"https:\/\/www.aprovaconcursos.com.br\/noticias\/concurso-agsus\/","og_locale":"pt_BR","og_type":"article","og_title":"Concurso AgSUS 2026: sal\u00e1rios de at\u00e9 R$ 10,3 mil","og_description":"Concurso AgSUS 2026: editais 98 e 99 abertos, cargos, sal\u00e1rios de at\u00e9 R$ 10.302 e inscri\u00e7\u00f5es gratuitas no Cebraspe. Veja prazos e provas.","og_url":"https:\/\/www.aprovaconcursos.com.br\/noticias\/concurso-agsus\/","og_site_name":"Aprova Concursos - Not\u00edcias","article_publisher":"https:\/\/www.facebook.com\/aprovaconcursos","article_published_time":"2026-09-03T13:23:15+00:00","article_modified_time":"2026-09-03T13:23:16+00:00","og_image":[{"width":1200,"height":628,"url":"https:\/\/www.aprovaconcursos.com.br\/noticias\/wp-content\/uploads\/2026\/09\/concurso-agsus.webp","type":"image\/webp"}],"author":"Bruna Silva","twitter_card":"summary_large_image","twitter_misc":{"Escrito por":"Bruna Silva","Est. tempo de leitura":"12 minutos"},"schema":{"@context":"https:\/\/schema.org","@graph":[{"@type":"NewsArticle","@id":"https:\/\/www.aprovaconcursos.com.br\/noticias\/concurso-agsus\/#article","isPartOf":{"@id":"https:\/\/www.aprovaconcursos.com.br\/noticias\/concurso-agsus\/"},"author":{"name":"Bruna Silva","@id":"https:\/\/www.aprovaconcursos.com.br\/noticias\/#\/schema\/person\/02de4047f7bd2cbec9b6b2323204656c"},"headline":"Concurso AgSUS 2026: sal\u00e1rios de at\u00e9 R$ 10,3 mil","datePublished":"2026-09-03T13:23:15+00:00","dateModified":"2026-09-03T13:23:16+00:00","mainEntityOfPage":{"@id":"https:\/\/www.aprovaconcursos.com.br\/noticias\/concurso-agsus\/"},"wordCount":2165,"commentCount":0,"publisher":{"@id":"https:\/\/www.aprovaconcursos.com.br\/noticias\/#organization"},"image":{"@id":"https:\/\/www.aprovaconcursos.com.br\/noticias\/concurso-agsus\/#primaryimage"},"thumbnailUrl":"https:\/\/www.aprovaconcursos.com.br\/noticias\/wp-content\/uploads\/2026\/09\/concurso-agsus.webp","keywords":["AgSUS"],"articleSection":["Not\u00edcias","\u00daltimas Not\u00edcias"],"inLanguage":"pt-BR","potentialAction":[{"@type":"CommentAction","name":"Comment","target":["https:\/\/www.aprovaconcursos.com.br\/noticias\/concurso-agsus\/#respond"]}],"copyrightYear":"2026","copyrightHolder":{"@id":"https:\/\/www.aprovaconcursos.com.br\/noticias\/#organization"}},{"@type":"WebPage","@id":"https:\/\/www.aprovaconcursos.com.br\/noticias\/concurso-agsus\/","url":"https:\/\/www.aprovaconcursos.com.br\/noticias\/concurso-agsus\/","name":"Concurso AgSUS 2026: sal\u00e1rios de at\u00e9 R$ 10,3 mil","isPartOf":{"@id":"https:\/\/www.aprovaconcursos.com.br\/noticias\/#website"},"primaryImageOfPage":{"@id":"https:\/\/www.aprovaconcursos.com.br\/noticias\/concurso-agsus\/#primaryimage"},"image":{"@id":"https:\/\/www.aprovaconcursos.com.br\/noticias\/concurso-agsus\/#primaryimage"},"thumbnailUrl":"https:\/\/www.aprovaconcursos.com.br\/noticias\/wp-content\/uploads\/2026\/09\/concurso-agsus.webp","datePublished":"2026-09-03T13:23:15+00:00","dateModified":"2026-09-03T13:23:16+00:00","description":"Concurso AgSUS 2026: editais 98 e 99 abertos, cargos, sal\u00e1rios de at\u00e9 R$ 10.302 e inscri\u00e7\u00f5es gratuitas no Cebraspe. Veja prazos e provas.","breadcrumb":{"@id":"https:\/\/www.aprovaconcursos.com.br\/noticias\/concurso-agsus\/#breadcrumb"},"inLanguage":"pt-BR","potentialAction":[{"@type":"ReadAction","target":["https:\/\/www.aprovaconcursos.com.br\/noticias\/concurso-agsus\/"]}]},{"@type":"ImageObject","inLanguage":"pt-BR","@id":"https:\/\/www.aprovaconcursos.com.br\/noticias\/concurso-agsus\/#primaryimage","url":"https:\/\/www.aprovaconcursos.com.br\/noticias\/wp-content\/uploads\/2026\/09\/concurso-agsus.webp","contentUrl":"https:\/\/www.aprovaconcursos.com.br\/noticias\/wp-content\/uploads\/2026\/09\/concurso-agsus.webp","width":1200,"height":628,"caption":"Concurso AgSUS."},{"@type":"BreadcrumbList","@id":"https:\/\/www.aprovaconcursos.com.br\/noticias\/concurso-agsus\/#breadcrumb","itemListElement":[{"@type":"ListItem","position":1,"name":"Home","item":"https:\/\/www.aprovaconcursos.com.br\/noticias\/"},{"@type":"ListItem","position":2,"name":"Concurso AgSUS 2026: sal\u00e1rios de at\u00e9 R$ 10,3 mil"}]},{"@type":"WebSite","@id":"https:\/\/www.aprovaconcursos.com.br\/noticias\/#website","url":"https:\/\/www.aprovaconcursos.com.br\/noticias\/","name":"Aprova Concursos - Not\u00edcias","description":"Fique por dentro das not\u00edcias sobre concursos p\u00fablicos do Brasil inteiro, ENEM, Exame de Ordem (OAB) e Exame de Sufici\u00eancia (CFC). Mantenha-se atualizado aqui!","publisher":{"@id":"https:\/\/www.aprovaconcursos.com.br\/noticias\/#organization"},"potentialAction":[{"@type":"SearchAction","target":{"@type":"EntryPoint","urlTemplate":"https:\/\/www.aprovaconcursos.com.br\/noticias\/?s={search_term_string}"},"query-input":{"@type":"PropertyValueSpecification","valueRequired":true,"valueName":"search_term_string"}}],"inLanguage":"pt-BR"},{"@type":"Organization","@id":"https:\/\/www.aprovaconcursos.com.br\/noticias\/#organization","name":"Aprova Concursos - Not\u00edcias","url":"https:\/\/www.aprovaconcursos.com.br\/noticias\/","logo":{"@type":"ImageObject","inLanguage":"pt-BR","@id":"https:\/\/www.aprovaconcursos.com.br\/noticias\/#\/schema\/logo\/image\/","url":"https:\/\/www.aprovaconcursos.com.br\/noticias\/wp-content\/uploads\/2026\/06\/logo.webp","contentUrl":"https:\/\/www.aprovaconcursos.com.br\/noticias\/wp-content\/uploads\/2026\/06\/logo.webp","width":171,"height":49,"caption":"Aprova Concursos - Not\u00edcias"},"image":{"@id":"https:\/\/www.aprovaconcursos.com.br\/noticias\/#\/schema\/logo\/image\/"},"sameAs":["https:\/\/www.facebook.com\/aprovaconcursos"]},{"@type":"Person","@id":"https:\/\/www.aprovaconcursos.com.br\/noticias\/#\/schema\/person\/02de4047f7bd2cbec9b6b2323204656c","name":"Bruna Silva","image":{"@type":"ImageObject","inLanguage":"pt-BR","@id":"https:\/\/secure.gravatar.com\/avatar\/5fabaa975c4c6bb33544b972597d884f7e9c3a62a662250af1086af52760d20a?s=96&d=mm&r=g","url":"https:\/\/secure.gravatar.com\/avatar\/5fabaa975c4c6bb33544b972597d884f7e9c3a62a662250af1086af52760d20a?s=96&d=mm&r=g","contentUrl":"https:\/\/secure.gravatar.com\/avatar\/5fabaa975c4c6bb33544b972597d884f7e9c3a62a662250af1086af52760d20a?s=96&d=mm&r=g","caption":"Bruna Silva"},"sameAs":["https:\/\/www.aprovaconcursos.com.br\/"],"url":"https:\/\/www.aprovaconcursos.com.br\/noticias\/autor\/bruna-silva\/"}]}},"_links":{"self":[{"href":"https:\/\/www.aprovaconcursos.com.br\/noticias\/wp-json\/wp\/v2\/posts\/167073","targetHints":{"allow":["GET"]}}],"collection":[{"href":"https:\/\/www.aprovaconcursos.com.br\/noticias\/wp-json\/wp\/v2\/posts"}],"about":[{"href":"https:\/\/www.aprovaconcursos.com.br\/noticias\/wp-json\/wp\/v2\/types\/post"}],"author":[{"embeddable":true,"href":"https:\/\/www.aprovaconcursos.com.br\/noticias\/wp-json\/wp\/v2\/users\/6"}],"replies":[{"embeddable":true,"href":"https:\/\/www.aprovaconcursos.com.br\/noticias\/wp-json\/wp\/v2\/comments?post=167073"}],"version-history":[{"count":1,"href":"https:\/\/www.aprovaconcursos.com.br\/noticias\/wp-json\/wp\/v2\/posts\/167073\/revisions"}],"predecessor-version":[{"id":167075,"href":"https:\/\/www.aprovaconcursos.com.br\/noticias\/wp-json\/wp\/v2\/posts\/167073\/revisions\/167075"}],"wp:featuredmedia":[{"embeddable":true,"href":"https:\/\/www.aprovaconcursos.com.br\/noticias\/wp-json\/wp\/v2\/media\/167074"}],"wp:attachment":[{"href":"https:\/\/www.aprovaconcursos.com.br\/noticias\/wp-json\/wp\/v2\/media?parent=167073"}],"wp:term":[{"taxonomy":"category","embeddable":true,"href":"https:\/\/www.aprovaconcursos.com.br\/noticias\/wp-json\/wp\/v2\/categories?post=167073"},{"taxonomy":"post_tag","embeddable":true,"href":"https:\/\/www.aprovaconcursos.com.br\/noticias\/wp-json\/wp\/v2\/tags?post=167073"}],"curies":[{"name":"wp","href":"https:\/\/api.w.org\/{rel}","templated":true}]}}