{"id":167070,"date":"2026-09-03T09:49:10","date_gmt":"2026-09-03T12:49:10","guid":{"rendered":"https:\/\/www.aprovaconcursos.com.br\/noticias\/?p=167070"},"modified":"2026-09-03T09:49:10","modified_gmt":"2026-09-03T12:49:10","slug":"autorizacao-concurso-ti-tj-es","status":"publish","type":"post","link":"https:\/\/www.aprovaconcursos.com.br\/noticias\/autorizacao-concurso-ti-tj-es\/","title":{"rendered":"Concurso TJ ES: autoriza\u00e7\u00e3o para a \u00e1rea de TI deve sair em breve"},"content":{"rendered":"\n<p class=\"wp-block-paragraph\">O <strong>Tribunal de Justi\u00e7a do Esp\u00edrito Santo (TJES)<\/strong> anunciou que vai autorizar a realiza\u00e7\u00e3o de um <strong>concurso p\u00fablico para a \u00e1rea de Tecnologia da Informa\u00e7\u00e3o e Comunica\u00e7\u00e3o (TIC)<\/strong>. O an\u00fancio foi feito na quarta-feira, 2 de setembro de 2026, pela presidente do Tribunal, desembargadora Janete Vargas Sim\u00f5es.<\/p>\n\n\n\n<p class=\"wp-block-paragraph\">At\u00e9 o momento, <strong>n\u00e3o h\u00e1 edital, n\u00famero de vagas, banca ou cronograma definidos<\/strong>. O que existe \u00e9 a sinaliza\u00e7\u00e3o oficial de que o Tribunal seguir\u00e1 com a autoriza\u00e7\u00e3o e, a partir dela, com as etapas de planejamento.<\/p>\n\n\n\n<h2 id=\"h-o-que-foi-anunciado\" class=\"wp-block-heading\">O que foi anunciado<\/h2>\n\n\n\n<p class=\"wp-block-paragraph\">Segundo o comunicado do Tribunal, o concurso integra um conjunto de a\u00e7\u00f5es voltadas ao refor\u00e7o da estrutura de tecnologia. A \u00e1rea \u00e9 tratada pelo TJES como estrat\u00e9gica para o funcionamento dos servi\u00e7os judiciais e administrativos e para o avan\u00e7o da transforma\u00e7\u00e3o digital do Judici\u00e1rio.<\/p>\n\n\n\n<h2 id=\"h-cargos-que-podem-entrar-no-concurso\" class=\"wp-block-heading\">Cargos que podem entrar no concurso<\/h2>\n\n\n\n<p class=\"wp-block-paragraph\">O Tribunal divulgou uma <strong>rela\u00e7\u00e3o preliminar<\/strong> de cargos e especialidades que poder\u00e3o ser contemplados:<\/p>\n\n\n\n<ul class=\"wp-block-list\">\n<li><strong>Analista de Seguran\u00e7a da Informa\u00e7\u00e3o<\/strong><\/li>\n\n\n\n<li><strong>Analista de Sistemas<\/strong>, com especialidades como:\n<ul class=\"wp-block-list\">\n<li>Desenvolvimento de Sistemas<\/li>\n\n\n\n<li>Intelig\u00eancia Artificial<\/li>\n\n\n\n<li>Governan\u00e7a de TI<\/li>\n<\/ul>\n<\/li>\n<\/ul>\n\n\n\n<p class=\"wp-block-paragraph\">A lista n\u00e3o \u00e9 definitiva: o concurso poder\u00e1 contemplar outros cargos e especialidades da \u00e1rea de TIC, que ser\u00e3o definidos durante o planejamento, de acordo com as necessidades do Tribunal.<\/p>\n\n\n\n<h2 id=\"h-proximos-passos-ate-o-edital\" class=\"wp-block-heading\">Pr\u00f3ximos passos at\u00e9 o edital<\/h2>\n\n\n\n<p class=\"wp-block-paragraph\">Com a autoriza\u00e7\u00e3o formalizada, o caminho at\u00e9 a publica\u00e7\u00e3o do edital passa por etapas administrativas previs\u00edveis:<\/p>\n\n\n\n<ol class=\"wp-block-list\">\n<li><strong>Forma\u00e7\u00e3o da comiss\u00e3o organizadora<\/strong> do concurso, por ato oficial.<\/li>\n\n\n\n<li><strong>Defini\u00e7\u00e3o da banca organizadora<\/strong>, por contrata\u00e7\u00e3o ou dispensa formalizada.<\/li>\n\n\n\n<li><strong>Defini\u00e7\u00e3o de vagas, requisitos e cronograma<\/strong> de cada cargo ou especialidade.<\/li>\n\n\n\n<li><strong>Publica\u00e7\u00e3o do edital<\/strong> de abertura no Di\u00e1rio da Justi\u00e7a Eletr\u00f4nico.<\/li>\n<\/ol>\n\n\n\n<p class=\"wp-block-paragraph\">O Tribunal informou que detalhes como n\u00famero de vagas, requisitos por cargo, banca, cronograma e publica\u00e7\u00e3o do edital ser\u00e3o estabelecidos nas pr\u00f3ximas etapas, e que novas informa\u00e7\u00f5es ser\u00e3o divulgadas conforme cada defini\u00e7\u00e3o.<\/p>\n\n\n\n<h2 id=\"h-concurso-e-processo-seletivo-temporario-sao-coisas-distintas\" class=\"wp-block-heading\">Concurso e processo seletivo tempor\u00e1rio s\u00e3o coisas distintas<\/h2>\n\n\n\n<p class=\"wp-block-paragraph\">O TJES tem, em paralelo, um <strong>processo seletivo simplificado para contrata\u00e7\u00e3o tempor\u00e1ria de profissionais de TI<\/strong>, o que costuma gerar confus\u00e3o entre candidatos.<\/p>\n\n\n\n<p class=\"wp-block-paragraph\">O Tribunal esclareceu que o procedimento tempor\u00e1rio \u00e9 distinto do concurso p\u00fablico a ser autorizado e atende \u00e0s necessidades atuais da estrutura enquanto as etapas do novo concurso s\u00e3o desenvolvidas.<\/p>\n\n\n\n<p class=\"wp-block-paragraph\">O <a href=\"https:\/\/www.tjes.jus.br\/tjes-abre-processo-seletivo-para-contratacao-temporaria-de-profissionais-de-tecnologia-da-informacao\/\" target=\"_blank\" rel=\"noopener noreferrer\">Processo Seletivo Simplificado n\u00ba 01\/2026<\/a> previu <strong>30 vagas<\/strong> de n\u00edvel superior para a fun\u00e7\u00e3o de Analista Judici\u00e1rio em especialidades de TI, com remunera\u00e7\u00e3o fixa de R$ 10.798,20 e carga hor\u00e1ria de 40 horas semanais, e inscri\u00e7\u00f5es encerradas em 16 de agosto de 2026. A sele\u00e7\u00e3o \u00e9 feita por <strong>an\u00e1lise de t\u00edtulos, curr\u00edculo e experi\u00eancia<\/strong>, sem prova objetiva, diferente do que se espera de um concurso p\u00fablico de provimento efetivo.<\/p>\n\n\n\n<h2 id=\"h-o-que-ainda-nao-esta-definido\" class=\"wp-block-heading\">O que ainda n\u00e3o est\u00e1 definido<\/h2>\n\n\n\n<p class=\"wp-block-paragraph\">Para evitar expectativa mal calibrada, vale registrar o que <strong>n\u00e3o<\/strong> foi informado:<\/p>\n\n\n\n<ul class=\"wp-block-list\">\n<li><strong>Quantidade de vagas<\/strong> por cargo e por especialidade<\/li>\n\n\n\n<li><strong>Requisitos de forma\u00e7\u00e3o<\/strong> exigidos em cada perfil<\/li>\n\n\n\n<li><strong>Banca organizadora<\/strong><\/li>\n\n\n\n<li><strong>Remunera\u00e7\u00e3o<\/strong> dos cargos efetivos<\/li>\n\n\n\n<li><strong>Datas<\/strong> de publica\u00e7\u00e3o do edital, inscri\u00e7\u00f5es e provas<\/li>\n<\/ul>\n\n\n\n<p class=\"wp-block-paragraph\">Enquanto esses pontos n\u00e3o forem publicados em ato oficial, qualquer n\u00famero que circule sobre o concurso deve ser tratado como estimativa, n\u00e3o como informa\u00e7\u00e3o confirmada.<\/p>\n\n\n\n<p class=\"wp-block-paragraph\"><strong>Quer sair na frente?<\/strong> O Aprova tem <strong><a href=\"https:\/\/www.aprovaconcursos.com.br\/concursos\/tj-es?xcod=%7B%22co%22%3A%22%7B%5C%22u%5C%22%3A%5C%22ba0fd2c7-6b42-43ba-b7c8-853523156241%5C%22%2C%5C%22url%5C%22%3A%5C%22www.aprovaconcursos.com.br%2F%5C%22%2C%5C%22v%5C%22%3A1%7D%22%2C%22u%22%3A%22ba0fd2c7-6b42-43ba-b7c8-853523156241%22%2C%22url%22%3A%22www.aprovaconcursos.com.br%2Fconcursos%2Ftj-es%22%2C%22r%22%3A%22%22%2C%22v%22%3A1%7D&amp;utm_content=%7B%22co%22%3A%22%7B%5C%22u%5C%22%3A%5C%22ba0fd2c7-6b42-43ba-b7c8-853523156241%5C%22%2C%5C%22url%5C%22%3A%5C%22www.aprovaconcursos.com.br%2F%5C%22%2C%5C%22v%5C%22%3A1%7D%22%2C%22u%22%3A%22ba0fd2c7-6b42-43ba-b7c8-853523156241%22%2C%22url%22%3A%22www.aprovaconcursos.com.br%2Fconcursos%2Fsec-ba%22%2C%22v%22%3A1%7D\" target=\"_blank\" rel=\"noopener noreferrer\">curso preparat\u00f3rio para o concurso do TJ ES<\/a><\/strong>, com material atualizado a cada novo ato oficial do Tribunal. Comece a estudar agora e chegue pronto quando o edital sair.<\/p>\n\n\n\n<h2 id=\"h-perguntas-frequentes\" class=\"wp-block-heading\">Perguntas frequentes<\/h2>\n\n\n\n<h3 id=\"h-autorizacao-e-edital-sao-a-mesma-coisa\" class=\"wp-block-heading\">Autoriza\u00e7\u00e3o e edital s\u00e3o a mesma coisa?<\/h3>\n\n\n\n<p class=\"wp-block-paragraph\">N\u00e3o. A autoriza\u00e7\u00e3o \u00e9 o ato administrativo que libera o Tribunal a realizar o concurso. O edital vem depois e \u00e9 o documento que fixa cargos, vagas, requisitos, remunera\u00e7\u00e3o, etapas, banca e cronograma. Entre uma coisa e outra, o \u00f3rg\u00e3o ainda precisa formar a comiss\u00e3o organizadora e definir a banca. S\u00f3 o edital produz efeitos para o candidato.<\/p>\n\n\n\n<h3 id=\"h-o-concurso-do-tj-es-para-ti-tera-prova-objetiva\" class=\"wp-block-heading\">O concurso do TJ ES para TI ter\u00e1 prova objetiva?<\/h3>\n\n\n\n<p class=\"wp-block-paragraph\">O formato de avalia\u00e7\u00e3o ainda n\u00e3o foi divulgado. Concursos p\u00fablicos de provimento efetivo em tribunais estaduais costumam aplicar prova objetiva, mas o TJES n\u00e3o anunciou etapas, disciplinas ou tipo de prova. A defini\u00e7\u00e3o s\u00f3 ser\u00e1 conhecida com a publica\u00e7\u00e3o do edital de abertura.<\/p>\n\n\n\n<h3 id=\"h-o-concurso-anterior-do-tj-es-ainda-esta-valido\" class=\"wp-block-heading\">O concurso anterior do TJ ES ainda est\u00e1 v\u00e1lido?<\/h3>\n\n\n\n<p class=\"wp-block-paragraph\">Sim. O concurso aberto pelo Edital n\u00ba 01\/2023 teve o resultado final homologado em setembro de 2023 e o prazo de validade prorrogado por Resolu\u00e7\u00e3o, alcan\u00e7ando <strong>setembro de 2027<\/strong>. Isso significa que o Tribunal ainda pode convocar aprovados daquele concurso enquanto prepara o novo processo para a \u00e1rea de TIC.<\/p>\n\n\n\n<h3 id=\"h-quem-foi-aprovado-no-processo-seletivo-temporario-ja-esta-no-concurso\" class=\"wp-block-heading\">Quem foi aprovado no processo seletivo tempor\u00e1rio j\u00e1 est\u00e1 no concurso?<\/h3>\n\n\n\n<p class=\"wp-block-paragraph\">N\u00e3o. A classifica\u00e7\u00e3o no Processo Seletivo Simplificado n\u00ba 01\/2026 vale apenas para contrata\u00e7\u00e3o tempor\u00e1ria, com prazo determinado. Ela n\u00e3o gera direito a vaga no concurso p\u00fablico de provimento efetivo. Quem quiser disputar o cargo efetivo ter\u00e1 de se inscrever no novo processo quando o edital for publicado.<\/p>\n\n\n\n<p class=\"wp-block-paragraph\"><\/p>\n","protected":false},"excerpt":{"rendered":"<p>O Tribunal de Justi\u00e7a do Esp\u00edrito Santo (TJES) anunciou que vai autorizar a realiza\u00e7\u00e3o de um concurso p\u00fablico para a \u00e1rea de\u2026<\/p>\n","protected":false},"author":6,"featured_media":167071,"comment_status":"open","ping_status":"open","sticky":false,"template":"","format":"standard","meta":{"footnotes":""},"categories":[11,18699],"tags":[20543],"class_list":["post-167070","post","type-post","status-publish","format-standard","has-post-thumbnail","hentry","category-noticias","category-ultimas-noticias-concursos","tag-tj-es"],"yoast_head":"<!-- This site is optimized with the Yoast SEO Premium plugin v27.9 (Yoast SEO v28.2) - https:\/\/yoast.com\/product\/yoast-seo-premium-wordpress\/ -->\n<title>Concurso TJ ES: autoriza\u00e7\u00e3o para TI deve sair em breve<\/title>\n<meta name=\"description\" content=\"Concurso TJ ES: presid\u00eancia anunciou que a autoriza\u00e7\u00e3o sai em breve. Veja cargos previstos, pr\u00f3ximos passos e o que falta at\u00e9 o edital.\" \/>\n<meta name=\"robots\" content=\"index, follow, max-snippet:-1, max-image-preview:large, max-video-preview:-1\" \/>\n<link rel=\"canonical\" href=\"https:\/\/www.aprovaconcursos.com.br\/noticias\/autorizacao-concurso-ti-tj-es\/\" \/>\n<meta property=\"og:locale\" content=\"pt_BR\" \/>\n<meta property=\"og:type\" content=\"article\" \/>\n<meta property=\"og:title\" content=\"Concurso TJ ES: autoriza\u00e7\u00e3o para a \u00e1rea de TI deve sair em breve\" \/>\n<meta property=\"og:description\" content=\"Concurso TJ ES: presid\u00eancia anunciou que a autoriza\u00e7\u00e3o sai em breve. Veja cargos previstos, pr\u00f3ximos passos e o que falta at\u00e9 o edital.\" \/>\n<meta property=\"og:url\" content=\"https:\/\/www.aprovaconcursos.com.br\/noticias\/autorizacao-concurso-ti-tj-es\/\" \/>\n<meta property=\"og:site_name\" content=\"Aprova Concursos - Not\u00edcias\" \/>\n<meta property=\"article:publisher\" content=\"https:\/\/www.facebook.com\/aprovaconcursos\" \/>\n<meta property=\"article:published_time\" content=\"2026-09-03T12:49:10+00:00\" \/>\n<meta property=\"og:image\" content=\"https:\/\/www.aprovaconcursos.com.br\/noticias\/wp-content\/uploads\/2026\/09\/concurso-tj-es.webp\" \/>\n\t<meta property=\"og:image:width\" content=\"1200\" \/>\n\t<meta property=\"og:image:height\" content=\"628\" \/>\n\t<meta property=\"og:image:type\" content=\"image\/webp\" \/>\n<meta name=\"author\" content=\"Bruna Silva\" \/>\n<meta name=\"twitter:card\" content=\"summary_large_image\" \/>\n<meta name=\"twitter:label1\" content=\"Escrito por\" \/>\n\t<meta name=\"twitter:data1\" content=\"Bruna Silva\" \/>\n\t<meta name=\"twitter:label2\" content=\"Est. tempo de leitura\" \/>\n\t<meta name=\"twitter:data2\" content=\"5 minutos\" \/>\n<script type=\"application\/ld+json\" class=\"yoast-schema-graph\">{\"@context\":\"https:\\\/\\\/schema.org\",\"@graph\":[{\"@type\":\"NewsArticle\",\"@id\":\"https:\\\/\\\/www.aprovaconcursos.com.br\\\/noticias\\\/autorizacao-concurso-ti-tj-es\\\/#article\",\"isPartOf\":{\"@id\":\"https:\\\/\\\/www.aprovaconcursos.com.br\\\/noticias\\\/autorizacao-concurso-ti-tj-es\\\/\"},\"author\":{\"name\":\"Bruna Silva\",\"@id\":\"https:\\\/\\\/www.aprovaconcursos.com.br\\\/noticias\\\/#\\\/schema\\\/person\\\/02de4047f7bd2cbec9b6b2323204656c\"},\"headline\":\"Concurso TJ ES: autoriza\u00e7\u00e3o para a \u00e1rea de TI deve sair em breve\",\"datePublished\":\"2026-09-03T12:49:10+00:00\",\"mainEntityOfPage\":{\"@id\":\"https:\\\/\\\/www.aprovaconcursos.com.br\\\/noticias\\\/autorizacao-concurso-ti-tj-es\\\/\"},\"wordCount\":865,\"commentCount\":0,\"publisher\":{\"@id\":\"https:\\\/\\\/www.aprovaconcursos.com.br\\\/noticias\\\/#organization\"},\"image\":{\"@id\":\"https:\\\/\\\/www.aprovaconcursos.com.br\\\/noticias\\\/autorizacao-concurso-ti-tj-es\\\/#primaryimage\"},\"thumbnailUrl\":\"https:\\\/\\\/www.aprovaconcursos.com.br\\\/noticias\\\/wp-content\\\/uploads\\\/2026\\\/09\\\/concurso-tj-es.webp\",\"keywords\":[\"TJ ES\"],\"articleSection\":[\"Not\u00edcias\",\"\u00daltimas Not\u00edcias\"],\"inLanguage\":\"pt-BR\",\"potentialAction\":[{\"@type\":\"CommentAction\",\"name\":\"Comment\",\"target\":[\"https:\\\/\\\/www.aprovaconcursos.com.br\\\/noticias\\\/autorizacao-concurso-ti-tj-es\\\/#respond\"]}],\"copyrightYear\":\"2026\",\"copyrightHolder\":{\"@id\":\"https:\\\/\\\/www.aprovaconcursos.com.br\\\/noticias\\\/#organization\"}},{\"@type\":\"WebPage\",\"@id\":\"https:\\\/\\\/www.aprovaconcursos.com.br\\\/noticias\\\/autorizacao-concurso-ti-tj-es\\\/\",\"url\":\"https:\\\/\\\/www.aprovaconcursos.com.br\\\/noticias\\\/autorizacao-concurso-ti-tj-es\\\/\",\"name\":\"Concurso TJ ES: autoriza\u00e7\u00e3o para TI deve sair em breve\",\"isPartOf\":{\"@id\":\"https:\\\/\\\/www.aprovaconcursos.com.br\\\/noticias\\\/#website\"},\"primaryImageOfPage\":{\"@id\":\"https:\\\/\\\/www.aprovaconcursos.com.br\\\/noticias\\\/autorizacao-concurso-ti-tj-es\\\/#primaryimage\"},\"image\":{\"@id\":\"https:\\\/\\\/www.aprovaconcursos.com.br\\\/noticias\\\/autorizacao-concurso-ti-tj-es\\\/#primaryimage\"},\"thumbnailUrl\":\"https:\\\/\\\/www.aprovaconcursos.com.br\\\/noticias\\\/wp-content\\\/uploads\\\/2026\\\/09\\\/concurso-tj-es.webp\",\"datePublished\":\"2026-09-03T12:49:10+00:00\",\"description\":\"Concurso TJ ES: presid\u00eancia anunciou que a autoriza\u00e7\u00e3o sai em breve. Veja cargos previstos, pr\u00f3ximos passos e o que falta at\u00e9 o edital.\",\"breadcrumb\":{\"@id\":\"https:\\\/\\\/www.aprovaconcursos.com.br\\\/noticias\\\/autorizacao-concurso-ti-tj-es\\\/#breadcrumb\"},\"inLanguage\":\"pt-BR\",\"potentialAction\":[{\"@type\":\"ReadAction\",\"target\":[\"https:\\\/\\\/www.aprovaconcursos.com.br\\\/noticias\\\/autorizacao-concurso-ti-tj-es\\\/\"]}]},{\"@type\":\"ImageObject\",\"inLanguage\":\"pt-BR\",\"@id\":\"https:\\\/\\\/www.aprovaconcursos.com.br\\\/noticias\\\/autorizacao-concurso-ti-tj-es\\\/#primaryimage\",\"url\":\"https:\\\/\\\/www.aprovaconcursos.com.br\\\/noticias\\\/wp-content\\\/uploads\\\/2026\\\/09\\\/concurso-tj-es.webp\",\"contentUrl\":\"https:\\\/\\\/www.aprovaconcursos.com.br\\\/noticias\\\/wp-content\\\/uploads\\\/2026\\\/09\\\/concurso-tj-es.webp\",\"width\":1200,\"height\":628,\"caption\":\"Concurso TJ ES.\"},{\"@type\":\"BreadcrumbList\",\"@id\":\"https:\\\/\\\/www.aprovaconcursos.com.br\\\/noticias\\\/autorizacao-concurso-ti-tj-es\\\/#breadcrumb\",\"itemListElement\":[{\"@type\":\"ListItem\",\"position\":1,\"name\":\"Home\",\"item\":\"https:\\\/\\\/www.aprovaconcursos.com.br\\\/noticias\\\/\"},{\"@type\":\"ListItem\",\"position\":2,\"name\":\"Concurso TJ ES: autoriza\u00e7\u00e3o para a \u00e1rea de TI deve sair em breve\"}]},{\"@type\":\"WebSite\",\"@id\":\"https:\\\/\\\/www.aprovaconcursos.com.br\\\/noticias\\\/#website\",\"url\":\"https:\\\/\\\/www.aprovaconcursos.com.br\\\/noticias\\\/\",\"name\":\"Aprova Concursos - Not\u00edcias\",\"description\":\"Fique por dentro das not\u00edcias sobre concursos p\u00fablicos do Brasil inteiro, ENEM, Exame de Ordem (OAB) e Exame de Sufici\u00eancia (CFC). Mantenha-se atualizado aqui!\",\"publisher\":{\"@id\":\"https:\\\/\\\/www.aprovaconcursos.com.br\\\/noticias\\\/#organization\"},\"potentialAction\":[{\"@type\":\"SearchAction\",\"target\":{\"@type\":\"EntryPoint\",\"urlTemplate\":\"https:\\\/\\\/www.aprovaconcursos.com.br\\\/noticias\\\/?s={search_term_string}\"},\"query-input\":{\"@type\":\"PropertyValueSpecification\",\"valueRequired\":true,\"valueName\":\"search_term_string\"}}],\"inLanguage\":\"pt-BR\"},{\"@type\":\"Organization\",\"@id\":\"https:\\\/\\\/www.aprovaconcursos.com.br\\\/noticias\\\/#organization\",\"name\":\"Aprova Concursos - Not\u00edcias\",\"url\":\"https:\\\/\\\/www.aprovaconcursos.com.br\\\/noticias\\\/\",\"logo\":{\"@type\":\"ImageObject\",\"inLanguage\":\"pt-BR\",\"@id\":\"https:\\\/\\\/www.aprovaconcursos.com.br\\\/noticias\\\/#\\\/schema\\\/logo\\\/image\\\/\",\"url\":\"https:\\\/\\\/www.aprovaconcursos.com.br\\\/noticias\\\/wp-content\\\/uploads\\\/2026\\\/06\\\/logo.webp\",\"contentUrl\":\"https:\\\/\\\/www.aprovaconcursos.com.br\\\/noticias\\\/wp-content\\\/uploads\\\/2026\\\/06\\\/logo.webp\",\"width\":171,\"height\":49,\"caption\":\"Aprova Concursos - Not\u00edcias\"},\"image\":{\"@id\":\"https:\\\/\\\/www.aprovaconcursos.com.br\\\/noticias\\\/#\\\/schema\\\/logo\\\/image\\\/\"},\"sameAs\":[\"https:\\\/\\\/www.facebook.com\\\/aprovaconcursos\"]},{\"@type\":\"Person\",\"@id\":\"https:\\\/\\\/www.aprovaconcursos.com.br\\\/noticias\\\/#\\\/schema\\\/person\\\/02de4047f7bd2cbec9b6b2323204656c\",\"name\":\"Bruna Silva\",\"image\":{\"@type\":\"ImageObject\",\"inLanguage\":\"pt-BR\",\"@id\":\"https:\\\/\\\/secure.gravatar.com\\\/avatar\\\/5fabaa975c4c6bb33544b972597d884f7e9c3a62a662250af1086af52760d20a?s=96&d=mm&r=g\",\"url\":\"https:\\\/\\\/secure.gravatar.com\\\/avatar\\\/5fabaa975c4c6bb33544b972597d884f7e9c3a62a662250af1086af52760d20a?s=96&d=mm&r=g\",\"contentUrl\":\"https:\\\/\\\/secure.gravatar.com\\\/avatar\\\/5fabaa975c4c6bb33544b972597d884f7e9c3a62a662250af1086af52760d20a?s=96&d=mm&r=g\",\"caption\":\"Bruna Silva\"},\"sameAs\":[\"https:\\\/\\\/www.aprovaconcursos.com.br\\\/\"],\"url\":\"https:\\\/\\\/www.aprovaconcursos.com.br\\\/noticias\\\/autor\\\/bruna-silva\\\/\"}]}<\/script>\n<!-- \/ Yoast SEO Premium plugin. -->","yoast_head_json":{"title":"Concurso TJ ES: autoriza\u00e7\u00e3o para TI deve sair em breve","description":"Concurso TJ ES: presid\u00eancia anunciou que a autoriza\u00e7\u00e3o sai em breve. Veja cargos previstos, pr\u00f3ximos passos e o que falta at\u00e9 o edital.","robots":{"index":"index","follow":"follow","max-snippet":"max-snippet:-1","max-image-preview":"max-image-preview:large","max-video-preview":"max-video-preview:-1"},"canonical":"https:\/\/www.aprovaconcursos.com.br\/noticias\/autorizacao-concurso-ti-tj-es\/","og_locale":"pt_BR","og_type":"article","og_title":"Concurso TJ ES: autoriza\u00e7\u00e3o para a \u00e1rea de TI deve sair em breve","og_description":"Concurso TJ ES: presid\u00eancia anunciou que a autoriza\u00e7\u00e3o sai em breve. Veja cargos previstos, pr\u00f3ximos passos e o que falta at\u00e9 o edital.","og_url":"https:\/\/www.aprovaconcursos.com.br\/noticias\/autorizacao-concurso-ti-tj-es\/","og_site_name":"Aprova Concursos - Not\u00edcias","article_publisher":"https:\/\/www.facebook.com\/aprovaconcursos","article_published_time":"2026-09-03T12:49:10+00:00","og_image":[{"width":1200,"height":628,"url":"https:\/\/www.aprovaconcursos.com.br\/noticias\/wp-content\/uploads\/2026\/09\/concurso-tj-es.webp","type":"image\/webp"}],"author":"Bruna Silva","twitter_card":"summary_large_image","twitter_misc":{"Escrito por":"Bruna Silva","Est. tempo de leitura":"5 minutos"},"schema":{"@context":"https:\/\/schema.org","@graph":[{"@type":"NewsArticle","@id":"https:\/\/www.aprovaconcursos.com.br\/noticias\/autorizacao-concurso-ti-tj-es\/#article","isPartOf":{"@id":"https:\/\/www.aprovaconcursos.com.br\/noticias\/autorizacao-concurso-ti-tj-es\/"},"author":{"name":"Bruna Silva","@id":"https:\/\/www.aprovaconcursos.com.br\/noticias\/#\/schema\/person\/02de4047f7bd2cbec9b6b2323204656c"},"headline":"Concurso TJ ES: autoriza\u00e7\u00e3o para a \u00e1rea de TI deve sair em breve","datePublished":"2026-09-03T12:49:10+00:00","mainEntityOfPage":{"@id":"https:\/\/www.aprovaconcursos.com.br\/noticias\/autorizacao-concurso-ti-tj-es\/"},"wordCount":865,"commentCount":0,"publisher":{"@id":"https:\/\/www.aprovaconcursos.com.br\/noticias\/#organization"},"image":{"@id":"https:\/\/www.aprovaconcursos.com.br\/noticias\/autorizacao-concurso-ti-tj-es\/#primaryimage"},"thumbnailUrl":"https:\/\/www.aprovaconcursos.com.br\/noticias\/wp-content\/uploads\/2026\/09\/concurso-tj-es.webp","keywords":["TJ ES"],"articleSection":["Not\u00edcias","\u00daltimas Not\u00edcias"],"inLanguage":"pt-BR","potentialAction":[{"@type":"CommentAction","name":"Comment","target":["https:\/\/www.aprovaconcursos.com.br\/noticias\/autorizacao-concurso-ti-tj-es\/#respond"]}],"copyrightYear":"2026","copyrightHolder":{"@id":"https:\/\/www.aprovaconcursos.com.br\/noticias\/#organization"}},{"@type":"WebPage","@id":"https:\/\/www.aprovaconcursos.com.br\/noticias\/autorizacao-concurso-ti-tj-es\/","url":"https:\/\/www.aprovaconcursos.com.br\/noticias\/autorizacao-concurso-ti-tj-es\/","name":"Concurso TJ ES: autoriza\u00e7\u00e3o para TI deve sair em breve","isPartOf":{"@id":"https:\/\/www.aprovaconcursos.com.br\/noticias\/#website"},"primaryImageOfPage":{"@id":"https:\/\/www.aprovaconcursos.com.br\/noticias\/autorizacao-concurso-ti-tj-es\/#primaryimage"},"image":{"@id":"https:\/\/www.aprovaconcursos.com.br\/noticias\/autorizacao-concurso-ti-tj-es\/#primaryimage"},"thumbnailUrl":"https:\/\/www.aprovaconcursos.com.br\/noticias\/wp-content\/uploads\/2026\/09\/concurso-tj-es.webp","datePublished":"2026-09-03T12:49:10+00:00","description":"Concurso TJ ES: presid\u00eancia anunciou que a autoriza\u00e7\u00e3o sai em breve. Veja cargos previstos, pr\u00f3ximos passos e o que falta at\u00e9 o edital.","breadcrumb":{"@id":"https:\/\/www.aprovaconcursos.com.br\/noticias\/autorizacao-concurso-ti-tj-es\/#breadcrumb"},"inLanguage":"pt-BR","potentialAction":[{"@type":"ReadAction","target":["https:\/\/www.aprovaconcursos.com.br\/noticias\/autorizacao-concurso-ti-tj-es\/"]}]},{"@type":"ImageObject","inLanguage":"pt-BR","@id":"https:\/\/www.aprovaconcursos.com.br\/noticias\/autorizacao-concurso-ti-tj-es\/#primaryimage","url":"https:\/\/www.aprovaconcursos.com.br\/noticias\/wp-content\/uploads\/2026\/09\/concurso-tj-es.webp","contentUrl":"https:\/\/www.aprovaconcursos.com.br\/noticias\/wp-content\/uploads\/2026\/09\/concurso-tj-es.webp","width":1200,"height":628,"caption":"Concurso TJ ES."},{"@type":"BreadcrumbList","@id":"https:\/\/www.aprovaconcursos.com.br\/noticias\/autorizacao-concurso-ti-tj-es\/#breadcrumb","itemListElement":[{"@type":"ListItem","position":1,"name":"Home","item":"https:\/\/www.aprovaconcursos.com.br\/noticias\/"},{"@type":"ListItem","position":2,"name":"Concurso TJ ES: autoriza\u00e7\u00e3o para a \u00e1rea de TI deve sair em breve"}]},{"@type":"WebSite","@id":"https:\/\/www.aprovaconcursos.com.br\/noticias\/#website","url":"https:\/\/www.aprovaconcursos.com.br\/noticias\/","name":"Aprova Concursos - Not\u00edcias","description":"Fique por dentro das not\u00edcias sobre concursos p\u00fablicos do Brasil inteiro, ENEM, Exame de Ordem (OAB) e Exame de Sufici\u00eancia (CFC). Mantenha-se atualizado aqui!","publisher":{"@id":"https:\/\/www.aprovaconcursos.com.br\/noticias\/#organization"},"potentialAction":[{"@type":"SearchAction","target":{"@type":"EntryPoint","urlTemplate":"https:\/\/www.aprovaconcursos.com.br\/noticias\/?s={search_term_string}"},"query-input":{"@type":"PropertyValueSpecification","valueRequired":true,"valueName":"search_term_string"}}],"inLanguage":"pt-BR"},{"@type":"Organization","@id":"https:\/\/www.aprovaconcursos.com.br\/noticias\/#organization","name":"Aprova Concursos - Not\u00edcias","url":"https:\/\/www.aprovaconcursos.com.br\/noticias\/","logo":{"@type":"ImageObject","inLanguage":"pt-BR","@id":"https:\/\/www.aprovaconcursos.com.br\/noticias\/#\/schema\/logo\/image\/","url":"https:\/\/www.aprovaconcursos.com.br\/noticias\/wp-content\/uploads\/2026\/06\/logo.webp","contentUrl":"https:\/\/www.aprovaconcursos.com.br\/noticias\/wp-content\/uploads\/2026\/06\/logo.webp","width":171,"height":49,"caption":"Aprova Concursos - Not\u00edcias"},"image":{"@id":"https:\/\/www.aprovaconcursos.com.br\/noticias\/#\/schema\/logo\/image\/"},"sameAs":["https:\/\/www.facebook.com\/aprovaconcursos"]},{"@type":"Person","@id":"https:\/\/www.aprovaconcursos.com.br\/noticias\/#\/schema\/person\/02de4047f7bd2cbec9b6b2323204656c","name":"Bruna Silva","image":{"@type":"ImageObject","inLanguage":"pt-BR","@id":"https:\/\/secure.gravatar.com\/avatar\/5fabaa975c4c6bb33544b972597d884f7e9c3a62a662250af1086af52760d20a?s=96&d=mm&r=g","url":"https:\/\/secure.gravatar.com\/avatar\/5fabaa975c4c6bb33544b972597d884f7e9c3a62a662250af1086af52760d20a?s=96&d=mm&r=g","contentUrl":"https:\/\/secure.gravatar.com\/avatar\/5fabaa975c4c6bb33544b972597d884f7e9c3a62a662250af1086af52760d20a?s=96&d=mm&r=g","caption":"Bruna Silva"},"sameAs":["https:\/\/www.aprovaconcursos.com.br\/"],"url":"https:\/\/www.aprovaconcursos.com.br\/noticias\/autor\/bruna-silva\/"}]}},"_links":{"self":[{"href":"https:\/\/www.aprovaconcursos.com.br\/noticias\/wp-json\/wp\/v2\/posts\/167070","targetHints":{"allow":["GET"]}}],"collection":[{"href":"https:\/\/www.aprovaconcursos.com.br\/noticias\/wp-json\/wp\/v2\/posts"}],"about":[{"href":"https:\/\/www.aprovaconcursos.com.br\/noticias\/wp-json\/wp\/v2\/types\/post"}],"author":[{"embeddable":true,"href":"https:\/\/www.aprovaconcursos.com.br\/noticias\/wp-json\/wp\/v2\/users\/6"}],"replies":[{"embeddable":true,"href":"https:\/\/www.aprovaconcursos.com.br\/noticias\/wp-json\/wp\/v2\/comments?post=167070"}],"version-history":[{"count":1,"href":"https:\/\/www.aprovaconcursos.com.br\/noticias\/wp-json\/wp\/v2\/posts\/167070\/revisions"}],"predecessor-version":[{"id":167072,"href":"https:\/\/www.aprovaconcursos.com.br\/noticias\/wp-json\/wp\/v2\/posts\/167070\/revisions\/167072"}],"wp:featuredmedia":[{"embeddable":true,"href":"https:\/\/www.aprovaconcursos.com.br\/noticias\/wp-json\/wp\/v2\/media\/167071"}],"wp:attachment":[{"href":"https:\/\/www.aprovaconcursos.com.br\/noticias\/wp-json\/wp\/v2\/media?parent=167070"}],"wp:term":[{"taxonomy":"category","embeddable":true,"href":"https:\/\/www.aprovaconcursos.com.br\/noticias\/wp-json\/wp\/v2\/categories?post=167070"},{"taxonomy":"post_tag","embeddable":true,"href":"https:\/\/www.aprovaconcursos.com.br\/noticias\/wp-json\/wp\/v2\/tags?post=167070"}],"curies":[{"name":"wp","href":"https:\/\/api.w.org\/{rel}","templated":true}]}}