{"id":167067,"date":"2026-09-03T09:26:09","date_gmt":"2026-09-03T12:26:09","guid":{"rendered":"https:\/\/www.aprovaconcursos.com.br\/noticias\/?p=167067"},"modified":"2026-09-03T09:26:10","modified_gmt":"2026-09-03T12:26:10","slug":"concurso-sec-ba","status":"publish","type":"post","link":"https:\/\/www.aprovaconcursos.com.br\/noticias\/concurso-sec-ba\/","title":{"rendered":"Concurso SEC BA: edital previsto e mais de 6 mil vagas"},"content":{"rendered":"\n<h2 id=\"h-resumo-e-situacao-atual\" class=\"wp-block-heading\">Resumo e situa\u00e7\u00e3o atual<\/h2>\n\n\n\n<p class=\"wp-block-paragraph\">O <strong>concurso SEC BA<\/strong> para cargos efetivos <strong>ainda n\u00e3o teve edital publicado<\/strong>. A Secretaria da Educa\u00e7\u00e3o do Estado da Bahia confirmou em janeiro de 2026 a inten\u00e7\u00e3o de realizar uma nova sele\u00e7\u00e3o, com <strong>previs\u00e3o de mais de 6 mil vagas<\/strong>, e o compromisso p\u00fablico de publicar o documento <strong>at\u00e9 abril de 2026<\/strong>, prazo que n\u00e3o foi cumprido.<\/p>\n\n\n\n<p class=\"wp-block-paragraph\">At\u00e9 esta data, a p\u00e1gina oficial de <a href=\"https:\/\/www.ba.gov.br\/educacao\/selecoes-e-concursos\" target=\"_blank\" rel=\"noopener noreferrer\">sele\u00e7\u00f5es e concursos da Secretaria da Educa\u00e7\u00e3o<\/a> n\u00e3o lista nenhum edital de concurso p\u00fablico efetivo para Professor ou Coordenador Pedag\u00f3gico. Os editais ativos da SEC BA em 2026 s\u00e3o de <strong>processos seletivos tempor\u00e1rios (REDA)<\/strong>, que seguem em fase de convoca\u00e7\u00e3o de aprovados.<\/p>\n\n\n\n<p class=\"wp-block-paragraph\"><strong>\u00daltima movimenta\u00e7\u00e3o:<\/strong> em 2 de setembro de 2026, a SEC convocou 369 aprovados do processo seletivo de T\u00e9cnico de N\u00edvel M\u00e9dio, referente ao Edital SEC\/SUDEPE n\u00ba 004\/2026.<\/p>\n\n\n\n<p class=\"wp-block-paragraph\"><strong>Pr\u00f3ximo passo:<\/strong> aguardar a publica\u00e7\u00e3o do edital do concurso efetivo no <a href=\"https:\/\/dool.egba.ba.gov.br\" target=\"_blank\" rel=\"noopener noreferrer\">Di\u00e1rio Oficial do Estado da Bahia<\/a>. A aplica\u00e7\u00e3o da <strong>Prova Nacional Docente (PND) 2026<\/strong>, marcada para 20 de setembro, \u00e9 o marco mais pr\u00f3ximo capaz de destravar o cronograma, j\u00e1 que a Secretaria sinalizou que pretende usar o exame como etapa da sele\u00e7\u00e3o.<\/p>\n\n\n\n<h2 id=\"h-solicitacao-e-autorizacao\" class=\"wp-block-heading\">Solicita\u00e7\u00e3o e autoriza\u00e7\u00e3o<\/h2>\n\n\n\n<p class=\"wp-block-paragraph\">A confirma\u00e7\u00e3o do novo concurso partiu da pr\u00f3pria <strong>secret\u00e1ria de Educa\u00e7\u00e3o, Rowenna Brito<\/strong>, em transmiss\u00e3o nas redes sociais no dia <strong>8 de janeiro de 2026<\/strong>. Na ocasi\u00e3o, ela informou dois pontos: a inten\u00e7\u00e3o de aderir \u00e0 Prova Nacional Docente e a previs\u00e3o de publica\u00e7\u00e3o do edital at\u00e9 abril de 2026.<\/p>\n\n\n\n<p class=\"wp-block-paragraph\">O an\u00fancio se soma ao movimento de reposi\u00e7\u00e3o de pessoal na rede estadual. Em <strong>6 de janeiro de 2025<\/strong>, o governador Jer\u00f4nimo Rodrigues anunciou a contrata\u00e7\u00e3o de mais de 8 mil profissionais para a educa\u00e7\u00e3o b\u00e1sica, incluindo nomea\u00e7\u00f5es de aprovados no concurso de 2022 e a abertura de novas sele\u00e7\u00f5es.<\/p>\n\n\n\n<p class=\"wp-block-paragraph\"><strong>Aten\u00e7\u00e3o ao est\u00e1gio atual:<\/strong> n\u00e3o h\u00e1, at\u00e9 o momento, decreto ou portaria de autoriza\u00e7\u00e3o espec\u00edfica do novo concurso identificada no Di\u00e1rio Oficial do Estado. O que existe \u00e9 <strong>declara\u00e7\u00e3o oficial atribu\u00edvel<\/strong>, n\u00e3o ato administrativo publicado. Essa distin\u00e7\u00e3o importa porque o cronograma s\u00f3 passa a ter previsibilidade jur\u00eddica ap\u00f3s a formaliza\u00e7\u00e3o.<\/p>\n\n\n\n<h2 id=\"h-comissao-e-banca\" class=\"wp-block-heading\">Comiss\u00e3o e banca<\/h2>\n\n\n\n<p class=\"wp-block-paragraph\"><strong>Nenhuma banca organizadora foi contratada ou divulgada<\/strong> para o novo concurso SEC BA. Tamb\u00e9m n\u00e3o h\u00e1 portaria de comiss\u00e3o organizadora espec\u00edfica desta sele\u00e7\u00e3o.<\/p>\n\n\n\n<p class=\"wp-block-paragraph\">O que j\u00e1 est\u00e1 definido \u00e9 o <strong>modelo de avalia\u00e7\u00e3o pretendido<\/strong>. A Secretaria informou que quer usar a <strong>Prova Nacional Docente<\/strong>, criada pelo Minist\u00e9rio da Educa\u00e7\u00e3o dentro do programa Mais Professores para o Brasil. A <strong>Portaria MEC n\u00ba 300\/2026<\/strong>, de 6 de abril de 2026, oficializou a PND como instrumento de avalia\u00e7\u00e3o unificada, que pode ser adotada por estados, munic\u00edpios e pelo Distrito Federal como etapa de concursos e processos seletivos para a educa\u00e7\u00e3o b\u00e1sica.<\/p>\n\n\n\n<p class=\"wp-block-paragraph\">Na pr\u00e1tica, a nota da PND pode ser usada de tr\u00eas formas: substituindo integralmente as provas objetivas e discursivas locais, funcionando como etapa \u00fanica ou complementar, ou servindo como crit\u00e9rio eliminat\u00f3rio e classificat\u00f3rio. <strong>Qual dessas formas a Bahia vai adotar s\u00f3 ser\u00e1 conhecido com a publica\u00e7\u00e3o do edital.<\/strong><\/p>\n\n\n\n<p class=\"wp-block-paragraph\">Como refer\u00eancia hist\u00f3rica, o \u00faltimo concurso efetivo, em 2022, foi organizado pela <strong>Funda\u00e7\u00e3o Carlos Chagas (FCC)<\/strong>, com prova objetiva, prova discursiva e avalia\u00e7\u00e3o de t\u00edtulos.<\/p>\n\n\n\n<h2 id=\"h-edital\" class=\"wp-block-heading\">Edital<\/h2>\n\n\n\n<p class=\"wp-block-paragraph\">O edital do concurso SEC BA <strong>n\u00e3o foi publicado<\/strong>. A previs\u00e3o anunciada pela Secretaria era abril de 2026.<\/p>\n\n\n\n<p class=\"wp-block-paragraph\">O que se sabe sobre o documento futuro:<\/p>\n\n\n\n<ul class=\"wp-block-list\">\n<li><strong>V\u00ednculo:<\/strong> cargo efetivo, com regime estatut\u00e1rio, diferente dos contratos tempor\u00e1rios por REDA que a SEC BA tem publicado anualmente.<\/li>\n\n\n\n<li><strong>Vagas previstas:<\/strong> mais de 6 mil, n\u00famero ainda sem detalhamento por cargo ou especialidade.<\/li>\n\n\n\n<li><strong>Avalia\u00e7\u00e3o:<\/strong> deve incorporar a nota da Prova Nacional Docente.<\/li>\n\n\n\n<li><strong>Cargos:<\/strong> em defini\u00e7\u00e3o. A estrutura da carreira contempla Professor da Educa\u00e7\u00e3o B\u00e1sica e Coordenador Pedag\u00f3gico.<\/li>\n<\/ul>\n\n\n\n<p class=\"wp-block-paragraph\">Quando o edital sair, ser\u00e1 publicado no Di\u00e1rio Oficial do Estado e disponibilizado na p\u00e1gina oficial da Secretaria.<\/p>\n\n\n\n<h2 id=\"h-vagas-cargos-e-remuneracao\" class=\"wp-block-heading\">Vagas, cargos e remunera\u00e7\u00e3o<\/h2>\n\n\n\n<p class=\"wp-block-paragraph\">Os dados abaixo <strong>n\u00e3o s\u00e3o do novo ciclo<\/strong>, s\u00e3o do \u00faltimo concurso efetivo, publicado em 2022, e servem apenas como par\u00e2metro at\u00e9 que o edital atual seja divulgado.<\/p>\n\n\n\n<figure class=\"wp-block-table\"><table class=\"has-fixed-layout\"><thead><tr><th>Cargo<\/th><th>Vagas (2022)<\/th><th>Remunera\u00e7\u00e3o inicial<\/th><\/tr><\/thead><tbody><tr><td>Professor Padr\u00e3o P \u2013 Grau III<\/td><td>1.806<\/td><td>R$ 5.050,43<\/td><\/tr><tr><td>Coordenador Pedag\u00f3gico Padr\u00e3o P \u2013 Grau III<\/td><td>307<\/td><td>R$ 5.187,88<\/td><\/tr><tr><td><strong>Total<\/strong><\/td><td><strong>2.113<\/strong><\/td><td>\u2014<\/td><\/tr><\/tbody><\/table><\/figure>\n\n\n\n<p class=\"wp-block-paragraph\">As vagas de Professor contemplaram Artes, Biologia, Educa\u00e7\u00e3o F\u00edsica, Filosofia, F\u00edsica, Geografia, Hist\u00f3ria, L\u00edngua Inglesa, L\u00edngua Portuguesa, Matem\u00e1tica, Qu\u00edmica e Sociologia. Havia ainda reserva para escolas ind\u00edgenas, com exig\u00eancia de pertencimento \u00e0 etnia, conforme a Lei estadual n\u00ba 12.046\/2011.<\/p>\n\n\n\n<p class=\"wp-block-paragraph\">Para o novo ciclo, a previs\u00e3o divulgada \u00e9 de <strong>mais de 6 mil vagas<\/strong>, quase o triplo da edi\u00e7\u00e3o anterior. O n\u00famero n\u00e3o tem confirma\u00e7\u00e3o em documento oficial e pode mudar no edital.<\/p>\n\n\n\n<h2 id=\"h-provas-e-locais\" class=\"wp-block-heading\">Provas e locais<\/h2>\n\n\n\n<p class=\"wp-block-paragraph\">N\u00e3o h\u00e1 data, local ou formato de prova definidos para o concurso efetivo.<\/p>\n\n\n\n<p class=\"wp-block-paragraph\">A data relevante no calend\u00e1rio atual \u00e9 a da <strong>Prova Nacional Docente 2026, aplicada em 20 de setembro<\/strong>, em todos os estados e no Distrito Federal. As inscri\u00e7\u00f5es no exame ocorreram entre 22 de junho e 3 de julho de 2026, com taxa de R$ 85,00, e j\u00e1 est\u00e3o encerradas.<\/p>\n\n\n\n<p class=\"wp-block-paragraph\"><strong>Ponto cr\u00edtico para quem quer a vaga na Bahia:<\/strong> participar da PND n\u00e3o \u00e9 o mesmo que se inscrever no concurso SEC BA. Se a Secretaria confirmar o uso da nota, o candidato precisar\u00e1 se inscrever tamb\u00e9m na sele\u00e7\u00e3o estadual, quando o edital for publicado, para que o desempenho no exame nacional seja aproveitado.<\/p>\n\n\n\n<h2 id=\"h-cronologia\" class=\"wp-block-heading\">Cronologia<\/h2>\n\n\n\n<ul class=\"wp-block-list\">\n<li><strong>06\/01\/2025<\/strong> \u2014 Governador Jer\u00f4nimo Rodrigues anuncia contrata\u00e7\u00e3o de mais de 8 mil profissionais para a rede estadual de educa\u00e7\u00e3o.<\/li>\n\n\n\n<li><strong>21\/03\/2025<\/strong> \u2014 Primeiras sinaliza\u00e7\u00f5es de que a SEC BA adotaria a Prova Nacional Docente em sele\u00e7\u00f5es futuras.<\/li>\n\n\n\n<li><strong>31\/12\/2025<\/strong> \u2014 Secretaria informa que o edital do novo concurso deve sair at\u00e9 abril de 2026.<\/li>\n\n\n\n<li><strong>08\/01\/2026<\/strong> \u2014 Em live, a secret\u00e1ria Rowenna Brito confirma a ades\u00e3o \u00e0 PND e reitera o prazo de abril, com mais de 6 mil vagas previstas.<\/li>\n\n\n\n<li><strong>22\/01\/2026<\/strong> \u2014 Publicados os Editais SEC\/SUDEPE n\u00ba 002, 003 e 004\/2026, processos seletivos REDA com 2.777 vagas, organizados pelo IBFC.<\/li>\n\n\n\n<li><strong>29\/03\/2026<\/strong> \u2014 Aplica\u00e7\u00e3o das provas objetivas dos processos seletivos REDA.<\/li>\n\n\n\n<li><strong>abril\/2026<\/strong> \u2014 Prazo anunciado para o edital do concurso efetivo termina sem publica\u00e7\u00e3o.<\/li>\n\n\n\n<li><strong>06\/04\/2026<\/strong> \u2014 Portaria MEC n\u00ba 300\/2026 oficializa a PND como instrumento de avalia\u00e7\u00e3o unificada.<\/li>\n\n\n\n<li><strong>13\/05\/2026<\/strong> \u2014 Resultado final e homologa\u00e7\u00e3o dos tr\u00eas processos seletivos REDA de 2026.<\/li>\n\n\n\n<li><strong>17\/06\/2026<\/strong> \u2014 Encerra o prazo de ades\u00e3o dos entes federativos \u00e0 PND 2026 via SIMEC.<\/li>\n\n\n\n<li><strong>19\/06\/2026<\/strong> \u2014 MEC publica a portaria com os entes participantes da PND 2026.<\/li>\n\n\n\n<li><strong>02\/09\/2026<\/strong> \u2014 SEC convoca 369 aprovados do Edital SEC\/SUDEPE n\u00ba 004\/2026, T\u00e9cnico de N\u00edvel M\u00e9dio.<\/li>\n\n\n\n<li><strong>20\/09\/2026<\/strong> \u2014 Data prevista para a aplica\u00e7\u00e3o da Prova Nacional Docente 2026.<\/li>\n<\/ul>\n\n\n\n<h2 id=\"h-ultimas-noticias\" class=\"wp-block-heading\">\u00daltimas not\u00edcias<\/h2>\n\n\n\n<p class=\"wp-block-paragraph\"><strong>Secretaria convoca 369 t\u00e9cnicos de n\u00edvel m\u00e9dio aprovados no REDA (02\/09\/2026)<\/strong><br>A chamada saiu no Di\u00e1rio Oficial do Estado e \u00e9 a primeira de uma s\u00e9rie prevista para o ano, com o objetivo de preencher as 2.500 vagas do Edital SEC\/SUDEPE n\u00ba 004\/2026 e recompor o quadro administrativo da rede.<\/p>\n\n\n\n<p class=\"wp-block-paragraph\"><strong>Prova Nacional Docente 2026 tem aplica\u00e7\u00e3o marcada para 20 de setembro<\/strong><br>O exame do MEC pode ser usado como etapa do concurso SEC BA. As inscri\u00e7\u00f5es foram encerradas em 3 de julho e a nota poder\u00e1 substituir provas locais, atuar como etapa complementar ou funcionar como crit\u00e9rio de corte.<\/p>\n\n\n\n<p class=\"wp-block-paragraph\"><strong>SEC BA confirma ades\u00e3o \u00e0 PND e prev\u00ea mais de 6 mil vagas (08\/01\/2026)<\/strong><br>A secret\u00e1ria Rowenna Brito anunciou em live a inten\u00e7\u00e3o de usar o exame nacional no pr\u00f3ximo concurso e projetou a publica\u00e7\u00e3o do edital para abril de 2026.<\/p>\n\n\n\n<p class=\"wp-block-paragraph\"><strong>Quer sair na frente quando o edital do concurso SEC BA for publicado?<\/strong> O Aprova tem <a href=\"https:\/\/www.aprovaconcursos.com.br\/concursos\/sec-ba?xcod=%7B%22co%22%3A%22%7B%5C%22u%5C%22%3A%5C%22ba0fd2c7-6b42-43ba-b7c8-853523156241%5C%22%2C%5C%22url%5C%22%3A%5C%22www.aprovaconcursos.com.br%2F%5C%22%2C%5C%22v%5C%22%3A1%7D%22%2C%22u%22%3A%22ba0fd2c7-6b42-43ba-b7c8-853523156241%22%2C%22url%22%3A%22www.aprovaconcursos.com.br%2Fconcursos%2Fsec-ba%22%2C%22r%22%3A%22%22%2C%22v%22%3A1%7D&amp;utm_content=%7B%22u%22%3A%22ba0fd2c7-6b42-43ba-b7c8-853523156241%22%2C%22url%22%3A%22www.aprovaconcursos.com.br%2F%22%2C%22v%22%3A1%7D\" target=\"_blank\" rel=\"noopener noreferrer\">curso preparat\u00f3rio voltado para as carreiras da educa\u00e7\u00e3o b\u00e1sica da Bahia<\/a>, com material atualizado e revis\u00e3o dirigida, d\u00e1 para come\u00e7ar agora, sem esperar o documento oficial.<\/p>\n\n\n\n<h2 id=\"h-perguntas-frequentes\" class=\"wp-block-heading\">Perguntas frequentes<\/h2>\n\n\n\n<h3 id=\"h-qual-e-a-diferenca-entre-o-concurso-efetivo-da-sec-ba-e-os-processos-seletivos-reda\" class=\"wp-block-heading\">Qual \u00e9 a diferen\u00e7a entre o concurso efetivo da SEC BA e os processos seletivos REDA?<\/h3>\n\n\n\n<p class=\"wp-block-paragraph\">O concurso efetivo preenche cargos permanentes, com v\u00ednculo estatut\u00e1rio e estabilidade ap\u00f3s o est\u00e1gio probat\u00f3rio. Os processos seletivos REDA contratam por tempo determinado, com prazo de at\u00e9 36 meses, renov\u00e1vel por igual per\u00edodo. Os editais REDA de 2026, com 2.777 vagas, s\u00e3o tempor\u00e1rios. O concurso anunciado pela Secretaria \u00e9 para cargos efetivos.<\/p>\n\n\n\n<h3 id=\"h-a-nota-da-prova-nacional-docente-substitui-as-provas-do-concurso-sec-ba\" class=\"wp-block-heading\">A nota da Prova Nacional Docente substitui as provas do concurso SEC BA?<\/h3>\n\n\n\n<p class=\"wp-block-paragraph\">Depende do que o edital definir. A portaria do MEC permite tr\u00eas usos: substitui\u00e7\u00e3o integral das provas objetivas e discursivas locais, etapa \u00fanica ou complementar, e crit\u00e9rio eliminat\u00f3rio ou classificat\u00f3rio. A Secretaria confirmou a inten\u00e7\u00e3o de usar o exame, mas n\u00e3o divulgou o formato escolhido. S\u00f3 o edital dar\u00e1 a resposta.<\/p>\n\n\n\n<h3 id=\"h-quem-fez-a-pnd-2026-ja-esta-inscrito-no-concurso-sec-ba\" class=\"wp-block-heading\">Quem fez a PND 2026 j\u00e1 est\u00e1 inscrito no concurso SEC BA?<\/h3>\n\n\n\n<p class=\"wp-block-paragraph\">N\u00e3o. S\u00e3o processos separados. A participa\u00e7\u00e3o no exame nacional n\u00e3o gera inscri\u00e7\u00e3o autom\u00e1tica em nenhuma sele\u00e7\u00e3o estadual. Quem quiser concorrer \u00e0s vagas da Bahia precisar\u00e1 se inscrever no concurso SEC BA quando o edital for publicado, al\u00e9m de ter feito a prova nacional, caso a nota seja exigida.<\/p>\n\n\n\n<h3 id=\"h-o-que-muda-porque-o-edital-nao-saiu-no-prazo-anunciado\" class=\"wp-block-heading\">O que muda porque o edital n\u00e3o saiu no prazo anunciado?<\/h3>\n\n\n\n<p class=\"wp-block-paragraph\">O compromisso divulgado era uma previs\u00e3o, n\u00e3o um prazo com efeito legal. O atraso n\u00e3o cancela o concurso, mas mant\u00e9m indefinidos vagas, cargos, banca e cronograma. Como a Secretaria vinculou a sele\u00e7\u00e3o \u00e0 Prova Nacional Docente, aplicada em 20 de setembro, \u00e9 poss\u00edvel que o edital seja alinhado ao calend\u00e1rio do exame nacional.<\/p>\n\n\n\n<p class=\"wp-block-paragraph\"><\/p>\n","protected":false},"excerpt":{"rendered":"<p>Resumo e situa\u00e7\u00e3o atual O concurso SEC BA para cargos efetivos ainda n\u00e3o teve edital publicado. A Secretaria da Educa\u00e7\u00e3o do Estado\u2026<\/p>\n","protected":false},"author":6,"featured_media":167068,"comment_status":"open","ping_status":"open","sticky":false,"template":"","format":"standard","meta":{"footnotes":""},"categories":[11,18699],"tags":[20102],"class_list":["post-167067","post","type-post","status-publish","format-standard","has-post-thumbnail","hentry","category-noticias","category-ultimas-noticias-concursos","tag-sec-ba"],"yoast_head":"<!-- This site is optimized with the Yoast SEO Premium plugin v27.9 (Yoast SEO v28.2) - https:\/\/yoast.com\/product\/yoast-seo-premium-wordpress\/ -->\n<title>Concurso SEC BA: edital previsto e mais de 6 mil vagas<\/title>\n<meta name=\"description\" content=\"Concurso SEC BA: veja a situa\u00e7\u00e3o atual do novo concurso da SEC BA, com previs\u00e3o de 6 mil vagas e edital ainda n\u00e3o publicado.\" \/>\n<meta name=\"robots\" content=\"index, follow, max-snippet:-1, max-image-preview:large, max-video-preview:-1\" \/>\n<link rel=\"canonical\" href=\"https:\/\/www.aprovaconcursos.com.br\/noticias\/concurso-sec-ba\/\" \/>\n<meta property=\"og:locale\" content=\"pt_BR\" \/>\n<meta property=\"og:type\" content=\"article\" \/>\n<meta property=\"og:title\" content=\"Concurso SEC BA: edital previsto e mais de 6 mil vagas\" \/>\n<meta property=\"og:description\" content=\"Concurso SEC BA: veja a situa\u00e7\u00e3o atual do novo concurso da SEC BA, com previs\u00e3o de 6 mil vagas e edital ainda n\u00e3o publicado.\" \/>\n<meta property=\"og:url\" content=\"https:\/\/www.aprovaconcursos.com.br\/noticias\/concurso-sec-ba\/\" \/>\n<meta property=\"og:site_name\" content=\"Aprova Concursos - Not\u00edcias\" \/>\n<meta property=\"article:publisher\" content=\"https:\/\/www.facebook.com\/aprovaconcursos\" \/>\n<meta property=\"article:published_time\" content=\"2026-09-03T12:26:09+00:00\" \/>\n<meta property=\"article:modified_time\" content=\"2026-09-03T12:26:10+00:00\" \/>\n<meta property=\"og:image\" content=\"https:\/\/www.aprovaconcursos.com.br\/noticias\/wp-content\/uploads\/2026\/09\/concurso-sec-ba.webp\" \/>\n\t<meta property=\"og:image:width\" content=\"1200\" \/>\n\t<meta property=\"og:image:height\" content=\"628\" \/>\n\t<meta property=\"og:image:type\" content=\"image\/webp\" \/>\n<meta name=\"author\" content=\"Bruna Silva\" \/>\n<meta name=\"twitter:card\" content=\"summary_large_image\" \/>\n<meta name=\"twitter:label1\" content=\"Escrito por\" \/>\n\t<meta name=\"twitter:data1\" content=\"Bruna Silva\" \/>\n\t<meta name=\"twitter:label2\" content=\"Est. tempo de leitura\" \/>\n\t<meta name=\"twitter:data2\" content=\"9 minutos\" \/>\n<script type=\"application\/ld+json\" class=\"yoast-schema-graph\">{\"@context\":\"https:\\\/\\\/schema.org\",\"@graph\":[{\"@type\":\"NewsArticle\",\"@id\":\"https:\\\/\\\/www.aprovaconcursos.com.br\\\/noticias\\\/concurso-sec-ba\\\/#article\",\"isPartOf\":{\"@id\":\"https:\\\/\\\/www.aprovaconcursos.com.br\\\/noticias\\\/concurso-sec-ba\\\/\"},\"author\":{\"name\":\"Bruna Silva\",\"@id\":\"https:\\\/\\\/www.aprovaconcursos.com.br\\\/noticias\\\/#\\\/schema\\\/person\\\/02de4047f7bd2cbec9b6b2323204656c\"},\"headline\":\"Concurso SEC BA: edital previsto e mais de 6 mil vagas\",\"datePublished\":\"2026-09-03T12:26:09+00:00\",\"dateModified\":\"2026-09-03T12:26:10+00:00\",\"mainEntityOfPage\":{\"@id\":\"https:\\\/\\\/www.aprovaconcursos.com.br\\\/noticias\\\/concurso-sec-ba\\\/\"},\"wordCount\":1617,\"commentCount\":0,\"publisher\":{\"@id\":\"https:\\\/\\\/www.aprovaconcursos.com.br\\\/noticias\\\/#organization\"},\"image\":{\"@id\":\"https:\\\/\\\/www.aprovaconcursos.com.br\\\/noticias\\\/concurso-sec-ba\\\/#primaryimage\"},\"thumbnailUrl\":\"https:\\\/\\\/www.aprovaconcursos.com.br\\\/noticias\\\/wp-content\\\/uploads\\\/2026\\\/09\\\/concurso-sec-ba.webp\",\"keywords\":[\"SEC BA\"],\"articleSection\":[\"Not\u00edcias\",\"\u00daltimas Not\u00edcias\"],\"inLanguage\":\"pt-BR\",\"potentialAction\":[{\"@type\":\"CommentAction\",\"name\":\"Comment\",\"target\":[\"https:\\\/\\\/www.aprovaconcursos.com.br\\\/noticias\\\/concurso-sec-ba\\\/#respond\"]}],\"copyrightYear\":\"2026\",\"copyrightHolder\":{\"@id\":\"https:\\\/\\\/www.aprovaconcursos.com.br\\\/noticias\\\/#organization\"}},{\"@type\":\"WebPage\",\"@id\":\"https:\\\/\\\/www.aprovaconcursos.com.br\\\/noticias\\\/concurso-sec-ba\\\/\",\"url\":\"https:\\\/\\\/www.aprovaconcursos.com.br\\\/noticias\\\/concurso-sec-ba\\\/\",\"name\":\"Concurso SEC BA: edital previsto e mais de 6 mil vagas\",\"isPartOf\":{\"@id\":\"https:\\\/\\\/www.aprovaconcursos.com.br\\\/noticias\\\/#website\"},\"primaryImageOfPage\":{\"@id\":\"https:\\\/\\\/www.aprovaconcursos.com.br\\\/noticias\\\/concurso-sec-ba\\\/#primaryimage\"},\"image\":{\"@id\":\"https:\\\/\\\/www.aprovaconcursos.com.br\\\/noticias\\\/concurso-sec-ba\\\/#primaryimage\"},\"thumbnailUrl\":\"https:\\\/\\\/www.aprovaconcursos.com.br\\\/noticias\\\/wp-content\\\/uploads\\\/2026\\\/09\\\/concurso-sec-ba.webp\",\"datePublished\":\"2026-09-03T12:26:09+00:00\",\"dateModified\":\"2026-09-03T12:26:10+00:00\",\"description\":\"Concurso SEC BA: veja a situa\u00e7\u00e3o atual do novo concurso da SEC BA, com previs\u00e3o de 6 mil vagas e edital ainda n\u00e3o publicado.\",\"breadcrumb\":{\"@id\":\"https:\\\/\\\/www.aprovaconcursos.com.br\\\/noticias\\\/concurso-sec-ba\\\/#breadcrumb\"},\"inLanguage\":\"pt-BR\",\"potentialAction\":[{\"@type\":\"ReadAction\",\"target\":[\"https:\\\/\\\/www.aprovaconcursos.com.br\\\/noticias\\\/concurso-sec-ba\\\/\"]}]},{\"@type\":\"ImageObject\",\"inLanguage\":\"pt-BR\",\"@id\":\"https:\\\/\\\/www.aprovaconcursos.com.br\\\/noticias\\\/concurso-sec-ba\\\/#primaryimage\",\"url\":\"https:\\\/\\\/www.aprovaconcursos.com.br\\\/noticias\\\/wp-content\\\/uploads\\\/2026\\\/09\\\/concurso-sec-ba.webp\",\"contentUrl\":\"https:\\\/\\\/www.aprovaconcursos.com.br\\\/noticias\\\/wp-content\\\/uploads\\\/2026\\\/09\\\/concurso-sec-ba.webp\",\"width\":1200,\"height\":628,\"caption\":\"Concurso SEC BA.\"},{\"@type\":\"BreadcrumbList\",\"@id\":\"https:\\\/\\\/www.aprovaconcursos.com.br\\\/noticias\\\/concurso-sec-ba\\\/#breadcrumb\",\"itemListElement\":[{\"@type\":\"ListItem\",\"position\":1,\"name\":\"Home\",\"item\":\"https:\\\/\\\/www.aprovaconcursos.com.br\\\/noticias\\\/\"},{\"@type\":\"ListItem\",\"position\":2,\"name\":\"Concurso SEC BA: edital previsto e mais de 6 mil vagas\"}]},{\"@type\":\"WebSite\",\"@id\":\"https:\\\/\\\/www.aprovaconcursos.com.br\\\/noticias\\\/#website\",\"url\":\"https:\\\/\\\/www.aprovaconcursos.com.br\\\/noticias\\\/\",\"name\":\"Aprova Concursos - Not\u00edcias\",\"description\":\"Fique por dentro das not\u00edcias sobre concursos p\u00fablicos do Brasil inteiro, ENEM, Exame de Ordem (OAB) e Exame de Sufici\u00eancia (CFC). Mantenha-se atualizado aqui!\",\"publisher\":{\"@id\":\"https:\\\/\\\/www.aprovaconcursos.com.br\\\/noticias\\\/#organization\"},\"potentialAction\":[{\"@type\":\"SearchAction\",\"target\":{\"@type\":\"EntryPoint\",\"urlTemplate\":\"https:\\\/\\\/www.aprovaconcursos.com.br\\\/noticias\\\/?s={search_term_string}\"},\"query-input\":{\"@type\":\"PropertyValueSpecification\",\"valueRequired\":true,\"valueName\":\"search_term_string\"}}],\"inLanguage\":\"pt-BR\"},{\"@type\":\"Organization\",\"@id\":\"https:\\\/\\\/www.aprovaconcursos.com.br\\\/noticias\\\/#organization\",\"name\":\"Aprova Concursos - Not\u00edcias\",\"url\":\"https:\\\/\\\/www.aprovaconcursos.com.br\\\/noticias\\\/\",\"logo\":{\"@type\":\"ImageObject\",\"inLanguage\":\"pt-BR\",\"@id\":\"https:\\\/\\\/www.aprovaconcursos.com.br\\\/noticias\\\/#\\\/schema\\\/logo\\\/image\\\/\",\"url\":\"https:\\\/\\\/www.aprovaconcursos.com.br\\\/noticias\\\/wp-content\\\/uploads\\\/2026\\\/06\\\/logo.webp\",\"contentUrl\":\"https:\\\/\\\/www.aprovaconcursos.com.br\\\/noticias\\\/wp-content\\\/uploads\\\/2026\\\/06\\\/logo.webp\",\"width\":171,\"height\":49,\"caption\":\"Aprova Concursos - Not\u00edcias\"},\"image\":{\"@id\":\"https:\\\/\\\/www.aprovaconcursos.com.br\\\/noticias\\\/#\\\/schema\\\/logo\\\/image\\\/\"},\"sameAs\":[\"https:\\\/\\\/www.facebook.com\\\/aprovaconcursos\"]},{\"@type\":\"Person\",\"@id\":\"https:\\\/\\\/www.aprovaconcursos.com.br\\\/noticias\\\/#\\\/schema\\\/person\\\/02de4047f7bd2cbec9b6b2323204656c\",\"name\":\"Bruna Silva\",\"image\":{\"@type\":\"ImageObject\",\"inLanguage\":\"pt-BR\",\"@id\":\"https:\\\/\\\/secure.gravatar.com\\\/avatar\\\/5fabaa975c4c6bb33544b972597d884f7e9c3a62a662250af1086af52760d20a?s=96&d=mm&r=g\",\"url\":\"https:\\\/\\\/secure.gravatar.com\\\/avatar\\\/5fabaa975c4c6bb33544b972597d884f7e9c3a62a662250af1086af52760d20a?s=96&d=mm&r=g\",\"contentUrl\":\"https:\\\/\\\/secure.gravatar.com\\\/avatar\\\/5fabaa975c4c6bb33544b972597d884f7e9c3a62a662250af1086af52760d20a?s=96&d=mm&r=g\",\"caption\":\"Bruna Silva\"},\"sameAs\":[\"https:\\\/\\\/www.aprovaconcursos.com.br\\\/\"],\"url\":\"https:\\\/\\\/www.aprovaconcursos.com.br\\\/noticias\\\/autor\\\/bruna-silva\\\/\"}]}<\/script>\n<!-- \/ Yoast SEO Premium plugin. -->","yoast_head_json":{"title":"Concurso SEC BA: edital previsto e mais de 6 mil vagas","description":"Concurso SEC BA: veja a situa\u00e7\u00e3o atual do novo concurso da SEC BA, com previs\u00e3o de 6 mil vagas e edital ainda n\u00e3o publicado.","robots":{"index":"index","follow":"follow","max-snippet":"max-snippet:-1","max-image-preview":"max-image-preview:large","max-video-preview":"max-video-preview:-1"},"canonical":"https:\/\/www.aprovaconcursos.com.br\/noticias\/concurso-sec-ba\/","og_locale":"pt_BR","og_type":"article","og_title":"Concurso SEC BA: edital previsto e mais de 6 mil vagas","og_description":"Concurso SEC BA: veja a situa\u00e7\u00e3o atual do novo concurso da SEC BA, com previs\u00e3o de 6 mil vagas e edital ainda n\u00e3o publicado.","og_url":"https:\/\/www.aprovaconcursos.com.br\/noticias\/concurso-sec-ba\/","og_site_name":"Aprova Concursos - Not\u00edcias","article_publisher":"https:\/\/www.facebook.com\/aprovaconcursos","article_published_time":"2026-09-03T12:26:09+00:00","article_modified_time":"2026-09-03T12:26:10+00:00","og_image":[{"width":1200,"height":628,"url":"https:\/\/www.aprovaconcursos.com.br\/noticias\/wp-content\/uploads\/2026\/09\/concurso-sec-ba.webp","type":"image\/webp"}],"author":"Bruna Silva","twitter_card":"summary_large_image","twitter_misc":{"Escrito por":"Bruna Silva","Est. tempo de leitura":"9 minutos"},"schema":{"@context":"https:\/\/schema.org","@graph":[{"@type":"NewsArticle","@id":"https:\/\/www.aprovaconcursos.com.br\/noticias\/concurso-sec-ba\/#article","isPartOf":{"@id":"https:\/\/www.aprovaconcursos.com.br\/noticias\/concurso-sec-ba\/"},"author":{"name":"Bruna Silva","@id":"https:\/\/www.aprovaconcursos.com.br\/noticias\/#\/schema\/person\/02de4047f7bd2cbec9b6b2323204656c"},"headline":"Concurso SEC BA: edital previsto e mais de 6 mil vagas","datePublished":"2026-09-03T12:26:09+00:00","dateModified":"2026-09-03T12:26:10+00:00","mainEntityOfPage":{"@id":"https:\/\/www.aprovaconcursos.com.br\/noticias\/concurso-sec-ba\/"},"wordCount":1617,"commentCount":0,"publisher":{"@id":"https:\/\/www.aprovaconcursos.com.br\/noticias\/#organization"},"image":{"@id":"https:\/\/www.aprovaconcursos.com.br\/noticias\/concurso-sec-ba\/#primaryimage"},"thumbnailUrl":"https:\/\/www.aprovaconcursos.com.br\/noticias\/wp-content\/uploads\/2026\/09\/concurso-sec-ba.webp","keywords":["SEC BA"],"articleSection":["Not\u00edcias","\u00daltimas Not\u00edcias"],"inLanguage":"pt-BR","potentialAction":[{"@type":"CommentAction","name":"Comment","target":["https:\/\/www.aprovaconcursos.com.br\/noticias\/concurso-sec-ba\/#respond"]}],"copyrightYear":"2026","copyrightHolder":{"@id":"https:\/\/www.aprovaconcursos.com.br\/noticias\/#organization"}},{"@type":"WebPage","@id":"https:\/\/www.aprovaconcursos.com.br\/noticias\/concurso-sec-ba\/","url":"https:\/\/www.aprovaconcursos.com.br\/noticias\/concurso-sec-ba\/","name":"Concurso SEC BA: edital previsto e mais de 6 mil vagas","isPartOf":{"@id":"https:\/\/www.aprovaconcursos.com.br\/noticias\/#website"},"primaryImageOfPage":{"@id":"https:\/\/www.aprovaconcursos.com.br\/noticias\/concurso-sec-ba\/#primaryimage"},"image":{"@id":"https:\/\/www.aprovaconcursos.com.br\/noticias\/concurso-sec-ba\/#primaryimage"},"thumbnailUrl":"https:\/\/www.aprovaconcursos.com.br\/noticias\/wp-content\/uploads\/2026\/09\/concurso-sec-ba.webp","datePublished":"2026-09-03T12:26:09+00:00","dateModified":"2026-09-03T12:26:10+00:00","description":"Concurso SEC BA: veja a situa\u00e7\u00e3o atual do novo concurso da SEC BA, com previs\u00e3o de 6 mil vagas e edital ainda n\u00e3o publicado.","breadcrumb":{"@id":"https:\/\/www.aprovaconcursos.com.br\/noticias\/concurso-sec-ba\/#breadcrumb"},"inLanguage":"pt-BR","potentialAction":[{"@type":"ReadAction","target":["https:\/\/www.aprovaconcursos.com.br\/noticias\/concurso-sec-ba\/"]}]},{"@type":"ImageObject","inLanguage":"pt-BR","@id":"https:\/\/www.aprovaconcursos.com.br\/noticias\/concurso-sec-ba\/#primaryimage","url":"https:\/\/www.aprovaconcursos.com.br\/noticias\/wp-content\/uploads\/2026\/09\/concurso-sec-ba.webp","contentUrl":"https:\/\/www.aprovaconcursos.com.br\/noticias\/wp-content\/uploads\/2026\/09\/concurso-sec-ba.webp","width":1200,"height":628,"caption":"Concurso SEC BA."},{"@type":"BreadcrumbList","@id":"https:\/\/www.aprovaconcursos.com.br\/noticias\/concurso-sec-ba\/#breadcrumb","itemListElement":[{"@type":"ListItem","position":1,"name":"Home","item":"https:\/\/www.aprovaconcursos.com.br\/noticias\/"},{"@type":"ListItem","position":2,"name":"Concurso SEC BA: edital previsto e mais de 6 mil vagas"}]},{"@type":"WebSite","@id":"https:\/\/www.aprovaconcursos.com.br\/noticias\/#website","url":"https:\/\/www.aprovaconcursos.com.br\/noticias\/","name":"Aprova Concursos - Not\u00edcias","description":"Fique por dentro das not\u00edcias sobre concursos p\u00fablicos do Brasil inteiro, ENEM, Exame de Ordem (OAB) e Exame de Sufici\u00eancia (CFC). Mantenha-se atualizado aqui!","publisher":{"@id":"https:\/\/www.aprovaconcursos.com.br\/noticias\/#organization"},"potentialAction":[{"@type":"SearchAction","target":{"@type":"EntryPoint","urlTemplate":"https:\/\/www.aprovaconcursos.com.br\/noticias\/?s={search_term_string}"},"query-input":{"@type":"PropertyValueSpecification","valueRequired":true,"valueName":"search_term_string"}}],"inLanguage":"pt-BR"},{"@type":"Organization","@id":"https:\/\/www.aprovaconcursos.com.br\/noticias\/#organization","name":"Aprova Concursos - Not\u00edcias","url":"https:\/\/www.aprovaconcursos.com.br\/noticias\/","logo":{"@type":"ImageObject","inLanguage":"pt-BR","@id":"https:\/\/www.aprovaconcursos.com.br\/noticias\/#\/schema\/logo\/image\/","url":"https:\/\/www.aprovaconcursos.com.br\/noticias\/wp-content\/uploads\/2026\/06\/logo.webp","contentUrl":"https:\/\/www.aprovaconcursos.com.br\/noticias\/wp-content\/uploads\/2026\/06\/logo.webp","width":171,"height":49,"caption":"Aprova Concursos - Not\u00edcias"},"image":{"@id":"https:\/\/www.aprovaconcursos.com.br\/noticias\/#\/schema\/logo\/image\/"},"sameAs":["https:\/\/www.facebook.com\/aprovaconcursos"]},{"@type":"Person","@id":"https:\/\/www.aprovaconcursos.com.br\/noticias\/#\/schema\/person\/02de4047f7bd2cbec9b6b2323204656c","name":"Bruna Silva","image":{"@type":"ImageObject","inLanguage":"pt-BR","@id":"https:\/\/secure.gravatar.com\/avatar\/5fabaa975c4c6bb33544b972597d884f7e9c3a62a662250af1086af52760d20a?s=96&d=mm&r=g","url":"https:\/\/secure.gravatar.com\/avatar\/5fabaa975c4c6bb33544b972597d884f7e9c3a62a662250af1086af52760d20a?s=96&d=mm&r=g","contentUrl":"https:\/\/secure.gravatar.com\/avatar\/5fabaa975c4c6bb33544b972597d884f7e9c3a62a662250af1086af52760d20a?s=96&d=mm&r=g","caption":"Bruna Silva"},"sameAs":["https:\/\/www.aprovaconcursos.com.br\/"],"url":"https:\/\/www.aprovaconcursos.com.br\/noticias\/autor\/bruna-silva\/"}]}},"_links":{"self":[{"href":"https:\/\/www.aprovaconcursos.com.br\/noticias\/wp-json\/wp\/v2\/posts\/167067","targetHints":{"allow":["GET"]}}],"collection":[{"href":"https:\/\/www.aprovaconcursos.com.br\/noticias\/wp-json\/wp\/v2\/posts"}],"about":[{"href":"https:\/\/www.aprovaconcursos.com.br\/noticias\/wp-json\/wp\/v2\/types\/post"}],"author":[{"embeddable":true,"href":"https:\/\/www.aprovaconcursos.com.br\/noticias\/wp-json\/wp\/v2\/users\/6"}],"replies":[{"embeddable":true,"href":"https:\/\/www.aprovaconcursos.com.br\/noticias\/wp-json\/wp\/v2\/comments?post=167067"}],"version-history":[{"count":1,"href":"https:\/\/www.aprovaconcursos.com.br\/noticias\/wp-json\/wp\/v2\/posts\/167067\/revisions"}],"predecessor-version":[{"id":167069,"href":"https:\/\/www.aprovaconcursos.com.br\/noticias\/wp-json\/wp\/v2\/posts\/167067\/revisions\/167069"}],"wp:featuredmedia":[{"embeddable":true,"href":"https:\/\/www.aprovaconcursos.com.br\/noticias\/wp-json\/wp\/v2\/media\/167068"}],"wp:attachment":[{"href":"https:\/\/www.aprovaconcursos.com.br\/noticias\/wp-json\/wp\/v2\/media?parent=167067"}],"wp:term":[{"taxonomy":"category","embeddable":true,"href":"https:\/\/www.aprovaconcursos.com.br\/noticias\/wp-json\/wp\/v2\/categories?post=167067"},{"taxonomy":"post_tag","embeddable":true,"href":"https:\/\/www.aprovaconcursos.com.br\/noticias\/wp-json\/wp\/v2\/tags?post=167067"}],"curies":[{"name":"wp","href":"https:\/\/api.w.org\/{rel}","templated":true}]}}