{"id":167055,"date":"2026-09-02T10:38:33","date_gmt":"2026-09-02T13:38:33","guid":{"rendered":"https:\/\/www.aprovaconcursos.com.br\/noticias\/?p=167055"},"modified":"2026-09-02T10:48:14","modified_gmt":"2026-09-02T13:48:14","slug":"homologacao-concurso-pf-2026","status":"publish","type":"post","link":"https:\/\/www.aprovaconcursos.com.br\/noticias\/homologacao-concurso-pf-2026\/","title":{"rendered":"Concurso PF homologado: Edital valida resultado final. Veja!"},"content":{"rendered":"\n<p class=\"wp-block-paragraph\">O <strong>resultado final do concurso PF<\/strong> foi <strong>homologado<\/strong>. O ato consta do <strong>Edital n\u00ba 45 \u2013 PF \u2013 Policial, publicado em 1\u00ba de setembro de 2026<\/strong>, e ocorreu ap\u00f3s a conclus\u00e3o dos <strong>cursos de forma\u00e7\u00e3o profissional<\/strong> previstos no edital de abertura.<\/p>\n\n\n\n<p class=\"wp-block-paragraph\">A homologa\u00e7\u00e3o contempla os cinco cargos da carreira policial: <strong>Agente de Pol\u00edcia Federal, Escriv\u00e3o de Pol\u00edcia Federal, Papiloscopista Policial Federal, Perito Criminal Federal e Delegado de Pol\u00edcia Federal<\/strong>. O documento tamb\u00e9m registra a homologa\u00e7\u00e3o dos pr\u00f3prios cursos de forma\u00e7\u00e3o de cada carreira. <\/p>\n\n\n\n<p class=\"wp-block-paragraph\">Quem acompanha o processo pode consultar a <a href=\"https:\/\/www.aprovaconcursos.com.br\/noticias\/concurso-pf\/\" target=\"_blank\" rel=\"noopener noreferrer\">situa\u00e7\u00e3o atual do concurso da Pol\u00edcia Federal<\/a> para ver o hist\u00f3rico completo das etapas.<\/p>\n\n\n\n<h2 id=\"h-cursos-de-formacao-homologados-por-cargo\" class=\"wp-block-heading\">Cursos de forma\u00e7\u00e3o homologados por cargo<\/h2>\n\n\n\n<p class=\"wp-block-paragraph\">O edital relaciona os atos de homologa\u00e7\u00e3o de cada Curso de Forma\u00e7\u00e3o Profissional (CFP), todos por <strong>portaria da Diretoria de Ensino da Academia Nacional de Pol\u00edcia (DIREN-ANP)<\/strong>:<\/p>\n\n\n\n<ul class=\"wp-block-list\">\n<li><strong>Agente de Pol\u00edcia Federal<\/strong> \u2014 LXII CFP, Portaria DIREN-ANP n\u00ba 302, de 8 de maio de 2026<\/li>\n\n\n\n<li><strong>Delegado de Pol\u00edcia Federal<\/strong> \u2014 XLI CFP, Portaria DIREN-ANP n\u00ba 630, de 26 de agosto de 2026<\/li>\n\n\n\n<li><strong>Perito Criminal Federal<\/strong> \u2014 XXXVI CFP, Portaria DIREN-ANP n\u00ba 631, de 27 de agosto de 2026<\/li>\n\n\n\n<li><strong>Papiloscopista Policial Federal<\/strong> \u2014 XXI CFP, Portaria DIREN-ANP n\u00ba 632, de 26 de agosto de 2026<\/li>\n\n\n\n<li><strong>Escriv\u00e3o de Pol\u00edcia Federal<\/strong> \u2014 XLIV CFP, Portaria DIREN-ANP n\u00ba 633, de 26 de agosto de 2026<\/li>\n<\/ul>\n\n\n\n<p class=\"wp-block-paragraph\">As portarias de <strong>Escriv\u00e3o, Papiloscopista, Perito Criminal e Delegado<\/strong> foram publicadas no <strong>Di\u00e1rio Oficial da Uni\u00e3o n\u00ba 162, de 27 de agosto de 2026<\/strong>. A portaria referente ao curso de <strong>Agente<\/strong> saiu antes, no <strong>DOU n\u00ba 86, de 11 de maio de 2026<\/strong>, refletindo o calend\u00e1rio pr\u00f3prio da primeira turma desse cargo.<\/p>\n\n\n\n<h2 id=\"h-o-que-muda-com-a-homologacao\" class=\"wp-block-heading\">O que muda com a homologa\u00e7\u00e3o<\/h2>\n\n\n\n<p class=\"wp-block-paragraph\">A homologa\u00e7\u00e3o \u00e9 o ato que <strong>valida oficialmente o resultado final<\/strong> e encerra a fase de avalia\u00e7\u00e3o. A partir dela, a Administra\u00e7\u00e3o pode nomear os aprovados <strong>na ordem de classifica\u00e7\u00e3o<\/strong>, conforme as regras do edital.<\/p>\n\n\n\n<p class=\"wp-block-paragraph\">Vale separar dois momentos que costumam se confundir:<\/p>\n\n\n\n<ul class=\"wp-block-list\">\n<li><strong>Aprova\u00e7\u00e3o e classifica\u00e7\u00e3o<\/strong>: garantem posi\u00e7\u00e3o na lista homologada.<\/li>\n\n\n\n<li><strong>Nomea\u00e7\u00e3o<\/strong>: depende de vaga, autoriza\u00e7\u00e3o e disponibilidade or\u00e7ament\u00e1ria.<\/li>\n<\/ul>\n\n\n\n<p class=\"wp-block-paragraph\">Segundo o <strong>edital de abertura<\/strong>, o prazo de validade do concurso \u00e9 de <strong>seis meses contados da publica\u00e7\u00e3o da homologa\u00e7\u00e3o<\/strong>, podendo ser <strong>prorrogado uma \u00fanica vez, por igual per\u00edodo<\/strong>. Com a publica\u00e7\u00e3o em 1\u00ba de setembro de 2026, a validade inicial corre at\u00e9 <strong>1\u00ba de mar\u00e7o de 2027<\/strong>, e eventual prorroga\u00e7\u00e3o depende de ato pr\u00f3prio, tamb\u00e9m publicado no DOU.<\/p>\n\n\n\n<h2 id=\"h-sobre-o-concurso-homologado\" class=\"wp-block-heading\">Sobre o concurso homologado<\/h2>\n\n\n\n<p class=\"wp-block-paragraph\">O concurso foi organizado pelo <strong>Cebraspe<\/strong> e ofertou <strong>1.000 vagas imediatas de n\u00edvel superior<\/strong>, com provas objetiva e discursiva aplicadas em <strong>27 de julho de 2025<\/strong>. As vagas foram distribu\u00eddas entre <strong>630 para Agente, 160 para Escriv\u00e3o, 120 para Delegado, 69 para Perito Criminal e 21 para Papiloscopista<\/strong>, com remunera\u00e7\u00e3o inicial de at\u00e9 <strong>R$ 26,8 mil<\/strong>, conforme o edital.<\/p>\n\n\n\n<p class=\"wp-block-paragraph\"><strong>Aprovado ou de olho na pr\u00f3xima sele\u00e7\u00e3o da Pol\u00edcia Federal?<\/strong> O Aprova Concursos tem <strong><a href=\"https:\/\/www.aprovaconcursos.com.br\/concursos\/pf?xcod=%7B%22co%22%3A%22%7B%5C%22u%5C%22%3A%5C%2233941e43-21ab-4fae-99b3-9531ac0e3b7c%5C%22%2C%5C%22url%5C%22%3A%5C%22www.aprovaconcursos.com.br%2Fconcursos%2Ftabapua-sp-camara-municipal%2Fassistente-parlamentar-222698%5C%22%2C%5C%22v%5C%22%3A1%7D%22%2C%22u%22%3A%2213bd4859-2aad-427c-b6d2%22%2C%22url%22%3A%22www.aprovaconcursos.com.br%2F%22%2C%22r%22%3A%22%22%2C%22v%22%3A1%7D&amp;utm_content=%7B%22co%22%3A%22%7B%5C%22u%5C%22%3A%5C%2233941e43-21ab-4fae-99b3-9531ac0e3b7c%5C%22%2C%5C%22url%5C%22%3A%5C%22www.aprovaconcursos.com.br%2Fconcursos%2Ftabapua-sp-camara-municipal%2Fassistente-parlamentar-222698%5C%22%2C%5C%22v%5C%22%3A1%7D%22%2C%22url%22%3A%22www.aprovaconcursos.com.br%2F%22%2C%22v%22%3A1%7D\" target=\"_blank\" rel=\"noopener noreferrer\">curso preparat\u00f3rio<\/a><\/strong> completo para as carreiras policiais federais, com material alinhado ao edital.<\/p>\n\n\n\n<h2 id=\"h-perguntas-frequentes\" class=\"wp-block-heading\">Perguntas frequentes<\/h2>\n\n\n\n<h3 id=\"h-a-homologacao-garante-que-eu-serei-nomeado\" class=\"wp-block-heading\">A homologa\u00e7\u00e3o garante que eu serei nomeado?<\/h3>\n\n\n\n<p class=\"wp-block-paragraph\">N\u00e3o. Ela valida o resultado e permite nomea\u00e7\u00f5es na ordem de classifica\u00e7\u00e3o, mas o provimento depende de vaga dispon\u00edvel, autoriza\u00e7\u00e3o e adequa\u00e7\u00e3o or\u00e7ament\u00e1ria. Aprovados fora do n\u00famero de vagas iniciais dependem de autoriza\u00e7\u00e3o espec\u00edfica.<\/p>\n\n\n\n<h3 id=\"h-por-que-a-portaria-do-curso-de-agente-e-de-maio\" class=\"wp-block-heading\">Por que a portaria do curso de Agente \u00e9 de maio?<\/h3>\n\n\n\n<p class=\"wp-block-paragraph\">Porque a primeira turma do cargo de Agente concluiu o curso de forma\u00e7\u00e3o antes das demais carreiras. A portaria que homologou o LXII CFP saiu em maio de 2026, enquanto os cursos de Escriv\u00e3o, Papiloscopista, Perito e Delegado foram homologados em agosto.<\/p>\n\n\n\n<h3 id=\"h-a-homologacao-significa-que-vem-um-novo-edital-da-pf\" class=\"wp-block-heading\">A homologa\u00e7\u00e3o significa que vem um novo edital da PF?<\/h3>\n\n\n\n<p class=\"wp-block-paragraph\">N\u00e3o automaticamente. A homologa\u00e7\u00e3o encerra este processo e abre o prazo de validade, per\u00edodo em que a Pol\u00edcia Federal pode nomear os aprovados desta lista. A publica\u00e7\u00e3o de nova sele\u00e7\u00e3o depende de autoriza\u00e7\u00e3o e ato pr\u00f3prio do \u00f3rg\u00e3o.<\/p>\n\n\n\n<h3 id=\"h-onde-consultar-a-lista-homologada\" class=\"wp-block-heading\">Onde consultar a lista homologada?<\/h3>\n\n\n\n<p class=\"wp-block-paragraph\">Na p\u00e1gina de editais da carreira policial no portal da Pol\u00edcia Federal e no Di\u00e1rio Oficial da Uni\u00e3o, procurando pelo Edital n\u00ba 45 \u2013 PF \u2013 Policial. A lista \u00e9 organizada por cargo e classifica\u00e7\u00e3o final, com rela\u00e7\u00f5es \u00e0 parte para candidatos negros e pessoas com defici\u00eancia.<\/p>\n\n\n\n<h2 id=\"h-fontes-oficiais\" class=\"wp-block-heading\">Fontes oficiais<\/h2>\n\n\n\n<ul class=\"wp-block-list\">\n<li><a href=\"https:\/\/www.gov.br\/pf\/pt-br\/acesso-a-informacao\/servidores\/concursos\/edital\/carreira-policial-2025\/editais\" target=\"_blank\" rel=\"noopener noreferrer\">Editais da carreira policial 2025 \u2014 Pol\u00edcia Federal<\/a><\/li>\n\n\n\n<li><a href=\"https:\/\/www.in.gov.br\" target=\"_blank\" rel=\"noopener noreferrer\">Di\u00e1rio Oficial da Uni\u00e3o<\/a><\/li>\n\n\n\n<li><a href=\"https:\/\/www.cebraspe.org.br\" target=\"_blank\" rel=\"noopener noreferrer\">Portal Oficial Cebraspe<\/a><\/li>\n<\/ul>\n","protected":false},"excerpt":{"rendered":"<p>O resultado final do concurso PF foi homologado. O ato consta do Edital n\u00ba 45 \u2013 PF \u2013 Policial, publicado em 1\u00ba\u2026<\/p>\n","protected":false},"author":3,"featured_media":167060,"comment_status":"open","ping_status":"open","sticky":false,"template":"","format":"standard","meta":{"footnotes":""},"categories":[19487,19080,11,13744],"tags":[21081,24776],"class_list":["post-167055","post","type-post","status-publish","format-standard","has-post-thumbnail","hentry","category-cebraspe","category-nacional","category-noticias","category-policial","tag-concurso-pf","tag-concurso-pf-homologado"],"yoast_head":"<!-- This site is optimized with the Yoast SEO Premium plugin v27.9 (Yoast SEO v28.2) - https:\/\/yoast.com\/product\/yoast-seo-premium-wordpress\/ -->\n<title>Concurso PF homologado: Edital valida resultado final. Veja!<\/title>\n<meta name=\"description\" content=\"Concurso PF: Edital n\u00ba 45, de 1\u00ba de setembro de 2026, valida o resultado final dos cinco cargos policiais. Veja o que muda para os aprovados!\" \/>\n<meta name=\"robots\" content=\"index, follow, max-snippet:-1, max-image-preview:large, max-video-preview:-1\" \/>\n<link rel=\"canonical\" href=\"https:\/\/www.aprovaconcursos.com.br\/noticias\/homologacao-concurso-pf-2026\/\" \/>\n<meta property=\"og:locale\" content=\"pt_BR\" \/>\n<meta property=\"og:type\" content=\"article\" \/>\n<meta property=\"og:title\" content=\"Concurso PF homologado: Edital valida resultado final. Veja!\" \/>\n<meta property=\"og:description\" content=\"Concurso PF: Edital n\u00ba 45, de 1\u00ba de setembro de 2026, valida o resultado final dos cinco cargos policiais. Veja o que muda para os aprovados!\" \/>\n<meta property=\"og:url\" content=\"https:\/\/www.aprovaconcursos.com.br\/noticias\/homologacao-concurso-pf-2026\/\" \/>\n<meta property=\"og:site_name\" content=\"Aprova Concursos - Not\u00edcias\" \/>\n<meta property=\"article:publisher\" content=\"https:\/\/www.facebook.com\/aprovaconcursos\" \/>\n<meta property=\"article:published_time\" content=\"2026-09-02T13:38:33+00:00\" \/>\n<meta property=\"article:modified_time\" content=\"2026-09-02T13:48:14+00:00\" \/>\n<meta property=\"og:image\" content=\"https:\/\/www.aprovaconcursos.com.br\/noticias\/wp-content\/uploads\/2026\/09\/homologado-resultado-final-concurso-pf.webp\" \/>\n\t<meta property=\"og:image:width\" content=\"1200\" \/>\n\t<meta property=\"og:image:height\" content=\"628\" \/>\n\t<meta property=\"og:image:type\" content=\"image\/webp\" \/>\n<meta name=\"author\" content=\"Rinaldo Junior\" \/>\n<meta name=\"twitter:card\" content=\"summary_large_image\" \/>\n<meta name=\"twitter:label1\" content=\"Escrito por\" \/>\n\t<meta name=\"twitter:data1\" content=\"Rinaldo Junior\" \/>\n\t<meta name=\"twitter:label2\" content=\"Est. tempo de leitura\" \/>\n\t<meta name=\"twitter:data2\" content=\"5 minutos\" \/>\n<script type=\"application\/ld+json\" class=\"yoast-schema-graph\">{\"@context\":\"https:\\\/\\\/schema.org\",\"@graph\":[{\"@type\":\"NewsArticle\",\"@id\":\"https:\\\/\\\/www.aprovaconcursos.com.br\\\/noticias\\\/homologacao-concurso-pf-2026\\\/#article\",\"isPartOf\":{\"@id\":\"https:\\\/\\\/www.aprovaconcursos.com.br\\\/noticias\\\/homologacao-concurso-pf-2026\\\/\"},\"author\":{\"name\":\"Rinaldo Junior\",\"@id\":\"https:\\\/\\\/www.aprovaconcursos.com.br\\\/noticias\\\/#\\\/schema\\\/person\\\/77bad5b521fb3041405f9288cabffd3d\"},\"headline\":\"Concurso PF homologado: Edital valida resultado final. Veja!\",\"datePublished\":\"2026-09-02T13:38:33+00:00\",\"dateModified\":\"2026-09-02T13:48:14+00:00\",\"mainEntityOfPage\":{\"@id\":\"https:\\\/\\\/www.aprovaconcursos.com.br\\\/noticias\\\/homologacao-concurso-pf-2026\\\/\"},\"wordCount\":742,\"commentCount\":0,\"publisher\":{\"@id\":\"https:\\\/\\\/www.aprovaconcursos.com.br\\\/noticias\\\/#organization\"},\"image\":{\"@id\":\"https:\\\/\\\/www.aprovaconcursos.com.br\\\/noticias\\\/homologacao-concurso-pf-2026\\\/#primaryimage\"},\"thumbnailUrl\":\"https:\\\/\\\/www.aprovaconcursos.com.br\\\/noticias\\\/wp-content\\\/uploads\\\/2026\\\/09\\\/homologado-resultado-final-concurso-pf.webp\",\"keywords\":[\"concurso PF\",\"Concurso PF homologado\"],\"articleSection\":[\"Cebraspe\",\"Nacional\",\"Not\u00edcias\",\"Policial\"],\"inLanguage\":\"pt-BR\",\"potentialAction\":[{\"@type\":\"CommentAction\",\"name\":\"Comment\",\"target\":[\"https:\\\/\\\/www.aprovaconcursos.com.br\\\/noticias\\\/homologacao-concurso-pf-2026\\\/#respond\"]}],\"copyrightYear\":\"2026\",\"copyrightHolder\":{\"@id\":\"https:\\\/\\\/www.aprovaconcursos.com.br\\\/noticias\\\/#organization\"}},{\"@type\":\"WebPage\",\"@id\":\"https:\\\/\\\/www.aprovaconcursos.com.br\\\/noticias\\\/homologacao-concurso-pf-2026\\\/\",\"url\":\"https:\\\/\\\/www.aprovaconcursos.com.br\\\/noticias\\\/homologacao-concurso-pf-2026\\\/\",\"name\":\"Concurso PF homologado: Edital valida resultado final. Veja!\",\"isPartOf\":{\"@id\":\"https:\\\/\\\/www.aprovaconcursos.com.br\\\/noticias\\\/#website\"},\"primaryImageOfPage\":{\"@id\":\"https:\\\/\\\/www.aprovaconcursos.com.br\\\/noticias\\\/homologacao-concurso-pf-2026\\\/#primaryimage\"},\"image\":{\"@id\":\"https:\\\/\\\/www.aprovaconcursos.com.br\\\/noticias\\\/homologacao-concurso-pf-2026\\\/#primaryimage\"},\"thumbnailUrl\":\"https:\\\/\\\/www.aprovaconcursos.com.br\\\/noticias\\\/wp-content\\\/uploads\\\/2026\\\/09\\\/homologado-resultado-final-concurso-pf.webp\",\"datePublished\":\"2026-09-02T13:38:33+00:00\",\"dateModified\":\"2026-09-02T13:48:14+00:00\",\"description\":\"Concurso PF: Edital n\u00ba 45, de 1\u00ba de setembro de 2026, valida o resultado final dos cinco cargos policiais. Veja o que muda para os aprovados!\",\"breadcrumb\":{\"@id\":\"https:\\\/\\\/www.aprovaconcursos.com.br\\\/noticias\\\/homologacao-concurso-pf-2026\\\/#breadcrumb\"},\"inLanguage\":\"pt-BR\",\"potentialAction\":[{\"@type\":\"ReadAction\",\"target\":[\"https:\\\/\\\/www.aprovaconcursos.com.br\\\/noticias\\\/homologacao-concurso-pf-2026\\\/\"]}]},{\"@type\":\"ImageObject\",\"inLanguage\":\"pt-BR\",\"@id\":\"https:\\\/\\\/www.aprovaconcursos.com.br\\\/noticias\\\/homologacao-concurso-pf-2026\\\/#primaryimage\",\"url\":\"https:\\\/\\\/www.aprovaconcursos.com.br\\\/noticias\\\/wp-content\\\/uploads\\\/2026\\\/09\\\/homologado-resultado-final-concurso-pf.webp\",\"contentUrl\":\"https:\\\/\\\/www.aprovaconcursos.com.br\\\/noticias\\\/wp-content\\\/uploads\\\/2026\\\/09\\\/homologado-resultado-final-concurso-pf.webp\",\"width\":1200,\"height\":628,\"caption\":\"Concurso PF homologado.\"},{\"@type\":\"BreadcrumbList\",\"@id\":\"https:\\\/\\\/www.aprovaconcursos.com.br\\\/noticias\\\/homologacao-concurso-pf-2026\\\/#breadcrumb\",\"itemListElement\":[{\"@type\":\"ListItem\",\"position\":1,\"name\":\"Home\",\"item\":\"https:\\\/\\\/www.aprovaconcursos.com.br\\\/noticias\\\/\"},{\"@type\":\"ListItem\",\"position\":2,\"name\":\"Concurso PF homologado: Edital valida resultado final. Veja!\"}]},{\"@type\":\"WebSite\",\"@id\":\"https:\\\/\\\/www.aprovaconcursos.com.br\\\/noticias\\\/#website\",\"url\":\"https:\\\/\\\/www.aprovaconcursos.com.br\\\/noticias\\\/\",\"name\":\"Aprova Concursos - Not\u00edcias\",\"description\":\"Fique por dentro das not\u00edcias sobre concursos p\u00fablicos do Brasil inteiro, ENEM, Exame de Ordem (OAB) e Exame de Sufici\u00eancia (CFC). Mantenha-se atualizado aqui!\",\"publisher\":{\"@id\":\"https:\\\/\\\/www.aprovaconcursos.com.br\\\/noticias\\\/#organization\"},\"potentialAction\":[{\"@type\":\"SearchAction\",\"target\":{\"@type\":\"EntryPoint\",\"urlTemplate\":\"https:\\\/\\\/www.aprovaconcursos.com.br\\\/noticias\\\/?s={search_term_string}\"},\"query-input\":{\"@type\":\"PropertyValueSpecification\",\"valueRequired\":true,\"valueName\":\"search_term_string\"}}],\"inLanguage\":\"pt-BR\"},{\"@type\":\"Organization\",\"@id\":\"https:\\\/\\\/www.aprovaconcursos.com.br\\\/noticias\\\/#organization\",\"name\":\"Aprova Concursos - Not\u00edcias\",\"url\":\"https:\\\/\\\/www.aprovaconcursos.com.br\\\/noticias\\\/\",\"logo\":{\"@type\":\"ImageObject\",\"inLanguage\":\"pt-BR\",\"@id\":\"https:\\\/\\\/www.aprovaconcursos.com.br\\\/noticias\\\/#\\\/schema\\\/logo\\\/image\\\/\",\"url\":\"https:\\\/\\\/www.aprovaconcursos.com.br\\\/noticias\\\/wp-content\\\/uploads\\\/2026\\\/06\\\/logo.webp\",\"contentUrl\":\"https:\\\/\\\/www.aprovaconcursos.com.br\\\/noticias\\\/wp-content\\\/uploads\\\/2026\\\/06\\\/logo.webp\",\"width\":171,\"height\":49,\"caption\":\"Aprova Concursos - Not\u00edcias\"},\"image\":{\"@id\":\"https:\\\/\\\/www.aprovaconcursos.com.br\\\/noticias\\\/#\\\/schema\\\/logo\\\/image\\\/\"},\"sameAs\":[\"https:\\\/\\\/www.facebook.com\\\/aprovaconcursos\"]},{\"@type\":\"Person\",\"@id\":\"https:\\\/\\\/www.aprovaconcursos.com.br\\\/noticias\\\/#\\\/schema\\\/person\\\/77bad5b521fb3041405f9288cabffd3d\",\"name\":\"Rinaldo Junior\",\"image\":{\"@type\":\"ImageObject\",\"inLanguage\":\"pt-BR\",\"@id\":\"https:\\\/\\\/secure.gravatar.com\\\/avatar\\\/f617925ffe96996dc8799f23a7984694b0e3efacaa19fbff06b4414133263471?s=96&d=mm&r=g\",\"url\":\"https:\\\/\\\/secure.gravatar.com\\\/avatar\\\/f617925ffe96996dc8799f23a7984694b0e3efacaa19fbff06b4414133263471?s=96&d=mm&r=g\",\"contentUrl\":\"https:\\\/\\\/secure.gravatar.com\\\/avatar\\\/f617925ffe96996dc8799f23a7984694b0e3efacaa19fbff06b4414133263471?s=96&d=mm&r=g\",\"caption\":\"Rinaldo Junior\"},\"description\":\"Rinaldo \u00e9 graduado em Letras, Tecn\u00f3logo em Marketing e Analista do time de Reda\u00e7\u00e3o do Aprova Concursos. Sua atua\u00e7\u00e3o na esfera de concursos p\u00fablicos prop\u00f5e an\u00e1lises dos principais editais do pa\u00eds e projetos de cria\u00e7\u00e3o de conte\u00fado para web, com expertise em SEO. H\u00e1 anos re\u00fane informa\u00e7\u00f5es atualizadas e materiais de estudo para apoiar o candidato ao longo da jornada de prepara\u00e7\u00e3o.\",\"url\":\"https:\\\/\\\/www.aprovaconcursos.com.br\\\/noticias\\\/autor\\\/rinaldo-junior\\\/\"}]}<\/script>\n<!-- \/ Yoast SEO Premium plugin. -->","yoast_head_json":{"title":"Concurso PF homologado: Edital valida resultado final. Veja!","description":"Concurso PF: Edital n\u00ba 45, de 1\u00ba de setembro de 2026, valida o resultado final dos cinco cargos policiais. Veja o que muda para os aprovados!","robots":{"index":"index","follow":"follow","max-snippet":"max-snippet:-1","max-image-preview":"max-image-preview:large","max-video-preview":"max-video-preview:-1"},"canonical":"https:\/\/www.aprovaconcursos.com.br\/noticias\/homologacao-concurso-pf-2026\/","og_locale":"pt_BR","og_type":"article","og_title":"Concurso PF homologado: Edital valida resultado final. Veja!","og_description":"Concurso PF: Edital n\u00ba 45, de 1\u00ba de setembro de 2026, valida o resultado final dos cinco cargos policiais. Veja o que muda para os aprovados!","og_url":"https:\/\/www.aprovaconcursos.com.br\/noticias\/homologacao-concurso-pf-2026\/","og_site_name":"Aprova Concursos - Not\u00edcias","article_publisher":"https:\/\/www.facebook.com\/aprovaconcursos","article_published_time":"2026-09-02T13:38:33+00:00","article_modified_time":"2026-09-02T13:48:14+00:00","og_image":[{"width":1200,"height":628,"url":"https:\/\/www.aprovaconcursos.com.br\/noticias\/wp-content\/uploads\/2026\/09\/homologado-resultado-final-concurso-pf.webp","type":"image\/webp"}],"author":"Rinaldo Junior","twitter_card":"summary_large_image","twitter_misc":{"Escrito por":"Rinaldo Junior","Est. tempo de leitura":"5 minutos"},"schema":{"@context":"https:\/\/schema.org","@graph":[{"@type":"NewsArticle","@id":"https:\/\/www.aprovaconcursos.com.br\/noticias\/homologacao-concurso-pf-2026\/#article","isPartOf":{"@id":"https:\/\/www.aprovaconcursos.com.br\/noticias\/homologacao-concurso-pf-2026\/"},"author":{"name":"Rinaldo Junior","@id":"https:\/\/www.aprovaconcursos.com.br\/noticias\/#\/schema\/person\/77bad5b521fb3041405f9288cabffd3d"},"headline":"Concurso PF homologado: Edital valida resultado final. Veja!","datePublished":"2026-09-02T13:38:33+00:00","dateModified":"2026-09-02T13:48:14+00:00","mainEntityOfPage":{"@id":"https:\/\/www.aprovaconcursos.com.br\/noticias\/homologacao-concurso-pf-2026\/"},"wordCount":742,"commentCount":0,"publisher":{"@id":"https:\/\/www.aprovaconcursos.com.br\/noticias\/#organization"},"image":{"@id":"https:\/\/www.aprovaconcursos.com.br\/noticias\/homologacao-concurso-pf-2026\/#primaryimage"},"thumbnailUrl":"https:\/\/www.aprovaconcursos.com.br\/noticias\/wp-content\/uploads\/2026\/09\/homologado-resultado-final-concurso-pf.webp","keywords":["concurso PF","Concurso PF homologado"],"articleSection":["Cebraspe","Nacional","Not\u00edcias","Policial"],"inLanguage":"pt-BR","potentialAction":[{"@type":"CommentAction","name":"Comment","target":["https:\/\/www.aprovaconcursos.com.br\/noticias\/homologacao-concurso-pf-2026\/#respond"]}],"copyrightYear":"2026","copyrightHolder":{"@id":"https:\/\/www.aprovaconcursos.com.br\/noticias\/#organization"}},{"@type":"WebPage","@id":"https:\/\/www.aprovaconcursos.com.br\/noticias\/homologacao-concurso-pf-2026\/","url":"https:\/\/www.aprovaconcursos.com.br\/noticias\/homologacao-concurso-pf-2026\/","name":"Concurso PF homologado: Edital valida resultado final. Veja!","isPartOf":{"@id":"https:\/\/www.aprovaconcursos.com.br\/noticias\/#website"},"primaryImageOfPage":{"@id":"https:\/\/www.aprovaconcursos.com.br\/noticias\/homologacao-concurso-pf-2026\/#primaryimage"},"image":{"@id":"https:\/\/www.aprovaconcursos.com.br\/noticias\/homologacao-concurso-pf-2026\/#primaryimage"},"thumbnailUrl":"https:\/\/www.aprovaconcursos.com.br\/noticias\/wp-content\/uploads\/2026\/09\/homologado-resultado-final-concurso-pf.webp","datePublished":"2026-09-02T13:38:33+00:00","dateModified":"2026-09-02T13:48:14+00:00","description":"Concurso PF: Edital n\u00ba 45, de 1\u00ba de setembro de 2026, valida o resultado final dos cinco cargos policiais. Veja o que muda para os aprovados!","breadcrumb":{"@id":"https:\/\/www.aprovaconcursos.com.br\/noticias\/homologacao-concurso-pf-2026\/#breadcrumb"},"inLanguage":"pt-BR","potentialAction":[{"@type":"ReadAction","target":["https:\/\/www.aprovaconcursos.com.br\/noticias\/homologacao-concurso-pf-2026\/"]}]},{"@type":"ImageObject","inLanguage":"pt-BR","@id":"https:\/\/www.aprovaconcursos.com.br\/noticias\/homologacao-concurso-pf-2026\/#primaryimage","url":"https:\/\/www.aprovaconcursos.com.br\/noticias\/wp-content\/uploads\/2026\/09\/homologado-resultado-final-concurso-pf.webp","contentUrl":"https:\/\/www.aprovaconcursos.com.br\/noticias\/wp-content\/uploads\/2026\/09\/homologado-resultado-final-concurso-pf.webp","width":1200,"height":628,"caption":"Concurso PF homologado."},{"@type":"BreadcrumbList","@id":"https:\/\/www.aprovaconcursos.com.br\/noticias\/homologacao-concurso-pf-2026\/#breadcrumb","itemListElement":[{"@type":"ListItem","position":1,"name":"Home","item":"https:\/\/www.aprovaconcursos.com.br\/noticias\/"},{"@type":"ListItem","position":2,"name":"Concurso PF homologado: Edital valida resultado final. Veja!"}]},{"@type":"WebSite","@id":"https:\/\/www.aprovaconcursos.com.br\/noticias\/#website","url":"https:\/\/www.aprovaconcursos.com.br\/noticias\/","name":"Aprova Concursos - Not\u00edcias","description":"Fique por dentro das not\u00edcias sobre concursos p\u00fablicos do Brasil inteiro, ENEM, Exame de Ordem (OAB) e Exame de Sufici\u00eancia (CFC). Mantenha-se atualizado aqui!","publisher":{"@id":"https:\/\/www.aprovaconcursos.com.br\/noticias\/#organization"},"potentialAction":[{"@type":"SearchAction","target":{"@type":"EntryPoint","urlTemplate":"https:\/\/www.aprovaconcursos.com.br\/noticias\/?s={search_term_string}"},"query-input":{"@type":"PropertyValueSpecification","valueRequired":true,"valueName":"search_term_string"}}],"inLanguage":"pt-BR"},{"@type":"Organization","@id":"https:\/\/www.aprovaconcursos.com.br\/noticias\/#organization","name":"Aprova Concursos - Not\u00edcias","url":"https:\/\/www.aprovaconcursos.com.br\/noticias\/","logo":{"@type":"ImageObject","inLanguage":"pt-BR","@id":"https:\/\/www.aprovaconcursos.com.br\/noticias\/#\/schema\/logo\/image\/","url":"https:\/\/www.aprovaconcursos.com.br\/noticias\/wp-content\/uploads\/2026\/06\/logo.webp","contentUrl":"https:\/\/www.aprovaconcursos.com.br\/noticias\/wp-content\/uploads\/2026\/06\/logo.webp","width":171,"height":49,"caption":"Aprova Concursos - Not\u00edcias"},"image":{"@id":"https:\/\/www.aprovaconcursos.com.br\/noticias\/#\/schema\/logo\/image\/"},"sameAs":["https:\/\/www.facebook.com\/aprovaconcursos"]},{"@type":"Person","@id":"https:\/\/www.aprovaconcursos.com.br\/noticias\/#\/schema\/person\/77bad5b521fb3041405f9288cabffd3d","name":"Rinaldo Junior","image":{"@type":"ImageObject","inLanguage":"pt-BR","@id":"https:\/\/secure.gravatar.com\/avatar\/f617925ffe96996dc8799f23a7984694b0e3efacaa19fbff06b4414133263471?s=96&d=mm&r=g","url":"https:\/\/secure.gravatar.com\/avatar\/f617925ffe96996dc8799f23a7984694b0e3efacaa19fbff06b4414133263471?s=96&d=mm&r=g","contentUrl":"https:\/\/secure.gravatar.com\/avatar\/f617925ffe96996dc8799f23a7984694b0e3efacaa19fbff06b4414133263471?s=96&d=mm&r=g","caption":"Rinaldo Junior"},"description":"Rinaldo \u00e9 graduado em Letras, Tecn\u00f3logo em Marketing e Analista do time de Reda\u00e7\u00e3o do Aprova Concursos. Sua atua\u00e7\u00e3o na esfera de concursos p\u00fablicos prop\u00f5e an\u00e1lises dos principais editais do pa\u00eds e projetos de cria\u00e7\u00e3o de conte\u00fado para web, com expertise em SEO. H\u00e1 anos re\u00fane informa\u00e7\u00f5es atualizadas e materiais de estudo para apoiar o candidato ao longo da jornada de prepara\u00e7\u00e3o.","url":"https:\/\/www.aprovaconcursos.com.br\/noticias\/autor\/rinaldo-junior\/"}]}},"_links":{"self":[{"href":"https:\/\/www.aprovaconcursos.com.br\/noticias\/wp-json\/wp\/v2\/posts\/167055","targetHints":{"allow":["GET"]}}],"collection":[{"href":"https:\/\/www.aprovaconcursos.com.br\/noticias\/wp-json\/wp\/v2\/posts"}],"about":[{"href":"https:\/\/www.aprovaconcursos.com.br\/noticias\/wp-json\/wp\/v2\/types\/post"}],"author":[{"embeddable":true,"href":"https:\/\/www.aprovaconcursos.com.br\/noticias\/wp-json\/wp\/v2\/users\/3"}],"replies":[{"embeddable":true,"href":"https:\/\/www.aprovaconcursos.com.br\/noticias\/wp-json\/wp\/v2\/comments?post=167055"}],"version-history":[{"count":1,"href":"https:\/\/www.aprovaconcursos.com.br\/noticias\/wp-json\/wp\/v2\/posts\/167055\/revisions"}],"predecessor-version":[{"id":167058,"href":"https:\/\/www.aprovaconcursos.com.br\/noticias\/wp-json\/wp\/v2\/posts\/167055\/revisions\/167058"}],"wp:featuredmedia":[{"embeddable":true,"href":"https:\/\/www.aprovaconcursos.com.br\/noticias\/wp-json\/wp\/v2\/media\/167060"}],"wp:attachment":[{"href":"https:\/\/www.aprovaconcursos.com.br\/noticias\/wp-json\/wp\/v2\/media?parent=167055"}],"wp:term":[{"taxonomy":"category","embeddable":true,"href":"https:\/\/www.aprovaconcursos.com.br\/noticias\/wp-json\/wp\/v2\/categories?post=167055"},{"taxonomy":"post_tag","embeddable":true,"href":"https:\/\/www.aprovaconcursos.com.br\/noticias\/wp-json\/wp\/v2\/tags?post=167055"}],"curies":[{"name":"wp","href":"https:\/\/api.w.org\/{rel}","templated":true}]}}