{"id":167052,"date":"2026-09-02T10:34:24","date_gmt":"2026-09-02T13:34:24","guid":{"rendered":"https:\/\/www.aprovaconcursos.com.br\/noticias\/?p=167052"},"modified":"2026-09-02T11:52:40","modified_gmt":"2026-09-02T14:52:40","slug":"concurso-residencia-fiocruz-df","status":"publish","type":"post","link":"https:\/\/www.aprovaconcursos.com.br\/noticias\/concurso-residencia-fiocruz-df\/","title":{"rendered":"SAIU! Resid\u00eancia Fiocruz Bras\u00edlia: 112 vagas e R$ 4,1 mil"},"content":{"rendered":"\n<h2 id=\"h-resumo-e-situacao-atual\" class=\"wp-block-heading\">Resumo e situa\u00e7\u00e3o atual<\/h2>\n\n\n\n<p class=\"wp-block-paragraph\"><strong>O edital da Resid\u00eancia Fiocruz Bras\u00edlia foi publicado.<\/strong> A Escola de Governo Fiocruz-Bras\u00edlia (EGF-Bras\u00edlia) lan\u00e7ou em <strong>31 de agosto de 2026<\/strong> o <a href=\"https:\/\/www.fiocruzbrasilia.fiocruz.br\/wp-content\/uploads\/2026\/08\/RESIDENCIAS-Edital-Unificado_2026.pdf\" target=\"_blank\" rel=\"noopener noreferrer\">Edital n\u00ba 04\/2026<\/a>, do processo seletivo unificado dos Programas de Resid\u00eancia Multiprofissional em Sa\u00fade.<\/p>\n\n\n\n<p class=\"wp-block-paragraph\">S\u00e3o <strong>112 vagas<\/strong>, para ingresso no 1\u00ba semestre de 2027, distribu\u00eddas em tr\u00eas programas: Aten\u00e7\u00e3o B\u00e1sica (PRMAB), Vigil\u00e2ncia em Sa\u00fade (PRMVS) e Sa\u00fade da Fam\u00edlia com \u00canfase em Sa\u00fade da Popula\u00e7\u00e3o do Campo (PRMSFCampo).<\/p>\n\n\n\n<p class=\"wp-block-paragraph\"><strong>\u00daltima movimenta\u00e7\u00e3o:<\/strong> o prazo de impugna\u00e7\u00e3o do edital foi encerrado em 02\/09\/2026, e o resultado da an\u00e1lise dos pedidos est\u00e1 previsto para 03\/09\/2026.<\/p>\n\n\n\n<p class=\"wp-block-paragraph\"><strong>Pr\u00f3ximo passo:<\/strong> as <strong>inscri\u00e7\u00f5es abrem em 4 de setembro de 2026<\/strong> e seguem at\u00e9 as 23h59 de <strong>10 de setembro<\/strong>, exclusivamente pela internet e <strong>sem taxa<\/strong>.<\/p>\n\n\n\n<p class=\"wp-block-paragraph\"><strong>Em n\u00fameros:<\/strong><\/p>\n\n\n\n<ul class=\"wp-block-list\">\n<li><strong>112 vagas<\/strong> no total<\/li>\n\n\n\n<li><strong>Bolsa de R$ 4.106,09<\/strong> brutos por m\u00eas<\/li>\n\n\n\n<li><strong>60 horas semanais<\/strong>, dedica\u00e7\u00e3o exclusiva, 24 meses<\/li>\n\n\n\n<li><strong>Prova objetiva e reda\u00e7\u00e3o em 27\/09\/2026<\/strong>, \u00e0s 13h30<\/li>\n\n\n\n<li><strong>In\u00edcio das aulas em 1\u00ba de mar\u00e7o de 2027<\/strong><\/li>\n<\/ul>\n\n\n\n<h2 id=\"h-solicitacao-e-autorizacao\" class=\"wp-block-heading\">Solicita\u00e7\u00e3o e autoriza\u00e7\u00e3o<\/h2>\n\n\n\n<p class=\"wp-block-paragraph\">O edital est\u00e1 condicionado ao financiamento de bolsas vinculadas \u00e0 Secretaria de Gest\u00e3o do Trabalho e da Educa\u00e7\u00e3o na Sa\u00fade (SGTES) do Minist\u00e9rio da Sa\u00fade.O financiamento pelo Programa Nacional de Bolsas para Resid\u00eancias Multiprofissionais foi aprovado pelas Portarias n\u00ba 23, de 14 de fevereiro de 2019, n\u00ba 35, de 21 de fevereiro de 2019, e n\u00ba 10, de 11 de fevereiro de 2020, dispon\u00edveis no <a href=\"https:\/\/sigresidencias.saude.gov.br\/\" target=\"_blank\" rel=\"noopener noreferrer\">SIG Resid\u00eancias<\/a>.<\/p>\n\n\n\n<p class=\"wp-block-paragraph\">Os programas s\u00e3o cursos de <strong>p\u00f3s-gradua\u00e7\u00e3o lato sensu<\/strong> na modalidade resid\u00eancia, regulamentados pelo art. 13 da Lei n\u00ba 11.129\/2005 e pela Portaria Interministerial MEC\/MS n\u00ba 1.077\/2009.<\/p>\n\n\n\n<p class=\"wp-block-paragraph\"><strong>Leia tamb\u00e9m: <a href=\"https:\/\/www.aprovaconcursos.com.br\/blog\/rotina-do-residente-fiocruz-df\/\" target=\"_blank\" rel=\"noopener noreferrer\">Resid\u00eancia Fiocruz Bras\u00edlia: 3 verdades sobre a rotina<\/a><\/strong><\/p>\n\n\n\n<h2 id=\"h-comissao-e-banca\" class=\"wp-block-heading\">Comiss\u00e3o e banca<\/h2>\n\n\n\n<p class=\"wp-block-paragraph\"><strong>N\u00e3o h\u00e1 banca externa.<\/strong> A sele\u00e7\u00e3o \u00e9 conduzida por comiss\u00e3o pr\u00f3pria da institui\u00e7\u00e3o.<\/p>\n\n\n\n<p class=\"wp-block-paragraph\">A Comiss\u00e3o de Sele\u00e7\u00e3o foi institu\u00edda pela Portaria n\u00ba 153, de 31 de agosto de 2026, da Ger\u00eancia Regional de Bras\u00edlia, e \u00e9 respons\u00e1vel por organizar, coordenar e supervisionar todas as atividades do processo seletivo.Os programas est\u00e3o vinculados \u00e0 Comiss\u00e3o de Resid\u00eancias Multiprofissionais em Sa\u00fade (COREMU\/EGF-Bras\u00edlia).<\/p>\n\n\n\n<p class=\"wp-block-paragraph\">H\u00e1 ainda duas comiss\u00f5es espec\u00edficas para as vagas de a\u00e7\u00f5es afirmativas: as Comiss\u00f5es de Heteroidentifica\u00e7\u00e3o e de Acolhimento Biopsicossocial, definidas pela Portaria Gereb n\u00ba 143\/2024, de 25 de novembro de 2024.<\/p>\n\n\n\n<h2 id=\"h-edital\" class=\"wp-block-heading\">Edital<\/h2>\n\n\n\n<p class=\"wp-block-paragraph\">O <a href=\"https:\/\/www.fiocruzbrasilia.fiocruz.br\/wp-content\/uploads\/2026\/08\/RESIDENCIAS-Edital-Unificado_2026.pdf\" target=\"_blank\" rel=\"noopener noreferrer\">Edital n\u00ba 04\/2026<\/a> foi publicado em <strong>31 de agosto de 2026<\/strong> e est\u00e1 dispon\u00edvel na <a href=\"https:\/\/www.fiocruzbrasilia.fiocruz.br\/processo-seletivo-unificado-para-programas-de-residencia-multiprofissional-em-saude-2\/\" target=\"_blank\" rel=\"noopener noreferrer\">p\u00e1gina oficial do processo seletivo<\/a>, junto com os anexos e formul\u00e1rios.<\/p>\n\n\n\n<p class=\"wp-block-paragraph\"><strong>Requisitos para concorrer:<\/strong><\/p>\n\n\n\n<ul class=\"wp-block-list\">\n<li>Ser pessoa brasileira ou estrangeira com visto de perman\u00eancia no pa\u00eds, com gradua\u00e7\u00e3o compat\u00edvel com a categoria profissional do programa escolhido<\/li>\n\n\n\n<li>Ter conclu\u00eddo a gradua\u00e7\u00e3o com cola\u00e7\u00e3o de grau at\u00e9 a matr\u00edcula e estar inscrito e ativo no conselho profissional correspondente<\/li>\n\n\n\n<li>Ter disponibilidade em tempo integral, em regime de dedica\u00e7\u00e3o exclusiva, com 60 horas semanaisQuem j\u00e1 concluiu uma resid\u00eancia multiprofissional n\u00e3o pode repetir a mesma \u00e1rea de concentra\u00e7\u00e3o, e pode cursar apenas mais uma \u00e1rea diferente, conforme a Resolu\u00e7\u00e3o CNRMS n\u00ba 1\/2017.<\/li>\n<\/ul>\n\n\n\n<p class=\"wp-block-paragraph\"><strong>Regras centrais:<\/strong><\/p>\n\n\n\n<ul class=\"wp-block-list\">\n<li>A pessoa candidata escolhe apenas um dos tr\u00eas programas no ato da inscri\u00e7\u00e3o; altera\u00e7\u00f5es s\u00f3 s\u00e3o permitidas durante o prazo de inscri\u00e7\u00e3o<\/li>\n\n\n\n<li>Inscri\u00e7\u00f5es com documenta\u00e7\u00e3o incorreta ou incompleta n\u00e3o s\u00e3o homologadas nem t\u00eam os documentos analisados<\/li>\n\n\n\n<li>A Declara\u00e7\u00e3o de Autenticidade (Anexo A) \u00e9 obrigat\u00f3ria e precisa de assinatura eletr\u00f4nica gov.br ou outro mecanismo digital verific\u00e1vel<\/li>\n\n\n\n<li>O cart\u00e3o de vacina\u00e7\u00e3o com o ciclo completo contra a covid-19 est\u00e1 entre os documentos exigidos<\/li>\n<\/ul>\n\n\n\n<h2 id=\"h-vagas-cargos-e-remuneracao\" class=\"wp-block-heading\">Vagas, cargos e remunera\u00e7\u00e3o<\/h2>\n\n\n\n<p class=\"wp-block-paragraph\">As 112 vagas est\u00e3o distribu\u00eddas por programa e categoria profissional:<\/p>\n\n\n\n<figure class=\"wp-block-table\"><table class=\"has-fixed-layout\"><thead><tr><th>Programa<\/th><th>Vagas<\/th><th>Categorias profissionais<\/th><\/tr><\/thead><tbody><tr><td><strong>Aten\u00e7\u00e3o B\u00e1sica (PRMAB)<\/strong><\/td><td>60<\/td><td>Enfermagem (24), Farm\u00e1cia (6), Fisioterapia (6), Nutri\u00e7\u00e3o (6), Educa\u00e7\u00e3o F\u00edsica (6), Servi\u00e7o Social (6), Psicologia (6)<\/td><\/tr><tr><td><strong>Sa\u00fade da Fam\u00edlia \u2014 Popula\u00e7\u00e3o do Campo (PRMSFCampo)<\/strong><\/td><td>32<\/td><td>Educa\u00e7\u00e3o F\u00edsica, Enfermagem, Farm\u00e1cia e Bioqu\u00edmica, Fisioterapia, Nutri\u00e7\u00e3o, Odontologia, Psicologia, Servi\u00e7o Social (4 cada)<\/td><\/tr><tr><td><strong>Vigil\u00e2ncia em Sa\u00fade (PRMVS)<\/strong><\/td><td>20<\/td><td>Biologia, Enfermagem, Farm\u00e1cia, Medicina Veterin\u00e1ria, Sa\u00fade Coletiva (4 cada)<\/td><\/tr><\/tbody><\/table><\/figure>\n\n\n\n<p class=\"wp-block-paragraph\"><strong>Bolsa:<\/strong> R$ 4.106,09 mensais, de responsabilidade exclusiva do Minist\u00e9rio da Sa\u00fade, sujeitos a descontos e reten\u00e7\u00f5es tribut\u00e1rias e previdenci\u00e1rias. A Fiocruz Bras\u00edlia n\u00e3o disponibiliza qualquer outro recurso financeiro, aux\u00edlio ou adicional de bolsa \u2014 custos com alimenta\u00e7\u00e3o, moradia, transporte, deslocamento, est\u00e1gios e eventos s\u00e3o de responsabilidade da pessoa residente.<\/p>\n\n\n\n<p class=\"wp-block-paragraph\"><strong>Dura\u00e7\u00e3o:<\/strong> 2 anos, com 5.760 horas totais, 60 horas semanais e uma folga semanal, em formato presencial.<\/p>\n\n\n\n<p class=\"wp-block-paragraph\"><strong>A\u00e7\u00f5es afirmativas:<\/strong> 65 das 112 vagas s\u00e3o reservadas, 20% para pessoas negras (pretas e pardas), 7% para pessoas com defici\u00eancia, 3% para pessoas ind\u00edgenas e 1% para pessoas de identidade trans. Restam 47 vagas de ampla concorr\u00eancia.<\/p>\n\n\n\n<h2 id=\"h-inscricoes\" class=\"wp-block-heading\">Inscri\u00e7\u00f5es<\/h2>\n\n\n\n<p class=\"wp-block-paragraph\"><strong>Per\u00edodo:<\/strong> de 00h00 de 04\/09\/2026 at\u00e9 23h59 de 10\/09\/2026, hor\u00e1rio de Bras\u00edlia.<\/p>\n\n\n\n<p class=\"wp-block-paragraph\"><strong>Taxa:<\/strong> n\u00e3o h\u00e1 cobran\u00e7a de taxa de inscri\u00e7\u00e3o.<\/p>\n\n\n\n<p class=\"wp-block-paragraph\"><strong>Onde:<\/strong> exclusivamente pela internet, na plataforma NEAD (Sistema de Ofertas), pela p\u00e1gina do processo seletivo. \u00c9 preciso criar ou acessar cadastro no Sistema de Ofertas, preencher o formul\u00e1rio eletr\u00f4nico, anexar toda a documenta\u00e7\u00e3o exigida e gerar o comprovante de inscri\u00e7\u00e3o.Documentos enviados por e-mail ou qualquer meio fora da plataforma n\u00e3o s\u00e3o aceitos, e ap\u00f3s o encerramento do prazo n\u00e3o \u00e9 permitido anexar novos arquivos ou substituir os j\u00e1 enviados.<\/p>\n\n\n\n<p class=\"wp-block-paragraph\"><strong>Homologa\u00e7\u00e3o:<\/strong> o resultado preliminar est\u00e1 previsto para <strong>21\/09\/2026<\/strong>, com recursos em 22 e 23\/09 e resposta em 24\/09.<\/p>\n\n\n\n<h2 id=\"h-provas-e-locais\" class=\"wp-block-heading\">Provas e locais<\/h2>\n\n\n\n<p class=\"wp-block-paragraph\">A prova objetiva e a reda\u00e7\u00e3o ser\u00e3o aplicadas presencialmente em 27 de setembro de 2026, um domingo, a partir das 13h30, com dura\u00e7\u00e3o total de 4 horas e 30 minutos. Essa etapa vale para <strong>PRMAB e PRMVS<\/strong>; o PRMSFCampo n\u00e3o realiza prova objetiva, e sua primeira avalia\u00e7\u00e3o \u00e9 a an\u00e1lise de curr\u00edculo com carta de inten\u00e7\u00f5es.<\/p>\n\n\n\n<p class=\"wp-block-paragraph\">Os locais de prova ser\u00e3o divulgados em 21\/09\/2026, junto com a homologa\u00e7\u00e3o preliminar das inscri\u00e7\u00f5es, na plataforma NEAD.<\/p>\n\n\n\n<p class=\"wp-block-paragraph\"><strong>Regras essenciais no dia:<\/strong><\/p>\n\n\n\n<ul class=\"wp-block-list\">\n<li>Comparecer com pelo menos 1 hora de anteced\u00eancia e apresentar documento oficial de identidade com foto<\/li>\n\n\n\n<li>N\u00e3o \u00e9 permitido ingressar na sala ap\u00f3s o in\u00edcio da prova, e n\u00e3o h\u00e1 segunda chamada, a aus\u00eancia elimina automaticamente<\/li>\n\n\n\n<li>Proibido bon\u00e9, chap\u00e9u, capuz, \u00f3culos escuros e qualquer aparelho eletr\u00f4nico em toda a \u00e1rea de prova<\/li>\n\n\n\n<li>N\u00e3o \u00e9 permitido levar o caderno de prova nem consultar material<\/li>\n<\/ul>\n\n\n\n<p class=\"wp-block-paragraph\"><strong>Conte\u00fado:<\/strong> a prova objetiva traz quest\u00f5es de m\u00faltipla escolha sobre conhecimentos gerais em sa\u00fade coletiva, legisla\u00e7\u00e3o e pol\u00edtica do SUS, al\u00e9m de conhecimentos espec\u00edficos, com nota m\u00e1xima de 10 e m\u00ednimo de 6,00 pontos para n\u00e3o ser eliminado. A reda\u00e7\u00e3o \u00e9 dissertativo-argumentativa, de 20 a 30 linhas, com tema revelado apenas no momento da aplica\u00e7\u00e3o.<\/p>\n\n\n\n<p class=\"wp-block-paragraph\"><strong>Etapas por programa:<\/strong><\/p>\n\n\n\n<figure class=\"wp-block-table\"><table class=\"has-fixed-layout\"><thead><tr><th>Programa<\/th><th>Etapas<\/th><\/tr><\/thead><tbody><tr><td><strong>PRMAB<\/strong><\/td><td>Prova objetiva e reda\u00e7\u00e3o \u2192 an\u00e1lise de curr\u00edculo e corre\u00e7\u00e3o da reda\u00e7\u00e3o \u2192 entrevista presencial e portf\u00f3lio oral<\/td><\/tr><tr><td><strong>PRMVS<\/strong><\/td><td>Prova objetiva e reda\u00e7\u00e3o \u2192 corre\u00e7\u00e3o da reda\u00e7\u00e3o \u2192 entrevista virtual<\/td><\/tr><tr><td><strong>PRMSFCampo<\/strong><\/td><td>An\u00e1lise de curr\u00edculo e carta de inten\u00e7\u00f5es \u2192 entrevista virtual<\/td><\/tr><\/tbody><\/table><\/figure>\n\n\n\n<p class=\"wp-block-paragraph\">Quem optar por vagas de a\u00e7\u00f5es afirmativas passa ainda por uma etapa final de bancas de heteroidentifica\u00e7\u00e3o e avalia\u00e7\u00e3o biopsicossocial.<\/p>\n\n\n\n<h2 id=\"h-gabaritos-e-resultados\" class=\"wp-block-heading\">Gabaritos e resultados<\/h2>\n\n\n\n<p class=\"wp-block-paragraph\">Os cadernos de prova e os gabaritos ser\u00e3o divulgados em 28\/09\/2026, um dia ap\u00f3s a aplica\u00e7\u00e3o.<\/p>\n\n\n\n<ul class=\"wp-block-list\">\n<li><strong>Resultado preliminar da prova objetiva:<\/strong> 02\/10\/2026<\/li>\n\n\n\n<li><strong>Recursos:<\/strong> 05 e 06\/10\/2026, at\u00e9 23h59<\/li>\n\n\n\n<li><strong>Resultado definitivo da Etapa 1:<\/strong> 08\/10\/2026<\/li>\n\n\n\n<li><strong>Resultado da Etapa 2<\/strong> (curr\u00edculo e reda\u00e7\u00e3o): preliminar em 19\/10, definitivo em 22\/10<\/li>\n\n\n\n<li><strong>Etapa 3<\/strong> (entrevistas e portf\u00f3lio oral): 23 a 30\/10, resultado em 03\/11, definitivo em 06\/11<\/li>\n\n\n\n<li><strong>Bancas de a\u00e7\u00f5es afirmativas:<\/strong> 09 a 16\/11, resultado definitivo em 02\/12<\/li>\n\n\n\n<li><strong>Resultado final do processo seletivo:<\/strong> 07\/12\/2026<\/li>\n<\/ul>\n\n\n\n<p class=\"wp-block-paragraph\">Os recursos devem ser formalizados exclusivamente pelo sistema eletr\u00f4nico disponibilizado junto com cada resultado, dentro do prazo do cronograma, n\u00e3o s\u00e3o aceitos pedidos fora do prazo, por via postal ou por outros meios, e n\u00e3o cabe pedido de reconsidera\u00e7\u00e3o.<\/p>\n\n\n\n<p class=\"wp-block-paragraph\"><strong>Pr\u00f3ximos passos ap\u00f3s o resultado:<\/strong> matr\u00edcula online de 18\/01\/2027 a 05\/02\/2027, com chamadas para vagas remanescentes at\u00e9 31\/03\/2027 e in\u00edcio das atividades letivas em 1\u00ba de mar\u00e7o de 2027.<\/p>\n\n\n\n<h2 id=\"h-cronologia\" class=\"wp-block-heading\">Cronologia<\/h2>\n\n\n\n<ul class=\"wp-block-list\">\n<li><strong>31\/08\/2026<\/strong> \u2014 Portaria n\u00ba 153 institui a Comiss\u00e3o de Sele\u00e7\u00e3o e o Edital n\u00ba 04\/2026 \u00e9 publicado<\/li>\n\n\n\n<li><strong>31\/08 a 02\/09\/2026<\/strong> \u2014 prazo para pedidos de impugna\u00e7\u00e3o do edital<\/li>\n\n\n\n<li><strong>03\/09\/2026<\/strong> \u2014 resultado da an\u00e1lise das impugna\u00e7\u00f5es<\/li>\n\n\n\n<li><strong>04 a 10\/09\/2026<\/strong> \u2014 per\u00edodo de inscri\u00e7\u00f5es<\/li>\n\n\n\n<li><strong>21\/09\/2026<\/strong> \u2014 homologa\u00e7\u00e3o preliminar e divulga\u00e7\u00e3o dos locais de prova<\/li>\n\n\n\n<li><strong>27\/09\/2026<\/strong> \u2014 prova objetiva e reda\u00e7\u00e3o (PRMAB e PRMVS)<\/li>\n\n\n\n<li><strong>28\/09\/2026<\/strong> \u2014 divulga\u00e7\u00e3o dos cadernos e gabaritos<\/li>\n\n\n\n<li><strong>08\/10\/2026<\/strong> \u2014 resultado definitivo da Etapa 1<\/li>\n\n\n\n<li><strong>23 a 30\/10\/2026<\/strong> \u2014 entrevistas e portf\u00f3lio oral<\/li>\n\n\n\n<li><strong>07\/12\/2026<\/strong> \u2014 resultado definitivo do processo seletivo<\/li>\n\n\n\n<li><strong>18\/01 a 05\/02\/2027<\/strong> \u2014 matr\u00edculas<\/li>\n\n\n\n<li><strong>01\/03\/2027<\/strong> \u2014 in\u00edcio das atividades letivas<\/li>\n<\/ul>\n\n\n\n<h2 id=\"h-ultimas-noticias\" class=\"wp-block-heading\">\u00daltimas not\u00edcias<\/h2>\n\n\n\n<p class=\"wp-block-paragraph\"><strong>Edital publicado com 112 vagas e bolsa de R$ 4.106,09<\/strong> \u2014 31\/08\/2026<br>A EGF-Bras\u00edlia publicou o Edital n\u00ba 04\/2026 do processo seletivo unificado das tr\u00eas resid\u00eancias multiprofissionais, com ingresso previsto para o 1\u00ba semestre de 2027 e inscri\u00e7\u00f5es gratuitas.<\/p>\n\n\n\n<p class=\"wp-block-paragraph\"><strong>Inscri\u00e7\u00f5es abrem em 4 de setembro<\/strong> \u2014 01\/09\/2026<br>A Fiocruz Bras\u00edlia confirmou o per\u00edodo de inscri\u00e7\u00f5es, de 04 a 10 de setembro, exclusivamente pela plataforma NEAD, e a composi\u00e7\u00e3o da sele\u00e7\u00e3o em prova objetiva, an\u00e1lise de curr\u00edculo e portf\u00f3lio oral. <\/p>\n\n\n\n<h2 id=\"h-perguntas-frequentes\" class=\"wp-block-heading\">Perguntas frequentes<\/h2>\n\n\n\n<h3 id=\"h-quem-ja-fez-uma-residencia-multiprofissional-pode-se-inscrever\" class=\"wp-block-heading\">Quem j\u00e1 fez uma resid\u00eancia multiprofissional pode se inscrever?<\/h3>\n\n\n\n<p class=\"wp-block-paragraph\">Sim, com limite. \u00c9 vedado repetir programa na mesma \u00e1rea de concentra\u00e7\u00e3o j\u00e1 conclu\u00edda. Pela Resolu\u00e7\u00e3o CNRMS n\u00ba 1\/2017, a pessoa egressa pode cursar apenas mais uma \u00e1rea de concentra\u00e7\u00e3o diferente daquela que j\u00e1 concluiu.<\/p>\n\n\n\n<h3 id=\"h-e-possivel-se-inscrever-ainda-cursando-a-graduacao\" class=\"wp-block-heading\">\u00c9 poss\u00edvel se inscrever ainda cursando a gradua\u00e7\u00e3o?<\/h3>\n\n\n\n<p class=\"wp-block-paragraph\">Sim. Quem ainda est\u00e1 na gradua\u00e7\u00e3o pode apresentar declara\u00e7\u00e3o de prov\u00e1vel formando ou concluinte, desde que o curso termine antes da data de matr\u00edcula no programa escolhido. A cola\u00e7\u00e3o de grau precisa estar conclu\u00edda no ato da matr\u00edcula, com inscri\u00e7\u00e3o ativa no conselho profissional.<\/p>\n\n\n\n<h3 id=\"h-quem-for-aprovado-pode-manter-outro-emprego\" class=\"wp-block-heading\">Quem for aprovado pode manter outro emprego?<\/h3>\n\n\n\n<p class=\"wp-block-paragraph\">N\u00e3o. No ato da matr\u00edcula, a pessoa aprovada assina termo de compromisso declarando n\u00e3o possuir v\u00ednculo empregat\u00edcio e se compromete a manter essa condi\u00e7\u00e3o durante toda a resid\u00eancia, com dedica\u00e7\u00e3o exclusiva por dois anos, incluindo possibilidade de atividades em fins de semana e feriados.<\/p>\n\n\n\n<h3 id=\"h-o-que-acontece-se-as-vagas-de-acoes-afirmativas-nao-forem-preenchidas\" class=\"wp-block-heading\">O que acontece se as vagas de a\u00e7\u00f5es afirmativas n\u00e3o forem preenchidas?<\/h3>\n\n\n\n<p class=\"wp-block-paragraph\">As vagas remanescentes s\u00e3o remanejadas ao final do processo entre os demais grupos de a\u00e7\u00f5es afirmativas, priorizando aquele com a menor raz\u00e3o entre inscritos e vagas. Somente se nenhum grupo tiver pessoa candidata apta \u00e9 que a vaga \u00e9 convertida para a ampla concorr\u00eancia.<\/p>\n\n\n\n<h3 id=\"h-ha-auxilio-moradia-alimentacao-ou-transporte\" class=\"wp-block-heading\">H\u00e1 aux\u00edlio moradia, alimenta\u00e7\u00e3o ou transporte?<\/h3>\n\n\n\n<p class=\"wp-block-paragraph\">N\u00e3o. O edital \u00e9 expl\u00edcito: a Fiocruz Bras\u00edlia n\u00e3o paga adicional, aux\u00edlio ou apoio complementar \u00e0 bolsa. Alimenta\u00e7\u00e3o, moradia, transporte e deslocamentos at\u00e9 os cen\u00e1rios de pr\u00e1tica s\u00e3o custeados pela pr\u00f3pria pessoa residente. No PRMSFCampo, os cen\u00e1rios ficam a 30 km a 85 km da sede.<\/p>\n\n\n\n<h3 id=\"h-existe-cadastro-de-reserva\" class=\"wp-block-heading\">Existe cadastro de reserva?<\/h3>\n\n\n\n<p class=\"wp-block-paragraph\">Sim, na forma de supl\u00eancia. S\u00e3o selecionadas at\u00e9 duas pessoas suplentes por categoria e por programa. A convoca\u00e7\u00e3o segue a ordem de classifica\u00e7\u00e3o e ocorre apenas em caso de vac\u00e2ncia no primeiro m\u00eas letivo entre as pessoas titulares.<\/p>\n\n\n\n<p class=\"wp-block-paragraph\"><\/p>\n","protected":false},"excerpt":{"rendered":"<p>Resumo e situa\u00e7\u00e3o atual O edital da Resid\u00eancia Fiocruz Bras\u00edlia foi publicado. A Escola de Governo Fiocruz-Bras\u00edlia (EGF-Bras\u00edlia) lan\u00e7ou em 31 de\u2026<\/p>\n","protected":false},"author":6,"featured_media":167056,"comment_status":"open","ping_status":"open","sticky":false,"template":"","format":"standard","meta":{"footnotes":""},"categories":[11,18699],"tags":[24775],"class_list":["post-167052","post","type-post","status-publish","format-standard","has-post-thumbnail","hentry","category-noticias","category-ultimas-noticias-concursos","tag-residencia-fiocruz-brasilia"],"yoast_head":"<!-- This site is optimized with the Yoast SEO Premium plugin v27.9 (Yoast SEO v28.2) - https:\/\/yoast.com\/product\/yoast-seo-premium-wordpress\/ -->\n<title>SAIU! Resid\u00eancia Fiocruz Bras\u00edlia: 112 vagas e R$ 4,1 mil<\/title>\n<meta name=\"description\" content=\"Edital com 112 vagas, bolsa de R$ 4.106,09 e inscri\u00e7\u00f5es de 4 a 10 de setembro. Veja vagas, etapas e cronograma.\" \/>\n<meta name=\"robots\" content=\"index, follow, max-snippet:-1, max-image-preview:large, max-video-preview:-1\" \/>\n<link rel=\"canonical\" href=\"https:\/\/www.aprovaconcursos.com.br\/noticias\/concurso-residencia-fiocruz-df\/\" \/>\n<meta property=\"og:locale\" content=\"pt_BR\" \/>\n<meta property=\"og:type\" content=\"article\" \/>\n<meta property=\"og:title\" content=\"SAIU! Resid\u00eancia Fiocruz Bras\u00edlia: 112 vagas e R$ 4,1 mil\" \/>\n<meta property=\"og:description\" content=\"Edital com 112 vagas, bolsa de R$ 4.106,09 e inscri\u00e7\u00f5es de 4 a 10 de setembro. Veja vagas, etapas e cronograma.\" \/>\n<meta property=\"og:url\" content=\"https:\/\/www.aprovaconcursos.com.br\/noticias\/concurso-residencia-fiocruz-df\/\" \/>\n<meta property=\"og:site_name\" content=\"Aprova Concursos - Not\u00edcias\" \/>\n<meta property=\"article:publisher\" content=\"https:\/\/www.facebook.com\/aprovaconcursos\" \/>\n<meta property=\"article:published_time\" content=\"2026-09-02T13:34:24+00:00\" \/>\n<meta property=\"article:modified_time\" content=\"2026-09-02T14:52:40+00:00\" \/>\n<meta property=\"og:image\" content=\"https:\/\/www.aprovaconcursos.com.br\/noticias\/wp-content\/uploads\/2026\/09\/residencia-fiocruz-brasilia.webp\" \/>\n\t<meta property=\"og:image:width\" content=\"1200\" \/>\n\t<meta property=\"og:image:height\" content=\"628\" \/>\n\t<meta property=\"og:image:type\" content=\"image\/webp\" \/>\n<meta name=\"author\" content=\"Bruna Silva\" \/>\n<meta name=\"twitter:card\" content=\"summary_large_image\" \/>\n<meta name=\"twitter:label1\" content=\"Escrito por\" \/>\n\t<meta name=\"twitter:data1\" content=\"Bruna Silva\" \/>\n\t<meta name=\"twitter:label2\" content=\"Est. tempo de leitura\" \/>\n\t<meta name=\"twitter:data2\" content=\"10 minutos\" \/>\n<script type=\"application\/ld+json\" class=\"yoast-schema-graph\">{\"@context\":\"https:\\\/\\\/schema.org\",\"@graph\":[{\"@type\":\"NewsArticle\",\"@id\":\"https:\\\/\\\/www.aprovaconcursos.com.br\\\/noticias\\\/concurso-residencia-fiocruz-df\\\/#article\",\"isPartOf\":{\"@id\":\"https:\\\/\\\/www.aprovaconcursos.com.br\\\/noticias\\\/concurso-residencia-fiocruz-df\\\/\"},\"author\":{\"name\":\"Bruna Silva\",\"@id\":\"https:\\\/\\\/www.aprovaconcursos.com.br\\\/noticias\\\/#\\\/schema\\\/person\\\/02de4047f7bd2cbec9b6b2323204656c\"},\"headline\":\"SAIU! Resid\u00eancia Fiocruz Bras\u00edlia: 112 vagas e R$ 4,1 mil\",\"datePublished\":\"2026-09-02T13:34:24+00:00\",\"dateModified\":\"2026-09-02T14:52:40+00:00\",\"mainEntityOfPage\":{\"@id\":\"https:\\\/\\\/www.aprovaconcursos.com.br\\\/noticias\\\/concurso-residencia-fiocruz-df\\\/\"},\"wordCount\":1869,\"commentCount\":0,\"publisher\":{\"@id\":\"https:\\\/\\\/www.aprovaconcursos.com.br\\\/noticias\\\/#organization\"},\"image\":{\"@id\":\"https:\\\/\\\/www.aprovaconcursos.com.br\\\/noticias\\\/concurso-residencia-fiocruz-df\\\/#primaryimage\"},\"thumbnailUrl\":\"https:\\\/\\\/www.aprovaconcursos.com.br\\\/noticias\\\/wp-content\\\/uploads\\\/2026\\\/09\\\/residencia-fiocruz-brasilia.webp\",\"keywords\":[\"Resid\u00eancia Fiocruz Bras\u00edlia\"],\"articleSection\":[\"Not\u00edcias\",\"\u00daltimas Not\u00edcias\"],\"inLanguage\":\"pt-BR\",\"potentialAction\":[{\"@type\":\"CommentAction\",\"name\":\"Comment\",\"target\":[\"https:\\\/\\\/www.aprovaconcursos.com.br\\\/noticias\\\/concurso-residencia-fiocruz-df\\\/#respond\"]}],\"copyrightYear\":\"2026\",\"copyrightHolder\":{\"@id\":\"https:\\\/\\\/www.aprovaconcursos.com.br\\\/noticias\\\/#organization\"}},{\"@type\":\"WebPage\",\"@id\":\"https:\\\/\\\/www.aprovaconcursos.com.br\\\/noticias\\\/concurso-residencia-fiocruz-df\\\/\",\"url\":\"https:\\\/\\\/www.aprovaconcursos.com.br\\\/noticias\\\/concurso-residencia-fiocruz-df\\\/\",\"name\":\"SAIU! Resid\u00eancia Fiocruz Bras\u00edlia: 112 vagas e R$ 4,1 mil\",\"isPartOf\":{\"@id\":\"https:\\\/\\\/www.aprovaconcursos.com.br\\\/noticias\\\/#website\"},\"primaryImageOfPage\":{\"@id\":\"https:\\\/\\\/www.aprovaconcursos.com.br\\\/noticias\\\/concurso-residencia-fiocruz-df\\\/#primaryimage\"},\"image\":{\"@id\":\"https:\\\/\\\/www.aprovaconcursos.com.br\\\/noticias\\\/concurso-residencia-fiocruz-df\\\/#primaryimage\"},\"thumbnailUrl\":\"https:\\\/\\\/www.aprovaconcursos.com.br\\\/noticias\\\/wp-content\\\/uploads\\\/2026\\\/09\\\/residencia-fiocruz-brasilia.webp\",\"datePublished\":\"2026-09-02T13:34:24+00:00\",\"dateModified\":\"2026-09-02T14:52:40+00:00\",\"description\":\"Edital com 112 vagas, bolsa de R$ 4.106,09 e inscri\u00e7\u00f5es de 4 a 10 de setembro. Veja vagas, etapas e cronograma.\",\"breadcrumb\":{\"@id\":\"https:\\\/\\\/www.aprovaconcursos.com.br\\\/noticias\\\/concurso-residencia-fiocruz-df\\\/#breadcrumb\"},\"inLanguage\":\"pt-BR\",\"potentialAction\":[{\"@type\":\"ReadAction\",\"target\":[\"https:\\\/\\\/www.aprovaconcursos.com.br\\\/noticias\\\/concurso-residencia-fiocruz-df\\\/\"]}]},{\"@type\":\"ImageObject\",\"inLanguage\":\"pt-BR\",\"@id\":\"https:\\\/\\\/www.aprovaconcursos.com.br\\\/noticias\\\/concurso-residencia-fiocruz-df\\\/#primaryimage\",\"url\":\"https:\\\/\\\/www.aprovaconcursos.com.br\\\/noticias\\\/wp-content\\\/uploads\\\/2026\\\/09\\\/residencia-fiocruz-brasilia.webp\",\"contentUrl\":\"https:\\\/\\\/www.aprovaconcursos.com.br\\\/noticias\\\/wp-content\\\/uploads\\\/2026\\\/09\\\/residencia-fiocruz-brasilia.webp\",\"width\":1200,\"height\":628,\"caption\":\"Resid\u00eancia Fiocruz Bras\u00edlia.\"},{\"@type\":\"BreadcrumbList\",\"@id\":\"https:\\\/\\\/www.aprovaconcursos.com.br\\\/noticias\\\/concurso-residencia-fiocruz-df\\\/#breadcrumb\",\"itemListElement\":[{\"@type\":\"ListItem\",\"position\":1,\"name\":\"Home\",\"item\":\"https:\\\/\\\/www.aprovaconcursos.com.br\\\/noticias\\\/\"},{\"@type\":\"ListItem\",\"position\":2,\"name\":\"SAIU! Resid\u00eancia Fiocruz Bras\u00edlia: 112 vagas e R$ 4,1 mil\"}]},{\"@type\":\"WebSite\",\"@id\":\"https:\\\/\\\/www.aprovaconcursos.com.br\\\/noticias\\\/#website\",\"url\":\"https:\\\/\\\/www.aprovaconcursos.com.br\\\/noticias\\\/\",\"name\":\"Aprova Concursos - Not\u00edcias\",\"description\":\"Fique por dentro das not\u00edcias sobre concursos p\u00fablicos do Brasil inteiro, ENEM, Exame de Ordem (OAB) e Exame de Sufici\u00eancia (CFC). Mantenha-se atualizado aqui!\",\"publisher\":{\"@id\":\"https:\\\/\\\/www.aprovaconcursos.com.br\\\/noticias\\\/#organization\"},\"potentialAction\":[{\"@type\":\"SearchAction\",\"target\":{\"@type\":\"EntryPoint\",\"urlTemplate\":\"https:\\\/\\\/www.aprovaconcursos.com.br\\\/noticias\\\/?s={search_term_string}\"},\"query-input\":{\"@type\":\"PropertyValueSpecification\",\"valueRequired\":true,\"valueName\":\"search_term_string\"}}],\"inLanguage\":\"pt-BR\"},{\"@type\":\"Organization\",\"@id\":\"https:\\\/\\\/www.aprovaconcursos.com.br\\\/noticias\\\/#organization\",\"name\":\"Aprova Concursos - Not\u00edcias\",\"url\":\"https:\\\/\\\/www.aprovaconcursos.com.br\\\/noticias\\\/\",\"logo\":{\"@type\":\"ImageObject\",\"inLanguage\":\"pt-BR\",\"@id\":\"https:\\\/\\\/www.aprovaconcursos.com.br\\\/noticias\\\/#\\\/schema\\\/logo\\\/image\\\/\",\"url\":\"https:\\\/\\\/www.aprovaconcursos.com.br\\\/noticias\\\/wp-content\\\/uploads\\\/2026\\\/06\\\/logo.webp\",\"contentUrl\":\"https:\\\/\\\/www.aprovaconcursos.com.br\\\/noticias\\\/wp-content\\\/uploads\\\/2026\\\/06\\\/logo.webp\",\"width\":171,\"height\":49,\"caption\":\"Aprova Concursos - Not\u00edcias\"},\"image\":{\"@id\":\"https:\\\/\\\/www.aprovaconcursos.com.br\\\/noticias\\\/#\\\/schema\\\/logo\\\/image\\\/\"},\"sameAs\":[\"https:\\\/\\\/www.facebook.com\\\/aprovaconcursos\"]},{\"@type\":\"Person\",\"@id\":\"https:\\\/\\\/www.aprovaconcursos.com.br\\\/noticias\\\/#\\\/schema\\\/person\\\/02de4047f7bd2cbec9b6b2323204656c\",\"name\":\"Bruna Silva\",\"image\":{\"@type\":\"ImageObject\",\"inLanguage\":\"pt-BR\",\"@id\":\"https:\\\/\\\/secure.gravatar.com\\\/avatar\\\/5fabaa975c4c6bb33544b972597d884f7e9c3a62a662250af1086af52760d20a?s=96&d=mm&r=g\",\"url\":\"https:\\\/\\\/secure.gravatar.com\\\/avatar\\\/5fabaa975c4c6bb33544b972597d884f7e9c3a62a662250af1086af52760d20a?s=96&d=mm&r=g\",\"contentUrl\":\"https:\\\/\\\/secure.gravatar.com\\\/avatar\\\/5fabaa975c4c6bb33544b972597d884f7e9c3a62a662250af1086af52760d20a?s=96&d=mm&r=g\",\"caption\":\"Bruna Silva\"},\"sameAs\":[\"https:\\\/\\\/www.aprovaconcursos.com.br\\\/\"],\"url\":\"https:\\\/\\\/www.aprovaconcursos.com.br\\\/noticias\\\/autor\\\/bruna-silva\\\/\"}]}<\/script>\n<!-- \/ Yoast SEO Premium plugin. -->","yoast_head_json":{"title":"SAIU! Resid\u00eancia Fiocruz Bras\u00edlia: 112 vagas e R$ 4,1 mil","description":"Edital com 112 vagas, bolsa de R$ 4.106,09 e inscri\u00e7\u00f5es de 4 a 10 de setembro. Veja vagas, etapas e cronograma.","robots":{"index":"index","follow":"follow","max-snippet":"max-snippet:-1","max-image-preview":"max-image-preview:large","max-video-preview":"max-video-preview:-1"},"canonical":"https:\/\/www.aprovaconcursos.com.br\/noticias\/concurso-residencia-fiocruz-df\/","og_locale":"pt_BR","og_type":"article","og_title":"SAIU! Resid\u00eancia Fiocruz Bras\u00edlia: 112 vagas e R$ 4,1 mil","og_description":"Edital com 112 vagas, bolsa de R$ 4.106,09 e inscri\u00e7\u00f5es de 4 a 10 de setembro. Veja vagas, etapas e cronograma.","og_url":"https:\/\/www.aprovaconcursos.com.br\/noticias\/concurso-residencia-fiocruz-df\/","og_site_name":"Aprova Concursos - Not\u00edcias","article_publisher":"https:\/\/www.facebook.com\/aprovaconcursos","article_published_time":"2026-09-02T13:34:24+00:00","article_modified_time":"2026-09-02T14:52:40+00:00","og_image":[{"width":1200,"height":628,"url":"https:\/\/www.aprovaconcursos.com.br\/noticias\/wp-content\/uploads\/2026\/09\/residencia-fiocruz-brasilia.webp","type":"image\/webp"}],"author":"Bruna Silva","twitter_card":"summary_large_image","twitter_misc":{"Escrito por":"Bruna Silva","Est. tempo de leitura":"10 minutos"},"schema":{"@context":"https:\/\/schema.org","@graph":[{"@type":"NewsArticle","@id":"https:\/\/www.aprovaconcursos.com.br\/noticias\/concurso-residencia-fiocruz-df\/#article","isPartOf":{"@id":"https:\/\/www.aprovaconcursos.com.br\/noticias\/concurso-residencia-fiocruz-df\/"},"author":{"name":"Bruna Silva","@id":"https:\/\/www.aprovaconcursos.com.br\/noticias\/#\/schema\/person\/02de4047f7bd2cbec9b6b2323204656c"},"headline":"SAIU! Resid\u00eancia Fiocruz Bras\u00edlia: 112 vagas e R$ 4,1 mil","datePublished":"2026-09-02T13:34:24+00:00","dateModified":"2026-09-02T14:52:40+00:00","mainEntityOfPage":{"@id":"https:\/\/www.aprovaconcursos.com.br\/noticias\/concurso-residencia-fiocruz-df\/"},"wordCount":1869,"commentCount":0,"publisher":{"@id":"https:\/\/www.aprovaconcursos.com.br\/noticias\/#organization"},"image":{"@id":"https:\/\/www.aprovaconcursos.com.br\/noticias\/concurso-residencia-fiocruz-df\/#primaryimage"},"thumbnailUrl":"https:\/\/www.aprovaconcursos.com.br\/noticias\/wp-content\/uploads\/2026\/09\/residencia-fiocruz-brasilia.webp","keywords":["Resid\u00eancia Fiocruz Bras\u00edlia"],"articleSection":["Not\u00edcias","\u00daltimas Not\u00edcias"],"inLanguage":"pt-BR","potentialAction":[{"@type":"CommentAction","name":"Comment","target":["https:\/\/www.aprovaconcursos.com.br\/noticias\/concurso-residencia-fiocruz-df\/#respond"]}],"copyrightYear":"2026","copyrightHolder":{"@id":"https:\/\/www.aprovaconcursos.com.br\/noticias\/#organization"}},{"@type":"WebPage","@id":"https:\/\/www.aprovaconcursos.com.br\/noticias\/concurso-residencia-fiocruz-df\/","url":"https:\/\/www.aprovaconcursos.com.br\/noticias\/concurso-residencia-fiocruz-df\/","name":"SAIU! Resid\u00eancia Fiocruz Bras\u00edlia: 112 vagas e R$ 4,1 mil","isPartOf":{"@id":"https:\/\/www.aprovaconcursos.com.br\/noticias\/#website"},"primaryImageOfPage":{"@id":"https:\/\/www.aprovaconcursos.com.br\/noticias\/concurso-residencia-fiocruz-df\/#primaryimage"},"image":{"@id":"https:\/\/www.aprovaconcursos.com.br\/noticias\/concurso-residencia-fiocruz-df\/#primaryimage"},"thumbnailUrl":"https:\/\/www.aprovaconcursos.com.br\/noticias\/wp-content\/uploads\/2026\/09\/residencia-fiocruz-brasilia.webp","datePublished":"2026-09-02T13:34:24+00:00","dateModified":"2026-09-02T14:52:40+00:00","description":"Edital com 112 vagas, bolsa de R$ 4.106,09 e inscri\u00e7\u00f5es de 4 a 10 de setembro. Veja vagas, etapas e cronograma.","breadcrumb":{"@id":"https:\/\/www.aprovaconcursos.com.br\/noticias\/concurso-residencia-fiocruz-df\/#breadcrumb"},"inLanguage":"pt-BR","potentialAction":[{"@type":"ReadAction","target":["https:\/\/www.aprovaconcursos.com.br\/noticias\/concurso-residencia-fiocruz-df\/"]}]},{"@type":"ImageObject","inLanguage":"pt-BR","@id":"https:\/\/www.aprovaconcursos.com.br\/noticias\/concurso-residencia-fiocruz-df\/#primaryimage","url":"https:\/\/www.aprovaconcursos.com.br\/noticias\/wp-content\/uploads\/2026\/09\/residencia-fiocruz-brasilia.webp","contentUrl":"https:\/\/www.aprovaconcursos.com.br\/noticias\/wp-content\/uploads\/2026\/09\/residencia-fiocruz-brasilia.webp","width":1200,"height":628,"caption":"Resid\u00eancia Fiocruz Bras\u00edlia."},{"@type":"BreadcrumbList","@id":"https:\/\/www.aprovaconcursos.com.br\/noticias\/concurso-residencia-fiocruz-df\/#breadcrumb","itemListElement":[{"@type":"ListItem","position":1,"name":"Home","item":"https:\/\/www.aprovaconcursos.com.br\/noticias\/"},{"@type":"ListItem","position":2,"name":"SAIU! Resid\u00eancia Fiocruz Bras\u00edlia: 112 vagas e R$ 4,1 mil"}]},{"@type":"WebSite","@id":"https:\/\/www.aprovaconcursos.com.br\/noticias\/#website","url":"https:\/\/www.aprovaconcursos.com.br\/noticias\/","name":"Aprova Concursos - Not\u00edcias","description":"Fique por dentro das not\u00edcias sobre concursos p\u00fablicos do Brasil inteiro, ENEM, Exame de Ordem (OAB) e Exame de Sufici\u00eancia (CFC). Mantenha-se atualizado aqui!","publisher":{"@id":"https:\/\/www.aprovaconcursos.com.br\/noticias\/#organization"},"potentialAction":[{"@type":"SearchAction","target":{"@type":"EntryPoint","urlTemplate":"https:\/\/www.aprovaconcursos.com.br\/noticias\/?s={search_term_string}"},"query-input":{"@type":"PropertyValueSpecification","valueRequired":true,"valueName":"search_term_string"}}],"inLanguage":"pt-BR"},{"@type":"Organization","@id":"https:\/\/www.aprovaconcursos.com.br\/noticias\/#organization","name":"Aprova Concursos - Not\u00edcias","url":"https:\/\/www.aprovaconcursos.com.br\/noticias\/","logo":{"@type":"ImageObject","inLanguage":"pt-BR","@id":"https:\/\/www.aprovaconcursos.com.br\/noticias\/#\/schema\/logo\/image\/","url":"https:\/\/www.aprovaconcursos.com.br\/noticias\/wp-content\/uploads\/2026\/06\/logo.webp","contentUrl":"https:\/\/www.aprovaconcursos.com.br\/noticias\/wp-content\/uploads\/2026\/06\/logo.webp","width":171,"height":49,"caption":"Aprova Concursos - Not\u00edcias"},"image":{"@id":"https:\/\/www.aprovaconcursos.com.br\/noticias\/#\/schema\/logo\/image\/"},"sameAs":["https:\/\/www.facebook.com\/aprovaconcursos"]},{"@type":"Person","@id":"https:\/\/www.aprovaconcursos.com.br\/noticias\/#\/schema\/person\/02de4047f7bd2cbec9b6b2323204656c","name":"Bruna Silva","image":{"@type":"ImageObject","inLanguage":"pt-BR","@id":"https:\/\/secure.gravatar.com\/avatar\/5fabaa975c4c6bb33544b972597d884f7e9c3a62a662250af1086af52760d20a?s=96&d=mm&r=g","url":"https:\/\/secure.gravatar.com\/avatar\/5fabaa975c4c6bb33544b972597d884f7e9c3a62a662250af1086af52760d20a?s=96&d=mm&r=g","contentUrl":"https:\/\/secure.gravatar.com\/avatar\/5fabaa975c4c6bb33544b972597d884f7e9c3a62a662250af1086af52760d20a?s=96&d=mm&r=g","caption":"Bruna Silva"},"sameAs":["https:\/\/www.aprovaconcursos.com.br\/"],"url":"https:\/\/www.aprovaconcursos.com.br\/noticias\/autor\/bruna-silva\/"}]}},"_links":{"self":[{"href":"https:\/\/www.aprovaconcursos.com.br\/noticias\/wp-json\/wp\/v2\/posts\/167052","targetHints":{"allow":["GET"]}}],"collection":[{"href":"https:\/\/www.aprovaconcursos.com.br\/noticias\/wp-json\/wp\/v2\/posts"}],"about":[{"href":"https:\/\/www.aprovaconcursos.com.br\/noticias\/wp-json\/wp\/v2\/types\/post"}],"author":[{"embeddable":true,"href":"https:\/\/www.aprovaconcursos.com.br\/noticias\/wp-json\/wp\/v2\/users\/6"}],"replies":[{"embeddable":true,"href":"https:\/\/www.aprovaconcursos.com.br\/noticias\/wp-json\/wp\/v2\/comments?post=167052"}],"version-history":[{"count":2,"href":"https:\/\/www.aprovaconcursos.com.br\/noticias\/wp-json\/wp\/v2\/posts\/167052\/revisions"}],"predecessor-version":[{"id":167063,"href":"https:\/\/www.aprovaconcursos.com.br\/noticias\/wp-json\/wp\/v2\/posts\/167052\/revisions\/167063"}],"wp:featuredmedia":[{"embeddable":true,"href":"https:\/\/www.aprovaconcursos.com.br\/noticias\/wp-json\/wp\/v2\/media\/167056"}],"wp:attachment":[{"href":"https:\/\/www.aprovaconcursos.com.br\/noticias\/wp-json\/wp\/v2\/media?parent=167052"}],"wp:term":[{"taxonomy":"category","embeddable":true,"href":"https:\/\/www.aprovaconcursos.com.br\/noticias\/wp-json\/wp\/v2\/categories?post=167052"},{"taxonomy":"post_tag","embeddable":true,"href":"https:\/\/www.aprovaconcursos.com.br\/noticias\/wp-json\/wp\/v2\/tags?post=167052"}],"curies":[{"name":"wp","href":"https:\/\/api.w.org\/{rel}","templated":true}]}}