{"id":167048,"date":"2026-09-02T10:07:27","date_gmt":"2026-09-02T13:07:27","guid":{"rendered":"https:\/\/www.aprovaconcursos.com.br\/noticias\/?p=167048"},"modified":"2026-09-02T10:07:28","modified_gmt":"2026-09-02T13:07:28","slug":"concurso-sema-mt","status":"publish","type":"post","link":"https:\/\/www.aprovaconcursos.com.br\/noticias\/concurso-sema-mt\/","title":{"rendered":"Edital SEMA MT: SAIU! Ganhos de at\u00e9 R$ 10,4 mil; confira"},"content":{"rendered":"\n<h3 id=\"h-resumo-e-situacao-atual\" class=\"wp-block-heading\">Resumo e situa\u00e7\u00e3o atual<\/h3>\n\n\n\n<p class=\"wp-block-paragraph\"><strong>O edital do concurso SEMA MT foi publicado em 2 de setembro de 2026<\/strong>, no Di\u00e1rio Oficial do Estado de Mato Grosso. A sele\u00e7\u00e3o da Secretaria de Estado de Meio Ambiente \u00e9 destinada <strong>exclusivamente \u00e0 forma\u00e7\u00e3o de cadastro de reserva<\/strong> para dois cargos de n\u00edvel superior: <strong>Analista de Meio Ambiente<\/strong> e <strong>Analista de Desenvolvimento Econ\u00f4mico e Social<\/strong>.<\/p>\n\n\n\n<p class=\"wp-block-paragraph\">A remunera\u00e7\u00e3o inicial chega a <strong>R$ 10.491,97<\/strong> para Analista de Meio Ambiente e a <strong>R$ 8.269,16<\/strong> para Analista de Desenvolvimento Econ\u00f4mico e Social, ambos com jornada de <strong>40 horas semanais<\/strong>.<\/p>\n\n\n\n<p class=\"wp-block-paragraph\">A organiza\u00e7\u00e3o \u00e9 da <strong>Funda\u00e7\u00e3o Cesgranrio<\/strong>. As <strong>inscri\u00e7\u00f5es v\u00e3o de 17 de setembro a 14 de outubro de 2026<\/strong>, com taxa de <strong>R$ 150,00<\/strong>. As provas objetiva e discursiva est\u00e3o marcadas para <strong>13 de dezembro de 2026<\/strong>.<\/p>\n\n\n\n<p class=\"wp-block-paragraph\"><strong>Pr\u00f3ximo passo:<\/strong> abertura das inscri\u00e7\u00f5es, \u00e0s 10h de 17 de setembro, no site da <a href=\"https:\/\/www.cesgranrio.org.br\" target=\"_blank\" rel=\"noopener noreferrer\">Funda\u00e7\u00e3o Cesgranrio<\/a>.<\/p>\n\n\n\n<h3 id=\"h-solicitacao-e-autorizacao\" class=\"wp-block-heading\">Solicita\u00e7\u00e3o e autoriza\u00e7\u00e3o<\/h3>\n\n\n\n<p class=\"wp-block-paragraph\">O andamento do concurso foi viabilizado ap\u00f3s a san\u00e7\u00e3o da <strong>Emenda n\u00ba 29 \u00e0 Lei de Diretrizes Or\u00e7ament\u00e1rias (LDO) de 2026<\/strong>, que ampliou o quadro de vagas da secretaria e assegurou a previs\u00e3o or\u00e7ament\u00e1ria para o provimento dos cargos.<\/p>\n\n\n\n<p class=\"wp-block-paragraph\">Em <strong>11 de agosto de 2026<\/strong>, o Governo de Mato Grosso publicou no <a href=\"https:\/\/iomat.mt.gov.br\/legislacao\/diario_oficial\/consultar\" target=\"_blank\" rel=\"noopener noreferrer\">Di\u00e1rio Oficial do Estado<\/a> o despacho que autorizou a continuidade do processo para provimento de cargos das carreiras de <strong>Analista do Meio Ambiente<\/strong> e de <strong>Profissionais de Desenvolvimento Econ\u00f4mico e Social<\/strong>, no \u00e2mbito da SEMA\/MT. O documento acolheu a justificativa da secretaria sobre a necessidade de recomposi\u00e7\u00e3o do quadro de servidores.<\/p>\n\n\n\n<p class=\"wp-block-paragraph\">Naquele despacho, <strong>o n\u00famero de vagas n\u00e3o foi atualizado<\/strong>, a defini\u00e7\u00e3o s\u00f3 veio com o edital de abertura, que optou pelo cadastro de reserva.<\/p>\n\n\n\n<h3 id=\"h-comissao-e-banca\" class=\"wp-block-heading\">Comiss\u00e3o e banca<\/h3>\n\n\n\n<p class=\"wp-block-paragraph\">A <strong>Funda\u00e7\u00e3o Cesgranrio<\/strong> foi definida como organizadora por meio da <strong>Dispensa de Licita\u00e7\u00e3o n\u00ba 022\/2025<\/strong>, cujo aviso de resultado foi publicado no Di\u00e1rio Oficial do Estado em <strong>23 de dezembro de 2025<\/strong>. A contrata\u00e7\u00e3o foi formalizada em publica\u00e7\u00e3o do fim de dezembro de 2025, com contrato de vig\u00eancia de um ano.<\/p>\n\n\n\n<p class=\"wp-block-paragraph\">Antes da escolha da banca, a SEMA\/MT havia constitu\u00eddo a <strong>comiss\u00e3o organizadora<\/strong>, respons\u00e1vel pela elabora\u00e7\u00e3o do edital e pela condu\u00e7\u00e3o do processo at\u00e9 a contrata\u00e7\u00e3o da institui\u00e7\u00e3o executora. O documento com os membros da comiss\u00e3o foi publicado no Di\u00e1rio Oficial do Estado.<\/p>\n\n\n\n<p class=\"wp-block-paragraph\">Esta \u00e9 a primeira sele\u00e7\u00e3o da secretaria para cargos efetivos em duas d\u00e9cadas: <strong>o \u00faltimo edital para efetivos \u00e9 de 2005<\/strong>, organizado pela Funda\u00e7\u00e3o Vunesp.<\/p>\n\n\n\n<h3 id=\"h-edital\" class=\"wp-block-heading\">Edital<\/h3>\n\n\n\n<p class=\"wp-block-paragraph\">O <strong>edital de abertura do concurso SEMA MT 2026<\/strong> foi publicado em <strong>2 de setembro de 2026<\/strong> no Di\u00e1rio Oficial do Estado e est\u00e1 dispon\u00edvel na \u00edntegra no <a href=\"https:\/\/www.cesgranrio.org.br\" target=\"_blank\" rel=\"noopener noreferrer\">site da Funda\u00e7\u00e3o Cesgranrio<\/a>, banca respons\u00e1vel pela organiza\u00e7\u00e3o, planejamento e execu\u00e7\u00e3o de todas as etapas.<\/p>\n\n\n\n<p class=\"wp-block-paragraph\">Pontos centrais do documento:<\/p>\n\n\n\n<ul class=\"wp-block-list\">\n<li><strong>Objetivo:<\/strong> forma\u00e7\u00e3o de cadastro de reserva, <strong>sem vagas imediatas<\/strong> para nomea\u00e7\u00e3o;<\/li>\n\n\n\n<li><strong>Cargos:<\/strong> Analista de Meio Ambiente e Analista de Desenvolvimento Econ\u00f4mico e Social;<\/li>\n\n\n\n<li><strong>Perfis:<\/strong> 24 no total, todos de n\u00edvel superior;<\/li>\n\n\n\n<li><strong>Escolaridade:<\/strong> diploma de n\u00edvel superior compat\u00edvel com o perfil escolhido;<\/li>\n\n\n\n<li><strong>Etapas:<\/strong> prova objetiva e prova discursiva, ambas eliminat\u00f3rias e classificat\u00f3rias;<\/li>\n\n\n\n<li><strong>Validade:<\/strong> <strong>2 anos<\/strong> a contar da homologa\u00e7\u00e3o do resultado final, podendo ser prorrogada uma \u00fanica vez por igual per\u00edodo.<\/li>\n<\/ul>\n\n\n\n<p class=\"wp-block-paragraph\">A an\u00e1lise detalhada do documento, com requisitos por perfil e conte\u00fado program\u00e1tico, fica na not\u00edcia espec\u00edfica sobre o edital.<\/p>\n\n\n\n<h3 id=\"h-vagas-cargos-e-remuneracao\" class=\"wp-block-heading\">Vagas, cargos e remunera\u00e7\u00e3o<\/h3>\n\n\n\n<p class=\"wp-block-paragraph\">O concurso <strong>n\u00e3o oferta vagas imediatas<\/strong>. Os aprovados formar\u00e3o cadastro de reserva e ser\u00e3o convocados conforme a necessidade do servi\u00e7o e a conveni\u00eancia da administra\u00e7\u00e3o estadual.<\/p>\n\n\n\n<figure class=\"wp-block-table\"><table class=\"has-fixed-layout\"><thead><tr><th>Cargo<\/th><th>Remunera\u00e7\u00e3o inicial<\/th><th>Jornada<\/th><th>Perfis<\/th><\/tr><\/thead><tbody><tr><td>Analista de Meio Ambiente<\/td><td>R$ 10.491,97<\/td><td>40h semanais<\/td><td>15<\/td><\/tr><tr><td>Analista de Desenvolvimento Econ\u00f4mico e Social<\/td><td>R$ 8.269,16<\/td><td>40h semanais<\/td><td>9<\/td><\/tr><\/tbody><\/table><\/figure>\n\n\n\n<p class=\"wp-block-paragraph\"><strong>Perfis de Analista de Meio Ambiente:<\/strong> Arquitetura; Biologia; Engenharia Agron\u00f4mica\/Agronomia; Engenharia Ambiental, Engenharia Sanit\u00e1ria, Engenharia Sanit\u00e1ria e Ambiental ou Engenharia Ambiental e Sanit\u00e1ria; Engenharia Civil; Engenharia de Minas; Engenharia El\u00e9trica; Engenharia Florestal; Engenharia Geol\u00f3gica\/Geologia; Engenharia H\u00eddrica; Engenharia Mec\u00e2nica; Engenharia Qu\u00edmica\/Qu\u00edmica; Geografia; Medicina Veterin\u00e1ria; e Turismo.<\/p>\n\n\n\n<p class=\"wp-block-paragraph\"><strong>Perfis de Analista de Desenvolvimento Econ\u00f4mico e Social:<\/strong> Administra\u00e7\u00e3o; Analista em Tecnologia da Informa\u00e7\u00e3o; Ci\u00eancias Cont\u00e1beis; Comunica\u00e7\u00e3o Social\/Publicidade e Propaganda; Direito; Economia; Psicologia; Servi\u00e7o Social; e Sociologia.<\/p>\n\n\n\n<p class=\"wp-block-paragraph\"><strong>Unidades de lota\u00e7\u00e3o:<\/strong> a escolha \u00e9 feita no momento da inscri\u00e7\u00e3o e vale para classifica\u00e7\u00e3o e convoca\u00e7\u00e3o. A maior parte dos perfis prev\u00ea lota\u00e7\u00e3o em <strong>Cuiab\u00e1\/MT<\/strong>, na sede da SEMA\/MT. Para Engenharia Agron\u00f4mica\/Agronomia, Engenharia Ambiental, Engenharia Florestal, Engenharia Geol\u00f3gica\/Geologia e Direito, o edital tamb\u00e9m prev\u00ea unidades em <strong>Alta Floresta, Barra do Gar\u00e7as, C\u00e1ceres, Confresa, Guarant\u00e3 do Norte, Ju\u00edna, Rondon\u00f3polis, Sinop e Tangar\u00e1 da Serra<\/strong>, al\u00e9m de Cuiab\u00e1.<\/p>\n\n\n\n<h3 id=\"h-inscricoes\" class=\"wp-block-heading\">Inscri\u00e7\u00f5es<\/h3>\n\n\n\n<p class=\"wp-block-paragraph\">As inscri\u00e7\u00f5es ser\u00e3o feitas <strong>exclusivamente pela internet<\/strong>, no <a href=\"https:\/\/www.cesgranrio.org.br\" target=\"_blank\" rel=\"noopener noreferrer\">site da Funda\u00e7\u00e3o Cesgranrio<\/a>, <strong>das 10h de 17 de setembro \u00e0s 16h de 14 de outubro de 2026<\/strong>, conforme o hor\u00e1rio oficial de Cuiab\u00e1\/MT.<\/p>\n\n\n\n<ul class=\"wp-block-list\">\n<li><strong>Taxa de inscri\u00e7\u00e3o:<\/strong> R$ 150,00<\/li>\n\n\n\n<li><strong>Prazo para pedido de isen\u00e7\u00e3o:<\/strong> de 17\/09 a 24\/09\/2026, at\u00e9 as 23h59<\/li>\n\n\n\n<li><strong>Status:<\/strong> aguardando abertura<\/li>\n<\/ul>\n\n\n\n<p class=\"wp-block-paragraph\">A <strong>isen\u00e7\u00e3o \u00e9 total<\/strong> e deve ser solicitada com o envio da documenta\u00e7\u00e3o exigida no site da banca. Podem pedir o benef\u00edcio:<\/p>\n\n\n\n<ul class=\"wp-block-list\">\n<li><strong>doadores regulares de sangue<\/strong>, com comprova\u00e7\u00e3o de pelo menos tr\u00eas doa\u00e7\u00f5es realizadas at\u00e9 a publica\u00e7\u00e3o do edital;<\/li>\n\n\n\n<li><strong>desempregados<\/strong> ou trabalhadores que recebam at\u00e9 um sal\u00e1rio m\u00ednimo e meio;<\/li>\n\n\n\n<li><strong>eleitores convocados e nomeados pela Justi\u00e7a Eleitoral de Mato Grosso<\/strong> que tenham prestado servi\u00e7o em, no m\u00ednimo, dois eventos eleitorais;<\/li>\n\n\n\n<li><strong>jurados do Tribunal do J\u00fari<\/strong>, mediante certid\u00e3o, declara\u00e7\u00e3o, atestado ou documento p\u00fablico emitido pelo Tribunal de Justi\u00e7a competente.<\/li>\n<\/ul>\n\n\n\n<p class=\"wp-block-paragraph\">O passo a passo completo da inscri\u00e7\u00e3o fica na not\u00edcia espec\u00edfica sobre a etapa.<\/p>\n\n\n\n<h3 id=\"h-provas-e-locais\" class=\"wp-block-heading\">Provas e locais<\/h3>\n\n\n\n<p class=\"wp-block-paragraph\">As provas <strong>objetiva e discursiva<\/strong> ser\u00e3o aplicadas no <strong>mesmo dia, local e hor\u00e1rio: 13 de dezembro de 2026<\/strong>.<\/p>\n\n\n\n<p class=\"wp-block-paragraph\"><strong>Prova objetiva<\/strong><\/p>\n\n\n\n<ul class=\"wp-block-list\">\n<li><strong>Local:<\/strong> Cuiab\u00e1\/MT, com possibilidade de aplica\u00e7\u00e3o tamb\u00e9m em V\u00e1rzea Grande\/MT caso n\u00e3o haja locais suficientes ou adequados;<\/li>\n\n\n\n<li><strong>Dura\u00e7\u00e3o:<\/strong> 5 horas, contadas do in\u00edcio efetivo da aplica\u00e7\u00e3o;<\/li>\n\n\n\n<li><strong>Estrutura:<\/strong> 70 quest\u00f5es de m\u00faltipla escolha, com cinco alternativas e apenas uma correta, valendo 1 ponto cada.<\/li>\n<\/ul>\n\n\n\n<p class=\"wp-block-paragraph\"><strong>Distribui\u00e7\u00e3o das quest\u00f5es<\/strong><\/p>\n\n\n\n<figure class=\"wp-block-table\"><table class=\"has-fixed-layout\"><thead><tr><th>Disciplina<\/th><th>Quest\u00f5es<\/th><\/tr><\/thead><tbody><tr><td>L\u00edngua Portuguesa<\/td><td>15<\/td><\/tr><tr><td>Geografia e Hist\u00f3ria Pol\u00edtica e Econ\u00f4mica de Mato Grosso<\/td><td>10<\/td><\/tr><tr><td>\u00c9tica, Filosofia, Atualidades e Legisla\u00e7\u00e3o Espec\u00edfica<\/td><td>5<\/td><\/tr><tr><td>Conhecimentos Espec\u00edficos do cargo e do perfil<\/td><td>40<\/td><\/tr><\/tbody><\/table><\/figure>\n\n\n\n<p class=\"wp-block-paragraph\"><strong>Prova discursiva<\/strong><\/p>\n\n\n\n<p class=\"wp-block-paragraph\">Composta por <strong>uma quest\u00e3o dissertativa, valendo 10 pontos<\/strong>, sobre tema ligado aos conhecimentos espec\u00edficos do perfil escolhido. A avalia\u00e7\u00e3o considera clareza, concis\u00e3o, precis\u00e3o e coer\u00eancia da exposi\u00e7\u00e3o, al\u00e9m do dom\u00ednio dos conceitos e t\u00e9cnicas da \u00e1rea. <strong>Ser\u00e1 eliminado o candidato com aproveitamento inferior a 60%<\/strong> da pontua\u00e7\u00e3o total.<\/p>\n\n\n\n<p class=\"wp-block-paragraph\">Os locais exatos de prova ser\u00e3o divulgados pela banca em data posterior.<\/p>\n\n\n\n<h3 id=\"h-gabaritos-e-resultados\" class=\"wp-block-heading\">Gabaritos e resultados<\/h3>\n\n\n\n<p class=\"wp-block-paragraph\"><strong>Status:<\/strong> ainda n\u00e3o h\u00e1 gabarito nem resultado divulgado. As provas ser\u00e3o aplicadas em 13 de dezembro de 2026, e o gabarito preliminar, os prazos de recurso e as notas ser\u00e3o publicados pela Funda\u00e7\u00e3o Cesgranrio no cronograma previsto no edital.<\/p>\n\n\n\n<p class=\"wp-block-paragraph\">O <strong>resultado final est\u00e1 previsto para 27 de mar\u00e7o de 2027<\/strong>, conforme cronograma do edital. A partir da homologa\u00e7\u00e3o, come\u00e7a a contar a validade de dois anos do concurso.<\/p>\n\n\n\n<h3 id=\"h-cronologia\" class=\"wp-block-heading\">Cronologia<\/h3>\n\n\n\n<ul class=\"wp-block-list\">\n<li><strong>2005<\/strong> \u2014 \u00faltimo concurso da SEMA\/MT para cargos efetivos, organizado pela Funda\u00e7\u00e3o Vunesp, com 150 vagas de T\u00e9cnico de Atividade Ambiental.<\/li>\n\n\n\n<li><strong>23\/12\/2025<\/strong> \u2014 publicado no Di\u00e1rio Oficial do Estado o aviso de resultado da Dispensa de Licita\u00e7\u00e3o n\u00ba 022\/2025, que define a <strong>Funda\u00e7\u00e3o Cesgranrio<\/strong> como banca.<\/li>\n\n\n\n<li><strong>Dezembro\/2025<\/strong> \u2014 contrata\u00e7\u00e3o da banca formalizada, com contrato de vig\u00eancia de um ano.<\/li>\n\n\n\n<li><strong>11\/08\/2026<\/strong> \u2014 despacho do Governo de Mato Grosso autoriza a continuidade do processo para as carreiras de Analista do Meio Ambiente e de Profissionais de Desenvolvimento Econ\u00f4mico e Social.<\/li>\n\n\n\n<li><strong>02\/09\/2026<\/strong> \u2014 <strong>edital de abertura publicado<\/strong> no Di\u00e1rio Oficial do Estado.<\/li>\n\n\n\n<li><strong>17\/09\/2026<\/strong> \u2014 abertura das inscri\u00e7\u00f5es (10h, hor\u00e1rio de Cuiab\u00e1).<\/li>\n\n\n\n<li><strong>24\/09\/2026<\/strong> \u2014 prazo final para pedido de isen\u00e7\u00e3o da taxa.<\/li>\n\n\n\n<li><strong>14\/10\/2026<\/strong> \u2014 encerramento das inscri\u00e7\u00f5es (16h, hor\u00e1rio de Cuiab\u00e1).<\/li>\n\n\n\n<li><strong>13\/12\/2026<\/strong> \u2014 aplica\u00e7\u00e3o das provas objetiva e discursiva.<\/li>\n\n\n\n<li><strong>27\/03\/2027<\/strong> \u2014 previs\u00e3o de divulga\u00e7\u00e3o do resultado final.<\/li>\n<\/ul>\n\n\n\n<h3 id=\"h-ultimas-noticias\" class=\"wp-block-heading\">\u00daltimas not\u00edcias<\/h3>\n\n\n\n<p class=\"wp-block-paragraph\"><strong>Edital publicado com cadastro de reserva e sal\u00e1rios de at\u00e9 R$ 10,4 mil \u2014 02\/09\/2026.<\/strong> A SEMA\/MT publicou o edital de abertura no Di\u00e1rio Oficial do Estado, com dois cargos, 24 perfis de n\u00edvel superior, inscri\u00e7\u00f5es de 17\/09 a 14\/10 e provas em 13 de dezembro.<\/p>\n\n\n\n<p class=\"wp-block-paragraph\"><strong>Funda\u00e7\u00e3o Cesgranrio definida como banca organizadora \u2014 dezembro\/2025.<\/strong> A escolha da institui\u00e7\u00e3o respons\u00e1vel pelo concurso foi oficializada por dispensa de licita\u00e7\u00e3o, com aviso de resultado publicado no Di\u00e1rio Oficial do Estado. Veja a not\u00edcia sobre a <a href=\"https:\/\/www.aprovaconcursos.com.br\/noticias\/concurso-sema-mt-banca-2026\/\" target=\"_blank\" rel=\"noopener noreferrer\">banca do concurso SEMA MT<\/a>.<\/p>\n\n\n\n<p class=\"wp-block-paragraph\"><strong>Governo de MT autoriza continuidade do concurso \u2014 11\/08\/2026.<\/strong> Despacho publicado no Di\u00e1rio Oficial do Estado liberou o avan\u00e7o do processo para as duas carreiras da secretaria, sem detalhar o n\u00famero de vagas.<\/p>\n\n\n\n<h3 id=\"h-perguntas-frequentes\" class=\"wp-block-heading\">Perguntas frequentes<\/h3>\n\n\n\n<h4 id=\"h-o-concurso-sema-mt-tem-vagas-imediatas\" class=\"wp-block-heading\">O concurso SEMA MT tem vagas imediatas?<\/h4>\n\n\n\n<p class=\"wp-block-paragraph\">N\u00e3o. O edital destina-se exclusivamente \u00e0 forma\u00e7\u00e3o de cadastro de reserva, sem vagas para nomea\u00e7\u00e3o imediata. Os aprovados ficam em lista de espera e podem ser convocados conforme a necessidade do servi\u00e7o e a conveni\u00eancia da administra\u00e7\u00e3o estadual, dentro do prazo de validade do concurso.<\/p>\n\n\n\n<h4 id=\"h-por-que-os-valores-divulgados-antes-do-edital-eram-diferentes\" class=\"wp-block-heading\">Por que os valores divulgados antes do edital eram diferentes?<\/h4>\n\n\n\n<p class=\"wp-block-paragraph\">Antes da publica\u00e7\u00e3o, as informa\u00e7\u00f5es dispon\u00edveis indicavam 150 vagas para Analista de Meio Ambiente e remunera\u00e7\u00e3o inicial de R$ 9.954,43. O edital de abertura confirmou dados diferentes: cadastro de reserva, dois cargos e remunera\u00e7\u00e3o inicial de R$ 10.491,97 e R$ 8.269,16. Vale sempre o que consta no edital publicado.<\/p>\n\n\n\n<h4 id=\"h-quem-tem-diploma-de-nivel-superior-em-qualquer-area-pode-se-inscrever\" class=\"wp-block-heading\">Quem tem diploma de n\u00edvel superior em qualquer \u00e1rea pode se inscrever?<\/h4>\n\n\n\n<p class=\"wp-block-paragraph\">N\u00e3o. A inscri\u00e7\u00e3o exige forma\u00e7\u00e3o compat\u00edvel com um dos 24 perfis previstos no edital, como Biologia, Engenharia Florestal, Direito ou Ci\u00eancias Cont\u00e1beis. O candidato escolhe um perfil e concorre apenas dentro dele, com prova de conhecimentos espec\u00edficos correspondente \u00e0 \u00e1rea.<\/p>\n\n\n\n<h4 id=\"h-quanto-tempo-o-cadastro-de-reserva-fica-valido\" class=\"wp-block-heading\">Quanto tempo o cadastro de reserva fica v\u00e1lido?<\/h4>\n\n\n\n<p class=\"wp-block-paragraph\">O concurso tem validade de dois anos, contados da homologa\u00e7\u00e3o do resultado final, e pode ser prorrogado uma \u00fanica vez por igual per\u00edodo, a crit\u00e9rio da administra\u00e7\u00e3o estadual. Fora desse prazo, a lista deixa de gerar expectativa de convoca\u00e7\u00e3o e novas contrata\u00e7\u00f5es exigem um novo concurso.<\/p>\n\n\n\n<p class=\"wp-block-paragraph\"><\/p>\n","protected":false},"excerpt":{"rendered":"<p>Resumo e situa\u00e7\u00e3o atual O edital do concurso SEMA MT foi publicado em 2 de setembro de 2026, no Di\u00e1rio Oficial do\u2026<\/p>\n","protected":false},"author":6,"featured_media":167049,"comment_status":"open","ping_status":"open","sticky":false,"template":"","format":"standard","meta":{"footnotes":""},"categories":[11,18699],"tags":[24773],"class_list":["post-167048","post","type-post","status-publish","format-standard","has-post-thumbnail","hentry","category-noticias","category-ultimas-noticias-concursos","tag-sema-mt"],"yoast_head":"<!-- This site is optimized with the Yoast SEO Premium plugin v27.9 (Yoast SEO v28.2) - https:\/\/yoast.com\/product\/yoast-seo-premium-wordpress\/ -->\n<title>Edital SEMA MT: SAIU! Ganhos de at\u00e9 R$ 10,4 mil; confira<\/title>\n<meta name=\"description\" content=\"Edital publicado com cadastro de reserva, sal\u00e1rios de at\u00e9 R$ 10.491,97 e inscri\u00e7\u00f5es de 17\/09 a 14\/10\/2026. Confira a situa\u00e7\u00e3o atual.\" \/>\n<meta name=\"robots\" content=\"index, follow, max-snippet:-1, max-image-preview:large, max-video-preview:-1\" \/>\n<link rel=\"canonical\" href=\"https:\/\/www.aprovaconcursos.com.br\/noticias\/concurso-sema-mt\/\" \/>\n<meta property=\"og:locale\" content=\"pt_BR\" \/>\n<meta property=\"og:type\" content=\"article\" \/>\n<meta property=\"og:title\" content=\"Edital SEMA MT: SAIU! Ganhos de at\u00e9 R$ 10,4 mil; confira\" \/>\n<meta property=\"og:description\" content=\"Edital publicado com cadastro de reserva, sal\u00e1rios de at\u00e9 R$ 10.491,97 e inscri\u00e7\u00f5es de 17\/09 a 14\/10\/2026. Confira a situa\u00e7\u00e3o atual.\" \/>\n<meta property=\"og:url\" content=\"https:\/\/www.aprovaconcursos.com.br\/noticias\/concurso-sema-mt\/\" \/>\n<meta property=\"og:site_name\" content=\"Aprova Concursos - Not\u00edcias\" \/>\n<meta property=\"article:publisher\" content=\"https:\/\/www.facebook.com\/aprovaconcursos\" \/>\n<meta property=\"article:published_time\" content=\"2026-09-02T13:07:27+00:00\" \/>\n<meta property=\"article:modified_time\" content=\"2026-09-02T13:07:28+00:00\" \/>\n<meta property=\"og:image\" content=\"https:\/\/www.aprovaconcursos.com.br\/noticias\/wp-content\/uploads\/2026\/09\/edital-sema-mt.webp\" \/>\n\t<meta property=\"og:image:width\" content=\"1200\" \/>\n\t<meta property=\"og:image:height\" content=\"628\" \/>\n\t<meta property=\"og:image:type\" content=\"image\/webp\" \/>\n<meta name=\"author\" content=\"Bruna Silva\" \/>\n<meta name=\"twitter:card\" content=\"summary_large_image\" \/>\n<meta name=\"twitter:label1\" content=\"Escrito por\" \/>\n\t<meta name=\"twitter:data1\" content=\"Bruna Silva\" \/>\n\t<meta name=\"twitter:label2\" content=\"Est. tempo de leitura\" \/>\n\t<meta name=\"twitter:data2\" content=\"9 minutos\" \/>\n<script type=\"application\/ld+json\" class=\"yoast-schema-graph\">{\"@context\":\"https:\\\/\\\/schema.org\",\"@graph\":[{\"@type\":\"NewsArticle\",\"@id\":\"https:\\\/\\\/www.aprovaconcursos.com.br\\\/noticias\\\/concurso-sema-mt\\\/#article\",\"isPartOf\":{\"@id\":\"https:\\\/\\\/www.aprovaconcursos.com.br\\\/noticias\\\/concurso-sema-mt\\\/\"},\"author\":{\"name\":\"Bruna Silva\",\"@id\":\"https:\\\/\\\/www.aprovaconcursos.com.br\\\/noticias\\\/#\\\/schema\\\/person\\\/02de4047f7bd2cbec9b6b2323204656c\"},\"headline\":\"Edital SEMA MT: SAIU! Ganhos de at\u00e9 R$ 10,4 mil; confira\",\"datePublished\":\"2026-09-02T13:07:27+00:00\",\"dateModified\":\"2026-09-02T13:07:28+00:00\",\"mainEntityOfPage\":{\"@id\":\"https:\\\/\\\/www.aprovaconcursos.com.br\\\/noticias\\\/concurso-sema-mt\\\/\"},\"wordCount\":1761,\"commentCount\":0,\"publisher\":{\"@id\":\"https:\\\/\\\/www.aprovaconcursos.com.br\\\/noticias\\\/#organization\"},\"image\":{\"@id\":\"https:\\\/\\\/www.aprovaconcursos.com.br\\\/noticias\\\/concurso-sema-mt\\\/#primaryimage\"},\"thumbnailUrl\":\"https:\\\/\\\/www.aprovaconcursos.com.br\\\/noticias\\\/wp-content\\\/uploads\\\/2026\\\/09\\\/edital-sema-mt.webp\",\"keywords\":[\"SEMA MT\"],\"articleSection\":[\"Not\u00edcias\",\"\u00daltimas Not\u00edcias\"],\"inLanguage\":\"pt-BR\",\"potentialAction\":[{\"@type\":\"CommentAction\",\"name\":\"Comment\",\"target\":[\"https:\\\/\\\/www.aprovaconcursos.com.br\\\/noticias\\\/concurso-sema-mt\\\/#respond\"]}],\"copyrightYear\":\"2026\",\"copyrightHolder\":{\"@id\":\"https:\\\/\\\/www.aprovaconcursos.com.br\\\/noticias\\\/#organization\"}},{\"@type\":\"WebPage\",\"@id\":\"https:\\\/\\\/www.aprovaconcursos.com.br\\\/noticias\\\/concurso-sema-mt\\\/\",\"url\":\"https:\\\/\\\/www.aprovaconcursos.com.br\\\/noticias\\\/concurso-sema-mt\\\/\",\"name\":\"Edital SEMA MT: SAIU! Ganhos de at\u00e9 R$ 10,4 mil; confira\",\"isPartOf\":{\"@id\":\"https:\\\/\\\/www.aprovaconcursos.com.br\\\/noticias\\\/#website\"},\"primaryImageOfPage\":{\"@id\":\"https:\\\/\\\/www.aprovaconcursos.com.br\\\/noticias\\\/concurso-sema-mt\\\/#primaryimage\"},\"image\":{\"@id\":\"https:\\\/\\\/www.aprovaconcursos.com.br\\\/noticias\\\/concurso-sema-mt\\\/#primaryimage\"},\"thumbnailUrl\":\"https:\\\/\\\/www.aprovaconcursos.com.br\\\/noticias\\\/wp-content\\\/uploads\\\/2026\\\/09\\\/edital-sema-mt.webp\",\"datePublished\":\"2026-09-02T13:07:27+00:00\",\"dateModified\":\"2026-09-02T13:07:28+00:00\",\"description\":\"Edital publicado com cadastro de reserva, sal\u00e1rios de at\u00e9 R$ 10.491,97 e inscri\u00e7\u00f5es de 17\\\/09 a 14\\\/10\\\/2026. Confira a situa\u00e7\u00e3o atual.\",\"breadcrumb\":{\"@id\":\"https:\\\/\\\/www.aprovaconcursos.com.br\\\/noticias\\\/concurso-sema-mt\\\/#breadcrumb\"},\"inLanguage\":\"pt-BR\",\"potentialAction\":[{\"@type\":\"ReadAction\",\"target\":[\"https:\\\/\\\/www.aprovaconcursos.com.br\\\/noticias\\\/concurso-sema-mt\\\/\"]}]},{\"@type\":\"ImageObject\",\"inLanguage\":\"pt-BR\",\"@id\":\"https:\\\/\\\/www.aprovaconcursos.com.br\\\/noticias\\\/concurso-sema-mt\\\/#primaryimage\",\"url\":\"https:\\\/\\\/www.aprovaconcursos.com.br\\\/noticias\\\/wp-content\\\/uploads\\\/2026\\\/09\\\/edital-sema-mt.webp\",\"contentUrl\":\"https:\\\/\\\/www.aprovaconcursos.com.br\\\/noticias\\\/wp-content\\\/uploads\\\/2026\\\/09\\\/edital-sema-mt.webp\",\"width\":1200,\"height\":628,\"caption\":\"Edital SEMA MT.\"},{\"@type\":\"BreadcrumbList\",\"@id\":\"https:\\\/\\\/www.aprovaconcursos.com.br\\\/noticias\\\/concurso-sema-mt\\\/#breadcrumb\",\"itemListElement\":[{\"@type\":\"ListItem\",\"position\":1,\"name\":\"Home\",\"item\":\"https:\\\/\\\/www.aprovaconcursos.com.br\\\/noticias\\\/\"},{\"@type\":\"ListItem\",\"position\":2,\"name\":\"Edital SEMA MT: SAIU! Ganhos de at\u00e9 R$ 10,4 mil; confira\"}]},{\"@type\":\"WebSite\",\"@id\":\"https:\\\/\\\/www.aprovaconcursos.com.br\\\/noticias\\\/#website\",\"url\":\"https:\\\/\\\/www.aprovaconcursos.com.br\\\/noticias\\\/\",\"name\":\"Aprova Concursos - Not\u00edcias\",\"description\":\"Fique por dentro das not\u00edcias sobre concursos p\u00fablicos do Brasil inteiro, ENEM, Exame de Ordem (OAB) e Exame de Sufici\u00eancia (CFC). Mantenha-se atualizado aqui!\",\"publisher\":{\"@id\":\"https:\\\/\\\/www.aprovaconcursos.com.br\\\/noticias\\\/#organization\"},\"potentialAction\":[{\"@type\":\"SearchAction\",\"target\":{\"@type\":\"EntryPoint\",\"urlTemplate\":\"https:\\\/\\\/www.aprovaconcursos.com.br\\\/noticias\\\/?s={search_term_string}\"},\"query-input\":{\"@type\":\"PropertyValueSpecification\",\"valueRequired\":true,\"valueName\":\"search_term_string\"}}],\"inLanguage\":\"pt-BR\"},{\"@type\":\"Organization\",\"@id\":\"https:\\\/\\\/www.aprovaconcursos.com.br\\\/noticias\\\/#organization\",\"name\":\"Aprova Concursos - Not\u00edcias\",\"url\":\"https:\\\/\\\/www.aprovaconcursos.com.br\\\/noticias\\\/\",\"logo\":{\"@type\":\"ImageObject\",\"inLanguage\":\"pt-BR\",\"@id\":\"https:\\\/\\\/www.aprovaconcursos.com.br\\\/noticias\\\/#\\\/schema\\\/logo\\\/image\\\/\",\"url\":\"https:\\\/\\\/www.aprovaconcursos.com.br\\\/noticias\\\/wp-content\\\/uploads\\\/2026\\\/06\\\/logo.webp\",\"contentUrl\":\"https:\\\/\\\/www.aprovaconcursos.com.br\\\/noticias\\\/wp-content\\\/uploads\\\/2026\\\/06\\\/logo.webp\",\"width\":171,\"height\":49,\"caption\":\"Aprova Concursos - Not\u00edcias\"},\"image\":{\"@id\":\"https:\\\/\\\/www.aprovaconcursos.com.br\\\/noticias\\\/#\\\/schema\\\/logo\\\/image\\\/\"},\"sameAs\":[\"https:\\\/\\\/www.facebook.com\\\/aprovaconcursos\"]},{\"@type\":\"Person\",\"@id\":\"https:\\\/\\\/www.aprovaconcursos.com.br\\\/noticias\\\/#\\\/schema\\\/person\\\/02de4047f7bd2cbec9b6b2323204656c\",\"name\":\"Bruna Silva\",\"image\":{\"@type\":\"ImageObject\",\"inLanguage\":\"pt-BR\",\"@id\":\"https:\\\/\\\/secure.gravatar.com\\\/avatar\\\/5fabaa975c4c6bb33544b972597d884f7e9c3a62a662250af1086af52760d20a?s=96&d=mm&r=g\",\"url\":\"https:\\\/\\\/secure.gravatar.com\\\/avatar\\\/5fabaa975c4c6bb33544b972597d884f7e9c3a62a662250af1086af52760d20a?s=96&d=mm&r=g\",\"contentUrl\":\"https:\\\/\\\/secure.gravatar.com\\\/avatar\\\/5fabaa975c4c6bb33544b972597d884f7e9c3a62a662250af1086af52760d20a?s=96&d=mm&r=g\",\"caption\":\"Bruna Silva\"},\"sameAs\":[\"https:\\\/\\\/www.aprovaconcursos.com.br\\\/\"],\"url\":\"https:\\\/\\\/www.aprovaconcursos.com.br\\\/noticias\\\/autor\\\/bruna-silva\\\/\"}]}<\/script>\n<!-- \/ Yoast SEO Premium plugin. -->","yoast_head_json":{"title":"Edital SEMA MT: SAIU! Ganhos de at\u00e9 R$ 10,4 mil; confira","description":"Edital publicado com cadastro de reserva, sal\u00e1rios de at\u00e9 R$ 10.491,97 e inscri\u00e7\u00f5es de 17\/09 a 14\/10\/2026. Confira a situa\u00e7\u00e3o atual.","robots":{"index":"index","follow":"follow","max-snippet":"max-snippet:-1","max-image-preview":"max-image-preview:large","max-video-preview":"max-video-preview:-1"},"canonical":"https:\/\/www.aprovaconcursos.com.br\/noticias\/concurso-sema-mt\/","og_locale":"pt_BR","og_type":"article","og_title":"Edital SEMA MT: SAIU! Ganhos de at\u00e9 R$ 10,4 mil; confira","og_description":"Edital publicado com cadastro de reserva, sal\u00e1rios de at\u00e9 R$ 10.491,97 e inscri\u00e7\u00f5es de 17\/09 a 14\/10\/2026. Confira a situa\u00e7\u00e3o atual.","og_url":"https:\/\/www.aprovaconcursos.com.br\/noticias\/concurso-sema-mt\/","og_site_name":"Aprova Concursos - Not\u00edcias","article_publisher":"https:\/\/www.facebook.com\/aprovaconcursos","article_published_time":"2026-09-02T13:07:27+00:00","article_modified_time":"2026-09-02T13:07:28+00:00","og_image":[{"width":1200,"height":628,"url":"https:\/\/www.aprovaconcursos.com.br\/noticias\/wp-content\/uploads\/2026\/09\/edital-sema-mt.webp","type":"image\/webp"}],"author":"Bruna Silva","twitter_card":"summary_large_image","twitter_misc":{"Escrito por":"Bruna Silva","Est. tempo de leitura":"9 minutos"},"schema":{"@context":"https:\/\/schema.org","@graph":[{"@type":"NewsArticle","@id":"https:\/\/www.aprovaconcursos.com.br\/noticias\/concurso-sema-mt\/#article","isPartOf":{"@id":"https:\/\/www.aprovaconcursos.com.br\/noticias\/concurso-sema-mt\/"},"author":{"name":"Bruna Silva","@id":"https:\/\/www.aprovaconcursos.com.br\/noticias\/#\/schema\/person\/02de4047f7bd2cbec9b6b2323204656c"},"headline":"Edital SEMA MT: SAIU! Ganhos de at\u00e9 R$ 10,4 mil; confira","datePublished":"2026-09-02T13:07:27+00:00","dateModified":"2026-09-02T13:07:28+00:00","mainEntityOfPage":{"@id":"https:\/\/www.aprovaconcursos.com.br\/noticias\/concurso-sema-mt\/"},"wordCount":1761,"commentCount":0,"publisher":{"@id":"https:\/\/www.aprovaconcursos.com.br\/noticias\/#organization"},"image":{"@id":"https:\/\/www.aprovaconcursos.com.br\/noticias\/concurso-sema-mt\/#primaryimage"},"thumbnailUrl":"https:\/\/www.aprovaconcursos.com.br\/noticias\/wp-content\/uploads\/2026\/09\/edital-sema-mt.webp","keywords":["SEMA MT"],"articleSection":["Not\u00edcias","\u00daltimas Not\u00edcias"],"inLanguage":"pt-BR","potentialAction":[{"@type":"CommentAction","name":"Comment","target":["https:\/\/www.aprovaconcursos.com.br\/noticias\/concurso-sema-mt\/#respond"]}],"copyrightYear":"2026","copyrightHolder":{"@id":"https:\/\/www.aprovaconcursos.com.br\/noticias\/#organization"}},{"@type":"WebPage","@id":"https:\/\/www.aprovaconcursos.com.br\/noticias\/concurso-sema-mt\/","url":"https:\/\/www.aprovaconcursos.com.br\/noticias\/concurso-sema-mt\/","name":"Edital SEMA MT: SAIU! Ganhos de at\u00e9 R$ 10,4 mil; confira","isPartOf":{"@id":"https:\/\/www.aprovaconcursos.com.br\/noticias\/#website"},"primaryImageOfPage":{"@id":"https:\/\/www.aprovaconcursos.com.br\/noticias\/concurso-sema-mt\/#primaryimage"},"image":{"@id":"https:\/\/www.aprovaconcursos.com.br\/noticias\/concurso-sema-mt\/#primaryimage"},"thumbnailUrl":"https:\/\/www.aprovaconcursos.com.br\/noticias\/wp-content\/uploads\/2026\/09\/edital-sema-mt.webp","datePublished":"2026-09-02T13:07:27+00:00","dateModified":"2026-09-02T13:07:28+00:00","description":"Edital publicado com cadastro de reserva, sal\u00e1rios de at\u00e9 R$ 10.491,97 e inscri\u00e7\u00f5es de 17\/09 a 14\/10\/2026. Confira a situa\u00e7\u00e3o atual.","breadcrumb":{"@id":"https:\/\/www.aprovaconcursos.com.br\/noticias\/concurso-sema-mt\/#breadcrumb"},"inLanguage":"pt-BR","potentialAction":[{"@type":"ReadAction","target":["https:\/\/www.aprovaconcursos.com.br\/noticias\/concurso-sema-mt\/"]}]},{"@type":"ImageObject","inLanguage":"pt-BR","@id":"https:\/\/www.aprovaconcursos.com.br\/noticias\/concurso-sema-mt\/#primaryimage","url":"https:\/\/www.aprovaconcursos.com.br\/noticias\/wp-content\/uploads\/2026\/09\/edital-sema-mt.webp","contentUrl":"https:\/\/www.aprovaconcursos.com.br\/noticias\/wp-content\/uploads\/2026\/09\/edital-sema-mt.webp","width":1200,"height":628,"caption":"Edital SEMA MT."},{"@type":"BreadcrumbList","@id":"https:\/\/www.aprovaconcursos.com.br\/noticias\/concurso-sema-mt\/#breadcrumb","itemListElement":[{"@type":"ListItem","position":1,"name":"Home","item":"https:\/\/www.aprovaconcursos.com.br\/noticias\/"},{"@type":"ListItem","position":2,"name":"Edital SEMA MT: SAIU! Ganhos de at\u00e9 R$ 10,4 mil; confira"}]},{"@type":"WebSite","@id":"https:\/\/www.aprovaconcursos.com.br\/noticias\/#website","url":"https:\/\/www.aprovaconcursos.com.br\/noticias\/","name":"Aprova Concursos - Not\u00edcias","description":"Fique por dentro das not\u00edcias sobre concursos p\u00fablicos do Brasil inteiro, ENEM, Exame de Ordem (OAB) e Exame de Sufici\u00eancia (CFC). Mantenha-se atualizado aqui!","publisher":{"@id":"https:\/\/www.aprovaconcursos.com.br\/noticias\/#organization"},"potentialAction":[{"@type":"SearchAction","target":{"@type":"EntryPoint","urlTemplate":"https:\/\/www.aprovaconcursos.com.br\/noticias\/?s={search_term_string}"},"query-input":{"@type":"PropertyValueSpecification","valueRequired":true,"valueName":"search_term_string"}}],"inLanguage":"pt-BR"},{"@type":"Organization","@id":"https:\/\/www.aprovaconcursos.com.br\/noticias\/#organization","name":"Aprova Concursos - Not\u00edcias","url":"https:\/\/www.aprovaconcursos.com.br\/noticias\/","logo":{"@type":"ImageObject","inLanguage":"pt-BR","@id":"https:\/\/www.aprovaconcursos.com.br\/noticias\/#\/schema\/logo\/image\/","url":"https:\/\/www.aprovaconcursos.com.br\/noticias\/wp-content\/uploads\/2026\/06\/logo.webp","contentUrl":"https:\/\/www.aprovaconcursos.com.br\/noticias\/wp-content\/uploads\/2026\/06\/logo.webp","width":171,"height":49,"caption":"Aprova Concursos - Not\u00edcias"},"image":{"@id":"https:\/\/www.aprovaconcursos.com.br\/noticias\/#\/schema\/logo\/image\/"},"sameAs":["https:\/\/www.facebook.com\/aprovaconcursos"]},{"@type":"Person","@id":"https:\/\/www.aprovaconcursos.com.br\/noticias\/#\/schema\/person\/02de4047f7bd2cbec9b6b2323204656c","name":"Bruna Silva","image":{"@type":"ImageObject","inLanguage":"pt-BR","@id":"https:\/\/secure.gravatar.com\/avatar\/5fabaa975c4c6bb33544b972597d884f7e9c3a62a662250af1086af52760d20a?s=96&d=mm&r=g","url":"https:\/\/secure.gravatar.com\/avatar\/5fabaa975c4c6bb33544b972597d884f7e9c3a62a662250af1086af52760d20a?s=96&d=mm&r=g","contentUrl":"https:\/\/secure.gravatar.com\/avatar\/5fabaa975c4c6bb33544b972597d884f7e9c3a62a662250af1086af52760d20a?s=96&d=mm&r=g","caption":"Bruna Silva"},"sameAs":["https:\/\/www.aprovaconcursos.com.br\/"],"url":"https:\/\/www.aprovaconcursos.com.br\/noticias\/autor\/bruna-silva\/"}]}},"_links":{"self":[{"href":"https:\/\/www.aprovaconcursos.com.br\/noticias\/wp-json\/wp\/v2\/posts\/167048","targetHints":{"allow":["GET"]}}],"collection":[{"href":"https:\/\/www.aprovaconcursos.com.br\/noticias\/wp-json\/wp\/v2\/posts"}],"about":[{"href":"https:\/\/www.aprovaconcursos.com.br\/noticias\/wp-json\/wp\/v2\/types\/post"}],"author":[{"embeddable":true,"href":"https:\/\/www.aprovaconcursos.com.br\/noticias\/wp-json\/wp\/v2\/users\/6"}],"replies":[{"embeddable":true,"href":"https:\/\/www.aprovaconcursos.com.br\/noticias\/wp-json\/wp\/v2\/comments?post=167048"}],"version-history":[{"count":1,"href":"https:\/\/www.aprovaconcursos.com.br\/noticias\/wp-json\/wp\/v2\/posts\/167048\/revisions"}],"predecessor-version":[{"id":167050,"href":"https:\/\/www.aprovaconcursos.com.br\/noticias\/wp-json\/wp\/v2\/posts\/167048\/revisions\/167050"}],"wp:featuredmedia":[{"embeddable":true,"href":"https:\/\/www.aprovaconcursos.com.br\/noticias\/wp-json\/wp\/v2\/media\/167049"}],"wp:attachment":[{"href":"https:\/\/www.aprovaconcursos.com.br\/noticias\/wp-json\/wp\/v2\/media?parent=167048"}],"wp:term":[{"taxonomy":"category","embeddable":true,"href":"https:\/\/www.aprovaconcursos.com.br\/noticias\/wp-json\/wp\/v2\/categories?post=167048"},{"taxonomy":"post_tag","embeddable":true,"href":"https:\/\/www.aprovaconcursos.com.br\/noticias\/wp-json\/wp\/v2\/tags?post=167048"}],"curies":[{"name":"wp","href":"https:\/\/api.w.org\/{rel}","templated":true}]}}