{"id":167039,"date":"2026-09-01T17:52:06","date_gmt":"2026-09-01T20:52:06","guid":{"rendered":"https:\/\/www.aprovaconcursos.com.br\/noticias\/?p=167039"},"modified":"2026-09-01T17:56:36","modified_gmt":"2026-09-01T20:56:36","slug":"banco-do-brasil-necessita-de-profissionais-2026","status":"publish","type":"post","link":"https:\/\/www.aprovaconcursos.com.br\/noticias\/banco-do-brasil-necessita-de-profissionais-2026\/","title":{"rendered":"Concurso BB: Banco necessita de profissionais e novo edital entra no radar"},"content":{"rendered":"\n<p class=\"wp-block-paragraph\">O <strong>Banco do Brasil reconheceu oficialmente que precisa de profissionais em algumas localidades<\/strong> e informou que vai avaliar a abertura de um novo concurso p\u00fablico depois de reorganizar sua rede de ag\u00eancias e depend\u00eancias.<\/p>\n\n\n\n<p class=\"wp-block-paragraph\">A informa\u00e7\u00e3o foi dada pela dire\u00e7\u00e3o do banco na <strong>nona rodada de negocia\u00e7\u00e3o espec\u00edfica da Campanha Nacional dos Banc\u00e1rios 2026<\/strong>, realizada na noite de quinta-feira, 27 de agosto, em reuni\u00e3o com a Comiss\u00e3o de Empresa das Funcion\u00e1rias e dos Funcion\u00e1rios do Banco do Brasil (CEBB).<\/p>\n\n\n\n<p class=\"wp-block-paragraph\">Apesar do reconhecimento, <strong>n\u00e3o h\u00e1 edital, cronograma ou n\u00famero de vagas definidos<\/strong>. Quem quiser acompanhar a <a href=\"\/noticias\/concurso-banco-do-brasil\" target=\"_blank\" rel=\"noopener noreferrer\">situa\u00e7\u00e3o atual do concurso Banco do Brasil<\/a> encontra todas as movimenta\u00e7\u00f5es registradas at\u00e9 aqui, etapa por etapa.<\/p>\n\n\n\n<h2 id=\"h-o-que-o-banco-do-brasil-disse-na-negociacao\" class=\"wp-block-heading\">O que o Banco do Brasil disse na negocia\u00e7\u00e3o<\/h2>\n\n\n\n<p class=\"wp-block-paragraph\">Segundo o <a href=\"https:\/\/www.fetecpr.org.br\/banco-do-brasil-apresenta-avancos-em-negociacao-mas-funcionalismo-cobra-propostas-financeiras\/\" target=\"_blank\" rel=\"noopener noreferrer\">comunicado divulgado pela Contraf-CUT<\/a> ap\u00f3s o encontro, a dire\u00e7\u00e3o do banco foi questionada pela representa\u00e7\u00e3o dos funcion\u00e1rios sobre a realiza\u00e7\u00e3o de um novo concurso e admitiu a necessidade de profissionais em algumas localidades.<\/p>\n\n\n\n<p class=\"wp-block-paragraph\">A estrat\u00e9gia apresentada pelo BB prev\u00ea <strong>duas etapas, nessa ordem<\/strong>:<\/p>\n\n\n\n<ul class=\"wp-block-list\">\n<li><strong>1\u00aa etapa:<\/strong> realinhamento da rede de ag\u00eancias e depend\u00eancias;<\/li>\n\n\n\n<li><strong>2\u00aa etapa:<\/strong> avalia\u00e7\u00e3o sobre a abertura de um novo concurso p\u00fablico.<\/li>\n<\/ul>\n\n\n\n<p class=\"wp-block-paragraph\">O banco ressaltou que o realinhamento vem antes de qualquer avalia\u00e7\u00e3o sobre o concurso. Ou seja, <strong>o reconhecimento da car\u00eancia de pessoal n\u00e3o equivale a autoriza\u00e7\u00e3o do certame<\/strong> \u2014 ainda n\u00e3o existe decis\u00e3o tomada.<\/p>\n\n\n\n<p class=\"wp-block-paragraph\">Para o secret\u00e1rio-geral da Contraf-CUT e representante da CEBB, Gustavo Tabatinga Jr., o reconhecimento refor\u00e7a a import\u00e2ncia de continuar cobrando o banco por solu\u00e7\u00f5es efetivas para a falta de pessoal, que sobrecarrega funcion\u00e1rias e funcion\u00e1rios e afeta o atendimento \u00e0 popula\u00e7\u00e3o.<\/p>\n\n\n\n<h2 id=\"h-por-que-o-edital-nao-sai-em-2026\" class=\"wp-block-heading\">Por que o edital n\u00e3o sai em 2026<\/h2>\n\n\n\n<p class=\"wp-block-paragraph\">O reconhecimento desta rodada n\u00e3o muda o cen\u00e1rio anunciado pelo pr\u00f3prio banco no in\u00edcio do m\u00eas. Em <strong>14 de agosto<\/strong>, durante a sexta rodada de negocia\u00e7\u00e3o, o BB confirmou \u00e0s entidades sindicais que <strong>n\u00e3o publicar\u00e1 edital de concurso em 2026<\/strong>.<\/p>\n\n\n\n<p class=\"wp-block-paragraph\">Segundo a Confedera\u00e7\u00e3o Nacional dos Trabalhadores nas Empresas de Cr\u00e9dito (Contec), o banco citou <strong>restri\u00e7\u00f5es do per\u00edodo eleitoral<\/strong> aplic\u00e1veis a institui\u00e7\u00f5es ligadas \u00e0 administra\u00e7\u00e3o p\u00fablica. Com isso, a expectativa das entidades \u00e9 que um concurso mais amplo fique para <strong>2027<\/strong>.<\/p>\n\n\n\n<p class=\"wp-block-paragraph\">Como medida imediata, o BB informou a cria\u00e7\u00e3o de <strong>680 vagas para especialistas<\/strong>, direcionadas a ag\u00eancias e depend\u00eancias com dificuldade de preenchimento. A Contec, no entanto, segue cobrando um concurso amplo, com estimativa pr\u00f3pria de <strong>cerca de 5 mil vagas<\/strong> para recompor o quadro.<\/p>\n\n\n\n<h2 id=\"h-escolha-da-banca-segue-em-andamento\" class=\"wp-block-heading\">Escolha da banca segue em andamento<\/h2>\n\n\n\n<p class=\"wp-block-paragraph\">Em paralelo \u00e0s negocia\u00e7\u00f5es, o Banco do Brasil continua tratando do <strong>termo de refer\u00eancia (TR) para contrata\u00e7\u00e3o da banca organizadora<\/strong>. Quatro institui\u00e7\u00f5es est\u00e3o na disputa: <strong>Cesgranrio, FGV, Cebraspe e IBFC<\/strong>.<\/p>\n\n\n\n<p class=\"wp-block-paragraph\">O plano do banco \u00e9 firmar um <strong>contrato de longo prazo<\/strong>, que permita realizar quantas sele\u00e7\u00f5es externas forem necess\u00e1rias ao longo da vig\u00eancia. O documento contempla cargos de <strong>n\u00edvel m\u00e9dio, m\u00e9dio\/t\u00e9cnico e superior<\/strong>, com a carreira de <strong>escritur\u00e1rio<\/strong> usada como par\u00e2metro de compara\u00e7\u00e3o entre as propostas, por concentrar a maior demanda de pessoal.<\/p>\n\n\n\n<p class=\"wp-block-paragraph\">O TR tamb\u00e9m prev\u00ea a possibilidade de <strong>concurso exclusivo para pessoas com defici\u00eancia (PcD)<\/strong>, avalia\u00e7\u00e3o biopsicossocial, heteroidentifica\u00e7\u00e3o para candidatos negros e verifica\u00e7\u00e3o documental para ind\u00edgenas e quilombolas.<\/p>\n\n\n\n<p class=\"wp-block-paragraph\">Nada disso, por\u00e9m, define vagas, datas ou cidades de prova. Como refer\u00eancia de porte, o <strong>\u00faltimo concurso para escritur\u00e1rio, de 2022<\/strong>, reuniu cerca de 1,5 milh\u00e3o de inscritos, com aplica\u00e7\u00e3o em aproximadamente 200 cidades. A validade daquele edital foi prorrogada por um ano e <strong>encerrou em julho de 2025<\/strong>.<\/p>\n\n\n\n<p class=\"wp-block-paragraph\"><strong>Quer se preparar desde j\u00e1 para o concurso do Banco do Brasil?<\/strong> O Aprova Concursos tem <a href=\"https:\/\/comprar.aprovaconcursos.com.br\/concursos\/banco-do-brasil\" target=\"_blank\" rel=\"noopener noreferrer\"><strong>curso preparat\u00f3rio<\/strong><\/a> para a carreira banc\u00e1ria, com material atualizado e videoaulas para voc\u00ea sair na frente quando o edital for publicado.<\/p>\n\n\n\n<h2 id=\"h-perguntas-frequentes\" class=\"wp-block-heading\">Perguntas frequentes<\/h2>\n\n\n\n<h3 id=\"h-o-banco-do-brasil-ja-autorizou-o-novo-concurso\" class=\"wp-block-heading\">O Banco do Brasil j\u00e1 autorizou o novo concurso?<\/h3>\n\n\n\n<p class=\"wp-block-paragraph\">N\u00e3o. O banco reconheceu que precisa de profissionais em algumas localidades, mas informou que a abertura de um novo concurso s\u00f3 ser\u00e1 avaliada depois do realinhamento da rede. N\u00e3o h\u00e1 autoriza\u00e7\u00e3o, edital, cronograma nem n\u00famero de vagas divulgados.<\/p>\n\n\n\n<h3 id=\"h-o-que-e-o-realinhamento-da-rede-citado-pelo-bb\" class=\"wp-block-heading\">O que \u00e9 o realinhamento da rede citado pelo BB?<\/h3>\n\n\n\n<p class=\"wp-block-paragraph\">\u00c9 a reorganiza\u00e7\u00e3o das ag\u00eancias e depend\u00eancias do banco, que redefine onde h\u00e1 sobra e falta de pessoal. Processos desse tipo, junto com remo\u00e7\u00f5es internas, costumam anteceder concursos porque d\u00e3o clareza sobre as vagas realmente em aberto antes da contrata\u00e7\u00e3o externa.<\/p>\n\n\n\n<h3 id=\"h-ainda-e-possivel-ser-convocado-pelo-concurso-de-2022\" class=\"wp-block-heading\">Ainda \u00e9 poss\u00edvel ser convocado pelo concurso de 2022?<\/h3>\n\n\n\n<p class=\"wp-block-paragraph\">N\u00e3o. A validade do edital de 2022 foi prorrogada por mais um ano e terminou em julho de 2025. Com o prazo encerrado, o cadastro de reserva daquele concurso n\u00e3o gera mais convoca\u00e7\u00f5es, o que aumenta a press\u00e3o das entidades sindicais por um novo edital.<\/p>\n\n\n\n<h3 id=\"h-quem-negocia-com-o-banco-do-brasil-sobre-o-concurso\" class=\"wp-block-heading\">Quem negocia com o Banco do Brasil sobre o concurso?<\/h3>\n\n\n\n<p class=\"wp-block-paragraph\">A CEBB, ligada \u00e0 Contraf-CUT, e a Contec participam das rodadas espec\u00edficas da Campanha Nacional dos Banc\u00e1rios. As informa\u00e7\u00f5es sobre concurso surgem nesses encontros e s\u00e3o divulgadas em comunicados das entidades, n\u00e3o em publica\u00e7\u00f5es oficiais do banco.<\/p>\n","protected":false},"excerpt":{"rendered":"<p>O Banco do Brasil reconheceu oficialmente que precisa de profissionais em algumas localidades e informou que vai avaliar a abertura de um\u2026<\/p>\n","protected":false},"author":3,"featured_media":167040,"comment_status":"open","ping_status":"open","sticky":false,"template":"","format":"standard","meta":{"footnotes":""},"categories":[13745,13697,19080,11],"tags":[20494,24771],"class_list":["post-167039","post","type-post","status-publish","format-standard","has-post-thumbnail","hentry","category-bancaria","category-medio","category-nacional","category-noticias","tag-concurso-bb","tag-profissionais-concurso-bb"],"yoast_head":"<!-- This site is optimized with the Yoast SEO Premium plugin v27.9 (Yoast SEO v28.2) - https:\/\/yoast.com\/product\/yoast-seo-premium-wordpress\/ -->\n<title>BB admite necessidade de profissionais e novo concurso entra no radar!<\/title>\n<meta name=\"description\" content=\"Concurso Banco do Brasil: BB admitiu necessidade de profissionais em algumas localidades e far\u00e1 realinhamento da rede antes de novo edital.\" \/>\n<meta name=\"robots\" content=\"index, follow, max-snippet:-1, max-image-preview:large, max-video-preview:-1\" \/>\n<link rel=\"canonical\" href=\"https:\/\/www.aprovaconcursos.com.br\/noticias\/banco-do-brasil-necessita-de-profissionais-2026\/\" \/>\n<meta property=\"og:locale\" content=\"pt_BR\" \/>\n<meta property=\"og:type\" content=\"article\" \/>\n<meta property=\"og:title\" content=\"Concurso BB: Banco necessita de profissionais e novo edital entra no radar\" \/>\n<meta property=\"og:description\" content=\"Concurso Banco do Brasil: BB admitiu necessidade de profissionais em algumas localidades e far\u00e1 realinhamento da rede antes de novo edital.\" \/>\n<meta property=\"og:url\" content=\"https:\/\/www.aprovaconcursos.com.br\/noticias\/banco-do-brasil-necessita-de-profissionais-2026\/\" \/>\n<meta property=\"og:site_name\" content=\"Aprova Concursos - Not\u00edcias\" \/>\n<meta property=\"article:publisher\" content=\"https:\/\/www.facebook.com\/aprovaconcursos\" \/>\n<meta property=\"article:published_time\" content=\"2026-09-01T20:52:06+00:00\" \/>\n<meta property=\"article:modified_time\" content=\"2026-09-01T20:56:36+00:00\" \/>\n<meta property=\"og:image\" content=\"https:\/\/www.aprovaconcursos.com.br\/noticias\/wp-content\/uploads\/2026\/09\/banco-do-brasil-necessita-de-profissionais-2026.webp\" \/>\n\t<meta property=\"og:image:width\" content=\"1200\" \/>\n\t<meta property=\"og:image:height\" content=\"628\" \/>\n\t<meta property=\"og:image:type\" content=\"image\/webp\" \/>\n<meta name=\"author\" content=\"Rinaldo Junior\" \/>\n<meta name=\"twitter:card\" content=\"summary_large_image\" \/>\n<meta name=\"twitter:label1\" content=\"Escrito por\" \/>\n\t<meta name=\"twitter:data1\" content=\"Rinaldo Junior\" \/>\n\t<meta name=\"twitter:label2\" content=\"Est. tempo de leitura\" \/>\n\t<meta name=\"twitter:data2\" content=\"5 minutos\" \/>\n<script type=\"application\/ld+json\" class=\"yoast-schema-graph\">{\"@context\":\"https:\\\/\\\/schema.org\",\"@graph\":[{\"@type\":\"NewsArticle\",\"@id\":\"https:\\\/\\\/www.aprovaconcursos.com.br\\\/noticias\\\/banco-do-brasil-necessita-de-profissionais-2026\\\/#article\",\"isPartOf\":{\"@id\":\"https:\\\/\\\/www.aprovaconcursos.com.br\\\/noticias\\\/banco-do-brasil-necessita-de-profissionais-2026\\\/\"},\"author\":{\"name\":\"Rinaldo Junior\",\"@id\":\"https:\\\/\\\/www.aprovaconcursos.com.br\\\/noticias\\\/#\\\/schema\\\/person\\\/77bad5b521fb3041405f9288cabffd3d\"},\"headline\":\"Concurso BB: Banco necessita de profissionais e novo edital entra no radar\",\"datePublished\":\"2026-09-01T20:52:06+00:00\",\"dateModified\":\"2026-09-01T20:56:36+00:00\",\"mainEntityOfPage\":{\"@id\":\"https:\\\/\\\/www.aprovaconcursos.com.br\\\/noticias\\\/banco-do-brasil-necessita-de-profissionais-2026\\\/\"},\"wordCount\":892,\"commentCount\":0,\"publisher\":{\"@id\":\"https:\\\/\\\/www.aprovaconcursos.com.br\\\/noticias\\\/#organization\"},\"image\":{\"@id\":\"https:\\\/\\\/www.aprovaconcursos.com.br\\\/noticias\\\/banco-do-brasil-necessita-de-profissionais-2026\\\/#primaryimage\"},\"thumbnailUrl\":\"https:\\\/\\\/www.aprovaconcursos.com.br\\\/noticias\\\/wp-content\\\/uploads\\\/2026\\\/09\\\/banco-do-brasil-necessita-de-profissionais-2026.webp\",\"keywords\":[\"concurso bb\",\"profissionais concurso BB\"],\"articleSection\":[\"Banc\u00e1ria\",\"M\u00e9dio\",\"Nacional\",\"Not\u00edcias\"],\"inLanguage\":\"pt-BR\",\"potentialAction\":[{\"@type\":\"CommentAction\",\"name\":\"Comment\",\"target\":[\"https:\\\/\\\/www.aprovaconcursos.com.br\\\/noticias\\\/banco-do-brasil-necessita-de-profissionais-2026\\\/#respond\"]}],\"copyrightYear\":\"2026\",\"copyrightHolder\":{\"@id\":\"https:\\\/\\\/www.aprovaconcursos.com.br\\\/noticias\\\/#organization\"}},{\"@type\":\"WebPage\",\"@id\":\"https:\\\/\\\/www.aprovaconcursos.com.br\\\/noticias\\\/banco-do-brasil-necessita-de-profissionais-2026\\\/\",\"url\":\"https:\\\/\\\/www.aprovaconcursos.com.br\\\/noticias\\\/banco-do-brasil-necessita-de-profissionais-2026\\\/\",\"name\":\"BB admite necessidade de profissionais e novo concurso entra no radar!\",\"isPartOf\":{\"@id\":\"https:\\\/\\\/www.aprovaconcursos.com.br\\\/noticias\\\/#website\"},\"primaryImageOfPage\":{\"@id\":\"https:\\\/\\\/www.aprovaconcursos.com.br\\\/noticias\\\/banco-do-brasil-necessita-de-profissionais-2026\\\/#primaryimage\"},\"image\":{\"@id\":\"https:\\\/\\\/www.aprovaconcursos.com.br\\\/noticias\\\/banco-do-brasil-necessita-de-profissionais-2026\\\/#primaryimage\"},\"thumbnailUrl\":\"https:\\\/\\\/www.aprovaconcursos.com.br\\\/noticias\\\/wp-content\\\/uploads\\\/2026\\\/09\\\/banco-do-brasil-necessita-de-profissionais-2026.webp\",\"datePublished\":\"2026-09-01T20:52:06+00:00\",\"dateModified\":\"2026-09-01T20:56:36+00:00\",\"description\":\"Concurso Banco do Brasil: BB admitiu necessidade de profissionais em algumas localidades e far\u00e1 realinhamento da rede antes de novo edital.\",\"breadcrumb\":{\"@id\":\"https:\\\/\\\/www.aprovaconcursos.com.br\\\/noticias\\\/banco-do-brasil-necessita-de-profissionais-2026\\\/#breadcrumb\"},\"inLanguage\":\"pt-BR\",\"potentialAction\":[{\"@type\":\"ReadAction\",\"target\":[\"https:\\\/\\\/www.aprovaconcursos.com.br\\\/noticias\\\/banco-do-brasil-necessita-de-profissionais-2026\\\/\"]}]},{\"@type\":\"ImageObject\",\"inLanguage\":\"pt-BR\",\"@id\":\"https:\\\/\\\/www.aprovaconcursos.com.br\\\/noticias\\\/banco-do-brasil-necessita-de-profissionais-2026\\\/#primaryimage\",\"url\":\"https:\\\/\\\/www.aprovaconcursos.com.br\\\/noticias\\\/wp-content\\\/uploads\\\/2026\\\/09\\\/banco-do-brasil-necessita-de-profissionais-2026.webp\",\"contentUrl\":\"https:\\\/\\\/www.aprovaconcursos.com.br\\\/noticias\\\/wp-content\\\/uploads\\\/2026\\\/09\\\/banco-do-brasil-necessita-de-profissionais-2026.webp\",\"width\":1200,\"height\":628,\"caption\":\"Concurso Banco do Brasil.\"},{\"@type\":\"BreadcrumbList\",\"@id\":\"https:\\\/\\\/www.aprovaconcursos.com.br\\\/noticias\\\/banco-do-brasil-necessita-de-profissionais-2026\\\/#breadcrumb\",\"itemListElement\":[{\"@type\":\"ListItem\",\"position\":1,\"name\":\"Home\",\"item\":\"https:\\\/\\\/www.aprovaconcursos.com.br\\\/noticias\\\/\"},{\"@type\":\"ListItem\",\"position\":2,\"name\":\"Concurso BB: Banco necessita de profissionais e novo edital entra no radar\"}]},{\"@type\":\"WebSite\",\"@id\":\"https:\\\/\\\/www.aprovaconcursos.com.br\\\/noticias\\\/#website\",\"url\":\"https:\\\/\\\/www.aprovaconcursos.com.br\\\/noticias\\\/\",\"name\":\"Aprova Concursos - Not\u00edcias\",\"description\":\"Fique por dentro das not\u00edcias sobre concursos p\u00fablicos do Brasil inteiro, ENEM, Exame de Ordem (OAB) e Exame de Sufici\u00eancia (CFC). Mantenha-se atualizado aqui!\",\"publisher\":{\"@id\":\"https:\\\/\\\/www.aprovaconcursos.com.br\\\/noticias\\\/#organization\"},\"potentialAction\":[{\"@type\":\"SearchAction\",\"target\":{\"@type\":\"EntryPoint\",\"urlTemplate\":\"https:\\\/\\\/www.aprovaconcursos.com.br\\\/noticias\\\/?s={search_term_string}\"},\"query-input\":{\"@type\":\"PropertyValueSpecification\",\"valueRequired\":true,\"valueName\":\"search_term_string\"}}],\"inLanguage\":\"pt-BR\"},{\"@type\":\"Organization\",\"@id\":\"https:\\\/\\\/www.aprovaconcursos.com.br\\\/noticias\\\/#organization\",\"name\":\"Aprova Concursos - Not\u00edcias\",\"url\":\"https:\\\/\\\/www.aprovaconcursos.com.br\\\/noticias\\\/\",\"logo\":{\"@type\":\"ImageObject\",\"inLanguage\":\"pt-BR\",\"@id\":\"https:\\\/\\\/www.aprovaconcursos.com.br\\\/noticias\\\/#\\\/schema\\\/logo\\\/image\\\/\",\"url\":\"https:\\\/\\\/www.aprovaconcursos.com.br\\\/noticias\\\/wp-content\\\/uploads\\\/2026\\\/06\\\/logo.webp\",\"contentUrl\":\"https:\\\/\\\/www.aprovaconcursos.com.br\\\/noticias\\\/wp-content\\\/uploads\\\/2026\\\/06\\\/logo.webp\",\"width\":171,\"height\":49,\"caption\":\"Aprova Concursos - Not\u00edcias\"},\"image\":{\"@id\":\"https:\\\/\\\/www.aprovaconcursos.com.br\\\/noticias\\\/#\\\/schema\\\/logo\\\/image\\\/\"},\"sameAs\":[\"https:\\\/\\\/www.facebook.com\\\/aprovaconcursos\"]},{\"@type\":\"Person\",\"@id\":\"https:\\\/\\\/www.aprovaconcursos.com.br\\\/noticias\\\/#\\\/schema\\\/person\\\/77bad5b521fb3041405f9288cabffd3d\",\"name\":\"Rinaldo Junior\",\"image\":{\"@type\":\"ImageObject\",\"inLanguage\":\"pt-BR\",\"@id\":\"https:\\\/\\\/secure.gravatar.com\\\/avatar\\\/f617925ffe96996dc8799f23a7984694b0e3efacaa19fbff06b4414133263471?s=96&d=mm&r=g\",\"url\":\"https:\\\/\\\/secure.gravatar.com\\\/avatar\\\/f617925ffe96996dc8799f23a7984694b0e3efacaa19fbff06b4414133263471?s=96&d=mm&r=g\",\"contentUrl\":\"https:\\\/\\\/secure.gravatar.com\\\/avatar\\\/f617925ffe96996dc8799f23a7984694b0e3efacaa19fbff06b4414133263471?s=96&d=mm&r=g\",\"caption\":\"Rinaldo Junior\"},\"description\":\"Rinaldo \u00e9 graduado em Letras, Tecn\u00f3logo em Marketing e Analista do time de Reda\u00e7\u00e3o do Aprova Concursos. Sua atua\u00e7\u00e3o na esfera de concursos p\u00fablicos prop\u00f5e an\u00e1lises dos principais editais do pa\u00eds e projetos de cria\u00e7\u00e3o de conte\u00fado para web, com expertise em SEO. H\u00e1 anos re\u00fane informa\u00e7\u00f5es atualizadas e materiais de estudo para apoiar o candidato ao longo da jornada de prepara\u00e7\u00e3o.\",\"url\":\"https:\\\/\\\/www.aprovaconcursos.com.br\\\/noticias\\\/autor\\\/rinaldo-junior\\\/\"}]}<\/script>\n<!-- \/ Yoast SEO Premium plugin. -->","yoast_head_json":{"title":"BB admite necessidade de profissionais e novo concurso entra no radar!","description":"Concurso Banco do Brasil: BB admitiu necessidade de profissionais em algumas localidades e far\u00e1 realinhamento da rede antes de novo edital.","robots":{"index":"index","follow":"follow","max-snippet":"max-snippet:-1","max-image-preview":"max-image-preview:large","max-video-preview":"max-video-preview:-1"},"canonical":"https:\/\/www.aprovaconcursos.com.br\/noticias\/banco-do-brasil-necessita-de-profissionais-2026\/","og_locale":"pt_BR","og_type":"article","og_title":"Concurso BB: Banco necessita de profissionais e novo edital entra no radar","og_description":"Concurso Banco do Brasil: BB admitiu necessidade de profissionais em algumas localidades e far\u00e1 realinhamento da rede antes de novo edital.","og_url":"https:\/\/www.aprovaconcursos.com.br\/noticias\/banco-do-brasil-necessita-de-profissionais-2026\/","og_site_name":"Aprova Concursos - Not\u00edcias","article_publisher":"https:\/\/www.facebook.com\/aprovaconcursos","article_published_time":"2026-09-01T20:52:06+00:00","article_modified_time":"2026-09-01T20:56:36+00:00","og_image":[{"width":1200,"height":628,"url":"https:\/\/www.aprovaconcursos.com.br\/noticias\/wp-content\/uploads\/2026\/09\/banco-do-brasil-necessita-de-profissionais-2026.webp","type":"image\/webp"}],"author":"Rinaldo Junior","twitter_card":"summary_large_image","twitter_misc":{"Escrito por":"Rinaldo Junior","Est. tempo de leitura":"5 minutos"},"schema":{"@context":"https:\/\/schema.org","@graph":[{"@type":"NewsArticle","@id":"https:\/\/www.aprovaconcursos.com.br\/noticias\/banco-do-brasil-necessita-de-profissionais-2026\/#article","isPartOf":{"@id":"https:\/\/www.aprovaconcursos.com.br\/noticias\/banco-do-brasil-necessita-de-profissionais-2026\/"},"author":{"name":"Rinaldo Junior","@id":"https:\/\/www.aprovaconcursos.com.br\/noticias\/#\/schema\/person\/77bad5b521fb3041405f9288cabffd3d"},"headline":"Concurso BB: Banco necessita de profissionais e novo edital entra no radar","datePublished":"2026-09-01T20:52:06+00:00","dateModified":"2026-09-01T20:56:36+00:00","mainEntityOfPage":{"@id":"https:\/\/www.aprovaconcursos.com.br\/noticias\/banco-do-brasil-necessita-de-profissionais-2026\/"},"wordCount":892,"commentCount":0,"publisher":{"@id":"https:\/\/www.aprovaconcursos.com.br\/noticias\/#organization"},"image":{"@id":"https:\/\/www.aprovaconcursos.com.br\/noticias\/banco-do-brasil-necessita-de-profissionais-2026\/#primaryimage"},"thumbnailUrl":"https:\/\/www.aprovaconcursos.com.br\/noticias\/wp-content\/uploads\/2026\/09\/banco-do-brasil-necessita-de-profissionais-2026.webp","keywords":["concurso bb","profissionais concurso BB"],"articleSection":["Banc\u00e1ria","M\u00e9dio","Nacional","Not\u00edcias"],"inLanguage":"pt-BR","potentialAction":[{"@type":"CommentAction","name":"Comment","target":["https:\/\/www.aprovaconcursos.com.br\/noticias\/banco-do-brasil-necessita-de-profissionais-2026\/#respond"]}],"copyrightYear":"2026","copyrightHolder":{"@id":"https:\/\/www.aprovaconcursos.com.br\/noticias\/#organization"}},{"@type":"WebPage","@id":"https:\/\/www.aprovaconcursos.com.br\/noticias\/banco-do-brasil-necessita-de-profissionais-2026\/","url":"https:\/\/www.aprovaconcursos.com.br\/noticias\/banco-do-brasil-necessita-de-profissionais-2026\/","name":"BB admite necessidade de profissionais e novo concurso entra no radar!","isPartOf":{"@id":"https:\/\/www.aprovaconcursos.com.br\/noticias\/#website"},"primaryImageOfPage":{"@id":"https:\/\/www.aprovaconcursos.com.br\/noticias\/banco-do-brasil-necessita-de-profissionais-2026\/#primaryimage"},"image":{"@id":"https:\/\/www.aprovaconcursos.com.br\/noticias\/banco-do-brasil-necessita-de-profissionais-2026\/#primaryimage"},"thumbnailUrl":"https:\/\/www.aprovaconcursos.com.br\/noticias\/wp-content\/uploads\/2026\/09\/banco-do-brasil-necessita-de-profissionais-2026.webp","datePublished":"2026-09-01T20:52:06+00:00","dateModified":"2026-09-01T20:56:36+00:00","description":"Concurso Banco do Brasil: BB admitiu necessidade de profissionais em algumas localidades e far\u00e1 realinhamento da rede antes de novo edital.","breadcrumb":{"@id":"https:\/\/www.aprovaconcursos.com.br\/noticias\/banco-do-brasil-necessita-de-profissionais-2026\/#breadcrumb"},"inLanguage":"pt-BR","potentialAction":[{"@type":"ReadAction","target":["https:\/\/www.aprovaconcursos.com.br\/noticias\/banco-do-brasil-necessita-de-profissionais-2026\/"]}]},{"@type":"ImageObject","inLanguage":"pt-BR","@id":"https:\/\/www.aprovaconcursos.com.br\/noticias\/banco-do-brasil-necessita-de-profissionais-2026\/#primaryimage","url":"https:\/\/www.aprovaconcursos.com.br\/noticias\/wp-content\/uploads\/2026\/09\/banco-do-brasil-necessita-de-profissionais-2026.webp","contentUrl":"https:\/\/www.aprovaconcursos.com.br\/noticias\/wp-content\/uploads\/2026\/09\/banco-do-brasil-necessita-de-profissionais-2026.webp","width":1200,"height":628,"caption":"Concurso Banco do Brasil."},{"@type":"BreadcrumbList","@id":"https:\/\/www.aprovaconcursos.com.br\/noticias\/banco-do-brasil-necessita-de-profissionais-2026\/#breadcrumb","itemListElement":[{"@type":"ListItem","position":1,"name":"Home","item":"https:\/\/www.aprovaconcursos.com.br\/noticias\/"},{"@type":"ListItem","position":2,"name":"Concurso BB: Banco necessita de profissionais e novo edital entra no radar"}]},{"@type":"WebSite","@id":"https:\/\/www.aprovaconcursos.com.br\/noticias\/#website","url":"https:\/\/www.aprovaconcursos.com.br\/noticias\/","name":"Aprova Concursos - Not\u00edcias","description":"Fique por dentro das not\u00edcias sobre concursos p\u00fablicos do Brasil inteiro, ENEM, Exame de Ordem (OAB) e Exame de Sufici\u00eancia (CFC). Mantenha-se atualizado aqui!","publisher":{"@id":"https:\/\/www.aprovaconcursos.com.br\/noticias\/#organization"},"potentialAction":[{"@type":"SearchAction","target":{"@type":"EntryPoint","urlTemplate":"https:\/\/www.aprovaconcursos.com.br\/noticias\/?s={search_term_string}"},"query-input":{"@type":"PropertyValueSpecification","valueRequired":true,"valueName":"search_term_string"}}],"inLanguage":"pt-BR"},{"@type":"Organization","@id":"https:\/\/www.aprovaconcursos.com.br\/noticias\/#organization","name":"Aprova Concursos - Not\u00edcias","url":"https:\/\/www.aprovaconcursos.com.br\/noticias\/","logo":{"@type":"ImageObject","inLanguage":"pt-BR","@id":"https:\/\/www.aprovaconcursos.com.br\/noticias\/#\/schema\/logo\/image\/","url":"https:\/\/www.aprovaconcursos.com.br\/noticias\/wp-content\/uploads\/2026\/06\/logo.webp","contentUrl":"https:\/\/www.aprovaconcursos.com.br\/noticias\/wp-content\/uploads\/2026\/06\/logo.webp","width":171,"height":49,"caption":"Aprova Concursos - Not\u00edcias"},"image":{"@id":"https:\/\/www.aprovaconcursos.com.br\/noticias\/#\/schema\/logo\/image\/"},"sameAs":["https:\/\/www.facebook.com\/aprovaconcursos"]},{"@type":"Person","@id":"https:\/\/www.aprovaconcursos.com.br\/noticias\/#\/schema\/person\/77bad5b521fb3041405f9288cabffd3d","name":"Rinaldo Junior","image":{"@type":"ImageObject","inLanguage":"pt-BR","@id":"https:\/\/secure.gravatar.com\/avatar\/f617925ffe96996dc8799f23a7984694b0e3efacaa19fbff06b4414133263471?s=96&d=mm&r=g","url":"https:\/\/secure.gravatar.com\/avatar\/f617925ffe96996dc8799f23a7984694b0e3efacaa19fbff06b4414133263471?s=96&d=mm&r=g","contentUrl":"https:\/\/secure.gravatar.com\/avatar\/f617925ffe96996dc8799f23a7984694b0e3efacaa19fbff06b4414133263471?s=96&d=mm&r=g","caption":"Rinaldo Junior"},"description":"Rinaldo \u00e9 graduado em Letras, Tecn\u00f3logo em Marketing e Analista do time de Reda\u00e7\u00e3o do Aprova Concursos. Sua atua\u00e7\u00e3o na esfera de concursos p\u00fablicos prop\u00f5e an\u00e1lises dos principais editais do pa\u00eds e projetos de cria\u00e7\u00e3o de conte\u00fado para web, com expertise em SEO. H\u00e1 anos re\u00fane informa\u00e7\u00f5es atualizadas e materiais de estudo para apoiar o candidato ao longo da jornada de prepara\u00e7\u00e3o.","url":"https:\/\/www.aprovaconcursos.com.br\/noticias\/autor\/rinaldo-junior\/"}]}},"_links":{"self":[{"href":"https:\/\/www.aprovaconcursos.com.br\/noticias\/wp-json\/wp\/v2\/posts\/167039","targetHints":{"allow":["GET"]}}],"collection":[{"href":"https:\/\/www.aprovaconcursos.com.br\/noticias\/wp-json\/wp\/v2\/posts"}],"about":[{"href":"https:\/\/www.aprovaconcursos.com.br\/noticias\/wp-json\/wp\/v2\/types\/post"}],"author":[{"embeddable":true,"href":"https:\/\/www.aprovaconcursos.com.br\/noticias\/wp-json\/wp\/v2\/users\/3"}],"replies":[{"embeddable":true,"href":"https:\/\/www.aprovaconcursos.com.br\/noticias\/wp-json\/wp\/v2\/comments?post=167039"}],"version-history":[{"count":2,"href":"https:\/\/www.aprovaconcursos.com.br\/noticias\/wp-json\/wp\/v2\/posts\/167039\/revisions"}],"predecessor-version":[{"id":167042,"href":"https:\/\/www.aprovaconcursos.com.br\/noticias\/wp-json\/wp\/v2\/posts\/167039\/revisions\/167042"}],"wp:featuredmedia":[{"embeddable":true,"href":"https:\/\/www.aprovaconcursos.com.br\/noticias\/wp-json\/wp\/v2\/media\/167040"}],"wp:attachment":[{"href":"https:\/\/www.aprovaconcursos.com.br\/noticias\/wp-json\/wp\/v2\/media?parent=167039"}],"wp:term":[{"taxonomy":"category","embeddable":true,"href":"https:\/\/www.aprovaconcursos.com.br\/noticias\/wp-json\/wp\/v2\/categories?post=167039"},{"taxonomy":"post_tag","embeddable":true,"href":"https:\/\/www.aprovaconcursos.com.br\/noticias\/wp-json\/wp\/v2\/tags?post=167039"}],"curies":[{"name":"wp","href":"https:\/\/api.w.org\/{rel}","templated":true}]}}