{"id":167033,"date":"2026-09-01T17:31:08","date_gmt":"2026-09-01T20:31:08","guid":{"rendered":"https:\/\/www.aprovaconcursos.com.br\/noticias\/?p=167033"},"modified":"2026-09-01T17:31:09","modified_gmt":"2026-09-01T20:31:09","slug":"concurso-pm-df","status":"publish","type":"post","link":"https:\/\/www.aprovaconcursos.com.br\/noticias\/concurso-pm-df\/","title":{"rendered":"Concurso PM DF: Cebraspe \u00e9 banca; veja situa\u00e7\u00e3o atual"},"content":{"rendered":"\n<p class=\"wp-block-paragraph\">O <strong>concurso PM DF<\/strong> j\u00e1 tem banca organizadora definida para os pr\u00f3ximos editais: o <strong>Cebraspe<\/strong> foi contratado pela Pol\u00edcia Militar do Distrito Federal para conduzir as sele\u00e7\u00f5es da corpora\u00e7\u00e3o, incluindo o Curso de Forma\u00e7\u00e3o de Pra\u00e7as (CFP), porta de entrada para o cargo de <strong>Soldado<\/strong>.<\/p>\n\n\n\n<p class=\"wp-block-paragraph\">A defini\u00e7\u00e3o da banca \u00e9 um avan\u00e7o concreto, mas <strong>n\u00e3o equivale a edital autorizado<\/strong>. A PMDF confirmou por nota interna que estuda um novo concurso para Soldado, e o quantitativo de vagas continua em apura\u00e7\u00e3o.<\/p>\n\n\n\n<p class=\"wp-block-paragraph\">Em paralelo, a corpora\u00e7\u00e3o tem um <strong>concurso em andamento para Oficial<\/strong>, regido pelo Edital n\u00ba 03\/2025-DGP\/PMDF, com 147 vagas. As provas foram aplicadas em 14 de junho de 2026 e o <strong>Teste de Aptid\u00e3o F\u00edsica ocorreu nos dias 29 e 30 de agosto<\/strong>.<\/p>\n\n\n\n<p class=\"wp-block-paragraph\"><strong>\u00daltima movimenta\u00e7\u00e3o:<\/strong> publica\u00e7\u00e3o do resultado final da prova discursiva e da convoca\u00e7\u00e3o para o TAF do concurso de Oficial, no Di\u00e1rio Oficial do DF de 21 de agosto de 2026.<\/p>\n\n\n\n<p class=\"wp-block-paragraph\"><strong>Pr\u00f3ximo passo:<\/strong> divulga\u00e7\u00e3o do resultado provis\u00f3rio do TAF do concurso de Oficial, com data prevista para <strong>11 de setembro de 2026<\/strong>.<\/p>\n\n\n\n<h2 id=\"h-solicitacao-e-autorizacao\" class=\"wp-block-heading\">Solicita\u00e7\u00e3o e autoriza\u00e7\u00e3o<\/h2>\n\n\n\n<p class=\"wp-block-paragraph\">A previs\u00e3o de um <strong>novo concurso PM DF para o cargo de Soldado<\/strong> consta da <strong>Nota Informativa n\u00ba 1\/2026<\/strong>, emitida em 30 de janeiro de 2026 pela Divis\u00e3o de Recrutamento e Sele\u00e7\u00e3o da corpora\u00e7\u00e3o. O documento confirma a inten\u00e7\u00e3o de realizar a sele\u00e7\u00e3o, mas registra que os estudos sobre o n\u00famero de vagas seguem em andamento.<\/p>\n\n\n\n<p class=\"wp-block-paragraph\">Em declara\u00e7\u00f5es de agosto de 2026, o comandante-geral da PMDF, <strong>coronel Fl\u00e1vio Mendon\u00e7a Palhares<\/strong>, mencionou a expectativa de um edital com cerca de <strong>2 mil vagas<\/strong>, condicionado a dois fatores: a conclus\u00e3o das convoca\u00e7\u00f5es do concurso anterior e a disponibilidade or\u00e7ament\u00e1ria.<\/p>\n\n\n\n<p class=\"wp-block-paragraph\"><strong>Aten\u00e7\u00e3o:<\/strong> esse n\u00famero \u00e9 uma estimativa apresentada em entrevista, <strong>n\u00e3o um quantitativo autorizado<\/strong>. Nenhum ato de autoriza\u00e7\u00e3o com distribui\u00e7\u00e3o de vagas foi publicado at\u00e9 o momento.<\/p>\n\n\n\n<p class=\"wp-block-paragraph\">Dois elementos ajudam a explicar a press\u00e3o pelo novo concurso:<\/p>\n\n\n\n<ul class=\"wp-block-list\">\n<li><strong>D\u00e9ficit de efetivo.<\/strong> Levantamento da corpora\u00e7\u00e3o com refer\u00eancia em fevereiro de 2025 aponta car\u00eancia de <strong>9.639 policiais<\/strong>, sendo 8.592 apenas no quadro de Pra\u00e7as Combatentes.<\/li>\n\n\n\n<li><strong>Reestrutura\u00e7\u00e3o das carreiras.<\/strong> A <a href=\"https:\/\/www12.senado.leg.br\/noticias\/materias\/2026\/04\/28\/sancionada-lei-que-reajusta-salarios-da-seguranca-do-df\" target=\"_blank\" rel=\"noopener noreferrer\">Lei 15.395\/2026<\/a>, sancionada em 28 de abril de 2026, atualizou as tabelas de remunera\u00e7\u00e3o das for\u00e7as de seguran\u00e7a do DF, com efeitos financeiros escalonados entre dezembro de 2025 e janeiro de 2026.<\/li>\n<\/ul>\n\n\n\n<h2 id=\"h-comissao-e-banca\" class=\"wp-block-heading\">Comiss\u00e3o e banca<\/h2>\n\n\n\n<p class=\"wp-block-paragraph\">O <strong>Cebraspe \u00e9 a banca organizadora<\/strong> dos pr\u00f3ximos concursos da PMDF. O contrato tem <strong>vig\u00eancia inicial de tr\u00eas anos, prorrog\u00e1vel por at\u00e9 dez anos<\/strong>, e abrange os principais cursos de ingresso e habilita\u00e7\u00e3o da corpora\u00e7\u00e3o:<\/p>\n\n\n\n<ul class=\"wp-block-list\">\n<li>Curso de Forma\u00e7\u00e3o de Pra\u00e7as (CFP);<\/li>\n\n\n\n<li>Curso de Forma\u00e7\u00e3o de Oficiais (CFO);<\/li>\n\n\n\n<li>Curso de Habilita\u00e7\u00e3o de Oficiais Administrativos, Especialistas e M\u00fasicos (CHOAEM);<\/li>\n\n\n\n<li>Curso de Habilita\u00e7\u00e3o de Oficiais de Sa\u00fade (CHOS \u2013 Sa\u00fade);<\/li>\n\n\n\n<li>Curso de Habilita\u00e7\u00e3o de Oficiais Capel\u00e3es (CHOS \u2013 Capel\u00e3o).<\/li>\n<\/ul>\n\n\n\n<p class=\"wp-block-paragraph\">Na pr\u00e1tica, isso significa que tanto o <strong>concurso de Soldado<\/strong> quanto os futuros editais de Oficial devem seguir o padr\u00e3o de prova do Cebraspe, o que j\u00e1 d\u00e1 previsibilidade a quem estuda.<\/p>\n\n\n\n<p class=\"wp-block-paragraph\">O concurso de <strong>Oficial Capel\u00e3o<\/strong> em andamento \u00e9 a exce\u00e7\u00e3o: foi conduzido pelo <strong>IDECAN<\/strong>, sob edital pr\u00f3prio publicado antes da nova contrata\u00e7\u00e3o.<\/p>\n\n\n\n<h2 id=\"h-edital\" class=\"wp-block-heading\">Edital<\/h2>\n\n\n\n<p class=\"wp-block-paragraph\">O edital vigente da PM DF \u00e9 o <strong>Edital n\u00ba 03\/2025-DGP\/PMDF, de 31 de janeiro de 2025<\/strong>, que regula o concurso de admiss\u00e3o ao <strong>Curso de Forma\u00e7\u00e3o de Oficiais (CFOPM)<\/strong> do Quadro de Oficiais Policiais Militares.<\/p>\n\n\n\n<p class=\"wp-block-paragraph\">Pontos centrais do edital:<\/p>\n\n\n\n<ul class=\"wp-block-list\">\n<li><strong>Organiza\u00e7\u00e3o:<\/strong> Cebraspe<\/li>\n\n\n\n<li><strong>Escolaridade exigida:<\/strong> n\u00edvel superior em qualquer \u00e1rea<\/li>\n\n\n\n<li><strong>Idade:<\/strong> de 18 a 30 anos na data da inscri\u00e7\u00e3o (n\u00e3o ter completado 31 anos), limite que n\u00e3o se aplica a policiais militares da ativa da corpora\u00e7\u00e3o<\/li>\n\n\n\n<li><strong>Altura m\u00ednima:<\/strong> 1,65 m para homens e 1,60 m para mulheres, medida descal\u00e7o e descoberto<\/li>\n\n\n\n<li><strong>CNH:<\/strong> exigida, no m\u00ednimo na categoria B<\/li>\n<\/ul>\n\n\n\n<p class=\"wp-block-paragraph\">O documento passou por <strong>seis retifica\u00e7\u00f5es<\/strong> e por um edital de retomada publicado em dezembro de 2025, que reabriu inscri\u00e7\u00f5es, redistribuiu vagas de cadastro de reserva e refez o cronograma. A vers\u00e3o consolidada e todas as altera\u00e7\u00f5es est\u00e3o na <a href=\"https:\/\/www.cebraspe.org.br\/concursos\/PM_DF_25_CFO\" target=\"_blank\" rel=\"noopener noreferrer\">p\u00e1gina do concurso no site do Cebraspe<\/a>.<\/p>\n\n\n\n<p class=\"wp-block-paragraph\">Para o <strong>concurso de Soldado<\/strong>, ainda n\u00e3o h\u00e1 edital. Quando for publicado, ser\u00e1 regido por edital pr\u00f3prio da DGP\/PMDF.<\/p>\n\n\n\n<h2 id=\"h-vagas-cargos-e-remuneracao\" class=\"wp-block-heading\">Vagas, cargos e remunera\u00e7\u00e3o<\/h2>\n\n\n\n<h4 id=\"h-concurso-de-oficial-em-andamento\" class=\"wp-block-heading\">Concurso de Oficial (em andamento)<\/h4>\n\n\n\n<figure class=\"wp-block-table\"><table class=\"has-fixed-layout\"><thead><tr><th>Cargo<\/th><th>Vagas imediatas<\/th><th>Cadastro de reserva<\/th><th>Total<\/th><\/tr><\/thead><tbody><tr><td>Oficial Policial Militar (2\u00ba Tenente)<\/td><td>49<\/td><td>98<\/td><td>147<\/td><\/tr><\/tbody><\/table><\/figure>\n\n\n\n<p class=\"wp-block-paragraph\">O concurso registrou <strong>11.654 candidatos inscritos<\/strong>. H\u00e1 reserva de vagas para candidatos negros e pardos, hipossuficientes e, ap\u00f3s a retomada, tamb\u00e9m para pessoas com defici\u00eancia.<\/p>\n\n\n\n<p class=\"wp-block-paragraph\"><strong>Remunera\u00e7\u00e3o da carreira de Oficial<\/strong>, conforme o edital e a divulga\u00e7\u00e3o da banca:<\/p>\n\n\n\n<ul class=\"wp-block-list\">\n<li><strong>R$ 6.802,03<\/strong> \u2014 Cadete do 1\u00ba ano, durante o curso de forma\u00e7\u00e3o<\/li>\n\n\n\n<li><strong>R$ 14.359,70<\/strong> \u2014 Aspirante-a-Oficial PM, ap\u00f3s a forma\u00e7\u00e3o<\/li>\n\n\n\n<li><strong>R$ 18.014,79<\/strong> \u2014 2\u00ba Tenente<\/li>\n<\/ul>\n\n\n\n<p class=\"wp-block-paragraph\">O candidato aprovado ingressa como <strong>Aluno-Oficial PM<\/strong> e permanece tr\u00eas anos no CFO. Conclu\u00eddo o curso, \u00e9 declarado Aspirante-a-Oficial e cumpre est\u00e1gio probat\u00f3rio antes da promo\u00e7\u00e3o.<\/p>\n\n\n\n<h2 id=\"h-concurso-de-soldado-previsto\" class=\"wp-block-heading\">Concurso de Soldado (previsto)<\/h2>\n\n\n\n<p class=\"wp-block-paragraph\">O quantitativo do novo edital <strong>n\u00e3o est\u00e1 definido<\/strong>. Como refer\u00eancia hist\u00f3rica, o \u00faltimo concurso para Soldado, realizado em 2023, ofertou <strong>700 vagas imediatas e 1.400 em cadastro de reserva<\/strong>.<\/p>\n\n\n\n<p class=\"wp-block-paragraph\">A remunera\u00e7\u00e3o inicial de ingresso ser\u00e1 a que constar do futuro edital, j\u00e1 considerando as tabelas atualizadas pela Lei 15.395\/2026.<\/p>\n\n\n\n<h2 id=\"h-provas-e-locais\" class=\"wp-block-heading\">Provas e locais<\/h2>\n\n\n\n<p class=\"wp-block-paragraph\">No concurso de Oficial em andamento, as <strong>provas objetiva e discursiva foram aplicadas em 14 de junho de 2026<\/strong>. Todas as etapas, incluindo o procedimento de heteroidentifica\u00e7\u00e3o, s\u00e3o realizadas <strong>no Distrito Federal<\/strong>.<\/p>\n\n\n\n<p class=\"wp-block-paragraph\">A prova objetiva teve <strong>80 quest\u00f5es<\/strong> de m\u00faltipla escolha, com cinco alternativas cada, divididas em dois blocos:<\/p>\n\n\n\n<ul class=\"wp-block-list\">\n<li><strong>Conhecimentos b\u00e1sicos (40 quest\u00f5es):<\/strong> L\u00edngua Portuguesa, Legisla\u00e7\u00e3o, DF e Pol\u00edcia para Mulheres, Direitos Humanos, No\u00e7\u00f5es de Criminologia, Racioc\u00ednio L\u00f3gico e L\u00edngua Inglesa<\/li>\n\n\n\n<li><strong>Conhecimentos espec\u00edficos (40 quest\u00f5es):<\/strong> Administra\u00e7\u00e3o, Direito Constitucional, Direito Administrativo, Direito Penal, Direito Processual Penal, Legisla\u00e7\u00e3o Penal e Processual Penal Extravagante, Direito Penal Militar e Direito Processual Penal Militar<\/li>\n<\/ul>\n\n\n\n<p class=\"wp-block-paragraph\">Foi eliminado o candidato com nota final inferior a 40,00 pontos nas objetivas. A <strong>prova discursiva<\/strong> valeu 20,00 pontos, com resposta de at\u00e9 30 linhas sobre tema de conhecimentos espec\u00edficos.<\/p>\n\n\n\n<p class=\"wp-block-paragraph\">As demais etapas s\u00e3o <strong>Teste de Aptid\u00e3o F\u00edsica, exames m\u00e9dicos, avalia\u00e7\u00e3o psicol\u00f3gica e sindic\u00e2ncia de vida pregressa e investiga\u00e7\u00e3o social<\/strong>, todas de car\u00e1ter eliminat\u00f3rio.<\/p>\n\n\n\n<h2 id=\"h-teste-de-aptidao-fisica\" class=\"wp-block-heading\">Teste de Aptid\u00e3o F\u00edsica<\/h2>\n\n\n\n<figure class=\"wp-block-table\"><table class=\"has-fixed-layout\"><thead><tr><th>Teste<\/th><th>Masculino<\/th><th>Feminino<\/th><\/tr><\/thead><tbody><tr><td>Flex\u00e3o em barra fixa<\/td><td>6 repeti\u00e7\u00f5es<\/td><td>\u2014<\/td><\/tr><tr><td>Flex\u00e3o de barra est\u00e1tica<\/td><td>\u2014<\/td><td>15 segundos de suspens\u00e3o isom\u00e9trica<\/td><\/tr><tr><td>Flex\u00e3o abdominal (remador)<\/td><td>35 repeti\u00e7\u00f5es<\/td><td>28 repeti\u00e7\u00f5es<\/td><\/tr><tr><td>Corrida de 12 minutos<\/td><td>2.400 m<\/td><td>2.200 m<\/td><\/tr><tr><td>Nata\u00e7\u00e3o (50 metros)<\/td><td>1 minuto<\/td><td>1 minuto e 10 segundos<\/td><\/tr><\/tbody><\/table><\/figure>\n\n\n\n<p class=\"wp-block-paragraph\">O TAF foi aplicado nos dias <strong>29 e 30 de agosto de 2026<\/strong>. Os convocados precisavam apresentar documento de identidade original e atestado m\u00e9dico espec\u00edfico emitido no m\u00e1ximo 30 dias antes do teste.<\/p>\n\n\n\n<h2 id=\"h-gabaritos-e-resultados\" class=\"wp-block-heading\">Gabaritos e resultados<\/h2>\n\n\n\n<p class=\"wp-block-paragraph\">O concurso de Oficial est\u00e1 na fase de resultados das etapas eliminat\u00f3rias. O andamento oficial \u00e9 o seguinte:<\/p>\n\n\n\n<ul class=\"wp-block-list\">\n<li><strong>30 de julho de 2026<\/strong> \u2014 Edital n\u00ba 104\/2026-DGP\/PMDF, com o <strong>resultado definitivo das provas objetivas<\/strong> e o resultado provis\u00f3rio da prova discursiva.<\/li>\n\n\n\n<li><strong>21 de agosto de 2026<\/strong> \u2014 Edital n\u00ba 107\/2026-DGP\/PMDF, com o <strong>resultado final da prova discursiva<\/strong> e a convoca\u00e7\u00e3o para o TAF e para o envio da documenta\u00e7\u00e3o da sindic\u00e2ncia de vida pregressa.<\/li>\n\n\n\n<li><strong>29 e 30 de agosto de 2026<\/strong> \u2014 aplica\u00e7\u00e3o do TAF.<\/li>\n\n\n\n<li><strong>11 de setembro de 2026<\/strong> \u2014 data prevista para o <strong>resultado provis\u00f3rio do TAF<\/strong>, com publica\u00e7\u00e3o no DODF e no site do Cebraspe.<\/li>\n<\/ul>\n\n\n\n<p class=\"wp-block-paragraph\">Ap\u00f3s o TAF, o cronograma prev\u00ea exames m\u00e9dicos, avalia\u00e7\u00e3o psicol\u00f3gica e conclus\u00e3o da investiga\u00e7\u00e3o social antes da homologa\u00e7\u00e3o.<\/p>\n\n\n\n<p class=\"wp-block-paragraph\">No concurso de <strong>Oficial Capel\u00e3o<\/strong>, conduzido pelo IDECAN, j\u00e1 foram divulgados os resultados definitivos da prova objetiva e os resultados preliminares do teste f\u00edsico.<\/p>\n\n\n\n<h2 id=\"h-cronologia\" class=\"wp-block-heading\">Cronologia<\/h2>\n\n\n\n<ul class=\"wp-block-list\">\n<li><strong>12 de abril de 2023<\/strong> \u2014 Publica\u00e7\u00e3o dos editais do concurso para Soldado (CFP), com 700 vagas imediatas e 1.400 em cadastro de reserva.<\/li>\n\n\n\n<li><strong>21 de maio de 2023<\/strong> \u2014 Aplica\u00e7\u00e3o das provas do concurso de Soldado.<\/li>\n\n\n\n<li><strong>31 de janeiro de 2025<\/strong> \u2014 Publica\u00e7\u00e3o do Edital n\u00ba 03\/2025-DGP\/PMDF, do concurso de Oficial, com 147 vagas.<\/li>\n\n\n\n<li><strong>Outubro de 2025<\/strong> \u2014 Formaliza\u00e7\u00e3o do contrato com o <strong>Cebraspe<\/strong> como banca dos pr\u00f3ximos concursos da corpora\u00e7\u00e3o.<\/li>\n\n\n\n<li><strong>Dezembro de 2025<\/strong> \u2014 Publica\u00e7\u00e3o do edital de retomada do concurso de Oficial, com redistribui\u00e7\u00e3o de vagas e novo cronograma.<\/li>\n\n\n\n<li><strong>Janeiro de 2026<\/strong> \u2014 Incorpora\u00e7\u00e3o de mais de 1.200 Soldados de 2\u00aa Classe aprovados no concurso anterior.<\/li>\n\n\n\n<li><strong>30 de janeiro de 2026<\/strong> \u2014 <strong>Nota Informativa n\u00ba 1\/2026<\/strong> confirma a previs\u00e3o de novo concurso para Soldado.<\/li>\n\n\n\n<li><strong>4 de fevereiro a 6 de mar\u00e7o de 2026<\/strong> \u2014 Per\u00edodo de inscri\u00e7\u00f5es reabertas do concurso de Oficial.<\/li>\n\n\n\n<li><strong>31 de mar\u00e7o de 2026<\/strong> \u2014 Senado aprova a MP 1.326\/2025, do reajuste das for\u00e7as de seguran\u00e7a do DF.<\/li>\n\n\n\n<li><strong>28 de abril de 2026<\/strong> \u2014 San\u00e7\u00e3o e publica\u00e7\u00e3o da <strong>Lei 15.395\/2026<\/strong> no DOU.<\/li>\n\n\n\n<li><strong>14 de junho de 2026<\/strong> \u2014 Aplica\u00e7\u00e3o das provas objetiva e discursiva do concurso de Oficial.<\/li>\n\n\n\n<li><strong>30 de julho de 2026<\/strong> \u2014 Resultado definitivo das objetivas e provis\u00f3rio da discursiva (Edital n\u00ba 104\/2026).<\/li>\n\n\n\n<li><strong>2 de agosto de 2026<\/strong> \u2014 In\u00edcio da vig\u00eancia da prorroga\u00e7\u00e3o, por dois anos, da validade do concurso de Pra\u00e7as de 2023.<\/li>\n\n\n\n<li><strong>Agosto de 2026<\/strong> \u2014 Comandante-geral menciona expectativa de novo edital com cerca de 2 mil vagas para Soldado.<\/li>\n\n\n\n<li><strong>21 de agosto de 2026<\/strong> \u2014 Resultado final da discursiva e convoca\u00e7\u00e3o para o TAF (Edital n\u00ba 107\/2026).<\/li>\n\n\n\n<li><strong>29 e 30 de agosto de 2026<\/strong> \u2014 Aplica\u00e7\u00e3o do TAF do concurso de Oficial.<\/li>\n<\/ul>\n\n\n\n<h2 id=\"h-inscricoes\" class=\"wp-block-heading\">Inscri\u00e7\u00f5es<\/h2>\n\n\n\n<p class=\"wp-block-paragraph\">As inscri\u00e7\u00f5es do concurso de Oficial ocorreram de <strong>4 de fevereiro a 6 de mar\u00e7o de 2026<\/strong>, exclusivamente pelo site do Cebraspe, com <strong>taxa de R$ 163,00<\/strong> e pagamento permitido at\u00e9 10 de mar\u00e7o de 2026. Houve possibilidade de isen\u00e7\u00e3o para candidatos inscritos no Cad\u00danico e benefici\u00e1rios de programas sociais federais ou distritais.<\/p>\n\n\n\n<p class=\"wp-block-paragraph\"><strong>O prazo est\u00e1 encerrado.<\/strong> N\u00e3o h\u00e1 inscri\u00e7\u00f5es abertas para nenhum concurso da PMDF neste momento. Para o concurso de Soldado, o per\u00edodo ser\u00e1 divulgado no edital de abertura.<\/p>\n\n\n\n<h2 class=\"wp-block-heading\">\u00daltimas not\u00edcias<\/h2>\n\n\n\n<h3 id=\"h-cebraspe-e-a-banca-dos-proximos-concursos-da-pm-df\" class=\"wp-block-heading\"><strong>Cebraspe \u00e9 a banca dos pr\u00f3ximos concursos da PM DF<\/strong><\/h3>\n\n\n\n<p class=\"wp-block-paragraph\">A corpora\u00e7\u00e3o contratou o Cebraspe para organizar as sele\u00e7\u00f5es de todos os quadros pelos pr\u00f3ximos tr\u00eas anos, com prorroga\u00e7\u00e3o poss\u00edvel at\u00e9 dez anos. A contrata\u00e7\u00e3o abrange CFP, CFO, CHOAEM e os cursos de habilita\u00e7\u00e3o de Sa\u00fade e Capel\u00e3es.<\/p>\n\n\n\n<h3 id=\"h-resultado-final-da-discursiva-e-convocacao-para-o-taf-do-concurso-de-oficial\" class=\"wp-block-heading\"><strong>Resultado final da discursiva e convoca\u00e7\u00e3o para o TAF do concurso de Oficial<\/strong><\/h3>\n\n\n\n<p class=\"wp-block-paragraph\">O Edital n\u00ba 107\/2026-DGP\/PMDF, publicado no DODF de 21 de agosto, divulgou o resultado final da prova discursiva e convocou os aprovados para o Teste de Aptid\u00e3o F\u00edsica, aplicado em 29 e 30 de agosto.<\/p>\n\n\n\n<h3 id=\"h-pm-df-confirma-estudos-para-novo-concurso-de-soldado\" class=\"wp-block-heading\"><strong>PM DF confirma estudos para novo concurso de Soldado<\/strong><\/h3>\n\n\n\n<p class=\"wp-block-paragraph\">Nota Informativa n\u00ba 1\/2026 da Divis\u00e3o de Recrutamento e Sele\u00e7\u00e3o registra a previs\u00e3o de nova sele\u00e7\u00e3o para o CFP, sem quantitativo definido de vagas. <\/p>\n\n\n\n<h3 id=\"h-lei-15-395-2026-reajusta-as-carreiras-de-seguranca-do-df\" class=\"wp-block-heading\"><strong>Lei 15.395\/2026 reajusta as carreiras de seguran\u00e7a do DF<\/strong><\/h3>\n\n\n\n<p class=\"wp-block-paragraph\">Sancionada em 28 de abril, a lei atualizou as tabelas de remunera\u00e7\u00e3o de policiais militares, bombeiros e policiais civis do Distrito Federal, com efeitos escalonados entre dezembro de 2025 e janeiro de 2026.<\/p>\n\n\n\n<h2 class=\"wp-block-heading\">Fontes oficiais<\/h2>\n\n\n\n<ul class=\"wp-block-list\">\n<li><a href=\"https:\/\/portal.pm.df.gov.br\/concursos\/\" target=\"_blank\" rel=\"noopener noreferrer\">Portal de concursos da Pol\u00edcia Militar do Distrito Federal<\/a> \u2014 editais normativos, requisitos e situa\u00e7\u00e3o de cada sele\u00e7\u00e3o<\/li>\n\n\n\n<li><a href=\"https:\/\/www.cebraspe.org.br\/concursos\/PM_DF_25_CFO\" target=\"_blank\" rel=\"noopener noreferrer\">P\u00e1gina do concurso de Oficial no Cebraspe<\/a> \u2014 edital consolidado, retifica\u00e7\u00f5es, resultados e convoca\u00e7\u00f5es<\/li>\n\n\n\n<li><a href=\"https:\/\/dodf.df.gov.br\" target=\"_blank\" rel=\"noopener noreferrer\">Di\u00e1rio Oficial do Distrito Federal<\/a> \u2014 publica\u00e7\u00e3o dos editais da DGP\/PMDF<\/li>\n\n\n\n<li><a href=\"https:\/\/www12.senado.leg.br\/noticias\/materias\/2026\/04\/28\/sancionada-lei-que-reajusta-salarios-da-seguranca-do-df\" target=\"_blank\" rel=\"noopener noreferrer\">Lei 15.395\/2026, do reajuste das for\u00e7as de seguran\u00e7a do DF<\/a> \u2014 registro oficial da san\u00e7\u00e3o e do conte\u00fado da norma<\/li>\n<\/ul>\n\n\n\n<p class=\"wp-block-paragraph\"><strong>Quer sair na frente no concurso PM DF?<\/strong> Com a banca j\u00e1 definida, d\u00e1 para come\u00e7ar a estudar pelas disciplinas que se repetem nas sele\u00e7\u00f5es da corpora\u00e7\u00e3o. O <strong>Aprova Concursos<\/strong> tem curso preparat\u00f3rio para a Pol\u00edcia Militar do Distrito Federal, com material alinhado ao perfil de prova do Cebraspe.<\/p>\n\n\n\n<h3 class=\"wp-block-heading\">Perguntas frequentes<\/h3>\n\n\n\n<h4 class=\"wp-block-heading\">O contrato com o Cebraspe garante que o edital para Soldado sai este ano?<\/h4>\n\n\n\n<p class=\"wp-block-paragraph\">N\u00e3o. O contrato define quem organizar\u00e1 as sele\u00e7\u00f5es, mas n\u00e3o autoriza a abertura de concurso. A publica\u00e7\u00e3o do edital depende de autoriza\u00e7\u00e3o formal do quantitativo de vagas e de disponibilidade or\u00e7ament\u00e1ria. A pr\u00f3pria corpora\u00e7\u00e3o condiciona o cronograma \u00e0 conclus\u00e3o das convoca\u00e7\u00f5es em andamento.<\/p>\n\n\n\n<h4 class=\"wp-block-heading\">Qual a diferen\u00e7a entre CFP e CFO na PM DF?<\/h4>\n\n\n\n<p class=\"wp-block-paragraph\">O CFP \u00e9 o Curso de Forma\u00e7\u00e3o de Pra\u00e7as, porta de entrada para a gradua\u00e7\u00e3o de Soldado. O CFO \u00e9 o Curso de Forma\u00e7\u00e3o de Oficiais, que forma o Oficial Policial Militar e leva ao posto de 2\u00ba Tenente. S\u00e3o concursos distintos, com editais, requisitos e remunera\u00e7\u00f5es diferentes.<\/p>\n\n\n\n<h4 class=\"wp-block-heading\">Quem tem 31 anos completos pode se inscrever?<\/h4>\n\n\n\n<p class=\"wp-block-paragraph\">N\u00e3o. O limite exige que o candidato n\u00e3o tenha completado 31 anos at\u00e9 a data da inscri\u00e7\u00e3o. A regra n\u00e3o se aplica a policiais militares da ativa da pr\u00f3pria corpora\u00e7\u00e3o. Confira sempre o edital vigente, porque o limite pode variar entre os cursos de ingresso.<\/p>\n\n\n\n<h4 class=\"wp-block-heading\">A prorroga\u00e7\u00e3o da validade do concurso anterior atrasa o novo edital?<\/h4>\n\n\n\n<p class=\"wp-block-paragraph\">A prorroga\u00e7\u00e3o mant\u00e9m a possibilidade de convocar aprovados remanescentes, o que costuma ser levado em conta no planejamento do novo concurso. O comando da PMDF associou expressamente a abertura da pr\u00f3xima sele\u00e7\u00e3o ao encerramento das convoca\u00e7\u00f5es em curso.<\/p>\n\n\n\n<h4 class=\"wp-block-heading\">\u00c9 obrigat\u00f3rio ter CNH para ingressar na PM DF?<\/h4>\n\n\n\n<p class=\"wp-block-paragraph\">Sim, no concurso de Oficial. O edital exige Carteira Nacional de Habilita\u00e7\u00e3o v\u00e1lida, no m\u00ednimo na categoria B, entre os requisitos de ingresso. As exig\u00eancias do futuro concurso para Soldado s\u00f3 ser\u00e3o conhecidas com a publica\u00e7\u00e3o do edital.<\/p>\n\n\n\n<hr class=\"wp-block-separator has-alpha-channel-opacity\"\/>\n","protected":false},"excerpt":{"rendered":"<p>O concurso PM DF j\u00e1 tem banca organizadora definida para os pr\u00f3ximos editais: o Cebraspe foi contratado pela Pol\u00edcia Militar do Distrito\u2026<\/p>\n","protected":false},"author":3,"featured_media":167037,"comment_status":"open","ping_status":"open","sticky":false,"template":"","format":"standard","meta":{"footnotes":""},"categories":[19487,13701,11,13744],"tags":[20711],"class_list":["post-167033","post","type-post","status-publish","format-standard","has-post-thumbnail","hentry","category-cebraspe","category-centro-oeste","category-noticias","category-policial","tag-concurso-pm-df"],"yoast_head":"<!-- This site is optimized with the Yoast SEO Premium plugin v27.9 (Yoast SEO v28.2) - https:\/\/yoast.com\/product\/yoast-seo-premium-wordpress\/ -->\n<title>Concurso PM DF: Cebraspe \u00e9 banca; veja situa\u00e7\u00e3o atual<\/title>\n<meta name=\"description\" content=\"Concurso PM DF: Cebraspe \u00e9 a banca dos pr\u00f3ximos editais. Veja a situa\u00e7\u00e3o atual, o andamento do concurso de Oficial e sobre o novo edital.\" \/>\n<meta name=\"robots\" content=\"index, follow, max-snippet:-1, max-image-preview:large, max-video-preview:-1\" \/>\n<link rel=\"canonical\" href=\"https:\/\/www.aprovaconcursos.com.br\/noticias\/concurso-pm-df\/\" \/>\n<meta property=\"og:locale\" content=\"pt_BR\" \/>\n<meta property=\"og:type\" content=\"article\" \/>\n<meta property=\"og:title\" content=\"Concurso PM DF: Cebraspe \u00e9 banca; veja situa\u00e7\u00e3o atual\" \/>\n<meta property=\"og:description\" content=\"Concurso PM DF: Cebraspe \u00e9 a banca dos pr\u00f3ximos editais. Veja a situa\u00e7\u00e3o atual, o andamento do concurso de Oficial e sobre o novo edital.\" \/>\n<meta property=\"og:url\" content=\"https:\/\/www.aprovaconcursos.com.br\/noticias\/concurso-pm-df\/\" \/>\n<meta property=\"og:site_name\" content=\"Aprova Concursos - Not\u00edcias\" \/>\n<meta property=\"article:publisher\" content=\"https:\/\/www.facebook.com\/aprovaconcursos\" \/>\n<meta property=\"article:published_time\" content=\"2026-09-01T20:31:08+00:00\" \/>\n<meta property=\"article:modified_time\" content=\"2026-09-01T20:31:09+00:00\" \/>\n<meta property=\"og:image\" content=\"https:\/\/www.aprovaconcursos.com.br\/noticias\/wp-content\/uploads\/2026\/09\/concurso-pm-df.webp\" \/>\n\t<meta property=\"og:image:width\" content=\"1200\" \/>\n\t<meta property=\"og:image:height\" content=\"628\" \/>\n\t<meta property=\"og:image:type\" content=\"image\/webp\" \/>\n<meta name=\"author\" content=\"Rinaldo Junior\" \/>\n<meta name=\"twitter:card\" content=\"summary_large_image\" \/>\n<meta name=\"twitter:label1\" content=\"Escrito por\" \/>\n\t<meta name=\"twitter:data1\" content=\"Rinaldo Junior\" \/>\n\t<meta name=\"twitter:label2\" content=\"Est. tempo de leitura\" \/>\n\t<meta name=\"twitter:data2\" content=\"12 minutos\" \/>\n<script type=\"application\/ld+json\" class=\"yoast-schema-graph\">{\"@context\":\"https:\\\/\\\/schema.org\",\"@graph\":[{\"@type\":\"NewsArticle\",\"@id\":\"https:\\\/\\\/www.aprovaconcursos.com.br\\\/noticias\\\/concurso-pm-df\\\/#article\",\"isPartOf\":{\"@id\":\"https:\\\/\\\/www.aprovaconcursos.com.br\\\/noticias\\\/concurso-pm-df\\\/\"},\"author\":{\"name\":\"Rinaldo Junior\",\"@id\":\"https:\\\/\\\/www.aprovaconcursos.com.br\\\/noticias\\\/#\\\/schema\\\/person\\\/77bad5b521fb3041405f9288cabffd3d\"},\"headline\":\"Concurso PM DF: Cebraspe \u00e9 banca; veja situa\u00e7\u00e3o atual\",\"datePublished\":\"2026-09-01T20:31:08+00:00\",\"dateModified\":\"2026-09-01T20:31:09+00:00\",\"mainEntityOfPage\":{\"@id\":\"https:\\\/\\\/www.aprovaconcursos.com.br\\\/noticias\\\/concurso-pm-df\\\/\"},\"wordCount\":2266,\"commentCount\":0,\"publisher\":{\"@id\":\"https:\\\/\\\/www.aprovaconcursos.com.br\\\/noticias\\\/#organization\"},\"image\":{\"@id\":\"https:\\\/\\\/www.aprovaconcursos.com.br\\\/noticias\\\/concurso-pm-df\\\/#primaryimage\"},\"thumbnailUrl\":\"https:\\\/\\\/www.aprovaconcursos.com.br\\\/noticias\\\/wp-content\\\/uploads\\\/2026\\\/09\\\/concurso-pm-df.webp\",\"keywords\":[\"Concurso PM DF\"],\"articleSection\":[\"Cebraspe\",\"Centro-Oeste\",\"Not\u00edcias\",\"Policial\"],\"inLanguage\":\"pt-BR\",\"potentialAction\":[{\"@type\":\"CommentAction\",\"name\":\"Comment\",\"target\":[\"https:\\\/\\\/www.aprovaconcursos.com.br\\\/noticias\\\/concurso-pm-df\\\/#respond\"]}],\"copyrightYear\":\"2026\",\"copyrightHolder\":{\"@id\":\"https:\\\/\\\/www.aprovaconcursos.com.br\\\/noticias\\\/#organization\"}},{\"@type\":\"WebPage\",\"@id\":\"https:\\\/\\\/www.aprovaconcursos.com.br\\\/noticias\\\/concurso-pm-df\\\/\",\"url\":\"https:\\\/\\\/www.aprovaconcursos.com.br\\\/noticias\\\/concurso-pm-df\\\/\",\"name\":\"Concurso PM DF: Cebraspe \u00e9 banca; veja situa\u00e7\u00e3o atual\",\"isPartOf\":{\"@id\":\"https:\\\/\\\/www.aprovaconcursos.com.br\\\/noticias\\\/#website\"},\"primaryImageOfPage\":{\"@id\":\"https:\\\/\\\/www.aprovaconcursos.com.br\\\/noticias\\\/concurso-pm-df\\\/#primaryimage\"},\"image\":{\"@id\":\"https:\\\/\\\/www.aprovaconcursos.com.br\\\/noticias\\\/concurso-pm-df\\\/#primaryimage\"},\"thumbnailUrl\":\"https:\\\/\\\/www.aprovaconcursos.com.br\\\/noticias\\\/wp-content\\\/uploads\\\/2026\\\/09\\\/concurso-pm-df.webp\",\"datePublished\":\"2026-09-01T20:31:08+00:00\",\"dateModified\":\"2026-09-01T20:31:09+00:00\",\"description\":\"Concurso PM DF: Cebraspe \u00e9 a banca dos pr\u00f3ximos editais. Veja a situa\u00e7\u00e3o atual, o andamento do concurso de Oficial e sobre o novo edital.\",\"breadcrumb\":{\"@id\":\"https:\\\/\\\/www.aprovaconcursos.com.br\\\/noticias\\\/concurso-pm-df\\\/#breadcrumb\"},\"inLanguage\":\"pt-BR\",\"potentialAction\":[{\"@type\":\"ReadAction\",\"target\":[\"https:\\\/\\\/www.aprovaconcursos.com.br\\\/noticias\\\/concurso-pm-df\\\/\"]}]},{\"@type\":\"ImageObject\",\"inLanguage\":\"pt-BR\",\"@id\":\"https:\\\/\\\/www.aprovaconcursos.com.br\\\/noticias\\\/concurso-pm-df\\\/#primaryimage\",\"url\":\"https:\\\/\\\/www.aprovaconcursos.com.br\\\/noticias\\\/wp-content\\\/uploads\\\/2026\\\/09\\\/concurso-pm-df.webp\",\"contentUrl\":\"https:\\\/\\\/www.aprovaconcursos.com.br\\\/noticias\\\/wp-content\\\/uploads\\\/2026\\\/09\\\/concurso-pm-df.webp\",\"width\":1200,\"height\":628,\"caption\":\"Concurso PM DF Soldado: banca definida.\"},{\"@type\":\"BreadcrumbList\",\"@id\":\"https:\\\/\\\/www.aprovaconcursos.com.br\\\/noticias\\\/concurso-pm-df\\\/#breadcrumb\",\"itemListElement\":[{\"@type\":\"ListItem\",\"position\":1,\"name\":\"Home\",\"item\":\"https:\\\/\\\/www.aprovaconcursos.com.br\\\/noticias\\\/\"},{\"@type\":\"ListItem\",\"position\":2,\"name\":\"Concurso PM DF: Cebraspe \u00e9 banca; veja situa\u00e7\u00e3o atual\"}]},{\"@type\":\"WebSite\",\"@id\":\"https:\\\/\\\/www.aprovaconcursos.com.br\\\/noticias\\\/#website\",\"url\":\"https:\\\/\\\/www.aprovaconcursos.com.br\\\/noticias\\\/\",\"name\":\"Aprova Concursos - Not\u00edcias\",\"description\":\"Fique por dentro das not\u00edcias sobre concursos p\u00fablicos do Brasil inteiro, ENEM, Exame de Ordem (OAB) e Exame de Sufici\u00eancia (CFC). Mantenha-se atualizado aqui!\",\"publisher\":{\"@id\":\"https:\\\/\\\/www.aprovaconcursos.com.br\\\/noticias\\\/#organization\"},\"potentialAction\":[{\"@type\":\"SearchAction\",\"target\":{\"@type\":\"EntryPoint\",\"urlTemplate\":\"https:\\\/\\\/www.aprovaconcursos.com.br\\\/noticias\\\/?s={search_term_string}\"},\"query-input\":{\"@type\":\"PropertyValueSpecification\",\"valueRequired\":true,\"valueName\":\"search_term_string\"}}],\"inLanguage\":\"pt-BR\"},{\"@type\":\"Organization\",\"@id\":\"https:\\\/\\\/www.aprovaconcursos.com.br\\\/noticias\\\/#organization\",\"name\":\"Aprova Concursos - Not\u00edcias\",\"url\":\"https:\\\/\\\/www.aprovaconcursos.com.br\\\/noticias\\\/\",\"logo\":{\"@type\":\"ImageObject\",\"inLanguage\":\"pt-BR\",\"@id\":\"https:\\\/\\\/www.aprovaconcursos.com.br\\\/noticias\\\/#\\\/schema\\\/logo\\\/image\\\/\",\"url\":\"https:\\\/\\\/www.aprovaconcursos.com.br\\\/noticias\\\/wp-content\\\/uploads\\\/2026\\\/06\\\/logo.webp\",\"contentUrl\":\"https:\\\/\\\/www.aprovaconcursos.com.br\\\/noticias\\\/wp-content\\\/uploads\\\/2026\\\/06\\\/logo.webp\",\"width\":171,\"height\":49,\"caption\":\"Aprova Concursos - Not\u00edcias\"},\"image\":{\"@id\":\"https:\\\/\\\/www.aprovaconcursos.com.br\\\/noticias\\\/#\\\/schema\\\/logo\\\/image\\\/\"},\"sameAs\":[\"https:\\\/\\\/www.facebook.com\\\/aprovaconcursos\"]},{\"@type\":\"Person\",\"@id\":\"https:\\\/\\\/www.aprovaconcursos.com.br\\\/noticias\\\/#\\\/schema\\\/person\\\/77bad5b521fb3041405f9288cabffd3d\",\"name\":\"Rinaldo Junior\",\"image\":{\"@type\":\"ImageObject\",\"inLanguage\":\"pt-BR\",\"@id\":\"https:\\\/\\\/secure.gravatar.com\\\/avatar\\\/f617925ffe96996dc8799f23a7984694b0e3efacaa19fbff06b4414133263471?s=96&d=mm&r=g\",\"url\":\"https:\\\/\\\/secure.gravatar.com\\\/avatar\\\/f617925ffe96996dc8799f23a7984694b0e3efacaa19fbff06b4414133263471?s=96&d=mm&r=g\",\"contentUrl\":\"https:\\\/\\\/secure.gravatar.com\\\/avatar\\\/f617925ffe96996dc8799f23a7984694b0e3efacaa19fbff06b4414133263471?s=96&d=mm&r=g\",\"caption\":\"Rinaldo Junior\"},\"description\":\"Rinaldo \u00e9 graduado em Letras, Tecn\u00f3logo em Marketing e Analista do time de Reda\u00e7\u00e3o do Aprova Concursos. Sua atua\u00e7\u00e3o na esfera de concursos p\u00fablicos prop\u00f5e an\u00e1lises dos principais editais do pa\u00eds e projetos de cria\u00e7\u00e3o de conte\u00fado para web, com expertise em SEO. H\u00e1 anos re\u00fane informa\u00e7\u00f5es atualizadas e materiais de estudo para apoiar o candidato ao longo da jornada de prepara\u00e7\u00e3o.\",\"url\":\"https:\\\/\\\/www.aprovaconcursos.com.br\\\/noticias\\\/autor\\\/rinaldo-junior\\\/\"}]}<\/script>\n<!-- \/ Yoast SEO Premium plugin. -->","yoast_head_json":{"title":"Concurso PM DF: Cebraspe \u00e9 banca; veja situa\u00e7\u00e3o atual","description":"Concurso PM DF: Cebraspe \u00e9 a banca dos pr\u00f3ximos editais. Veja a situa\u00e7\u00e3o atual, o andamento do concurso de Oficial e sobre o novo edital.","robots":{"index":"index","follow":"follow","max-snippet":"max-snippet:-1","max-image-preview":"max-image-preview:large","max-video-preview":"max-video-preview:-1"},"canonical":"https:\/\/www.aprovaconcursos.com.br\/noticias\/concurso-pm-df\/","og_locale":"pt_BR","og_type":"article","og_title":"Concurso PM DF: Cebraspe \u00e9 banca; veja situa\u00e7\u00e3o atual","og_description":"Concurso PM DF: Cebraspe \u00e9 a banca dos pr\u00f3ximos editais. Veja a situa\u00e7\u00e3o atual, o andamento do concurso de Oficial e sobre o novo edital.","og_url":"https:\/\/www.aprovaconcursos.com.br\/noticias\/concurso-pm-df\/","og_site_name":"Aprova Concursos - Not\u00edcias","article_publisher":"https:\/\/www.facebook.com\/aprovaconcursos","article_published_time":"2026-09-01T20:31:08+00:00","article_modified_time":"2026-09-01T20:31:09+00:00","og_image":[{"width":1200,"height":628,"url":"https:\/\/www.aprovaconcursos.com.br\/noticias\/wp-content\/uploads\/2026\/09\/concurso-pm-df.webp","type":"image\/webp"}],"author":"Rinaldo Junior","twitter_card":"summary_large_image","twitter_misc":{"Escrito por":"Rinaldo Junior","Est. tempo de leitura":"12 minutos"},"schema":{"@context":"https:\/\/schema.org","@graph":[{"@type":"NewsArticle","@id":"https:\/\/www.aprovaconcursos.com.br\/noticias\/concurso-pm-df\/#article","isPartOf":{"@id":"https:\/\/www.aprovaconcursos.com.br\/noticias\/concurso-pm-df\/"},"author":{"name":"Rinaldo Junior","@id":"https:\/\/www.aprovaconcursos.com.br\/noticias\/#\/schema\/person\/77bad5b521fb3041405f9288cabffd3d"},"headline":"Concurso PM DF: Cebraspe \u00e9 banca; veja situa\u00e7\u00e3o atual","datePublished":"2026-09-01T20:31:08+00:00","dateModified":"2026-09-01T20:31:09+00:00","mainEntityOfPage":{"@id":"https:\/\/www.aprovaconcursos.com.br\/noticias\/concurso-pm-df\/"},"wordCount":2266,"commentCount":0,"publisher":{"@id":"https:\/\/www.aprovaconcursos.com.br\/noticias\/#organization"},"image":{"@id":"https:\/\/www.aprovaconcursos.com.br\/noticias\/concurso-pm-df\/#primaryimage"},"thumbnailUrl":"https:\/\/www.aprovaconcursos.com.br\/noticias\/wp-content\/uploads\/2026\/09\/concurso-pm-df.webp","keywords":["Concurso PM DF"],"articleSection":["Cebraspe","Centro-Oeste","Not\u00edcias","Policial"],"inLanguage":"pt-BR","potentialAction":[{"@type":"CommentAction","name":"Comment","target":["https:\/\/www.aprovaconcursos.com.br\/noticias\/concurso-pm-df\/#respond"]}],"copyrightYear":"2026","copyrightHolder":{"@id":"https:\/\/www.aprovaconcursos.com.br\/noticias\/#organization"}},{"@type":"WebPage","@id":"https:\/\/www.aprovaconcursos.com.br\/noticias\/concurso-pm-df\/","url":"https:\/\/www.aprovaconcursos.com.br\/noticias\/concurso-pm-df\/","name":"Concurso PM DF: Cebraspe \u00e9 banca; veja situa\u00e7\u00e3o atual","isPartOf":{"@id":"https:\/\/www.aprovaconcursos.com.br\/noticias\/#website"},"primaryImageOfPage":{"@id":"https:\/\/www.aprovaconcursos.com.br\/noticias\/concurso-pm-df\/#primaryimage"},"image":{"@id":"https:\/\/www.aprovaconcursos.com.br\/noticias\/concurso-pm-df\/#primaryimage"},"thumbnailUrl":"https:\/\/www.aprovaconcursos.com.br\/noticias\/wp-content\/uploads\/2026\/09\/concurso-pm-df.webp","datePublished":"2026-09-01T20:31:08+00:00","dateModified":"2026-09-01T20:31:09+00:00","description":"Concurso PM DF: Cebraspe \u00e9 a banca dos pr\u00f3ximos editais. Veja a situa\u00e7\u00e3o atual, o andamento do concurso de Oficial e sobre o novo edital.","breadcrumb":{"@id":"https:\/\/www.aprovaconcursos.com.br\/noticias\/concurso-pm-df\/#breadcrumb"},"inLanguage":"pt-BR","potentialAction":[{"@type":"ReadAction","target":["https:\/\/www.aprovaconcursos.com.br\/noticias\/concurso-pm-df\/"]}]},{"@type":"ImageObject","inLanguage":"pt-BR","@id":"https:\/\/www.aprovaconcursos.com.br\/noticias\/concurso-pm-df\/#primaryimage","url":"https:\/\/www.aprovaconcursos.com.br\/noticias\/wp-content\/uploads\/2026\/09\/concurso-pm-df.webp","contentUrl":"https:\/\/www.aprovaconcursos.com.br\/noticias\/wp-content\/uploads\/2026\/09\/concurso-pm-df.webp","width":1200,"height":628,"caption":"Concurso PM DF Soldado: banca definida."},{"@type":"BreadcrumbList","@id":"https:\/\/www.aprovaconcursos.com.br\/noticias\/concurso-pm-df\/#breadcrumb","itemListElement":[{"@type":"ListItem","position":1,"name":"Home","item":"https:\/\/www.aprovaconcursos.com.br\/noticias\/"},{"@type":"ListItem","position":2,"name":"Concurso PM DF: Cebraspe \u00e9 banca; veja situa\u00e7\u00e3o atual"}]},{"@type":"WebSite","@id":"https:\/\/www.aprovaconcursos.com.br\/noticias\/#website","url":"https:\/\/www.aprovaconcursos.com.br\/noticias\/","name":"Aprova Concursos - Not\u00edcias","description":"Fique por dentro das not\u00edcias sobre concursos p\u00fablicos do Brasil inteiro, ENEM, Exame de Ordem (OAB) e Exame de Sufici\u00eancia (CFC). Mantenha-se atualizado aqui!","publisher":{"@id":"https:\/\/www.aprovaconcursos.com.br\/noticias\/#organization"},"potentialAction":[{"@type":"SearchAction","target":{"@type":"EntryPoint","urlTemplate":"https:\/\/www.aprovaconcursos.com.br\/noticias\/?s={search_term_string}"},"query-input":{"@type":"PropertyValueSpecification","valueRequired":true,"valueName":"search_term_string"}}],"inLanguage":"pt-BR"},{"@type":"Organization","@id":"https:\/\/www.aprovaconcursos.com.br\/noticias\/#organization","name":"Aprova Concursos - Not\u00edcias","url":"https:\/\/www.aprovaconcursos.com.br\/noticias\/","logo":{"@type":"ImageObject","inLanguage":"pt-BR","@id":"https:\/\/www.aprovaconcursos.com.br\/noticias\/#\/schema\/logo\/image\/","url":"https:\/\/www.aprovaconcursos.com.br\/noticias\/wp-content\/uploads\/2026\/06\/logo.webp","contentUrl":"https:\/\/www.aprovaconcursos.com.br\/noticias\/wp-content\/uploads\/2026\/06\/logo.webp","width":171,"height":49,"caption":"Aprova Concursos - Not\u00edcias"},"image":{"@id":"https:\/\/www.aprovaconcursos.com.br\/noticias\/#\/schema\/logo\/image\/"},"sameAs":["https:\/\/www.facebook.com\/aprovaconcursos"]},{"@type":"Person","@id":"https:\/\/www.aprovaconcursos.com.br\/noticias\/#\/schema\/person\/77bad5b521fb3041405f9288cabffd3d","name":"Rinaldo Junior","image":{"@type":"ImageObject","inLanguage":"pt-BR","@id":"https:\/\/secure.gravatar.com\/avatar\/f617925ffe96996dc8799f23a7984694b0e3efacaa19fbff06b4414133263471?s=96&d=mm&r=g","url":"https:\/\/secure.gravatar.com\/avatar\/f617925ffe96996dc8799f23a7984694b0e3efacaa19fbff06b4414133263471?s=96&d=mm&r=g","contentUrl":"https:\/\/secure.gravatar.com\/avatar\/f617925ffe96996dc8799f23a7984694b0e3efacaa19fbff06b4414133263471?s=96&d=mm&r=g","caption":"Rinaldo Junior"},"description":"Rinaldo \u00e9 graduado em Letras, Tecn\u00f3logo em Marketing e Analista do time de Reda\u00e7\u00e3o do Aprova Concursos. Sua atua\u00e7\u00e3o na esfera de concursos p\u00fablicos prop\u00f5e an\u00e1lises dos principais editais do pa\u00eds e projetos de cria\u00e7\u00e3o de conte\u00fado para web, com expertise em SEO. H\u00e1 anos re\u00fane informa\u00e7\u00f5es atualizadas e materiais de estudo para apoiar o candidato ao longo da jornada de prepara\u00e7\u00e3o.","url":"https:\/\/www.aprovaconcursos.com.br\/noticias\/autor\/rinaldo-junior\/"}]}},"_links":{"self":[{"href":"https:\/\/www.aprovaconcursos.com.br\/noticias\/wp-json\/wp\/v2\/posts\/167033","targetHints":{"allow":["GET"]}}],"collection":[{"href":"https:\/\/www.aprovaconcursos.com.br\/noticias\/wp-json\/wp\/v2\/posts"}],"about":[{"href":"https:\/\/www.aprovaconcursos.com.br\/noticias\/wp-json\/wp\/v2\/types\/post"}],"author":[{"embeddable":true,"href":"https:\/\/www.aprovaconcursos.com.br\/noticias\/wp-json\/wp\/v2\/users\/3"}],"replies":[{"embeddable":true,"href":"https:\/\/www.aprovaconcursos.com.br\/noticias\/wp-json\/wp\/v2\/comments?post=167033"}],"version-history":[{"count":1,"href":"https:\/\/www.aprovaconcursos.com.br\/noticias\/wp-json\/wp\/v2\/posts\/167033\/revisions"}],"predecessor-version":[{"id":167038,"href":"https:\/\/www.aprovaconcursos.com.br\/noticias\/wp-json\/wp\/v2\/posts\/167033\/revisions\/167038"}],"wp:featuredmedia":[{"embeddable":true,"href":"https:\/\/www.aprovaconcursos.com.br\/noticias\/wp-json\/wp\/v2\/media\/167037"}],"wp:attachment":[{"href":"https:\/\/www.aprovaconcursos.com.br\/noticias\/wp-json\/wp\/v2\/media?parent=167033"}],"wp:term":[{"taxonomy":"category","embeddable":true,"href":"https:\/\/www.aprovaconcursos.com.br\/noticias\/wp-json\/wp\/v2\/categories?post=167033"},{"taxonomy":"post_tag","embeddable":true,"href":"https:\/\/www.aprovaconcursos.com.br\/noticias\/wp-json\/wp\/v2\/tags?post=167033"}],"curies":[{"name":"wp","href":"https:\/\/api.w.org\/{rel}","templated":true}]}}