{"id":167032,"date":"2026-09-01T16:09:43","date_gmt":"2026-09-01T19:09:43","guid":{"rendered":"https:\/\/www.aprovaconcursos.com.br\/noticias\/?p=167032"},"modified":"2026-09-01T16:43:40","modified_gmt":"2026-09-01T19:43:40","slug":"concurso-se-df","status":"publish","type":"post","link":"https:\/\/www.aprovaconcursos.com.br\/noticias\/concurso-se-df\/","title":{"rendered":"Concurso SE DF: 10.604 vagas em breve! Veja a situa\u00e7\u00e3o atual"},"content":{"rendered":"\n<p class=\"wp-block-paragraph\">O <strong>concurso SE DF<\/strong> est\u00e1 <strong>autorizado<\/strong>, tem <strong>comiss\u00e3o organizadora institu\u00edda<\/strong> e aguarda a <strong>defini\u00e7\u00e3o da banca<\/strong>!<\/p>\n\n\n\n<p class=\"wp-block-paragraph\">A movimenta\u00e7\u00e3o mais recente \u00e9 a mais relevante em meses. A Secretaria de Estado de Educa\u00e7\u00e3o do Distrito Federal informou ao Sindicato dos Professores no DF (Sinpro-DF) que o processo de contrata\u00e7\u00e3o da organizadora come\u00e7a em setembro de 2026.<\/p>\n\n\n\n<p class=\"wp-block-paragraph\">Foram autorizadas <strong>10.604 vagas<\/strong>: 2.650 para provimento imediato e 7.954 para cadastro de reserva.<\/p>\n\n\n\n<p class=\"wp-block-paragraph\">Todas s\u00e3o para <strong>cargos de n\u00edvel superior<\/strong> das carreiras do <strong>Magist\u00e9rio P\u00fablico<\/strong> e de <strong>Pol\u00edticas P\u00fablicas e Gest\u00e3o Educacional (PPGE)<\/strong>.<\/p>\n\n\n\n<p class=\"wp-block-paragraph\"><strong>Pr\u00f3ximo passo:<\/strong> contrata\u00e7\u00e3o da banca. S\u00f3 depois dela o edital pode ser finalizado e publicado.<\/p>\n\n\n\n<h2 id=\"h-situacao-atual\" class=\"wp-block-heading\"><strong>Situa\u00e7\u00e3o atual<\/strong><\/h2>\n\n\n\n<ul class=\"wp-block-list\">\n<li><strong>Status:<\/strong> autorizado, comiss\u00e3o formada, banca em contrata\u00e7\u00e3o<\/li>\n\n\n\n<li><strong>Vagas:<\/strong> 10.604 (2.650 imediatas + 7.954 em cadastro de reserva)<\/li>\n\n\n\n<li><strong>Escolaridade:<\/strong> n\u00edvel superior<\/li>\n\n\n\n<li><strong>Banca:<\/strong> a definir<\/li>\n\n\n\n<li><strong>Edital:<\/strong> n\u00e3o publicado<\/li>\n\n\n\n<li><strong>\u00daltimo concurso para efetivos:<\/strong> 2022, organizado pelo Instituto Quadrix<\/li>\n<\/ul>\n\n\n\n<h1 id=\"h-solicitacao-e-autorizacao\" class=\"wp-block-heading\">Solicita\u00e7\u00e3o e autoriza\u00e7\u00e3o<\/h1>\n\n\n\n<p class=\"wp-block-paragraph\">A autoriza\u00e7\u00e3o veio da Secretaria de Estado de Economia do DF, pela <strong>Portaria SEEC n\u00ba 825, de 10 de outubro de 2025<\/strong>.<\/p>\n\n\n\n<p class=\"wp-block-paragraph\">O ato foi publicado no Di\u00e1rio Oficial do Distrito Federal em <strong>14 de outubro de 2025<\/strong> e liberou 2.650 vagas imediatas mais cadastro de reserva de 7.954.<\/p>\n\n\n\n<p class=\"wp-block-paragraph\">O an\u00fancio foi feito nas redes sociais da SE DF. A justificativa apresentada foi refor\u00e7ar o quadro efetivo da rede e reduzir a depend\u00eancia de contratos tempor\u00e1rios.<\/p>\n\n\n\n<p class=\"wp-block-paragraph\">A press\u00e3o tamb\u00e9m vem do controle externo. Em <strong>13 de maio de 2026<\/strong>, o Tribunal de Contas do Distrito Federal aprovou a <strong>Decis\u00e3o n\u00ba 1441\/2026<\/strong>.<\/p>\n\n\n\n<p class=\"wp-block-paragraph\">A decis\u00e3o determinou \u00e0s secretarias de Educa\u00e7\u00e3o e de Economia que dessem continuidade \u00e0s a\u00e7\u00f5es para recompor o quadro de Professor de Educa\u00e7\u00e3o B\u00e1sica em todas as especialidades.<\/p>\n\n\n\n<p class=\"wp-block-paragraph\">O caso partiu de representa\u00e7\u00e3o do Minist\u00e9rio P\u00fablico junto ao TC DF, que apontou contrata\u00e7\u00e3o excessiva de tempor\u00e1rios em vagas que deveriam ser preenchidas por concurso.<\/p>\n\n\n\n<p class=\"wp-block-paragraph\">O Tribunal fixou <strong>prazo de at\u00e9 180 dias<\/strong> para o Governo do Distrito Federal apresentar cronograma de recomposi\u00e7\u00e3o. O prazo se encerra em <strong>novembro de 2026<\/strong>.<\/p>\n\n\n\n<h1 id=\"h-comissao-e-banca\" class=\"wp-block-heading\">Comiss\u00e3o e banca<\/h1>\n\n\n\n<p class=\"wp-block-paragraph\">A comiss\u00e3o organizadora foi criada pela <strong>Portaria n\u00ba 1.182, de 4 de novembro de 2025<\/strong>, publicada no DODF de 5 de novembro.<\/p>\n\n\n\n<p class=\"wp-block-paragraph\">O ato instituiu o grupo para realizar os estudos t\u00e9cnicos de contrata\u00e7\u00e3o da institui\u00e7\u00e3o organizadora, sob a Lei n\u00ba 14.133\/2021, e para planejar e executar o concurso.<\/p>\n\n\n\n<p class=\"wp-block-paragraph\">A comiss\u00e3o re\u00fane representantes de v\u00e1rias subsecretarias da SE DF, com coordena\u00e7\u00e3o da Subsecretaria de Gest\u00e3o de Pessoas (Sugep). A composi\u00e7\u00e3o foi alterada em publica\u00e7\u00e3o no DODF de <strong>20 de maio de 2026<\/strong>.<\/p>\n\n\n\n<p class=\"wp-block-paragraph\"><strong>A banca ainda n\u00e3o foi escolhida.<\/strong> Em fevereiro de 2026, a SE DF confirmou que o termo de refer\u00eancia estava em estrutura\u00e7\u00e3o.<\/p>\n\n\n\n<p class=\"wp-block-paragraph\">Em <strong>18 de agosto de 2026<\/strong>, o secret\u00e1rio Thiago Peixoto afirmou que o concurso \u00e9 prioridade da gest\u00e3o. O processo de escolha da organizadora deve come\u00e7ar em setembro.<\/p>\n\n\n\n<p class=\"wp-block-paragraph\">Como refer\u00eancia hist\u00f3rica, o \u00faltimo concurso para efetivos foi aberto em 2022, com 4.254 vagas, sob organiza\u00e7\u00e3o do Instituto Quadrix. Isso <strong>n\u00e3o indica<\/strong> quem organizar\u00e1 a sele\u00e7\u00e3o de 2026.<\/p>\n\n\n\n<h2 id=\"h-edital\" class=\"wp-block-heading\">Edital<\/h2>\n\n\n\n<p class=\"wp-block-paragraph\">O edital <strong>n\u00e3o foi publicado<\/strong>. A previs\u00e3o em vigor \u00e9 de publica\u00e7\u00e3o <strong>at\u00e9 setembro de 2026<\/strong>, condicionada \u00e0 conclus\u00e3o da contrata\u00e7\u00e3o da banca.<\/p>\n\n\n\n<p class=\"wp-block-paragraph\">O principal entrave jur\u00eddico foi afastado em agosto. No <strong>Parecer Jur\u00eddico n\u00ba 413\/2026<\/strong>, a Procuradoria-Geral do Distrito Federal concluiu que n\u00e3o h\u00e1 impedimento eleitoral para publicar o edital em agosto ou setembro de 2026.<\/p>\n\n\n\n<p class=\"wp-block-paragraph\">O entendimento \u00e9 que as restri\u00e7\u00f5es do per\u00edodo eleitoral recaem sobre nomea\u00e7\u00f5es, contrata\u00e7\u00f5es e outros atos de pessoal.<\/p>\n\n\n\n<p class=\"wp-block-paragraph\">O parecer faz uma ressalva. A divulga\u00e7\u00e3o deve manter car\u00e1ter objetivo, informativo e impessoal, sem promo\u00e7\u00e3o de autoridades ou explora\u00e7\u00e3o eleitoral do lan\u00e7amento.<\/p>\n\n\n\n<p class=\"wp-block-paragraph\">Na pr\u00e1tica, a Secretaria pode publicar o edital, receber inscri\u00e7\u00f5es e aplicar as provas em 2026, desde que as nomea\u00e7\u00f5es ocorram a partir de 2027.<\/p>\n\n\n\n<p class=\"wp-block-paragraph\">Antes disso, a pasta havia consultado o Tribunal Regional Eleitoral do DF, que n\u00e3o se posicionou sobre o caso concreto.<\/p>\n\n\n\n<p class=\"wp-block-paragraph\"><strong>Validade e ritmo de convoca\u00e7\u00e3o:<\/strong> a autoriza\u00e7\u00e3o prev\u00ea 10% das vagas providas em at\u00e9 12 meses ap\u00f3s a homologa\u00e7\u00e3o. A validade ser\u00e1 de dois anos, prorrog\u00e1vel por igual per\u00edodo.<\/p>\n\n\n\n<p class=\"wp-block-paragraph\">Taxa de inscri\u00e7\u00e3o, conte\u00fado program\u00e1tico, etapas e datas s\u00f3 ser\u00e3o conhecidos com a publica\u00e7\u00e3o do edital.<\/p>\n\n\n\n<h2 id=\"h-vagas-cargos-e-remuneracao\" class=\"wp-block-heading\">Vagas, cargos e remunera\u00e7\u00e3o<\/h2>\n\n\n\n<figure class=\"wp-block-table\"><table class=\"has-fixed-layout\"><thead><tr><th>Cargo<\/th><th>Imediatas<\/th><th>Cadastro de reserva<\/th><\/tr><\/thead><tbody><tr><td>Professor de Educa\u00e7\u00e3o B\u00e1sica (40h)<\/td><td>1.879<\/td><td>5.638<\/td><\/tr><tr><td>Pedagogo-orientador (40h)<\/td><td>50<\/td><td>150<\/td><\/tr><tr><td>Gestor de Pol\u00edticas P\u00fablicas e Gest\u00e3o Educacional (40h)<\/td><td>171<\/td><td>516<\/td><\/tr><tr><td>Analista de Pol\u00edticas P\u00fablicas e Gest\u00e3o Educacional (40h)<\/td><td>300<\/td><td>900<\/td><\/tr><tr><td>Analista de Pol\u00edticas P\u00fablicas e Gest\u00e3o Educacional \u2013 Monitor (30h)<\/td><td>250<\/td><td>750<\/td><\/tr><tr><td><strong>Total<\/strong><\/td><td><strong>2.650<\/strong><\/td><td><strong>7.954<\/strong><\/td><\/tr><\/tbody><\/table><\/figure>\n\n\n\n<p class=\"wp-block-paragraph\">O <strong>Professor de Educa\u00e7\u00e3o B\u00e1sica<\/strong> concentra a maior oferta: <strong>7.517<\/strong> das 10.604 vagas.<\/p>\n\n\n\n<h2 id=\"h-salario-das-carreiras\" class=\"wp-block-heading\">Sal\u00e1rio das carreiras<\/h2>\n\n\n\n<p class=\"wp-block-paragraph\">Valores conforme as tabelas vigentes da carreira. Os vencimentos do novo ciclo ser\u00e3o confirmados no edital.<\/p>\n\n\n\n<figure class=\"wp-block-table\"><table class=\"has-fixed-layout\"><thead><tr><th>Cargo<\/th><th>Vencimento inicial<\/th><th>Vencimento final<\/th><\/tr><\/thead><tbody><tr><td>Professor de Educa\u00e7\u00e3o B\u00e1sica (40h)<\/td><td>R$ 6.749,10<\/td><td>at\u00e9 R$ 14.402,73<\/td><\/tr><tr><td>Pedagogo-orientador (40h)<\/td><td>R$ 6.749,10<\/td><td>at\u00e9 R$ 14.402,73<\/td><\/tr><tr><td>Gestor de PPGE (40h)<\/td><td>R$ 6.906,30<\/td><td>at\u00e9 R$ 12.101,32<\/td><\/tr><tr><td>Analista de PPGE (40h)<\/td><td>R$ 3.824,09<\/td><td>at\u00e9 R$ 10.563,40<\/td><\/tr><tr><td>Analista de PPGE \u2013 Monitor (30h)<\/td><td>R$ 2.479,23<\/td><td>at\u00e9 R$ 7.922,54<\/td><\/tr><\/tbody><\/table><\/figure>\n\n\n\n<h2 id=\"h-requisitos-de-ingresso\" class=\"wp-block-heading\">Requisitos de ingresso<\/h2>\n\n\n\n<p class=\"wp-block-paragraph\">Os requisitos das carreiras est\u00e3o fixados na legisla\u00e7\u00e3o distrital: Lei n\u00ba 7.142\/2022, Portaria n\u00ba 520\/2025 e Portaria Conjunta n\u00ba 36\/2022. Em linhas gerais:<\/p>\n\n\n\n<ul class=\"wp-block-list\">\n<li><strong>Professor de Educa\u00e7\u00e3o B\u00e1sica<\/strong> \u2014 diploma de gradua\u00e7\u00e3o na \u00e1rea pretendida ou correlata. Graduados n\u00e3o licenciados precisam de curso de Forma\u00e7\u00e3o Pedag\u00f3gica em institui\u00e7\u00e3o reconhecida pelo MEC.<\/li>\n\n\n\n<li><strong>Pedagogo-orientador<\/strong> \u2014 diploma em Pedagogia, com habilita\u00e7\u00e3o ou p\u00f3s-gradua\u00e7\u00e3o em Orienta\u00e7\u00e3o Educacional.<\/li>\n\n\n\n<li><strong>Gestor de PPGE<\/strong> \u2014 bacharelado em Administra\u00e7\u00e3o, Arquivologia, Biblioteconomia, Comunica\u00e7\u00e3o Social, Contabilidade, Direito, Economia, Nutri\u00e7\u00e3o, Servi\u00e7o Social, Psicologia ou Tecnologia da Informa\u00e7\u00e3o. Registro em conselho de classe quando exigido.<\/li>\n\n\n\n<li><strong>Analista de PPGE e Monitor<\/strong> \u2014 curso superior nas \u00e1reas indicadas em edital e, quando aplic\u00e1vel, registro profissional.<\/li>\n<\/ul>\n\n\n\n<p class=\"wp-block-paragraph\">Os requisitos definitivos por especialidade constar\u00e3o do edital.<\/p>\n\n\n\n<h2 id=\"h-cronologia\" class=\"wp-block-heading\">Cronologia<\/h2>\n\n\n\n<ul class=\"wp-block-list\">\n<li><strong>14\/10\/2025<\/strong> \u2014 Autoriza\u00e7\u00e3o publicada no DODF pela Portaria SEEC n\u00ba 825: 10.604 vagas.<\/li>\n\n\n\n<li><strong>05\/11\/2025<\/strong> \u2014 Comiss\u00e3o organizadora institu\u00edda pela Portaria n\u00ba 1.182.<\/li>\n\n\n\n<li><strong>29\/12\/2025<\/strong> \u2014 DODF publica a nomea\u00e7\u00e3o de 3.000 professores aprovados no concurso de 2022.<\/li>\n\n\n\n<li><strong>Fevereiro\/2026<\/strong> \u2014 SEDF informa que o termo de refer\u00eancia para contrata\u00e7\u00e3o da banca est\u00e1 em estrutura\u00e7\u00e3o.<\/li>\n\n\n\n<li><strong>13\/05\/2026<\/strong> \u2014 TCDF aprova a Decis\u00e3o n\u00ba 1441\/2026, com prazo de 180 dias para o cronograma de recomposi\u00e7\u00e3o.<\/li>\n\n\n\n<li><strong>20\/05\/2026<\/strong> \u2014 Altera\u00e7\u00e3o dos membros da comiss\u00e3o organizadora, publicada no DODF.<\/li>\n\n\n\n<li><strong>13\/07\/2026<\/strong> \u2014 Em entrevista ao CB.Poder, a ent\u00e3o secret\u00e1ria I\u00eades Soares Braga afirma que a viabilidade dependia da resposta do TRE-DF.<\/li>\n\n\n\n<li><strong>08\/08\/2026<\/strong> \u2014 A governadora Celina Le\u00e3o anuncia Thiago Peixoto como novo secret\u00e1rio de Educa\u00e7\u00e3o.<\/li>\n\n\n\n<li><strong>In\u00edcio de agosto\/2026<\/strong> \u2014 PGDF emite o Parecer Jur\u00eddico n\u00ba 413\/2026, sem impedimento eleitoral para o edital.<\/li>\n\n\n\n<li><strong>18\/08\/2026<\/strong> \u2014 Novo secret\u00e1rio afirma ao Sinpro-DF que o concurso \u00e9 prioridade.<\/li>\n\n\n\n<li><strong>Final de agosto\/2026<\/strong> \u2014 SEDF confirma ao Sinpro-DF que a escolha da banca come\u00e7a em setembro.<\/li>\n<\/ul>\n\n\n\n<h2 id=\"h-ultimas-noticias\" class=\"wp-block-heading\">\u00daltimas not\u00edcias<\/h2>\n\n\n\n<p class=\"wp-block-paragraph\"><strong>Escolha da banca come\u00e7a em setembro.<\/strong> A SE DF informou ao Sinpro DF que a contrata\u00e7\u00e3o da organizadora ser\u00e1 iniciada em setembro de 2026. \u00c9 a etapa que trava o edital: sem banca contratada, n\u00e3o h\u00e1 documento de abertura.<\/p>\n\n\n\n<p class=\"wp-block-paragraph\"><strong>Parecer da PG DF libera edital em per\u00edodo eleitoral.<\/strong> O Parecer Jur\u00eddico n\u00ba 413\/2026 concluiu que a legisla\u00e7\u00e3o eleitoral n\u00e3o impede a publica\u00e7\u00e3o do edital, a abertura de inscri\u00e7\u00f5es nem a aplica\u00e7\u00e3o das provas em 2026. A restri\u00e7\u00e3o alcan\u00e7a apenas nomea\u00e7\u00f5es e atos de pessoal.<\/p>\n\n\n\n<p class=\"wp-block-paragraph\"><strong>Troca no comando da Secretaria.<\/strong> Thiago Peixoto assumiu a pasta em agosto de 2026 e apresentou o concurso como prioridade ao Sinpro DF. O sindicato cobrou a substitui\u00e7\u00e3o de tempor\u00e1rios por efetivos. N\u00fameros de agosto de 2026 apontam 16.714 profissionais em reg\u00eancia de classe sob contrato tempor\u00e1rio na rede.<\/p>\n\n\n\n<p class=\"wp-block-paragraph\"><strong>TCDF fixa prazo para cronograma.<\/strong> A Decis\u00e3o n\u00ba 1441\/2026 determinou ao GDF a apresenta\u00e7\u00e3o, em at\u00e9 180 dias, de cronograma para recompor o quadro de Professor de Educa\u00e7\u00e3o B\u00e1sica. O prazo vence em novembro de 2026.<\/p>\n\n\n\n<h2 id=\"h-fontes-oficiais\" class=\"wp-block-heading\">Fontes oficiais<\/h2>\n\n\n\n<ul class=\"wp-block-list\">\n<li><a href=\"https:\/\/www.educacao.df.gov.br\" target=\"_blank\" rel=\"noopener noreferrer\">Secretaria de Estado de Educa\u00e7\u00e3o do Distrito Federal<\/a><\/li>\n\n\n\n<li><a href=\"https:\/\/www.dodf.df.gov.br\" target=\"_blank\" rel=\"noopener noreferrer\">Di\u00e1rio Oficial do Distrito Federal (DODF)<\/a><\/li>\n\n\n\n<li><a href=\"https:\/\/www.sinj.df.gov.br\" target=\"_blank\" rel=\"noopener noreferrer\">SINJ-DF \u2014 legisla\u00e7\u00e3o distrital das carreiras<\/a><\/li>\n\n\n\n<li><a href=\"https:\/\/www.tc.df.gov.br\" target=\"_blank\" rel=\"noopener noreferrer\">Tribunal de Contas do Distrito Federal<\/a><\/li>\n<\/ul>\n\n\n\n<p class=\"wp-block-paragraph\"><strong>Quer disputar uma das 10.604 vagas?<\/strong> O Aprova tem <a href=\"https:\/\/www.aprovaconcursos.com.br\/concursos\/sedf-see-df?xcod=%7B%22co%22%3A%22%7B%5C%22u%5C%22%3A%5C%2233941e43-21ab-4fae-99b3-9531ac0e3b7c%5C%22%2C%5C%22url%5C%22%3A%5C%22www.aprovaconcursos.com.br%2Fconcursos%2Ftabapua-sp-camara-municipal%2Fassistente-parlamentar-222698%5C%22%2C%5C%22v%5C%22%3A1%7D%22%2C%22u%22%3A%2208adc993-62ed-4d4c-b1ab%22%2C%22url%22%3A%22www.aprovaconcursos.com.br%2F%22%2C%22r%22%3A%22%22%2C%22v%22%3A1%7D&amp;utm_content=%7B%22co%22%3A%22%7B%5C%22u%5C%22%3A%5C%2233941e43-21ab-4fae-99b3-9531ac0e3b7c%5C%22%2C%5C%22url%5C%22%3A%5C%22www.aprovaconcursos.com.br%2Fconcursos%2Ftabapua-sp-camara-municipal%2Fassistente-parlamentar-222698%5C%22%2C%5C%22v%5C%22%3A1%7D%22%2C%22url%22%3A%22www.aprovaconcursos.com.br%2F%22%2C%22v%22%3A1%7D\" target=\"_blank\" rel=\"noopener noreferrer\">curso preparat\u00f3rio para o concurso da Secretaria de Educa\u00e7\u00e3o do Distrito Federal<\/a>, com material alinhado \u00e0s carreiras do magist\u00e9rio e da gest\u00e3o educacional para voc\u00ea come\u00e7ar antes do edital.<\/p>\n\n\n\n<h2 id=\"h-perguntas-frequentes\" class=\"wp-block-heading\">Perguntas frequentes<\/h2>\n\n\n\n<h3 id=\"h-quem-for-aprovado-sera-nomeado-ainda-em-2026\" class=\"wp-block-heading\">Quem for aprovado ser\u00e1 nomeado ainda em 2026?<\/h3>\n\n\n\n<p class=\"wp-block-paragraph\">N\u00e3o. O parecer da PG DF autoriza edital e provas em 2026, mas as nomea\u00e7\u00f5es devem ocorrer a partir de 2027, por restri\u00e7\u00e3o eleitoral a atos de pessoal. O calend\u00e1rio de convoca\u00e7\u00f5es depender\u00e1 da homologa\u00e7\u00e3o do resultado final.<\/p>\n\n\n\n<h3 id=\"h-o-instituto-quadrix-sera-a-banca\" class=\"wp-block-heading\">O Instituto Quadrix ser\u00e1 a banca?<\/h3>\n\n\n\n<p class=\"wp-block-paragraph\">N\u00e3o h\u00e1 defini\u00e7\u00e3o. O Quadrix organizou o concurso de 2022 e a sele\u00e7\u00e3o de tempor\u00e1rios, mas a organizadora do novo concurso ainda ser\u00e1 contratada. Qualquer nome citado antes da publica\u00e7\u00e3o oficial \u00e9 especula\u00e7\u00e3o.<\/p>\n\n\n\n<h3 id=\"h-a-selecao-de-temporarios-e-o-mesmo-que-o-concurso-sedf\" class=\"wp-block-heading\">A sele\u00e7\u00e3o de tempor\u00e1rios \u00e9 o mesmo que o concurso SEDF?<\/h3>\n\n\n\n<p class=\"wp-block-paragraph\">S\u00e3o processos diferentes. A sele\u00e7\u00e3o de tempor\u00e1rios \u00e9 um PSS que forma banco de reservas para contratos por prazo determinado. O concurso das 10.604 vagas \u00e9 para cargos efetivos, com estabilidade.<\/p>\n\n\n\n<h3 id=\"h-em-quanto-tempo-as-vagas-serao-preenchidas\" class=\"wp-block-heading\">Em quanto tempo as vagas ser\u00e3o preenchidas?<\/h3>\n\n\n\n<p class=\"wp-block-paragraph\">A autoriza\u00e7\u00e3o prev\u00ea 10% das vagas providas em at\u00e9 12 meses ap\u00f3s a homologa\u00e7\u00e3o. O restante ser\u00e1 convocado ao longo da validade de dois anos, prorrog\u00e1vel. O ritmo real depende da capacidade or\u00e7ament\u00e1ria do GDF.<\/p>\n\n\n\n<h3 id=\"h-o-concurso-tera-vagas-de-nivel-medio\" class=\"wp-block-heading\">O concurso ter\u00e1 vagas de n\u00edvel m\u00e9dio?<\/h3>\n\n\n\n<p class=\"wp-block-paragraph\">N\u00e3o. A autoriza\u00e7\u00e3o contempla apenas cargos de n\u00edvel superior. O cargo de T\u00e9cnico em Pol\u00edticas P\u00fablicas e Gest\u00e3o Educacional, de n\u00edvel m\u00e9dio, n\u00e3o integra as 10.604 vagas. Uma inclus\u00e3o exigiria nova autoriza\u00e7\u00e3o.<\/p>\n\n\n\n<h3 id=\"h-cadastro-de-reserva-garante-convocacao\" class=\"wp-block-heading\">Cadastro de reserva garante convoca\u00e7\u00e3o?<\/h3>\n\n\n\n<p class=\"wp-block-paragraph\">N\u00e3o. A aprova\u00e7\u00e3o assegura a classifica\u00e7\u00e3o, n\u00e3o a nomea\u00e7\u00e3o, que depende de vac\u00e2ncia e autoriza\u00e7\u00e3o or\u00e7ament\u00e1ria. Ainda assim, o volume de tempor\u00e1rios na rede sustenta a expectativa de convoca\u00e7\u00f5es durante a validade.<\/p>\n","protected":false},"excerpt":{"rendered":"<p>O concurso SE DF est\u00e1 autorizado, tem comiss\u00e3o organizadora institu\u00edda e aguarda a defini\u00e7\u00e3o da banca! A movimenta\u00e7\u00e3o mais recente \u00e9 a\u2026<\/p>\n","protected":false},"author":3,"featured_media":167036,"comment_status":"open","ping_status":"open","sticky":false,"template":"","format":"standard","meta":{"footnotes":""},"categories":[13701,22417,11],"tags":[24770],"class_list":["post-167032","post","type-post","status-publish","format-standard","has-post-thumbnail","hentry","category-centro-oeste","category-educacao","category-noticias","tag-concurso-se-df"],"yoast_head":"<!-- This site is optimized with the Yoast SEO Premium plugin v27.9 (Yoast SEO v28.2) - https:\/\/yoast.com\/product\/yoast-seo-premium-wordpress\/ -->\n<title>Concurso SE DF: 10.604 vagas em breve! Veja a situa\u00e7\u00e3o atual<\/title>\n<meta name=\"description\" content=\"Concurso SE DF: 10.604 vagas autorizadas, comiss\u00e3o formada e banca em contrata\u00e7\u00e3o. Veja a situa\u00e7\u00e3o atual, cronologia e o novo edital.\" \/>\n<meta name=\"robots\" content=\"index, follow, max-snippet:-1, max-image-preview:large, max-video-preview:-1\" \/>\n<link rel=\"canonical\" href=\"https:\/\/www.aprovaconcursos.com.br\/noticias\/concurso-se-df\/\" \/>\n<meta property=\"og:locale\" content=\"pt_BR\" \/>\n<meta property=\"og:type\" content=\"article\" \/>\n<meta property=\"og:title\" content=\"Concurso SE DF: 10.604 vagas em breve! Veja a situa\u00e7\u00e3o atual\" \/>\n<meta property=\"og:description\" content=\"Concurso SE DF: 10.604 vagas autorizadas, comiss\u00e3o formada e banca em contrata\u00e7\u00e3o. Veja a situa\u00e7\u00e3o atual, cronologia e o novo edital.\" \/>\n<meta property=\"og:url\" content=\"https:\/\/www.aprovaconcursos.com.br\/noticias\/concurso-se-df\/\" \/>\n<meta property=\"og:site_name\" content=\"Aprova Concursos - Not\u00edcias\" \/>\n<meta property=\"article:publisher\" content=\"https:\/\/www.facebook.com\/aprovaconcursos\" \/>\n<meta property=\"article:published_time\" content=\"2026-09-01T19:09:43+00:00\" \/>\n<meta property=\"article:modified_time\" content=\"2026-09-01T19:43:40+00:00\" \/>\n<meta property=\"og:image\" content=\"https:\/\/www.aprovaconcursos.com.br\/noticias\/wp-content\/uploads\/2026\/09\/concurso-se-df-edital.webp\" \/>\n\t<meta property=\"og:image:width\" content=\"1200\" \/>\n\t<meta property=\"og:image:height\" content=\"628\" \/>\n\t<meta property=\"og:image:type\" content=\"image\/webp\" \/>\n<meta name=\"author\" content=\"Rinaldo Junior\" \/>\n<meta name=\"twitter:card\" content=\"summary_large_image\" \/>\n<meta name=\"twitter:label1\" content=\"Escrito por\" \/>\n\t<meta name=\"twitter:data1\" content=\"Rinaldo Junior\" \/>\n\t<meta name=\"twitter:label2\" content=\"Est. tempo de leitura\" \/>\n\t<meta name=\"twitter:data2\" content=\"9 minutos\" \/>\n<script type=\"application\/ld+json\" class=\"yoast-schema-graph\">{\"@context\":\"https:\\\/\\\/schema.org\",\"@graph\":[{\"@type\":\"NewsArticle\",\"@id\":\"https:\\\/\\\/www.aprovaconcursos.com.br\\\/noticias\\\/concurso-se-df\\\/#article\",\"isPartOf\":{\"@id\":\"https:\\\/\\\/www.aprovaconcursos.com.br\\\/noticias\\\/concurso-se-df\\\/\"},\"author\":{\"name\":\"Rinaldo Junior\",\"@id\":\"https:\\\/\\\/www.aprovaconcursos.com.br\\\/noticias\\\/#\\\/schema\\\/person\\\/77bad5b521fb3041405f9288cabffd3d\"},\"headline\":\"Concurso SE DF: 10.604 vagas em breve! Veja a situa\u00e7\u00e3o atual\",\"datePublished\":\"2026-09-01T19:09:43+00:00\",\"dateModified\":\"2026-09-01T19:43:40+00:00\",\"mainEntityOfPage\":{\"@id\":\"https:\\\/\\\/www.aprovaconcursos.com.br\\\/noticias\\\/concurso-se-df\\\/\"},\"wordCount\":1701,\"commentCount\":0,\"publisher\":{\"@id\":\"https:\\\/\\\/www.aprovaconcursos.com.br\\\/noticias\\\/#organization\"},\"image\":{\"@id\":\"https:\\\/\\\/www.aprovaconcursos.com.br\\\/noticias\\\/concurso-se-df\\\/#primaryimage\"},\"thumbnailUrl\":\"https:\\\/\\\/www.aprovaconcursos.com.br\\\/noticias\\\/wp-content\\\/uploads\\\/2026\\\/09\\\/concurso-se-df-edital.webp\",\"keywords\":[\"Concurso SE DF\"],\"articleSection\":[\"Centro-Oeste\",\"Educa\u00e7\u00e3o\",\"Not\u00edcias\"],\"inLanguage\":\"pt-BR\",\"potentialAction\":[{\"@type\":\"CommentAction\",\"name\":\"Comment\",\"target\":[\"https:\\\/\\\/www.aprovaconcursos.com.br\\\/noticias\\\/concurso-se-df\\\/#respond\"]}],\"copyrightYear\":\"2026\",\"copyrightHolder\":{\"@id\":\"https:\\\/\\\/www.aprovaconcursos.com.br\\\/noticias\\\/#organization\"}},{\"@type\":\"WebPage\",\"@id\":\"https:\\\/\\\/www.aprovaconcursos.com.br\\\/noticias\\\/concurso-se-df\\\/\",\"url\":\"https:\\\/\\\/www.aprovaconcursos.com.br\\\/noticias\\\/concurso-se-df\\\/\",\"name\":\"Concurso SE DF: 10.604 vagas em breve! Veja a situa\u00e7\u00e3o atual\",\"isPartOf\":{\"@id\":\"https:\\\/\\\/www.aprovaconcursos.com.br\\\/noticias\\\/#website\"},\"primaryImageOfPage\":{\"@id\":\"https:\\\/\\\/www.aprovaconcursos.com.br\\\/noticias\\\/concurso-se-df\\\/#primaryimage\"},\"image\":{\"@id\":\"https:\\\/\\\/www.aprovaconcursos.com.br\\\/noticias\\\/concurso-se-df\\\/#primaryimage\"},\"thumbnailUrl\":\"https:\\\/\\\/www.aprovaconcursos.com.br\\\/noticias\\\/wp-content\\\/uploads\\\/2026\\\/09\\\/concurso-se-df-edital.webp\",\"datePublished\":\"2026-09-01T19:09:43+00:00\",\"dateModified\":\"2026-09-01T19:43:40+00:00\",\"description\":\"Concurso SE DF: 10.604 vagas autorizadas, comiss\u00e3o formada e banca em contrata\u00e7\u00e3o. Veja a situa\u00e7\u00e3o atual, cronologia e o novo edital.\",\"breadcrumb\":{\"@id\":\"https:\\\/\\\/www.aprovaconcursos.com.br\\\/noticias\\\/concurso-se-df\\\/#breadcrumb\"},\"inLanguage\":\"pt-BR\",\"potentialAction\":[{\"@type\":\"ReadAction\",\"target\":[\"https:\\\/\\\/www.aprovaconcursos.com.br\\\/noticias\\\/concurso-se-df\\\/\"]}]},{\"@type\":\"ImageObject\",\"inLanguage\":\"pt-BR\",\"@id\":\"https:\\\/\\\/www.aprovaconcursos.com.br\\\/noticias\\\/concurso-se-df\\\/#primaryimage\",\"url\":\"https:\\\/\\\/www.aprovaconcursos.com.br\\\/noticias\\\/wp-content\\\/uploads\\\/2026\\\/09\\\/concurso-se-df-edital.webp\",\"contentUrl\":\"https:\\\/\\\/www.aprovaconcursos.com.br\\\/noticias\\\/wp-content\\\/uploads\\\/2026\\\/09\\\/concurso-se-df-edital.webp\",\"width\":1200,\"height\":628,\"caption\":\"Concurso SE DF: Edital autorizado.\"},{\"@type\":\"BreadcrumbList\",\"@id\":\"https:\\\/\\\/www.aprovaconcursos.com.br\\\/noticias\\\/concurso-se-df\\\/#breadcrumb\",\"itemListElement\":[{\"@type\":\"ListItem\",\"position\":1,\"name\":\"Home\",\"item\":\"https:\\\/\\\/www.aprovaconcursos.com.br\\\/noticias\\\/\"},{\"@type\":\"ListItem\",\"position\":2,\"name\":\"Concurso SE DF: 10.604 vagas em breve! Veja a situa\u00e7\u00e3o atual\"}]},{\"@type\":\"WebSite\",\"@id\":\"https:\\\/\\\/www.aprovaconcursos.com.br\\\/noticias\\\/#website\",\"url\":\"https:\\\/\\\/www.aprovaconcursos.com.br\\\/noticias\\\/\",\"name\":\"Aprova Concursos - Not\u00edcias\",\"description\":\"Fique por dentro das not\u00edcias sobre concursos p\u00fablicos do Brasil inteiro, ENEM, Exame de Ordem (OAB) e Exame de Sufici\u00eancia (CFC). Mantenha-se atualizado aqui!\",\"publisher\":{\"@id\":\"https:\\\/\\\/www.aprovaconcursos.com.br\\\/noticias\\\/#organization\"},\"potentialAction\":[{\"@type\":\"SearchAction\",\"target\":{\"@type\":\"EntryPoint\",\"urlTemplate\":\"https:\\\/\\\/www.aprovaconcursos.com.br\\\/noticias\\\/?s={search_term_string}\"},\"query-input\":{\"@type\":\"PropertyValueSpecification\",\"valueRequired\":true,\"valueName\":\"search_term_string\"}}],\"inLanguage\":\"pt-BR\"},{\"@type\":\"Organization\",\"@id\":\"https:\\\/\\\/www.aprovaconcursos.com.br\\\/noticias\\\/#organization\",\"name\":\"Aprova Concursos - Not\u00edcias\",\"url\":\"https:\\\/\\\/www.aprovaconcursos.com.br\\\/noticias\\\/\",\"logo\":{\"@type\":\"ImageObject\",\"inLanguage\":\"pt-BR\",\"@id\":\"https:\\\/\\\/www.aprovaconcursos.com.br\\\/noticias\\\/#\\\/schema\\\/logo\\\/image\\\/\",\"url\":\"https:\\\/\\\/www.aprovaconcursos.com.br\\\/noticias\\\/wp-content\\\/uploads\\\/2026\\\/06\\\/logo.webp\",\"contentUrl\":\"https:\\\/\\\/www.aprovaconcursos.com.br\\\/noticias\\\/wp-content\\\/uploads\\\/2026\\\/06\\\/logo.webp\",\"width\":171,\"height\":49,\"caption\":\"Aprova Concursos - Not\u00edcias\"},\"image\":{\"@id\":\"https:\\\/\\\/www.aprovaconcursos.com.br\\\/noticias\\\/#\\\/schema\\\/logo\\\/image\\\/\"},\"sameAs\":[\"https:\\\/\\\/www.facebook.com\\\/aprovaconcursos\"]},{\"@type\":\"Person\",\"@id\":\"https:\\\/\\\/www.aprovaconcursos.com.br\\\/noticias\\\/#\\\/schema\\\/person\\\/77bad5b521fb3041405f9288cabffd3d\",\"name\":\"Rinaldo Junior\",\"image\":{\"@type\":\"ImageObject\",\"inLanguage\":\"pt-BR\",\"@id\":\"https:\\\/\\\/secure.gravatar.com\\\/avatar\\\/f617925ffe96996dc8799f23a7984694b0e3efacaa19fbff06b4414133263471?s=96&d=mm&r=g\",\"url\":\"https:\\\/\\\/secure.gravatar.com\\\/avatar\\\/f617925ffe96996dc8799f23a7984694b0e3efacaa19fbff06b4414133263471?s=96&d=mm&r=g\",\"contentUrl\":\"https:\\\/\\\/secure.gravatar.com\\\/avatar\\\/f617925ffe96996dc8799f23a7984694b0e3efacaa19fbff06b4414133263471?s=96&d=mm&r=g\",\"caption\":\"Rinaldo Junior\"},\"description\":\"Rinaldo \u00e9 graduado em Letras, Tecn\u00f3logo em Marketing e Analista do time de Reda\u00e7\u00e3o do Aprova Concursos. Sua atua\u00e7\u00e3o na esfera de concursos p\u00fablicos prop\u00f5e an\u00e1lises dos principais editais do pa\u00eds e projetos de cria\u00e7\u00e3o de conte\u00fado para web, com expertise em SEO. H\u00e1 anos re\u00fane informa\u00e7\u00f5es atualizadas e materiais de estudo para apoiar o candidato ao longo da jornada de prepara\u00e7\u00e3o.\",\"url\":\"https:\\\/\\\/www.aprovaconcursos.com.br\\\/noticias\\\/autor\\\/rinaldo-junior\\\/\"}]}<\/script>\n<!-- \/ Yoast SEO Premium plugin. -->","yoast_head_json":{"title":"Concurso SE DF: 10.604 vagas em breve! Veja a situa\u00e7\u00e3o atual","description":"Concurso SE DF: 10.604 vagas autorizadas, comiss\u00e3o formada e banca em contrata\u00e7\u00e3o. Veja a situa\u00e7\u00e3o atual, cronologia e o novo edital.","robots":{"index":"index","follow":"follow","max-snippet":"max-snippet:-1","max-image-preview":"max-image-preview:large","max-video-preview":"max-video-preview:-1"},"canonical":"https:\/\/www.aprovaconcursos.com.br\/noticias\/concurso-se-df\/","og_locale":"pt_BR","og_type":"article","og_title":"Concurso SE DF: 10.604 vagas em breve! Veja a situa\u00e7\u00e3o atual","og_description":"Concurso SE DF: 10.604 vagas autorizadas, comiss\u00e3o formada e banca em contrata\u00e7\u00e3o. Veja a situa\u00e7\u00e3o atual, cronologia e o novo edital.","og_url":"https:\/\/www.aprovaconcursos.com.br\/noticias\/concurso-se-df\/","og_site_name":"Aprova Concursos - Not\u00edcias","article_publisher":"https:\/\/www.facebook.com\/aprovaconcursos","article_published_time":"2026-09-01T19:09:43+00:00","article_modified_time":"2026-09-01T19:43:40+00:00","og_image":[{"width":1200,"height":628,"url":"https:\/\/www.aprovaconcursos.com.br\/noticias\/wp-content\/uploads\/2026\/09\/concurso-se-df-edital.webp","type":"image\/webp"}],"author":"Rinaldo Junior","twitter_card":"summary_large_image","twitter_misc":{"Escrito por":"Rinaldo Junior","Est. tempo de leitura":"9 minutos"},"schema":{"@context":"https:\/\/schema.org","@graph":[{"@type":"NewsArticle","@id":"https:\/\/www.aprovaconcursos.com.br\/noticias\/concurso-se-df\/#article","isPartOf":{"@id":"https:\/\/www.aprovaconcursos.com.br\/noticias\/concurso-se-df\/"},"author":{"name":"Rinaldo Junior","@id":"https:\/\/www.aprovaconcursos.com.br\/noticias\/#\/schema\/person\/77bad5b521fb3041405f9288cabffd3d"},"headline":"Concurso SE DF: 10.604 vagas em breve! Veja a situa\u00e7\u00e3o atual","datePublished":"2026-09-01T19:09:43+00:00","dateModified":"2026-09-01T19:43:40+00:00","mainEntityOfPage":{"@id":"https:\/\/www.aprovaconcursos.com.br\/noticias\/concurso-se-df\/"},"wordCount":1701,"commentCount":0,"publisher":{"@id":"https:\/\/www.aprovaconcursos.com.br\/noticias\/#organization"},"image":{"@id":"https:\/\/www.aprovaconcursos.com.br\/noticias\/concurso-se-df\/#primaryimage"},"thumbnailUrl":"https:\/\/www.aprovaconcursos.com.br\/noticias\/wp-content\/uploads\/2026\/09\/concurso-se-df-edital.webp","keywords":["Concurso SE DF"],"articleSection":["Centro-Oeste","Educa\u00e7\u00e3o","Not\u00edcias"],"inLanguage":"pt-BR","potentialAction":[{"@type":"CommentAction","name":"Comment","target":["https:\/\/www.aprovaconcursos.com.br\/noticias\/concurso-se-df\/#respond"]}],"copyrightYear":"2026","copyrightHolder":{"@id":"https:\/\/www.aprovaconcursos.com.br\/noticias\/#organization"}},{"@type":"WebPage","@id":"https:\/\/www.aprovaconcursos.com.br\/noticias\/concurso-se-df\/","url":"https:\/\/www.aprovaconcursos.com.br\/noticias\/concurso-se-df\/","name":"Concurso SE DF: 10.604 vagas em breve! Veja a situa\u00e7\u00e3o atual","isPartOf":{"@id":"https:\/\/www.aprovaconcursos.com.br\/noticias\/#website"},"primaryImageOfPage":{"@id":"https:\/\/www.aprovaconcursos.com.br\/noticias\/concurso-se-df\/#primaryimage"},"image":{"@id":"https:\/\/www.aprovaconcursos.com.br\/noticias\/concurso-se-df\/#primaryimage"},"thumbnailUrl":"https:\/\/www.aprovaconcursos.com.br\/noticias\/wp-content\/uploads\/2026\/09\/concurso-se-df-edital.webp","datePublished":"2026-09-01T19:09:43+00:00","dateModified":"2026-09-01T19:43:40+00:00","description":"Concurso SE DF: 10.604 vagas autorizadas, comiss\u00e3o formada e banca em contrata\u00e7\u00e3o. Veja a situa\u00e7\u00e3o atual, cronologia e o novo edital.","breadcrumb":{"@id":"https:\/\/www.aprovaconcursos.com.br\/noticias\/concurso-se-df\/#breadcrumb"},"inLanguage":"pt-BR","potentialAction":[{"@type":"ReadAction","target":["https:\/\/www.aprovaconcursos.com.br\/noticias\/concurso-se-df\/"]}]},{"@type":"ImageObject","inLanguage":"pt-BR","@id":"https:\/\/www.aprovaconcursos.com.br\/noticias\/concurso-se-df\/#primaryimage","url":"https:\/\/www.aprovaconcursos.com.br\/noticias\/wp-content\/uploads\/2026\/09\/concurso-se-df-edital.webp","contentUrl":"https:\/\/www.aprovaconcursos.com.br\/noticias\/wp-content\/uploads\/2026\/09\/concurso-se-df-edital.webp","width":1200,"height":628,"caption":"Concurso SE DF: Edital autorizado."},{"@type":"BreadcrumbList","@id":"https:\/\/www.aprovaconcursos.com.br\/noticias\/concurso-se-df\/#breadcrumb","itemListElement":[{"@type":"ListItem","position":1,"name":"Home","item":"https:\/\/www.aprovaconcursos.com.br\/noticias\/"},{"@type":"ListItem","position":2,"name":"Concurso SE DF: 10.604 vagas em breve! Veja a situa\u00e7\u00e3o atual"}]},{"@type":"WebSite","@id":"https:\/\/www.aprovaconcursos.com.br\/noticias\/#website","url":"https:\/\/www.aprovaconcursos.com.br\/noticias\/","name":"Aprova Concursos - Not\u00edcias","description":"Fique por dentro das not\u00edcias sobre concursos p\u00fablicos do Brasil inteiro, ENEM, Exame de Ordem (OAB) e Exame de Sufici\u00eancia (CFC). Mantenha-se atualizado aqui!","publisher":{"@id":"https:\/\/www.aprovaconcursos.com.br\/noticias\/#organization"},"potentialAction":[{"@type":"SearchAction","target":{"@type":"EntryPoint","urlTemplate":"https:\/\/www.aprovaconcursos.com.br\/noticias\/?s={search_term_string}"},"query-input":{"@type":"PropertyValueSpecification","valueRequired":true,"valueName":"search_term_string"}}],"inLanguage":"pt-BR"},{"@type":"Organization","@id":"https:\/\/www.aprovaconcursos.com.br\/noticias\/#organization","name":"Aprova Concursos - Not\u00edcias","url":"https:\/\/www.aprovaconcursos.com.br\/noticias\/","logo":{"@type":"ImageObject","inLanguage":"pt-BR","@id":"https:\/\/www.aprovaconcursos.com.br\/noticias\/#\/schema\/logo\/image\/","url":"https:\/\/www.aprovaconcursos.com.br\/noticias\/wp-content\/uploads\/2026\/06\/logo.webp","contentUrl":"https:\/\/www.aprovaconcursos.com.br\/noticias\/wp-content\/uploads\/2026\/06\/logo.webp","width":171,"height":49,"caption":"Aprova Concursos - Not\u00edcias"},"image":{"@id":"https:\/\/www.aprovaconcursos.com.br\/noticias\/#\/schema\/logo\/image\/"},"sameAs":["https:\/\/www.facebook.com\/aprovaconcursos"]},{"@type":"Person","@id":"https:\/\/www.aprovaconcursos.com.br\/noticias\/#\/schema\/person\/77bad5b521fb3041405f9288cabffd3d","name":"Rinaldo Junior","image":{"@type":"ImageObject","inLanguage":"pt-BR","@id":"https:\/\/secure.gravatar.com\/avatar\/f617925ffe96996dc8799f23a7984694b0e3efacaa19fbff06b4414133263471?s=96&d=mm&r=g","url":"https:\/\/secure.gravatar.com\/avatar\/f617925ffe96996dc8799f23a7984694b0e3efacaa19fbff06b4414133263471?s=96&d=mm&r=g","contentUrl":"https:\/\/secure.gravatar.com\/avatar\/f617925ffe96996dc8799f23a7984694b0e3efacaa19fbff06b4414133263471?s=96&d=mm&r=g","caption":"Rinaldo Junior"},"description":"Rinaldo \u00e9 graduado em Letras, Tecn\u00f3logo em Marketing e Analista do time de Reda\u00e7\u00e3o do Aprova Concursos. Sua atua\u00e7\u00e3o na esfera de concursos p\u00fablicos prop\u00f5e an\u00e1lises dos principais editais do pa\u00eds e projetos de cria\u00e7\u00e3o de conte\u00fado para web, com expertise em SEO. H\u00e1 anos re\u00fane informa\u00e7\u00f5es atualizadas e materiais de estudo para apoiar o candidato ao longo da jornada de prepara\u00e7\u00e3o.","url":"https:\/\/www.aprovaconcursos.com.br\/noticias\/autor\/rinaldo-junior\/"}]}},"_links":{"self":[{"href":"https:\/\/www.aprovaconcursos.com.br\/noticias\/wp-json\/wp\/v2\/posts\/167032","targetHints":{"allow":["GET"]}}],"collection":[{"href":"https:\/\/www.aprovaconcursos.com.br\/noticias\/wp-json\/wp\/v2\/posts"}],"about":[{"href":"https:\/\/www.aprovaconcursos.com.br\/noticias\/wp-json\/wp\/v2\/types\/post"}],"author":[{"embeddable":true,"href":"https:\/\/www.aprovaconcursos.com.br\/noticias\/wp-json\/wp\/v2\/users\/3"}],"replies":[{"embeddable":true,"href":"https:\/\/www.aprovaconcursos.com.br\/noticias\/wp-json\/wp\/v2\/comments?post=167032"}],"version-history":[{"count":1,"href":"https:\/\/www.aprovaconcursos.com.br\/noticias\/wp-json\/wp\/v2\/posts\/167032\/revisions"}],"predecessor-version":[{"id":167035,"href":"https:\/\/www.aprovaconcursos.com.br\/noticias\/wp-json\/wp\/v2\/posts\/167032\/revisions\/167035"}],"wp:featuredmedia":[{"embeddable":true,"href":"https:\/\/www.aprovaconcursos.com.br\/noticias\/wp-json\/wp\/v2\/media\/167036"}],"wp:attachment":[{"href":"https:\/\/www.aprovaconcursos.com.br\/noticias\/wp-json\/wp\/v2\/media?parent=167032"}],"wp:term":[{"taxonomy":"category","embeddable":true,"href":"https:\/\/www.aprovaconcursos.com.br\/noticias\/wp-json\/wp\/v2\/categories?post=167032"},{"taxonomy":"post_tag","embeddable":true,"href":"https:\/\/www.aprovaconcursos.com.br\/noticias\/wp-json\/wp\/v2\/tags?post=167032"}],"curies":[{"name":"wp","href":"https:\/\/api.w.org\/{rel}","templated":true}]}}