{"id":167015,"date":"2026-09-01T10:13:28","date_gmt":"2026-09-01T13:13:28","guid":{"rendered":"https:\/\/www.aprovaconcursos.com.br\/noticias\/?p=167015"},"modified":"2026-09-01T10:22:16","modified_gmt":"2026-09-01T13:22:16","slug":"inscricoes-seduc-pa","status":"publish","type":"post","link":"https:\/\/www.aprovaconcursos.com.br\/noticias\/inscricoes-seduc-pa\/","title":{"rendered":"Inscri\u00e7\u00f5es Seduc PA 2026 abertas: 2 mil vagas e sal\u00e1rios de at\u00e9 R$ 6,5 mil"},"content":{"rendered":"\n<p class=\"wp-block-paragraph\">As inscri\u00e7\u00f5es do <strong>concurso Seduc PA 2026<\/strong> est\u00e3o abertas desde as <strong>16h de 31 de agosto<\/strong> e seguem at\u00e9 as <strong>16h de 1\u00ba de outubro de 2026<\/strong>, hor\u00e1rio de Bras\u00edlia. O cadastro deve ser feito exclusivamente pela internet, no site da Funda\u00e7\u00e3o Getulio Vargas (FGV), banca organizadora da sele\u00e7\u00e3o.<\/p>\n\n\n\n<p class=\"wp-block-paragraph\">O Concurso P\u00fablico C\u2011223, regulamentado pelo Edital n\u00ba 001\/2026 \u2013 SEPLAD\/SEDUC, oferta 2.000 vagas imediatas, al\u00e9m de cadastro de reserva, para cargos de n\u00edveis m\u00e9dio e superior. A sele\u00e7\u00e3o \u00e9 realizada em parceria com a Secretaria de Estado de Planejamento e Administra\u00e7\u00e3o (Seplad).<\/p>\n\n\n\n<h2 id=\"h-como-se-inscrever-no-concurso-seduc-pa-2026-passo-a-passo\" class=\"wp-block-heading\">Como se inscrever no concurso Seduc PA 2026: passo a passo<\/h2>\n\n\n\n<p class=\"wp-block-paragraph\">O procedimento \u00e9 totalmente online. Antes de come\u00e7ar, tenha em m\u00e3os documento de identidade, CPF, comprovante de forma\u00e7\u00e3o e a defini\u00e7\u00e3o da <strong>Diretoria Regional de Ensino (DRE)<\/strong> onde pretende atuar, a escolha \u00e9 feita no ato da inscri\u00e7\u00e3o e n\u00e3o muda depois.<\/p>\n\n\n\n<ol class=\"wp-block-list\">\n<li>Acesse a <a href=\"https:\/\/conhecimento.fgv.br\/concursos\/seducpa26\/\" target=\"_blank\" rel=\"noopener noreferrer\">p\u00e1gina do concurso Seduc PA no site da FGV<\/a> e leia o edital na \u00edntegra.<\/li>\n\n\n\n<li>Clique na \u00e1rea de inscri\u00e7\u00e3o e fa\u00e7a o cadastro ou o login, se j\u00e1 tiver conta na banca.<\/li>\n\n\n\n<li>Preencha os dados pessoais e o endere\u00e7o completo.<\/li>\n\n\n\n<li>Selecione o cargo, a forma\u00e7\u00e3o e a DRE para a qual pretende concorrer.<\/li>\n\n\n\n<li>Indique o munic\u00edpio onde deseja realizar a prova.<\/li>\n\n\n\n<li>Informe a modalidade de concorr\u00eancia (ampla concorr\u00eancia, PcD, pessoa preta ou parda, ind\u00edgena ou quilombola) e, se for o caso, a necessidade de atendimento especializado.<\/li>\n\n\n\n<li>Confira todas as informa\u00e7\u00f5es e finalize a inscri\u00e7\u00e3o.<\/li>\n\n\n\n<li>Gere o Documento de Arrecada\u00e7\u00e3o Estadual (DAE) e pague por c\u00f3digo de barras na rede banc\u00e1ria credenciada ou por Pix, usando o QR Code ou o c\u00f3digo do documento.<\/li>\n\n\n\n<li>Guarde o comprovante e acompanhe a confirma\u00e7\u00e3o da inscri\u00e7\u00e3o na \u00e1rea do candidato.<\/li>\n<\/ol>\n\n\n\n<p class=\"wp-block-paragraph\">Quem ainda est\u00e1 avaliando se vale disputar uma das vagas pode conferir a <a href=\"https:\/\/www.aprovaconcursos.com.br\/noticias\/concurso-seduc-pa\/\" target=\"_blank\" rel=\"noopener noreferrer\">situa\u00e7\u00e3o atual do concurso Seduc PA<\/a> e o hist\u00f3rico das etapas j\u00e1 cumpridas.<\/p>\n\n\n\n<h2 id=\"h-taxa-de-inscricao-e-prazo-de-pagamento\" class=\"wp-block-heading\">Taxa de inscri\u00e7\u00e3o e prazo de pagamento<\/h2>\n\n\n\n<p class=\"wp-block-paragraph\">A taxa varia conforme o cargo: R$ 185 para Professor Classe I e Especialista em Educa\u00e7\u00e3o, R$ 135 para os demais cargos de n\u00edvel superior e R$ 85 para o cargo de n\u00edvel m\u00e9dio.<\/p>\n\n\n\n<p class=\"wp-block-paragraph\">O pagamento deve ser feito at\u00e9 2 de outubro de 2026, respeitando o hor\u00e1rio de funcionamento do banco arrecadador. O agendamento banc\u00e1rio n\u00e3o \u00e9 aceito como comprovante de pagamento.<\/p>\n\n\n\n<h2 id=\"h-isencao-da-taxa-quem-pode-pedir-e-ate-quando\" class=\"wp-block-heading\">Isen\u00e7\u00e3o da taxa: quem pode pedir e at\u00e9 quando<\/h2>\n\n\n\n<p class=\"wp-block-paragraph\">O prazo de isen\u00e7\u00e3o \u00e9 <strong>muito mais curto que o de inscri\u00e7\u00e3o<\/strong> e \u00e9 o ponto que mais elimina candidato por descuido.<\/p>\n\n\n\n<p class=\"wp-block-paragraph\">A solicita\u00e7\u00e3o de isen\u00e7\u00e3o deve ser feita entre 31 de agosto e 3 de setembro. Podem pedir o benef\u00edcio pessoas inscritas no Cadastro \u00danico para Programas Sociais do Governo Federal (Cad\u00danico) que sejam membros de fam\u00edlia de baixa renda, pessoas com defici\u00eancia e mulheres v\u00edtimas de viol\u00eancia dom\u00e9stica e familiar, at\u00e9 as 16h do dia 3 de setembro.<\/p>\n\n\n\n<p class=\"wp-block-paragraph\">Quem tiver o pedido negado precisa pagar a taxa dentro do prazo normal para manter a inscri\u00e7\u00e3o v\u00e1lida.<\/p>\n\n\n\n<h2 id=\"h-vagas-cargos-e-salarios\" class=\"wp-block-heading\">Vagas, cargos e sal\u00e1rios<\/h2>\n\n\n\n<p class=\"wp-block-paragraph\">As oportunidades s\u00e3o para Professor Classe I, Especialista em Educa\u00e7\u00e3o e fun\u00e7\u00f5es do quadro administrativo, com distribui\u00e7\u00e3o que varia conforme cargo, forma\u00e7\u00e3o e DRE. A jornada pode ser de 20, 30 ou 40 horas semanais. As vagas est\u00e3o distribu\u00eddas entre a Regi\u00e3o Metropolitana e mais 24 Diretorias Regionais de Ensino.<\/p>\n\n\n\n<p class=\"wp-block-paragraph\">Remunera\u00e7\u00f5es iniciais confirmadas no edital:<\/p>\n\n\n\n<ul class=\"wp-block-list\">\n<li><strong>Professor Classe I<\/strong> (Matem\u00e1tica, L\u00edngua Portuguesa, Hist\u00f3ria, Geografia, Filosofia, Sociologia, F\u00edsica, Qu\u00edmica, Biologia, L\u00edngua Inglesa, Artes e Educa\u00e7\u00e3o F\u00edsica): R$ 4.393,64 para 20 horas semanais, com vencimento b\u00e1sico de R$ 2.440,91 e gratifica\u00e7\u00e3o de escolaridade de R$ 1.952,73<\/li>\n\n\n\n<li><strong>Professor Classe I \u2013 Educa\u00e7\u00e3o Especial (AEE) e Libras:<\/strong> R$ 5.614,10 para 20 horas semanais, j\u00e1 com a gratifica\u00e7\u00e3o espec\u00edfica<\/li>\n\n\n\n<li><strong>Especialista em Educa\u00e7\u00e3o \u2013 Classe I:<\/strong> R$ 6.590,47 para 30 horas semanais \u2014 112 vagas mais cadastro de reserva<\/li>\n\n\n\n<li><strong>Analista de Suporte Educacional e Analista de Gest\u00e3o Governamental<\/strong> (Infraestrutura Educacional e Pol\u00edtica Educacional): R$ 5.907,63 para 30 horas semanais<\/li>\n\n\n\n<li><strong>Assistente de Gest\u00e3o Governamental e Educacional<\/strong> (n\u00edvel m\u00e9dio): R$ 1.864,29 para 30 horas semanais, sendo R$ 1.764,29 de vencimento b\u00e1sico e R$ 100 de aux\u00edlio \u2014 49 vagas.<\/li>\n<\/ul>\n\n\n\n<h2 id=\"h-reserva-de-vagas\" class=\"wp-block-heading\">Reserva de vagas<\/h2>\n\n\n\n<p class=\"wp-block-paragraph\">Do total de vagas, 5% s\u00e3o reservadas a pessoas com defici\u00eancia. O edital estabelece ainda reserva de, no m\u00ednimo, 30% para pessoas pretas e pardas, ind\u00edgenas e quilombolas, sendo 20% para pessoas pretas e pardas, 5% para ind\u00edgenas e 5% para quilombolas.<\/p>\n\n\n\n<p class=\"wp-block-paragraph\">Candidatos \u00e0s vagas de PcD passam por avalia\u00e7\u00e3o biopsicossocial, e os inscritos nas vagas para pessoas pretas e pardas, ind\u00edgenas e quilombolas est\u00e3o sujeitos a heteroidentifica\u00e7\u00e3o ou verifica\u00e7\u00e3o documental, conforme a modalidade de concorr\u00eancia.<\/p>\n\n\n\n<h2 id=\"h-etapas-e-data-das-provas\" class=\"wp-block-heading\">Etapas e data das provas<\/h2>\n\n\n\n<p class=\"wp-block-paragraph\">As provas objetiva e discursiva ser\u00e3o aplicadas em 29 de novembro de 2026, em 25 munic\u00edpios polo correspondentes \u00e0s Diretorias Regionais de Ensino, em dois turnos: matutino, das 8h \u00e0s 13h, para os cargos de magist\u00e9rio e de analista; e vespertino, das 15h30 \u00e0s 19h30, para o cargo de assistente.<\/p>\n\n\n\n<p class=\"wp-block-paragraph\">Fases por cargo:<\/p>\n\n\n\n<ul class=\"wp-block-list\">\n<li><strong>Professor Classe I e Especialista em Educa\u00e7\u00e3o:<\/strong> prova objetiva, prova discursiva, prova pr\u00e1tica e avalia\u00e7\u00e3o de t\u00edtulos. Na fase pr\u00e1tica, os docentes fazem a defesa de um plano de aula e os especialistas apresentam um plano de gest\u00e3o pedag\u00f3gica<\/li>\n\n\n\n<li><strong>Analistas:<\/strong> prova objetiva, prova discursiva e avalia\u00e7\u00e3o de t\u00edtulos<\/li>\n\n\n\n<li><strong>Assistente de Gest\u00e3o Governamental e Educacional:<\/strong> apenas prova objetivaA prova objetiva ter\u00e1 60 quest\u00f5es de m\u00faltipla escolha, com cinco alternativas e apenas uma correta<\/li>\n<\/ul>\n\n\n\n<p class=\"wp-block-paragraph\"> A discursiva exigir\u00e1 a resolu\u00e7\u00e3o de duas situa\u00e7\u00f5es estruturadas sobre o contexto escolar. A avalia\u00e7\u00e3o de t\u00edtulos \u00e9 apenas classificat\u00f3ria, vale at\u00e9 3 pontos e considera somente a maior titula\u00e7\u00e3o apresentada; a aus\u00eancia de t\u00edtulos n\u00e3o elimina, mas gera nota zero na fase.<\/p>\n\n\n\n<p class=\"wp-block-paragraph\">A validade do concurso \u00e9 de dois anos, contados da publica\u00e7\u00e3o da homologa\u00e7\u00e3o do resultado final no Di\u00e1rio Oficial do Estado, prorrog\u00e1vel uma vez por igual per\u00edodo.<\/p>\n\n\n\n<p class=\"wp-block-paragraph\"><strong>Quer garantir uma das 2 mil vagas da Seduc PA?<\/strong> O Aprova tem curso preparat\u00f3rio para o concurso da Secretaria de Estado de Educa\u00e7\u00e3o do Par\u00e1, com videoaulas, PDFs e quest\u00f5es comentadas de acordo com o edital. <a href=\"https:\/\/www.aprovaconcursos.com.br\/concursos\/seduc-pa?xcod=%7B%22u%22%3A%22ed039cf5-3432-4907-9d4a-fe7542c5114f%22%2C%22url%22%3A%22www.aprovaconcursos.com.br%2Fconcursos%2Fseduc-pa%22%2C%22r%22%3A%22www.aprovaconcursos.com.br%2Fnoticias%2Fwp-admin%2Fpost.php%22%2C%22v%22%3A1%7D\" target=\"_blank\" rel=\"noopener noreferrer\">Conhe\u00e7a o curso<\/a> e comece a estudar hoje.<\/p>\n\n\n\n<h2 id=\"h-perguntas-frequentes\" class=\"wp-block-heading\">Perguntas frequentes<\/h2>\n\n\n\n<h3 id=\"h-posso-me-inscrever-para-mais-de-um-cargo\" class=\"wp-block-heading\">Posso me inscrever para mais de um cargo?<\/h3>\n\n\n\n<p class=\"wp-block-paragraph\">O edital exige a escolha de cargo, forma\u00e7\u00e3o e DRE no momento da inscri\u00e7\u00e3o. Quem pretende disputar mais de uma op\u00e7\u00e3o deve verificar no documento se h\u00e1 previs\u00e3o de inscri\u00e7\u00e3o em turnos distintos de prova, j\u00e1 que objetiva e discursiva ocorrem no mesmo dia, em turnos separados por n\u00edvel.<\/p>\n\n\n\n<h3 id=\"h-mudei-de-cidade-depois-de-me-inscrever-consigo-alterar-o-local-de-prova\" class=\"wp-block-heading\">Mudei de cidade depois de me inscrever. Consigo alterar o local de prova?<\/h3>\n\n\n\n<p class=\"wp-block-paragraph\">A altera\u00e7\u00e3o depende de previs\u00e3o expressa no edital e do prazo definido pela banca. O munic\u00edpio \u00e9 indicado na inscri\u00e7\u00e3o e vinculado \u00e0 DRE escolhida, por isso a mudan\u00e7a n\u00e3o \u00e9 autom\u00e1tica. Consulte a \u00e1rea do candidato no site da FGV e o cronograma oficial antes do fim do per\u00edodo de inscri\u00e7\u00e3o.<\/p>\n\n\n\n<h3 id=\"h-se-eu-pagar-depois-de-2-de-outubro-a-inscricao-vale\" class=\"wp-block-heading\">Se eu pagar depois de 2 de outubro, a inscri\u00e7\u00e3o vale?<\/h3>\n\n\n\n<p class=\"wp-block-paragraph\">N\u00e3o. O pagamento fora do prazo n\u00e3o gera inscri\u00e7\u00e3o v\u00e1lida, e o agendamento banc\u00e1rio n\u00e3o \u00e9 aceito como comprovante. O DAE precisa estar efetivamente quitado dentro do prazo previsto no edital.<\/p>\n\n\n\n<h3 id=\"h-escolher-uma-dre-do-interior-aumenta-a-chance-de-aprovacao\" class=\"wp-block-heading\">Escolher uma DRE do interior aumenta a chance de aprova\u00e7\u00e3o?<\/h3>\n\n\n\n<p class=\"wp-block-paragraph\">Depende da concorr\u00eancia em cada unidade. A distribui\u00e7\u00e3o das 2 mil vagas varia por cargo, forma\u00e7\u00e3o e DRE, e o Anexo II do edital traz o detalhamento. Comparar o n\u00famero de vagas por regional antes de finalizar a inscri\u00e7\u00e3o \u00e9 decis\u00e3o estrat\u00e9gica relevante, porque a escolha n\u00e3o pode ser alterada livremente depois.<\/p>\n\n\n\n<h3 id=\"h-cadastro-de-reserva-garante-nomeacao\" class=\"wp-block-heading\">Cadastro de reserva garante nomea\u00e7\u00e3o?<\/h3>\n\n\n\n<p class=\"wp-block-paragraph\">N\u00e3o. A aprova\u00e7\u00e3o em cadastro de reserva n\u00e3o assegura convoca\u00e7\u00e3o. Ser\u00e3o nomeados, durante a validade do concurso, os aprovados dentro do n\u00famero de vagas, observadas a ordem de classifica\u00e7\u00e3o e a modalidade de concorr\u00eancia. Candidatos em cadastro de reserva dependem de novas vac\u00e2ncias e de decis\u00e3o da administra\u00e7\u00e3o.<\/p>\n\n\n\n<p class=\"wp-block-paragraph\"><\/p>\n","protected":false},"excerpt":{"rendered":"<p>As inscri\u00e7\u00f5es do concurso Seduc PA 2026 est\u00e3o abertas desde as 16h de 31 de agosto e seguem at\u00e9 as 16h de\u2026<\/p>\n","protected":false},"author":6,"featured_media":167016,"comment_status":"open","ping_status":"open","sticky":false,"template":"","format":"standard","meta":{"footnotes":""},"categories":[11,18699],"tags":[24713],"class_list":["post-167015","post","type-post","status-publish","format-standard","has-post-thumbnail","hentry","category-noticias","category-ultimas-noticias-concursos","tag-seduc-pa"],"yoast_head":"<!-- This site is optimized with the Yoast SEO Premium plugin v27.9 (Yoast SEO v28.2) - https:\/\/yoast.com\/product\/yoast-seo-premium-wordpress\/ -->\n<title>Inscri\u00e7\u00f5es Seduc PA 2026: 2 mil vagas e taxa at\u00e9 R$ 185<\/title>\n<meta name=\"description\" content=\"Inscri\u00e7\u00f5es Seduc PA 2026 abertas at\u00e9 1\u00ba de outubro para 2 mil vagas. Veja taxas, isen\u00e7\u00e3o, cargos, sal\u00e1rios e o passo a passo no site da FGV.\" \/>\n<meta name=\"robots\" content=\"index, follow, max-snippet:-1, max-image-preview:large, max-video-preview:-1\" \/>\n<link rel=\"canonical\" href=\"https:\/\/www.aprovaconcursos.com.br\/noticias\/inscricoes-seduc-pa\/\" \/>\n<meta property=\"og:locale\" content=\"pt_BR\" \/>\n<meta property=\"og:type\" content=\"article\" \/>\n<meta property=\"og:title\" content=\"Inscri\u00e7\u00f5es Seduc PA 2026 abertas: 2 mil vagas e sal\u00e1rios de at\u00e9 R$ 6,5 mil\" \/>\n<meta property=\"og:description\" content=\"Inscri\u00e7\u00f5es Seduc PA 2026 abertas at\u00e9 1\u00ba de outubro para 2 mil vagas. Veja taxas, isen\u00e7\u00e3o, cargos, sal\u00e1rios e o passo a passo no site da FGV.\" \/>\n<meta property=\"og:url\" content=\"https:\/\/www.aprovaconcursos.com.br\/noticias\/inscricoes-seduc-pa\/\" \/>\n<meta property=\"og:site_name\" content=\"Aprova Concursos - Not\u00edcias\" \/>\n<meta property=\"article:publisher\" content=\"https:\/\/www.facebook.com\/aprovaconcursos\" \/>\n<meta property=\"article:published_time\" content=\"2026-09-01T13:13:28+00:00\" \/>\n<meta property=\"article:modified_time\" content=\"2026-09-01T13:22:16+00:00\" \/>\n<meta property=\"og:image\" content=\"https:\/\/www.aprovaconcursos.com.br\/noticias\/wp-content\/uploads\/2026\/09\/inscricoes-seduc-pa.webp\" \/>\n\t<meta property=\"og:image:width\" content=\"1200\" \/>\n\t<meta property=\"og:image:height\" content=\"628\" \/>\n\t<meta property=\"og:image:type\" content=\"image\/webp\" \/>\n<meta name=\"author\" content=\"Bruna Silva\" \/>\n<meta name=\"twitter:card\" content=\"summary_large_image\" \/>\n<meta name=\"twitter:label1\" content=\"Escrito por\" \/>\n\t<meta name=\"twitter:data1\" content=\"Bruna Silva\" \/>\n\t<meta name=\"twitter:label2\" content=\"Est. tempo de leitura\" \/>\n\t<meta name=\"twitter:data2\" content=\"8 minutos\" \/>\n<script type=\"application\/ld+json\" class=\"yoast-schema-graph\">{\"@context\":\"https:\\\/\\\/schema.org\",\"@graph\":[{\"@type\":\"NewsArticle\",\"@id\":\"https:\\\/\\\/www.aprovaconcursos.com.br\\\/noticias\\\/inscricoes-seduc-pa\\\/#article\",\"isPartOf\":{\"@id\":\"https:\\\/\\\/www.aprovaconcursos.com.br\\\/noticias\\\/inscricoes-seduc-pa\\\/\"},\"author\":{\"name\":\"Bruna Silva\",\"@id\":\"https:\\\/\\\/www.aprovaconcursos.com.br\\\/noticias\\\/#\\\/schema\\\/person\\\/02de4047f7bd2cbec9b6b2323204656c\"},\"headline\":\"Inscri\u00e7\u00f5es Seduc PA 2026 abertas: 2 mil vagas e sal\u00e1rios de at\u00e9 R$ 6,5 mil\",\"datePublished\":\"2026-09-01T13:13:28+00:00\",\"dateModified\":\"2026-09-01T13:22:16+00:00\",\"mainEntityOfPage\":{\"@id\":\"https:\\\/\\\/www.aprovaconcursos.com.br\\\/noticias\\\/inscricoes-seduc-pa\\\/\"},\"wordCount\":1402,\"commentCount\":0,\"publisher\":{\"@id\":\"https:\\\/\\\/www.aprovaconcursos.com.br\\\/noticias\\\/#organization\"},\"image\":{\"@id\":\"https:\\\/\\\/www.aprovaconcursos.com.br\\\/noticias\\\/inscricoes-seduc-pa\\\/#primaryimage\"},\"thumbnailUrl\":\"https:\\\/\\\/www.aprovaconcursos.com.br\\\/noticias\\\/wp-content\\\/uploads\\\/2026\\\/09\\\/inscricoes-seduc-pa.webp\",\"keywords\":[\"seduc pa\"],\"articleSection\":[\"Not\u00edcias\",\"\u00daltimas Not\u00edcias\"],\"inLanguage\":\"pt-BR\",\"potentialAction\":[{\"@type\":\"CommentAction\",\"name\":\"Comment\",\"target\":[\"https:\\\/\\\/www.aprovaconcursos.com.br\\\/noticias\\\/inscricoes-seduc-pa\\\/#respond\"]}],\"copyrightYear\":\"2026\",\"copyrightHolder\":{\"@id\":\"https:\\\/\\\/www.aprovaconcursos.com.br\\\/noticias\\\/#organization\"}},{\"@type\":\"WebPage\",\"@id\":\"https:\\\/\\\/www.aprovaconcursos.com.br\\\/noticias\\\/inscricoes-seduc-pa\\\/\",\"url\":\"https:\\\/\\\/www.aprovaconcursos.com.br\\\/noticias\\\/inscricoes-seduc-pa\\\/\",\"name\":\"Inscri\u00e7\u00f5es Seduc PA 2026: 2 mil vagas e taxa at\u00e9 R$ 185\",\"isPartOf\":{\"@id\":\"https:\\\/\\\/www.aprovaconcursos.com.br\\\/noticias\\\/#website\"},\"primaryImageOfPage\":{\"@id\":\"https:\\\/\\\/www.aprovaconcursos.com.br\\\/noticias\\\/inscricoes-seduc-pa\\\/#primaryimage\"},\"image\":{\"@id\":\"https:\\\/\\\/www.aprovaconcursos.com.br\\\/noticias\\\/inscricoes-seduc-pa\\\/#primaryimage\"},\"thumbnailUrl\":\"https:\\\/\\\/www.aprovaconcursos.com.br\\\/noticias\\\/wp-content\\\/uploads\\\/2026\\\/09\\\/inscricoes-seduc-pa.webp\",\"datePublished\":\"2026-09-01T13:13:28+00:00\",\"dateModified\":\"2026-09-01T13:22:16+00:00\",\"description\":\"Inscri\u00e7\u00f5es Seduc PA 2026 abertas at\u00e9 1\u00ba de outubro para 2 mil vagas. Veja taxas, isen\u00e7\u00e3o, cargos, sal\u00e1rios e o passo a passo no site da FGV.\",\"breadcrumb\":{\"@id\":\"https:\\\/\\\/www.aprovaconcursos.com.br\\\/noticias\\\/inscricoes-seduc-pa\\\/#breadcrumb\"},\"inLanguage\":\"pt-BR\",\"potentialAction\":[{\"@type\":\"ReadAction\",\"target\":[\"https:\\\/\\\/www.aprovaconcursos.com.br\\\/noticias\\\/inscricoes-seduc-pa\\\/\"]}]},{\"@type\":\"ImageObject\",\"inLanguage\":\"pt-BR\",\"@id\":\"https:\\\/\\\/www.aprovaconcursos.com.br\\\/noticias\\\/inscricoes-seduc-pa\\\/#primaryimage\",\"url\":\"https:\\\/\\\/www.aprovaconcursos.com.br\\\/noticias\\\/wp-content\\\/uploads\\\/2026\\\/09\\\/inscricoes-seduc-pa.webp\",\"contentUrl\":\"https:\\\/\\\/www.aprovaconcursos.com.br\\\/noticias\\\/wp-content\\\/uploads\\\/2026\\\/09\\\/inscricoes-seduc-pa.webp\",\"width\":1200,\"height\":628,\"caption\":\"Inscri\u00e7\u00f5es SEDUC PA.\"},{\"@type\":\"BreadcrumbList\",\"@id\":\"https:\\\/\\\/www.aprovaconcursos.com.br\\\/noticias\\\/inscricoes-seduc-pa\\\/#breadcrumb\",\"itemListElement\":[{\"@type\":\"ListItem\",\"position\":1,\"name\":\"Home\",\"item\":\"https:\\\/\\\/www.aprovaconcursos.com.br\\\/noticias\\\/\"},{\"@type\":\"ListItem\",\"position\":2,\"name\":\"Inscri\u00e7\u00f5es Seduc PA 2026 abertas: 2 mil vagas e sal\u00e1rios de at\u00e9 R$ 6,5 mil\"}]},{\"@type\":\"WebSite\",\"@id\":\"https:\\\/\\\/www.aprovaconcursos.com.br\\\/noticias\\\/#website\",\"url\":\"https:\\\/\\\/www.aprovaconcursos.com.br\\\/noticias\\\/\",\"name\":\"Aprova Concursos - Not\u00edcias\",\"description\":\"Fique por dentro das not\u00edcias sobre concursos p\u00fablicos do Brasil inteiro, ENEM, Exame de Ordem (OAB) e Exame de Sufici\u00eancia (CFC). Mantenha-se atualizado aqui!\",\"publisher\":{\"@id\":\"https:\\\/\\\/www.aprovaconcursos.com.br\\\/noticias\\\/#organization\"},\"potentialAction\":[{\"@type\":\"SearchAction\",\"target\":{\"@type\":\"EntryPoint\",\"urlTemplate\":\"https:\\\/\\\/www.aprovaconcursos.com.br\\\/noticias\\\/?s={search_term_string}\"},\"query-input\":{\"@type\":\"PropertyValueSpecification\",\"valueRequired\":true,\"valueName\":\"search_term_string\"}}],\"inLanguage\":\"pt-BR\"},{\"@type\":\"Organization\",\"@id\":\"https:\\\/\\\/www.aprovaconcursos.com.br\\\/noticias\\\/#organization\",\"name\":\"Aprova Concursos - Not\u00edcias\",\"url\":\"https:\\\/\\\/www.aprovaconcursos.com.br\\\/noticias\\\/\",\"logo\":{\"@type\":\"ImageObject\",\"inLanguage\":\"pt-BR\",\"@id\":\"https:\\\/\\\/www.aprovaconcursos.com.br\\\/noticias\\\/#\\\/schema\\\/logo\\\/image\\\/\",\"url\":\"https:\\\/\\\/www.aprovaconcursos.com.br\\\/noticias\\\/wp-content\\\/uploads\\\/2026\\\/06\\\/logo.webp\",\"contentUrl\":\"https:\\\/\\\/www.aprovaconcursos.com.br\\\/noticias\\\/wp-content\\\/uploads\\\/2026\\\/06\\\/logo.webp\",\"width\":171,\"height\":49,\"caption\":\"Aprova Concursos - Not\u00edcias\"},\"image\":{\"@id\":\"https:\\\/\\\/www.aprovaconcursos.com.br\\\/noticias\\\/#\\\/schema\\\/logo\\\/image\\\/\"},\"sameAs\":[\"https:\\\/\\\/www.facebook.com\\\/aprovaconcursos\"]},{\"@type\":\"Person\",\"@id\":\"https:\\\/\\\/www.aprovaconcursos.com.br\\\/noticias\\\/#\\\/schema\\\/person\\\/02de4047f7bd2cbec9b6b2323204656c\",\"name\":\"Bruna Silva\",\"image\":{\"@type\":\"ImageObject\",\"inLanguage\":\"pt-BR\",\"@id\":\"https:\\\/\\\/secure.gravatar.com\\\/avatar\\\/5fabaa975c4c6bb33544b972597d884f7e9c3a62a662250af1086af52760d20a?s=96&d=mm&r=g\",\"url\":\"https:\\\/\\\/secure.gravatar.com\\\/avatar\\\/5fabaa975c4c6bb33544b972597d884f7e9c3a62a662250af1086af52760d20a?s=96&d=mm&r=g\",\"contentUrl\":\"https:\\\/\\\/secure.gravatar.com\\\/avatar\\\/5fabaa975c4c6bb33544b972597d884f7e9c3a62a662250af1086af52760d20a?s=96&d=mm&r=g\",\"caption\":\"Bruna Silva\"},\"sameAs\":[\"https:\\\/\\\/www.aprovaconcursos.com.br\\\/\"],\"url\":\"https:\\\/\\\/www.aprovaconcursos.com.br\\\/noticias\\\/autor\\\/bruna-silva\\\/\"}]}<\/script>\n<!-- \/ Yoast SEO Premium plugin. -->","yoast_head_json":{"title":"Inscri\u00e7\u00f5es Seduc PA 2026: 2 mil vagas e taxa at\u00e9 R$ 185","description":"Inscri\u00e7\u00f5es Seduc PA 2026 abertas at\u00e9 1\u00ba de outubro para 2 mil vagas. Veja taxas, isen\u00e7\u00e3o, cargos, sal\u00e1rios e o passo a passo no site da FGV.","robots":{"index":"index","follow":"follow","max-snippet":"max-snippet:-1","max-image-preview":"max-image-preview:large","max-video-preview":"max-video-preview:-1"},"canonical":"https:\/\/www.aprovaconcursos.com.br\/noticias\/inscricoes-seduc-pa\/","og_locale":"pt_BR","og_type":"article","og_title":"Inscri\u00e7\u00f5es Seduc PA 2026 abertas: 2 mil vagas e sal\u00e1rios de at\u00e9 R$ 6,5 mil","og_description":"Inscri\u00e7\u00f5es Seduc PA 2026 abertas at\u00e9 1\u00ba de outubro para 2 mil vagas. Veja taxas, isen\u00e7\u00e3o, cargos, sal\u00e1rios e o passo a passo no site da FGV.","og_url":"https:\/\/www.aprovaconcursos.com.br\/noticias\/inscricoes-seduc-pa\/","og_site_name":"Aprova Concursos - Not\u00edcias","article_publisher":"https:\/\/www.facebook.com\/aprovaconcursos","article_published_time":"2026-09-01T13:13:28+00:00","article_modified_time":"2026-09-01T13:22:16+00:00","og_image":[{"width":1200,"height":628,"url":"https:\/\/www.aprovaconcursos.com.br\/noticias\/wp-content\/uploads\/2026\/09\/inscricoes-seduc-pa.webp","type":"image\/webp"}],"author":"Bruna Silva","twitter_card":"summary_large_image","twitter_misc":{"Escrito por":"Bruna Silva","Est. tempo de leitura":"8 minutos"},"schema":{"@context":"https:\/\/schema.org","@graph":[{"@type":"NewsArticle","@id":"https:\/\/www.aprovaconcursos.com.br\/noticias\/inscricoes-seduc-pa\/#article","isPartOf":{"@id":"https:\/\/www.aprovaconcursos.com.br\/noticias\/inscricoes-seduc-pa\/"},"author":{"name":"Bruna Silva","@id":"https:\/\/www.aprovaconcursos.com.br\/noticias\/#\/schema\/person\/02de4047f7bd2cbec9b6b2323204656c"},"headline":"Inscri\u00e7\u00f5es Seduc PA 2026 abertas: 2 mil vagas e sal\u00e1rios de at\u00e9 R$ 6,5 mil","datePublished":"2026-09-01T13:13:28+00:00","dateModified":"2026-09-01T13:22:16+00:00","mainEntityOfPage":{"@id":"https:\/\/www.aprovaconcursos.com.br\/noticias\/inscricoes-seduc-pa\/"},"wordCount":1402,"commentCount":0,"publisher":{"@id":"https:\/\/www.aprovaconcursos.com.br\/noticias\/#organization"},"image":{"@id":"https:\/\/www.aprovaconcursos.com.br\/noticias\/inscricoes-seduc-pa\/#primaryimage"},"thumbnailUrl":"https:\/\/www.aprovaconcursos.com.br\/noticias\/wp-content\/uploads\/2026\/09\/inscricoes-seduc-pa.webp","keywords":["seduc pa"],"articleSection":["Not\u00edcias","\u00daltimas Not\u00edcias"],"inLanguage":"pt-BR","potentialAction":[{"@type":"CommentAction","name":"Comment","target":["https:\/\/www.aprovaconcursos.com.br\/noticias\/inscricoes-seduc-pa\/#respond"]}],"copyrightYear":"2026","copyrightHolder":{"@id":"https:\/\/www.aprovaconcursos.com.br\/noticias\/#organization"}},{"@type":"WebPage","@id":"https:\/\/www.aprovaconcursos.com.br\/noticias\/inscricoes-seduc-pa\/","url":"https:\/\/www.aprovaconcursos.com.br\/noticias\/inscricoes-seduc-pa\/","name":"Inscri\u00e7\u00f5es Seduc PA 2026: 2 mil vagas e taxa at\u00e9 R$ 185","isPartOf":{"@id":"https:\/\/www.aprovaconcursos.com.br\/noticias\/#website"},"primaryImageOfPage":{"@id":"https:\/\/www.aprovaconcursos.com.br\/noticias\/inscricoes-seduc-pa\/#primaryimage"},"image":{"@id":"https:\/\/www.aprovaconcursos.com.br\/noticias\/inscricoes-seduc-pa\/#primaryimage"},"thumbnailUrl":"https:\/\/www.aprovaconcursos.com.br\/noticias\/wp-content\/uploads\/2026\/09\/inscricoes-seduc-pa.webp","datePublished":"2026-09-01T13:13:28+00:00","dateModified":"2026-09-01T13:22:16+00:00","description":"Inscri\u00e7\u00f5es Seduc PA 2026 abertas at\u00e9 1\u00ba de outubro para 2 mil vagas. Veja taxas, isen\u00e7\u00e3o, cargos, sal\u00e1rios e o passo a passo no site da FGV.","breadcrumb":{"@id":"https:\/\/www.aprovaconcursos.com.br\/noticias\/inscricoes-seduc-pa\/#breadcrumb"},"inLanguage":"pt-BR","potentialAction":[{"@type":"ReadAction","target":["https:\/\/www.aprovaconcursos.com.br\/noticias\/inscricoes-seduc-pa\/"]}]},{"@type":"ImageObject","inLanguage":"pt-BR","@id":"https:\/\/www.aprovaconcursos.com.br\/noticias\/inscricoes-seduc-pa\/#primaryimage","url":"https:\/\/www.aprovaconcursos.com.br\/noticias\/wp-content\/uploads\/2026\/09\/inscricoes-seduc-pa.webp","contentUrl":"https:\/\/www.aprovaconcursos.com.br\/noticias\/wp-content\/uploads\/2026\/09\/inscricoes-seduc-pa.webp","width":1200,"height":628,"caption":"Inscri\u00e7\u00f5es SEDUC PA."},{"@type":"BreadcrumbList","@id":"https:\/\/www.aprovaconcursos.com.br\/noticias\/inscricoes-seduc-pa\/#breadcrumb","itemListElement":[{"@type":"ListItem","position":1,"name":"Home","item":"https:\/\/www.aprovaconcursos.com.br\/noticias\/"},{"@type":"ListItem","position":2,"name":"Inscri\u00e7\u00f5es Seduc PA 2026 abertas: 2 mil vagas e sal\u00e1rios de at\u00e9 R$ 6,5 mil"}]},{"@type":"WebSite","@id":"https:\/\/www.aprovaconcursos.com.br\/noticias\/#website","url":"https:\/\/www.aprovaconcursos.com.br\/noticias\/","name":"Aprova Concursos - Not\u00edcias","description":"Fique por dentro das not\u00edcias sobre concursos p\u00fablicos do Brasil inteiro, ENEM, Exame de Ordem (OAB) e Exame de Sufici\u00eancia (CFC). Mantenha-se atualizado aqui!","publisher":{"@id":"https:\/\/www.aprovaconcursos.com.br\/noticias\/#organization"},"potentialAction":[{"@type":"SearchAction","target":{"@type":"EntryPoint","urlTemplate":"https:\/\/www.aprovaconcursos.com.br\/noticias\/?s={search_term_string}"},"query-input":{"@type":"PropertyValueSpecification","valueRequired":true,"valueName":"search_term_string"}}],"inLanguage":"pt-BR"},{"@type":"Organization","@id":"https:\/\/www.aprovaconcursos.com.br\/noticias\/#organization","name":"Aprova Concursos - Not\u00edcias","url":"https:\/\/www.aprovaconcursos.com.br\/noticias\/","logo":{"@type":"ImageObject","inLanguage":"pt-BR","@id":"https:\/\/www.aprovaconcursos.com.br\/noticias\/#\/schema\/logo\/image\/","url":"https:\/\/www.aprovaconcursos.com.br\/noticias\/wp-content\/uploads\/2026\/06\/logo.webp","contentUrl":"https:\/\/www.aprovaconcursos.com.br\/noticias\/wp-content\/uploads\/2026\/06\/logo.webp","width":171,"height":49,"caption":"Aprova Concursos - Not\u00edcias"},"image":{"@id":"https:\/\/www.aprovaconcursos.com.br\/noticias\/#\/schema\/logo\/image\/"},"sameAs":["https:\/\/www.facebook.com\/aprovaconcursos"]},{"@type":"Person","@id":"https:\/\/www.aprovaconcursos.com.br\/noticias\/#\/schema\/person\/02de4047f7bd2cbec9b6b2323204656c","name":"Bruna Silva","image":{"@type":"ImageObject","inLanguage":"pt-BR","@id":"https:\/\/secure.gravatar.com\/avatar\/5fabaa975c4c6bb33544b972597d884f7e9c3a62a662250af1086af52760d20a?s=96&d=mm&r=g","url":"https:\/\/secure.gravatar.com\/avatar\/5fabaa975c4c6bb33544b972597d884f7e9c3a62a662250af1086af52760d20a?s=96&d=mm&r=g","contentUrl":"https:\/\/secure.gravatar.com\/avatar\/5fabaa975c4c6bb33544b972597d884f7e9c3a62a662250af1086af52760d20a?s=96&d=mm&r=g","caption":"Bruna Silva"},"sameAs":["https:\/\/www.aprovaconcursos.com.br\/"],"url":"https:\/\/www.aprovaconcursos.com.br\/noticias\/autor\/bruna-silva\/"}]}},"_links":{"self":[{"href":"https:\/\/www.aprovaconcursos.com.br\/noticias\/wp-json\/wp\/v2\/posts\/167015","targetHints":{"allow":["GET"]}}],"collection":[{"href":"https:\/\/www.aprovaconcursos.com.br\/noticias\/wp-json\/wp\/v2\/posts"}],"about":[{"href":"https:\/\/www.aprovaconcursos.com.br\/noticias\/wp-json\/wp\/v2\/types\/post"}],"author":[{"embeddable":true,"href":"https:\/\/www.aprovaconcursos.com.br\/noticias\/wp-json\/wp\/v2\/users\/6"}],"replies":[{"embeddable":true,"href":"https:\/\/www.aprovaconcursos.com.br\/noticias\/wp-json\/wp\/v2\/comments?post=167015"}],"version-history":[{"count":2,"href":"https:\/\/www.aprovaconcursos.com.br\/noticias\/wp-json\/wp\/v2\/posts\/167015\/revisions"}],"predecessor-version":[{"id":167020,"href":"https:\/\/www.aprovaconcursos.com.br\/noticias\/wp-json\/wp\/v2\/posts\/167015\/revisions\/167020"}],"wp:featuredmedia":[{"embeddable":true,"href":"https:\/\/www.aprovaconcursos.com.br\/noticias\/wp-json\/wp\/v2\/media\/167016"}],"wp:attachment":[{"href":"https:\/\/www.aprovaconcursos.com.br\/noticias\/wp-json\/wp\/v2\/media?parent=167015"}],"wp:term":[{"taxonomy":"category","embeddable":true,"href":"https:\/\/www.aprovaconcursos.com.br\/noticias\/wp-json\/wp\/v2\/categories?post=167015"},{"taxonomy":"post_tag","embeddable":true,"href":"https:\/\/www.aprovaconcursos.com.br\/noticias\/wp-json\/wp\/v2\/tags?post=167015"}],"curies":[{"name":"wp","href":"https:\/\/api.w.org\/{rel}","templated":true}]}}