{"id":167006,"date":"2026-09-01T09:16:50","date_gmt":"2026-09-01T12:16:50","guid":{"rendered":"https:\/\/www.aprovaconcursos.com.br\/noticias\/?p=167006"},"modified":"2026-09-01T09:16:51","modified_gmt":"2026-09-01T12:16:51","slug":"concurso-sape-sc","status":"publish","type":"post","link":"https:\/\/www.aprovaconcursos.com.br\/noticias\/concurso-sape-sc\/","title":{"rendered":"Concurso SAPE SC oferece iniciais de at\u00e9 R$ 11,5 mil"},"content":{"rendered":"\n<h2 id=\"h-resumo-e-situacao-atual\" class=\"wp-block-heading\">Resumo e situa\u00e7\u00e3o atual<\/h2>\n\n\n\n<p class=\"wp-block-paragraph\">O <strong>concurso SAPE SC<\/strong> est\u00e1 com as <strong>inscri\u00e7\u00f5es encerradas<\/strong> e caminha para a fase de provas. A Secretaria de Estado da Agricultura e Pecu\u00e1ria de Santa Catarina oferta <strong>20 vagas imediatas<\/strong> e cadastro de reserva para o cargo de <strong>Analista T\u00e9cnico Administrativo II<\/strong>, de n\u00edvel superior em qualquer \u00e1rea, com <strong>remunera\u00e7\u00e3o bruta inicial de R$ 11.521,24<\/strong> e jornada de 40 horas semanais.<\/p>\n\n\n\n<p class=\"wp-block-paragraph\">A organiza\u00e7\u00e3o \u00e9 da <strong>FEPESE<\/strong>. As inscri\u00e7\u00f5es foram recebidas das 16h de 10 de julho \u00e0s 16h de 28 de agosto de 2026, com taxa de R$ 150,00.<\/p>\n\n\n\n<p class=\"wp-block-paragraph\"><strong>\u00daltima movimenta\u00e7\u00e3o:<\/strong> encerramento do prazo de inscri\u00e7\u00e3o, em 28 de agosto.<\/p>\n\n\n\n<p class=\"wp-block-paragraph\"><strong>Pr\u00f3ximo passo:<\/strong> divulga\u00e7\u00e3o da <strong>homologa\u00e7\u00e3o das inscri\u00e7\u00f5es<\/strong>, prevista para <strong>4 de setembro de 2026<\/strong>, junto com os resultados dos pedidos de condi\u00e7\u00f5es especiais e de vagas reservadas a pessoas com defici\u00eancia.<\/p>\n\n\n\n<p class=\"wp-block-paragraph\">A <strong>prova objetiva<\/strong> est\u00e1 marcada para <strong>20 de setembro de 2026<\/strong>, e os locais de aplica\u00e7\u00e3o ser\u00e3o publicados em <strong>16 de setembro<\/strong>. O resultado final tem previs\u00e3o para <strong>26 de outubro de 2026<\/strong>.<\/p>\n\n\n\n<h2 id=\"h-solicitacao-e-autorizacao\" class=\"wp-block-heading\">Solicita\u00e7\u00e3o e autoriza\u00e7\u00e3o<\/h2>\n\n\n\n<p class=\"wp-block-paragraph\">A realiza\u00e7\u00e3o do concurso foi autorizada pelo <strong>Grupo Gestor de Governo de Santa Catarina<\/strong>. O edital foi aberto em conformidade com a <strong>delibera\u00e7\u00e3o n\u00ba 0906\/2026<\/strong>, de 8 de maio de 2026, publicada no <strong>Di\u00e1rio Oficial do Estado n\u00ba 22765, de 1\u00ba de junho de 2026<\/strong>.<\/p>\n\n\n\n<p class=\"wp-block-paragraph\">Ao anunciar a publica\u00e7\u00e3o do edital, o secret\u00e1rio de Estado da Agricultura e Pecu\u00e1ria, <strong>Admir Edi Dalla Cort<\/strong>, afirmou que a contrata\u00e7\u00e3o de novos analistas t\u00e9cnicos administrativos busca fortalecer a capacidade de atendimento e dar mais suporte \u00e0s atividades da Secretaria.<\/p>\n\n\n\n<h2 id=\"h-comissao-e-banca\" class=\"wp-block-heading\">Comiss\u00e3o e banca<\/h2>\n\n\n\n<p class=\"wp-block-paragraph\">A banca organizadora \u00e9 a <strong>FEPESE, Funda\u00e7\u00e3o de Estudos e Pesquisas Socioecon\u00f4micos<\/strong>, vinculada \u00e0 UFSC e sediada em Florian\u00f3polis.<\/p>\n\n\n\n<p class=\"wp-block-paragraph\">O edital delega \u00e0 FEPESE o recebimento e a homologa\u00e7\u00e3o das inscri\u00e7\u00f5es, a an\u00e1lise dos pedidos de isen\u00e7\u00e3o, a avalia\u00e7\u00e3o dos candidatos em todas as etapas, o julgamento dos recursos e a publica\u00e7\u00e3o do resultado final. Casos n\u00e3o previstos no edital s\u00e3o resolvidos conjuntamente pela <strong>Comiss\u00e3o do Concurso P\u00fablico<\/strong> da FEPESE e pela SAPE\/SC.<\/p>\n\n\n\n<p class=\"wp-block-paragraph\">Todos os atos oficiais s\u00e3o publicados no <strong>site do concurso<\/strong>, que o edital define como \u00fanica fonte v\u00e1lida de informa\u00e7\u00e3o.<\/p>\n\n\n\n<h2 id=\"h-edital\" class=\"wp-block-heading\">Edital<\/h2>\n\n\n\n<p class=\"wp-block-paragraph\">O <strong>Edital 001\/2026<\/strong> foi publicado no Di\u00e1rio Oficial do Estado em 2 de julho de 2026, e o documento completo passou a ficar dispon\u00edvel no site da FEPESE em <strong>10 de julho<\/strong>, data de abertura das inscri\u00e7\u00f5es.<\/p>\n\n\n\n<p class=\"wp-block-paragraph\">Pontos centrais do edital:<\/p>\n\n\n\n<ul class=\"wp-block-list\">\n<li><strong>Cargo \u00fanico:<\/strong> Analista T\u00e9cnico Administrativo II<\/li>\n\n\n\n<li><strong>Requisito:<\/strong> conclus\u00e3o de curso superior (qualquer \u00e1rea)<\/li>\n\n\n\n<li><strong>Regime:<\/strong> estatut\u00e1rio, conforme a Lei n\u00ba 6.745\/1985 e a Lei Complementar n\u00ba 676\/2016<\/li>\n\n\n\n<li><strong>Etapa \u00fanica:<\/strong> prova objetiva, de car\u00e1ter eliminat\u00f3rio e classificat\u00f3rio<\/li>\n\n\n\n<li><strong>Validade:<\/strong> 2 anos, prorrog\u00e1vel uma \u00fanica vez por igual per\u00edodo<\/li>\n\n\n\n<li><strong>Lota\u00e7\u00e3o:<\/strong> Florian\u00f3polis (SC)<\/li>\n<\/ul>\n\n\n\n<p class=\"wp-block-paragraph\">O edital recebeu <strong>tr\u00eas Termos de Retifica\u00e7\u00e3o<\/strong>. O <strong>TR01<\/strong> ajustou itens de isen\u00e7\u00e3o e datas do cronograma; o <strong>TR02<\/strong> alterou o programa de provas do bloco de Pol\u00edticas P\u00fablicas para o Desenvolvimento Rural e Agropecu\u00e1rio; e o <strong>TR03<\/strong> redistribuiu as vagas. Consulte sempre a vers\u00e3o consolidada no site oficial.<\/p>\n\n\n\n<h2 id=\"h-vagas-cargos-e-remuneracao\" class=\"wp-block-heading\">Vagas, cargos e remunera\u00e7\u00e3o<\/h2>\n\n\n\n<p class=\"wp-block-paragraph\">Com o Termo de Retifica\u00e7\u00e3o n\u00ba 03, a distribui\u00e7\u00e3o passou a ser de <strong>19 vagas de ampla concorr\u00eancia e 1 vaga reservada a pessoas com defici\u00eancia<\/strong>, al\u00e9m de cadastro de reserva em ambas as listas.<\/p>\n\n\n\n<p class=\"wp-block-paragraph\">A composi\u00e7\u00e3o da remunera\u00e7\u00e3o bruta mensal \u00e9 a seguinte:<\/p>\n\n\n\n<figure class=\"wp-block-table\"><table class=\"has-fixed-layout\"><thead><tr><th>Parcela<\/th><th>Valor<\/th><\/tr><\/thead><tbody><tr><td>Vencimento b\u00e1sico<\/td><td>R$ 1.296,00<\/td><\/tr><tr><td>Aux\u00edlio-alimenta\u00e7\u00e3o<\/td><td>R$ 550,00<\/td><\/tr><tr><td>Gratifica\u00e7\u00e3o de Atividade T\u00e9cnica (Lei n\u00ba 18.314\/2021)<\/td><td>R$ 2.175,24<\/td><\/tr><tr><td>Retribui\u00e7\u00e3o Financeira (Lei n\u00ba 19.291\/2025)<\/td><td>R$ 7.500,00<\/td><\/tr><tr><td><strong>Total<\/strong><\/td><td><strong>R$ 11.521,24<\/strong><\/td><\/tr><\/tbody><\/table><\/figure>\n\n\n\n<p class=\"wp-block-paragraph\">Entre as atribui\u00e7\u00f5es do cargo est\u00e3o planejar, coordenar, supervisionar e assessorar profissionais nas \u00e1reas de gest\u00e3o de pessoas, finan\u00e7as, or\u00e7amento, patrim\u00f4nio, material, log\u00edstica, administra\u00e7\u00e3o e controle interno, al\u00e9m de elaborar pareceres, relat\u00f3rios, estudos e an\u00e1lises t\u00e9cnicas.<\/p>\n\n\n\n<h2 id=\"h-inscricoes\" class=\"wp-block-heading\">Inscri\u00e7\u00f5es<\/h2>\n\n\n\n<p class=\"wp-block-paragraph\">O per\u00edodo de inscri\u00e7\u00e3o foi de <strong>10 de julho a 28 de agosto de 2026<\/strong>, exclusivamente pela internet, no site do concurso, com <strong>taxa de R$ 150,00<\/strong>. O prazo est\u00e1 <strong>encerrado<\/strong> e o edital veda inscri\u00e7\u00e3o condicional ou extempor\u00e2nea.<\/p>\n\n\n\n<p class=\"wp-block-paragraph\">Os pedidos de <strong>isen\u00e7\u00e3o da taxa<\/strong> foram recebidos entre 10 e 17 de julho, com resultado publicado em 29 de julho. Tiveram direito ao benef\u00edcio candidatos de baixa renda inscritos no Cad\u00danico, doadores de sangue, medula \u00f3ssea e leite humano, pessoas com defici\u00eancia com renda de at\u00e9 dois sal\u00e1rios m\u00ednimos, quem atuou a servi\u00e7o da Justi\u00e7a Eleitoral ou do Tribunal do J\u00fari catarinenses e candidatos desempregados ou com renda inferior a dois sal\u00e1rios m\u00ednimos.<\/p>\n\n\n\n<p class=\"wp-block-paragraph\">A <strong>homologa\u00e7\u00e3o das inscri\u00e7\u00f5es<\/strong> tem data prov\u00e1vel de <strong>4 de setembro de 2026<\/strong>. Quem tiver a inscri\u00e7\u00e3o n\u00e3o homologada pode recorrer pela internet, e as respostas aos recursos est\u00e3o previstas para 15 de setembro.<\/p>\n\n\n\n<h2 id=\"h-provas-e-locais\" class=\"wp-block-heading\">Provas e locais<\/h2>\n\n\n\n<p class=\"wp-block-paragraph\">A <strong>prova objetiva<\/strong> ser\u00e1 aplicada em <strong>20 de setembro de 2026<\/strong>, com <strong>4 horas de dura\u00e7\u00e3o<\/strong>, nas cidades de <strong>Chapec\u00f3, Crici\u00fama, Florian\u00f3polis (Grande Florian\u00f3polis), Joinville e Lages<\/strong>.<\/p>\n\n\n\n<p class=\"wp-block-paragraph\">Cronograma do dia de prova:<\/p>\n\n\n\n<figure class=\"wp-block-table\"><table class=\"has-fixed-layout\"><thead><tr><th>Evento<\/th><th>Hor\u00e1rio<\/th><\/tr><\/thead><tbody><tr><td>Abertura dos port\u00f5es<\/td><td>13h<\/td><\/tr><tr><td>Fechamento dos port\u00f5es<\/td><td>13h40<\/td><\/tr><tr><td>In\u00edcio da resolu\u00e7\u00e3o da prova<\/td><td>14h<\/td><\/tr><tr><td>Sa\u00edda m\u00ednima permitida<\/td><td>15h<\/td><\/tr><tr><td>T\u00e9rmino da prova<\/td><td>18h<\/td><\/tr><\/tbody><\/table><\/figure>\n\n\n\n<p class=\"wp-block-paragraph\">Os <strong>locais de prova<\/strong> ser\u00e3o divulgados em <strong>16 de setembro<\/strong> no site do concurso. N\u00e3o haver\u00e1 segunda chamada, e o acesso \u00e9 vedado a quem chegar ap\u00f3s o fechamento dos port\u00f5es.<\/p>\n\n\n\n<p class=\"wp-block-paragraph\">Estrutura da avalia\u00e7\u00e3o:<\/p>\n\n\n\n<figure class=\"wp-block-table\"><table class=\"has-fixed-layout\"><thead><tr><th>\u00c1rea de conhecimento<\/th><th>Quest\u00f5es<\/th><th>Total de pontos<\/th><\/tr><\/thead><tbody><tr><td>L\u00edngua Portuguesa<\/td><td>8<\/td><td>1,60<\/td><\/tr><tr><td>Racioc\u00ednio L\u00f3gico<\/td><td>7<\/td><td>1,40<\/td><\/tr><tr><td>Conhecimentos espec\u00edficos<\/td><td>35<\/td><td>7,00<\/td><\/tr><tr><td><strong>Total<\/strong><\/td><td><strong>50<\/strong><\/td><td><strong>10,00<\/strong><\/td><\/tr><\/tbody><\/table><\/figure>\n\n\n\n<p class=\"wp-block-paragraph\">Para ser aprovado, o candidato precisa obter <strong>nota igual ou superior a 6,00<\/strong>. Quem n\u00e3o alcan\u00e7ar essa pontua\u00e7\u00e3o est\u00e1 eliminado.<\/p>\n\n\n\n<p class=\"wp-block-paragraph\">\u00c9 permitido levar apenas caneta esferogr\u00e1fica transparente de tinta azul ou preta, documento de identifica\u00e7\u00e3o original, comprovante de pagamento e, se desejar, \u00e1gua e pequeno volume de alimentos em embalagem pl\u00e1stica transparente sem r\u00f3tulo.<\/p>\n\n\n\n<h2 id=\"h-gabaritos-e-resultados\" class=\"wp-block-heading\">Gabaritos e resultados<\/h2>\n\n\n\n<p class=\"wp-block-paragraph\">O <strong>caderno de provas e o gabarito preliminar<\/strong> ser\u00e3o publicados at\u00e9 as 23h59 do pr\u00f3prio dia da prova, 20 de setembro. O prazo de recurso contra o gabarito preliminar vai de 21 a 22 de setembro, com respostas previstas para 30 de setembro.<\/p>\n\n\n\n<p class=\"wp-block-paragraph\">Etapas seguintes, segundo o cronograma oficial:<\/p>\n\n\n\n<ul class=\"wp-block-list\">\n<li><strong>2 de outubro<\/strong> \u2014 resultado da prova objetiva<\/li>\n\n\n\n<li><strong>5 e 6 de outubro<\/strong> \u2014 prazo de recurso<\/li>\n\n\n\n<li><strong>13 de outubro<\/strong> \u2014 respostas aos recursos<\/li>\n\n\n\n<li><strong>14 de outubro<\/strong> \u2014 resultado preliminar<\/li>\n\n\n\n<li><strong>15 e 16 de outubro<\/strong> \u2014 prazo de recurso<\/li>\n\n\n\n<li><strong>26 de outubro<\/strong> \u2014 <strong>resultado final<\/strong><\/li>\n\n\n\n<li><strong>Homologa\u00e7\u00e3o<\/strong> \u2014 a ser definida<\/li>\n<\/ul>\n\n\n\n<p class=\"wp-block-paragraph\">O resultado final sair\u00e1 em duas listagens: classifica\u00e7\u00e3o geral e lista de pessoas com defici\u00eancia. Em caso de empate, o primeiro crit\u00e9rio de desempate \u00e9 a maior idade entre candidatos com mais de 60 anos; depois, maior pontua\u00e7\u00e3o em conhecimentos espec\u00edficos, L\u00edngua Portuguesa e Racioc\u00ednio L\u00f3gico, condi\u00e7\u00e3o de jurado e, por fim, maior idade.<\/p>\n\n\n\n<h2 id=\"h-cronologia\" class=\"wp-block-heading\">Cronologia<\/h2>\n\n\n\n<ul class=\"wp-block-list\">\n<li><strong>8 de maio de 2026<\/strong> \u2014 Grupo Gestor de Governo aprova a delibera\u00e7\u00e3o n\u00ba 0906\/2026, que autoriza o concurso<\/li>\n\n\n\n<li><strong>1\u00ba de junho de 2026<\/strong> \u2014 autoriza\u00e7\u00e3o \u00e9 publicada no DOE\/SC n\u00ba 22765<\/li>\n\n\n\n<li><strong>2 de julho de 2026<\/strong> \u2014 SAPE\/SC publica o Edital 001\/2026 no Di\u00e1rio Oficial do Estado<\/li>\n\n\n\n<li><strong>10 de julho de 2026<\/strong> \u2014 edital completo \u00e9 disponibilizado no site da FEPESE e as inscri\u00e7\u00f5es abrem \u00e0s 16h<\/li>\n\n\n\n<li><strong>17 de julho de 2026<\/strong> \u2014 encerra o prazo para pedidos de isen\u00e7\u00e3o da taxa<\/li>\n\n\n\n<li><strong>29 de julho de 2026<\/strong> \u2014 divulga\u00e7\u00e3o do resultado dos pedidos de isen\u00e7\u00e3o<\/li>\n\n\n\n<li><strong>Julho e agosto de 2026<\/strong> \u2014 publica\u00e7\u00e3o dos Termos de Retifica\u00e7\u00e3o n\u00ba 01, 02 e 03<\/li>\n\n\n\n<li><strong>28 de agosto de 2026<\/strong> \u2014 inscri\u00e7\u00f5es encerradas \u00e0s 16h<\/li>\n\n\n\n<li><strong>4 de setembro de 2026<\/strong> \u2014 previs\u00e3o de homologa\u00e7\u00e3o das inscri\u00e7\u00f5es<\/li>\n\n\n\n<li><strong>16 de setembro de 2026<\/strong> \u2014 previs\u00e3o de divulga\u00e7\u00e3o dos locais de prova<\/li>\n\n\n\n<li><strong>20 de setembro de 2026<\/strong> \u2014 aplica\u00e7\u00e3o da prova objetiva<\/li>\n\n\n\n<li><strong>26 de outubro de 2026<\/strong> \u2014 previs\u00e3o do resultado final<\/li>\n<\/ul>\n\n\n\n<h2 id=\"h-ultimas-noticias\" class=\"wp-block-heading\">\u00daltimas not\u00edcias<\/h2>\n\n\n\n<p class=\"wp-block-paragraph\"><strong>Inscri\u00e7\u00f5es encerradas com taxa de R$ 150,00<\/strong><br>O prazo terminou \u00e0s 16h de 28 de agosto de 2026. Quem pagou o boleto ou teve a isen\u00e7\u00e3o deferida agora aguarda a homologa\u00e7\u00e3o, prevista para 4 de setembro.<\/p>\n\n\n\n<p class=\"wp-block-paragraph\"><strong>Retifica\u00e7\u00e3o redistribui as vagas do cargo<\/strong><br>O Termo de Retifica\u00e7\u00e3o n\u00ba 03 fixou 19 vagas de ampla concorr\u00eancia e 1 vaga reservada a pessoas com defici\u00eancia, mantendo o total de 20 oportunidades imediatas e o cadastro de reserva.<\/p>\n\n\n\n<p class=\"wp-block-paragraph\"><strong>Edital 001\/2026 \u00e9 publicado com 20 vagas de n\u00edvel superior<\/strong><br>A SAPE\/SC abriu o concurso para Analista T\u00e9cnico Administrativo II, com remunera\u00e7\u00e3o inicial de R$ 11.521,24 e prova objetiva como etapa \u00fanica.<\/p>\n\n\n\n<h2 id=\"h-perguntas-frequentes\" class=\"wp-block-heading\">Perguntas frequentes<\/h2>\n\n\n\n<h3 id=\"h-quem-perdeu-o-prazo-pode-se-inscrever-depois\" class=\"wp-block-heading\">Quem perdeu o prazo pode se inscrever depois?<\/h3>\n\n\n\n<p class=\"wp-block-paragraph\">N\u00e3o. O edital veda inscri\u00e7\u00e3o condicional, extempor\u00e2nea, postal ou por qualquer via n\u00e3o prevista. Tamb\u00e9m n\u00e3o h\u00e1 restitui\u00e7\u00e3o da taxa, exceto em caso de cancelamento ou anula\u00e7\u00e3o do concurso. Quem n\u00e3o se inscreveu at\u00e9 28 de agosto precisa aguardar uma nova oportunidade na Secretaria.<\/p>\n\n\n\n<h3 id=\"h-o-que-fazer-se-a-inscricao-nao-for-homologada\" class=\"wp-block-heading\">O que fazer se a inscri\u00e7\u00e3o n\u00e3o for homologada?<\/h3>\n\n\n\n<p class=\"wp-block-paragraph\">Cabe recurso, apresentado exclusivamente pela internet, no site do concurso, at\u00e9 as 17h do segundo dia \u00fatil ap\u00f3s a publica\u00e7\u00e3o do ato. A lista de homologa\u00e7\u00e3o tem data prov\u00e1vel de 4 de setembro, e as respostas aos recursos est\u00e3o previstas para 15 de setembro.<\/p>\n\n\n\n<h3 id=\"h-alcancar-6-00-pontos-garante-a-vaga\" class=\"wp-block-heading\">Alcan\u00e7ar 6,00 pontos garante a vaga?<\/h3>\n\n\n\n<p class=\"wp-block-paragraph\">N\u00e3o. A nota m\u00ednima de 6,00 apenas evita a elimina\u00e7\u00e3o. A prova tamb\u00e9m \u00e9 classificat\u00f3ria, e a nomea\u00e7\u00e3o depende da posi\u00e7\u00e3o na lista, do n\u00famero de vagas e da disponibilidade or\u00e7ament\u00e1ria da Secretaria.<\/p>\n\n\n\n<h3 id=\"h-aprovado-em-cadastro-de-reserva-sera-chamado\" class=\"wp-block-heading\">Aprovado em cadastro de reserva ser\u00e1 chamado?<\/h3>\n\n\n\n<p class=\"wp-block-paragraph\">N\u00e3o h\u00e1 garantia. A SAPE\/SC pode nomear conforme o interesse do servi\u00e7o e a disponibilidade or\u00e7ament\u00e1ria, at\u00e9 o n\u00famero de vagas do edital ou de vagas que venham a surgir durante a validade, de dois anos, prorrog\u00e1vel uma vez por igual per\u00edodo.<\/p>\n\n\n\n<h3 id=\"h-e-possivel-escolher-outra-cidade-de-lotacao\" class=\"wp-block-heading\">\u00c9 poss\u00edvel escolher outra cidade de lota\u00e7\u00e3o?<\/h3>\n\n\n\n<p class=\"wp-block-paragraph\">N\u00e3o. O edital determina que os aprovados ser\u00e3o lotados em Florian\u00f3polis. A cidade escolhida na inscri\u00e7\u00e3o vale apenas para a aplica\u00e7\u00e3o da prova objetiva, entre Chapec\u00f3, Crici\u00fama, Florian\u00f3polis, Joinville e Lages.<\/p>\n\n\n\n<p class=\"wp-block-paragraph\"><\/p>\n","protected":false},"excerpt":{"rendered":"<p>Resumo e situa\u00e7\u00e3o atual O concurso SAPE SC est\u00e1 com as inscri\u00e7\u00f5es encerradas e caminha para a fase de provas. A Secretaria\u2026<\/p>\n","protected":false},"author":6,"featured_media":167009,"comment_status":"open","ping_status":"open","sticky":false,"template":"","format":"standard","meta":{"footnotes":""},"categories":[11,18699],"tags":[24769],"class_list":["post-167006","post","type-post","status-publish","format-standard","has-post-thumbnail","hentry","category-noticias","category-ultimas-noticias-concursos","tag-sape-sc"],"yoast_head":"<!-- This site is optimized with the Yoast SEO Premium plugin v27.9 (Yoast SEO v28.2) - https:\/\/yoast.com\/product\/yoast-seo-premium-wordpress\/ -->\n<title>Concurso SAPE SC: R$ 11,5 mil iniciais e prova em setembro<\/title>\n<meta name=\"description\" content=\"20 vagas de n\u00edvel superior, iniciais de R$ 11,5 mil e prova objetiva em 20 de setembro. Veja situa\u00e7\u00e3o atual, cronograma e fontes oficiais.\" \/>\n<meta name=\"robots\" content=\"index, follow, max-snippet:-1, max-image-preview:large, max-video-preview:-1\" \/>\n<link rel=\"canonical\" href=\"https:\/\/www.aprovaconcursos.com.br\/noticias\/concurso-sape-sc\/\" \/>\n<meta property=\"og:locale\" content=\"pt_BR\" \/>\n<meta property=\"og:type\" content=\"article\" \/>\n<meta property=\"og:title\" content=\"Concurso SAPE SC oferece iniciais de at\u00e9 R$ 11,5 mil\" \/>\n<meta property=\"og:description\" content=\"20 vagas de n\u00edvel superior, iniciais de R$ 11,5 mil e prova objetiva em 20 de setembro. Veja situa\u00e7\u00e3o atual, cronograma e fontes oficiais.\" \/>\n<meta property=\"og:url\" content=\"https:\/\/www.aprovaconcursos.com.br\/noticias\/concurso-sape-sc\/\" \/>\n<meta property=\"og:site_name\" content=\"Aprova Concursos - Not\u00edcias\" \/>\n<meta property=\"article:publisher\" content=\"https:\/\/www.facebook.com\/aprovaconcursos\" \/>\n<meta property=\"article:published_time\" content=\"2026-09-01T12:16:50+00:00\" \/>\n<meta property=\"article:modified_time\" content=\"2026-09-01T12:16:51+00:00\" \/>\n<meta property=\"og:image\" content=\"https:\/\/www.aprovaconcursos.com.br\/noticias\/wp-content\/uploads\/2026\/09\/concurso-sape-sc.webp\" \/>\n\t<meta property=\"og:image:width\" content=\"1200\" \/>\n\t<meta property=\"og:image:height\" content=\"628\" \/>\n\t<meta property=\"og:image:type\" content=\"image\/webp\" \/>\n<meta name=\"author\" content=\"Bruna Silva\" \/>\n<meta name=\"twitter:card\" content=\"summary_large_image\" \/>\n<meta name=\"twitter:label1\" content=\"Escrito por\" \/>\n\t<meta name=\"twitter:data1\" content=\"Bruna Silva\" \/>\n\t<meta name=\"twitter:label2\" content=\"Est. tempo de leitura\" \/>\n\t<meta name=\"twitter:data2\" content=\"9 minutos\" \/>\n<script type=\"application\/ld+json\" class=\"yoast-schema-graph\">{\"@context\":\"https:\\\/\\\/schema.org\",\"@graph\":[{\"@type\":\"NewsArticle\",\"@id\":\"https:\\\/\\\/www.aprovaconcursos.com.br\\\/noticias\\\/concurso-sape-sc\\\/#article\",\"isPartOf\":{\"@id\":\"https:\\\/\\\/www.aprovaconcursos.com.br\\\/noticias\\\/concurso-sape-sc\\\/\"},\"author\":{\"name\":\"Bruna Silva\",\"@id\":\"https:\\\/\\\/www.aprovaconcursos.com.br\\\/noticias\\\/#\\\/schema\\\/person\\\/02de4047f7bd2cbec9b6b2323204656c\"},\"headline\":\"Concurso SAPE SC oferece iniciais de at\u00e9 R$ 11,5 mil\",\"datePublished\":\"2026-09-01T12:16:50+00:00\",\"dateModified\":\"2026-09-01T12:16:51+00:00\",\"mainEntityOfPage\":{\"@id\":\"https:\\\/\\\/www.aprovaconcursos.com.br\\\/noticias\\\/concurso-sape-sc\\\/\"},\"wordCount\":1675,\"commentCount\":0,\"publisher\":{\"@id\":\"https:\\\/\\\/www.aprovaconcursos.com.br\\\/noticias\\\/#organization\"},\"image\":{\"@id\":\"https:\\\/\\\/www.aprovaconcursos.com.br\\\/noticias\\\/concurso-sape-sc\\\/#primaryimage\"},\"thumbnailUrl\":\"https:\\\/\\\/www.aprovaconcursos.com.br\\\/noticias\\\/wp-content\\\/uploads\\\/2026\\\/09\\\/concurso-sape-sc.webp\",\"keywords\":[\"SAPE SC\"],\"articleSection\":[\"Not\u00edcias\",\"\u00daltimas Not\u00edcias\"],\"inLanguage\":\"pt-BR\",\"potentialAction\":[{\"@type\":\"CommentAction\",\"name\":\"Comment\",\"target\":[\"https:\\\/\\\/www.aprovaconcursos.com.br\\\/noticias\\\/concurso-sape-sc\\\/#respond\"]}],\"copyrightYear\":\"2026\",\"copyrightHolder\":{\"@id\":\"https:\\\/\\\/www.aprovaconcursos.com.br\\\/noticias\\\/#organization\"}},{\"@type\":\"WebPage\",\"@id\":\"https:\\\/\\\/www.aprovaconcursos.com.br\\\/noticias\\\/concurso-sape-sc\\\/\",\"url\":\"https:\\\/\\\/www.aprovaconcursos.com.br\\\/noticias\\\/concurso-sape-sc\\\/\",\"name\":\"Concurso SAPE SC: R$ 11,5 mil iniciais e prova em setembro\",\"isPartOf\":{\"@id\":\"https:\\\/\\\/www.aprovaconcursos.com.br\\\/noticias\\\/#website\"},\"primaryImageOfPage\":{\"@id\":\"https:\\\/\\\/www.aprovaconcursos.com.br\\\/noticias\\\/concurso-sape-sc\\\/#primaryimage\"},\"image\":{\"@id\":\"https:\\\/\\\/www.aprovaconcursos.com.br\\\/noticias\\\/concurso-sape-sc\\\/#primaryimage\"},\"thumbnailUrl\":\"https:\\\/\\\/www.aprovaconcursos.com.br\\\/noticias\\\/wp-content\\\/uploads\\\/2026\\\/09\\\/concurso-sape-sc.webp\",\"datePublished\":\"2026-09-01T12:16:50+00:00\",\"dateModified\":\"2026-09-01T12:16:51+00:00\",\"description\":\"20 vagas de n\u00edvel superior, iniciais de R$ 11,5 mil e prova objetiva em 20 de setembro. Veja situa\u00e7\u00e3o atual, cronograma e fontes oficiais.\",\"breadcrumb\":{\"@id\":\"https:\\\/\\\/www.aprovaconcursos.com.br\\\/noticias\\\/concurso-sape-sc\\\/#breadcrumb\"},\"inLanguage\":\"pt-BR\",\"potentialAction\":[{\"@type\":\"ReadAction\",\"target\":[\"https:\\\/\\\/www.aprovaconcursos.com.br\\\/noticias\\\/concurso-sape-sc\\\/\"]}]},{\"@type\":\"ImageObject\",\"inLanguage\":\"pt-BR\",\"@id\":\"https:\\\/\\\/www.aprovaconcursos.com.br\\\/noticias\\\/concurso-sape-sc\\\/#primaryimage\",\"url\":\"https:\\\/\\\/www.aprovaconcursos.com.br\\\/noticias\\\/wp-content\\\/uploads\\\/2026\\\/09\\\/concurso-sape-sc.webp\",\"contentUrl\":\"https:\\\/\\\/www.aprovaconcursos.com.br\\\/noticias\\\/wp-content\\\/uploads\\\/2026\\\/09\\\/concurso-sape-sc.webp\",\"width\":1200,\"height\":628,\"caption\":\"Concurso SAPE SC.\"},{\"@type\":\"BreadcrumbList\",\"@id\":\"https:\\\/\\\/www.aprovaconcursos.com.br\\\/noticias\\\/concurso-sape-sc\\\/#breadcrumb\",\"itemListElement\":[{\"@type\":\"ListItem\",\"position\":1,\"name\":\"Home\",\"item\":\"https:\\\/\\\/www.aprovaconcursos.com.br\\\/noticias\\\/\"},{\"@type\":\"ListItem\",\"position\":2,\"name\":\"Concurso SAPE SC oferece iniciais de at\u00e9 R$ 11,5 mil\"}]},{\"@type\":\"WebSite\",\"@id\":\"https:\\\/\\\/www.aprovaconcursos.com.br\\\/noticias\\\/#website\",\"url\":\"https:\\\/\\\/www.aprovaconcursos.com.br\\\/noticias\\\/\",\"name\":\"Aprova Concursos - Not\u00edcias\",\"description\":\"Fique por dentro das not\u00edcias sobre concursos p\u00fablicos do Brasil inteiro, ENEM, Exame de Ordem (OAB) e Exame de Sufici\u00eancia (CFC). Mantenha-se atualizado aqui!\",\"publisher\":{\"@id\":\"https:\\\/\\\/www.aprovaconcursos.com.br\\\/noticias\\\/#organization\"},\"potentialAction\":[{\"@type\":\"SearchAction\",\"target\":{\"@type\":\"EntryPoint\",\"urlTemplate\":\"https:\\\/\\\/www.aprovaconcursos.com.br\\\/noticias\\\/?s={search_term_string}\"},\"query-input\":{\"@type\":\"PropertyValueSpecification\",\"valueRequired\":true,\"valueName\":\"search_term_string\"}}],\"inLanguage\":\"pt-BR\"},{\"@type\":\"Organization\",\"@id\":\"https:\\\/\\\/www.aprovaconcursos.com.br\\\/noticias\\\/#organization\",\"name\":\"Aprova Concursos - Not\u00edcias\",\"url\":\"https:\\\/\\\/www.aprovaconcursos.com.br\\\/noticias\\\/\",\"logo\":{\"@type\":\"ImageObject\",\"inLanguage\":\"pt-BR\",\"@id\":\"https:\\\/\\\/www.aprovaconcursos.com.br\\\/noticias\\\/#\\\/schema\\\/logo\\\/image\\\/\",\"url\":\"https:\\\/\\\/www.aprovaconcursos.com.br\\\/noticias\\\/wp-content\\\/uploads\\\/2026\\\/06\\\/logo.webp\",\"contentUrl\":\"https:\\\/\\\/www.aprovaconcursos.com.br\\\/noticias\\\/wp-content\\\/uploads\\\/2026\\\/06\\\/logo.webp\",\"width\":171,\"height\":49,\"caption\":\"Aprova Concursos - Not\u00edcias\"},\"image\":{\"@id\":\"https:\\\/\\\/www.aprovaconcursos.com.br\\\/noticias\\\/#\\\/schema\\\/logo\\\/image\\\/\"},\"sameAs\":[\"https:\\\/\\\/www.facebook.com\\\/aprovaconcursos\"]},{\"@type\":\"Person\",\"@id\":\"https:\\\/\\\/www.aprovaconcursos.com.br\\\/noticias\\\/#\\\/schema\\\/person\\\/02de4047f7bd2cbec9b6b2323204656c\",\"name\":\"Bruna Silva\",\"image\":{\"@type\":\"ImageObject\",\"inLanguage\":\"pt-BR\",\"@id\":\"https:\\\/\\\/secure.gravatar.com\\\/avatar\\\/5fabaa975c4c6bb33544b972597d884f7e9c3a62a662250af1086af52760d20a?s=96&d=mm&r=g\",\"url\":\"https:\\\/\\\/secure.gravatar.com\\\/avatar\\\/5fabaa975c4c6bb33544b972597d884f7e9c3a62a662250af1086af52760d20a?s=96&d=mm&r=g\",\"contentUrl\":\"https:\\\/\\\/secure.gravatar.com\\\/avatar\\\/5fabaa975c4c6bb33544b972597d884f7e9c3a62a662250af1086af52760d20a?s=96&d=mm&r=g\",\"caption\":\"Bruna Silva\"},\"sameAs\":[\"https:\\\/\\\/www.aprovaconcursos.com.br\\\/\"],\"url\":\"https:\\\/\\\/www.aprovaconcursos.com.br\\\/noticias\\\/autor\\\/bruna-silva\\\/\"}]}<\/script>\n<!-- \/ Yoast SEO Premium plugin. -->","yoast_head_json":{"title":"Concurso SAPE SC: R$ 11,5 mil iniciais e prova em setembro","description":"20 vagas de n\u00edvel superior, iniciais de R$ 11,5 mil e prova objetiva em 20 de setembro. Veja situa\u00e7\u00e3o atual, cronograma e fontes oficiais.","robots":{"index":"index","follow":"follow","max-snippet":"max-snippet:-1","max-image-preview":"max-image-preview:large","max-video-preview":"max-video-preview:-1"},"canonical":"https:\/\/www.aprovaconcursos.com.br\/noticias\/concurso-sape-sc\/","og_locale":"pt_BR","og_type":"article","og_title":"Concurso SAPE SC oferece iniciais de at\u00e9 R$ 11,5 mil","og_description":"20 vagas de n\u00edvel superior, iniciais de R$ 11,5 mil e prova objetiva em 20 de setembro. Veja situa\u00e7\u00e3o atual, cronograma e fontes oficiais.","og_url":"https:\/\/www.aprovaconcursos.com.br\/noticias\/concurso-sape-sc\/","og_site_name":"Aprova Concursos - Not\u00edcias","article_publisher":"https:\/\/www.facebook.com\/aprovaconcursos","article_published_time":"2026-09-01T12:16:50+00:00","article_modified_time":"2026-09-01T12:16:51+00:00","og_image":[{"width":1200,"height":628,"url":"https:\/\/www.aprovaconcursos.com.br\/noticias\/wp-content\/uploads\/2026\/09\/concurso-sape-sc.webp","type":"image\/webp"}],"author":"Bruna Silva","twitter_card":"summary_large_image","twitter_misc":{"Escrito por":"Bruna Silva","Est. tempo de leitura":"9 minutos"},"schema":{"@context":"https:\/\/schema.org","@graph":[{"@type":"NewsArticle","@id":"https:\/\/www.aprovaconcursos.com.br\/noticias\/concurso-sape-sc\/#article","isPartOf":{"@id":"https:\/\/www.aprovaconcursos.com.br\/noticias\/concurso-sape-sc\/"},"author":{"name":"Bruna Silva","@id":"https:\/\/www.aprovaconcursos.com.br\/noticias\/#\/schema\/person\/02de4047f7bd2cbec9b6b2323204656c"},"headline":"Concurso SAPE SC oferece iniciais de at\u00e9 R$ 11,5 mil","datePublished":"2026-09-01T12:16:50+00:00","dateModified":"2026-09-01T12:16:51+00:00","mainEntityOfPage":{"@id":"https:\/\/www.aprovaconcursos.com.br\/noticias\/concurso-sape-sc\/"},"wordCount":1675,"commentCount":0,"publisher":{"@id":"https:\/\/www.aprovaconcursos.com.br\/noticias\/#organization"},"image":{"@id":"https:\/\/www.aprovaconcursos.com.br\/noticias\/concurso-sape-sc\/#primaryimage"},"thumbnailUrl":"https:\/\/www.aprovaconcursos.com.br\/noticias\/wp-content\/uploads\/2026\/09\/concurso-sape-sc.webp","keywords":["SAPE SC"],"articleSection":["Not\u00edcias","\u00daltimas Not\u00edcias"],"inLanguage":"pt-BR","potentialAction":[{"@type":"CommentAction","name":"Comment","target":["https:\/\/www.aprovaconcursos.com.br\/noticias\/concurso-sape-sc\/#respond"]}],"copyrightYear":"2026","copyrightHolder":{"@id":"https:\/\/www.aprovaconcursos.com.br\/noticias\/#organization"}},{"@type":"WebPage","@id":"https:\/\/www.aprovaconcursos.com.br\/noticias\/concurso-sape-sc\/","url":"https:\/\/www.aprovaconcursos.com.br\/noticias\/concurso-sape-sc\/","name":"Concurso SAPE SC: R$ 11,5 mil iniciais e prova em setembro","isPartOf":{"@id":"https:\/\/www.aprovaconcursos.com.br\/noticias\/#website"},"primaryImageOfPage":{"@id":"https:\/\/www.aprovaconcursos.com.br\/noticias\/concurso-sape-sc\/#primaryimage"},"image":{"@id":"https:\/\/www.aprovaconcursos.com.br\/noticias\/concurso-sape-sc\/#primaryimage"},"thumbnailUrl":"https:\/\/www.aprovaconcursos.com.br\/noticias\/wp-content\/uploads\/2026\/09\/concurso-sape-sc.webp","datePublished":"2026-09-01T12:16:50+00:00","dateModified":"2026-09-01T12:16:51+00:00","description":"20 vagas de n\u00edvel superior, iniciais de R$ 11,5 mil e prova objetiva em 20 de setembro. Veja situa\u00e7\u00e3o atual, cronograma e fontes oficiais.","breadcrumb":{"@id":"https:\/\/www.aprovaconcursos.com.br\/noticias\/concurso-sape-sc\/#breadcrumb"},"inLanguage":"pt-BR","potentialAction":[{"@type":"ReadAction","target":["https:\/\/www.aprovaconcursos.com.br\/noticias\/concurso-sape-sc\/"]}]},{"@type":"ImageObject","inLanguage":"pt-BR","@id":"https:\/\/www.aprovaconcursos.com.br\/noticias\/concurso-sape-sc\/#primaryimage","url":"https:\/\/www.aprovaconcursos.com.br\/noticias\/wp-content\/uploads\/2026\/09\/concurso-sape-sc.webp","contentUrl":"https:\/\/www.aprovaconcursos.com.br\/noticias\/wp-content\/uploads\/2026\/09\/concurso-sape-sc.webp","width":1200,"height":628,"caption":"Concurso SAPE SC."},{"@type":"BreadcrumbList","@id":"https:\/\/www.aprovaconcursos.com.br\/noticias\/concurso-sape-sc\/#breadcrumb","itemListElement":[{"@type":"ListItem","position":1,"name":"Home","item":"https:\/\/www.aprovaconcursos.com.br\/noticias\/"},{"@type":"ListItem","position":2,"name":"Concurso SAPE SC oferece iniciais de at\u00e9 R$ 11,5 mil"}]},{"@type":"WebSite","@id":"https:\/\/www.aprovaconcursos.com.br\/noticias\/#website","url":"https:\/\/www.aprovaconcursos.com.br\/noticias\/","name":"Aprova Concursos - Not\u00edcias","description":"Fique por dentro das not\u00edcias sobre concursos p\u00fablicos do Brasil inteiro, ENEM, Exame de Ordem (OAB) e Exame de Sufici\u00eancia (CFC). Mantenha-se atualizado aqui!","publisher":{"@id":"https:\/\/www.aprovaconcursos.com.br\/noticias\/#organization"},"potentialAction":[{"@type":"SearchAction","target":{"@type":"EntryPoint","urlTemplate":"https:\/\/www.aprovaconcursos.com.br\/noticias\/?s={search_term_string}"},"query-input":{"@type":"PropertyValueSpecification","valueRequired":true,"valueName":"search_term_string"}}],"inLanguage":"pt-BR"},{"@type":"Organization","@id":"https:\/\/www.aprovaconcursos.com.br\/noticias\/#organization","name":"Aprova Concursos - Not\u00edcias","url":"https:\/\/www.aprovaconcursos.com.br\/noticias\/","logo":{"@type":"ImageObject","inLanguage":"pt-BR","@id":"https:\/\/www.aprovaconcursos.com.br\/noticias\/#\/schema\/logo\/image\/","url":"https:\/\/www.aprovaconcursos.com.br\/noticias\/wp-content\/uploads\/2026\/06\/logo.webp","contentUrl":"https:\/\/www.aprovaconcursos.com.br\/noticias\/wp-content\/uploads\/2026\/06\/logo.webp","width":171,"height":49,"caption":"Aprova Concursos - Not\u00edcias"},"image":{"@id":"https:\/\/www.aprovaconcursos.com.br\/noticias\/#\/schema\/logo\/image\/"},"sameAs":["https:\/\/www.facebook.com\/aprovaconcursos"]},{"@type":"Person","@id":"https:\/\/www.aprovaconcursos.com.br\/noticias\/#\/schema\/person\/02de4047f7bd2cbec9b6b2323204656c","name":"Bruna Silva","image":{"@type":"ImageObject","inLanguage":"pt-BR","@id":"https:\/\/secure.gravatar.com\/avatar\/5fabaa975c4c6bb33544b972597d884f7e9c3a62a662250af1086af52760d20a?s=96&d=mm&r=g","url":"https:\/\/secure.gravatar.com\/avatar\/5fabaa975c4c6bb33544b972597d884f7e9c3a62a662250af1086af52760d20a?s=96&d=mm&r=g","contentUrl":"https:\/\/secure.gravatar.com\/avatar\/5fabaa975c4c6bb33544b972597d884f7e9c3a62a662250af1086af52760d20a?s=96&d=mm&r=g","caption":"Bruna Silva"},"sameAs":["https:\/\/www.aprovaconcursos.com.br\/"],"url":"https:\/\/www.aprovaconcursos.com.br\/noticias\/autor\/bruna-silva\/"}]}},"_links":{"self":[{"href":"https:\/\/www.aprovaconcursos.com.br\/noticias\/wp-json\/wp\/v2\/posts\/167006","targetHints":{"allow":["GET"]}}],"collection":[{"href":"https:\/\/www.aprovaconcursos.com.br\/noticias\/wp-json\/wp\/v2\/posts"}],"about":[{"href":"https:\/\/www.aprovaconcursos.com.br\/noticias\/wp-json\/wp\/v2\/types\/post"}],"author":[{"embeddable":true,"href":"https:\/\/www.aprovaconcursos.com.br\/noticias\/wp-json\/wp\/v2\/users\/6"}],"replies":[{"embeddable":true,"href":"https:\/\/www.aprovaconcursos.com.br\/noticias\/wp-json\/wp\/v2\/comments?post=167006"}],"version-history":[{"count":1,"href":"https:\/\/www.aprovaconcursos.com.br\/noticias\/wp-json\/wp\/v2\/posts\/167006\/revisions"}],"predecessor-version":[{"id":167008,"href":"https:\/\/www.aprovaconcursos.com.br\/noticias\/wp-json\/wp\/v2\/posts\/167006\/revisions\/167008"}],"wp:featuredmedia":[{"embeddable":true,"href":"https:\/\/www.aprovaconcursos.com.br\/noticias\/wp-json\/wp\/v2\/media\/167009"}],"wp:attachment":[{"href":"https:\/\/www.aprovaconcursos.com.br\/noticias\/wp-json\/wp\/v2\/media?parent=167006"}],"wp:term":[{"taxonomy":"category","embeddable":true,"href":"https:\/\/www.aprovaconcursos.com.br\/noticias\/wp-json\/wp\/v2\/categories?post=167006"},{"taxonomy":"post_tag","embeddable":true,"href":"https:\/\/www.aprovaconcursos.com.br\/noticias\/wp-json\/wp\/v2\/tags?post=167006"}],"curies":[{"name":"wp","href":"https:\/\/api.w.org\/{rel}","templated":true}]}}