{"id":166995,"date":"2026-08-31T09:48:08","date_gmt":"2026-08-31T12:48:08","guid":{"rendered":"https:\/\/www.aprovaconcursos.com.br\/noticias\/?p=166995"},"modified":"2026-08-31T10:29:30","modified_gmt":"2026-08-31T13:29:30","slug":"concurso-trt-8","status":"publish","type":"post","link":"https:\/\/www.aprovaconcursos.com.br\/noticias\/concurso-trt-8\/","title":{"rendered":"Concurso TRT 8: 24 cargos e sal\u00e1rio inicial de R$ 16 mil"},"content":{"rendered":"\n<h2 id=\"h-resumo-e-situacao-atual\" class=\"wp-block-heading\">Resumo e situa\u00e7\u00e3o atual<\/h2>\n\n\n\n<p class=\"wp-block-paragraph\">O <strong>concurso TRT 8<\/strong> (Tribunal Regional do Trabalho da 8\u00aa Regi\u00e3o, com jurisdi\u00e7\u00e3o no Par\u00e1 e no Amap\u00e1) est\u00e1 com <strong>banca contratada e edital pendente de publica\u00e7\u00e3o<\/strong>.<\/p>\n\n\n\n<p class=\"wp-block-paragraph\">O <strong>Contrato TRT-8 n\u00ba 34\/2026<\/strong>, firmado com a <strong>Funda\u00e7\u00e3o Carlos Chagas (FCC)<\/strong>, foi assinado em <strong>27 de agosto de 2026<\/strong> pela Presid\u00eancia do tribunal e pela organizadora. No dia seguinte, <strong>28 de agosto<\/strong>, o extrato do contrato foi publicado no <strong>Portal Nacional de Contrata\u00e7\u00f5es P\u00fablicas (PNCP)<\/strong>, com valor de <strong>R$ 3.085.624,00<\/strong>.<\/p>\n\n\n\n<p class=\"wp-block-paragraph\">Pelo objeto do contrato, a sele\u00e7\u00e3o ser\u00e1 destinada \u00e0 <strong>forma\u00e7\u00e3o de cadastro de reserva<\/strong> para os cargos de <strong>Analista Judici\u00e1rio e T\u00e9cnico Judici\u00e1rio<\/strong>, ambos de n\u00edvel superior. O quadro anexo ao contrato relaciona <strong>24 combina\u00e7\u00f5es de cargo, \u00e1rea e especialidade<\/strong>.<\/p>\n\n\n\n<p class=\"wp-block-paragraph\"><strong>\u00daltimo movimento:<\/strong> publica\u00e7\u00e3o do extrato do contrato com a FCC no PNCP, em 28 de agosto de 2026.<\/p>\n\n\n\n<p class=\"wp-block-paragraph\"><strong>Pr\u00f3ximo passo:<\/strong> publica\u00e7\u00e3o do edital de abertura. <strong>O TRT 8 n\u00e3o divulgou data oficial<\/strong> para o edital, para as inscri\u00e7\u00f5es ou para as provas, qualquer cronograma que circule fora dos canais oficiais deve ser tratado como estimativa.<\/p>\n\n\n\n<p class=\"wp-block-paragraph\"><strong>Remunera\u00e7\u00e3o inicial:<\/strong> R$ 16.040,88 para Analista Judici\u00e1rio e R$ 9.776,71 para T\u00e9cnico Judici\u00e1rio, j\u00e1 com a Gratifica\u00e7\u00e3o de Atividade Judici\u00e1ria (GAJ), al\u00e9m de aux\u00edlios.<\/p>\n\n\n\n<h2 id=\"h-solicitacao-e-autorizacao\" class=\"wp-block-heading\">Solicita\u00e7\u00e3o e autoriza\u00e7\u00e3o<\/h2>\n\n\n\n<p class=\"wp-block-paragraph\">Os atos de planejamento do novo concurso do TRT 8 come\u00e7aram em <strong>abril de 2026<\/strong>, quando o tribunal iniciou o <strong>processo administrativo n\u00ba 3778\/2026<\/strong> para viabilizar a contrata\u00e7\u00e3o da banca organizadora.<\/p>\n\n\n\n<p class=\"wp-block-paragraph\">Ao longo da tramita\u00e7\u00e3o, o tribunal concluiu as etapas obrigat\u00f3rias que antecedem o edital:<\/p>\n\n\n\n<ul class=\"wp-block-list\">\n<li><strong>constitui\u00e7\u00e3o da comiss\u00e3o<\/strong> respons\u00e1vel pelo concurso;<\/li>\n\n\n\n<li>elabora\u00e7\u00e3o do <strong>estudo t\u00e9cnico preliminar (ETP)<\/strong>;<\/li>\n\n\n\n<li>elabora\u00e7\u00e3o e retifica\u00e7\u00e3o do <strong>termo de refer\u00eancia<\/strong>, com manifesta\u00e7\u00f5es da Secretaria de Gest\u00e3o de Pessoas (SEGEP) e da Diretoria-Geral (DIGER);<\/li>\n\n\n\n<li>reuni\u00f5es para definir os crit\u00e9rios de escolha da institui\u00e7\u00e3o organizadora.<\/li>\n<\/ul>\n\n\n\n<p class=\"wp-block-paragraph\">Em <strong>junho de 2026<\/strong>, o termo de refer\u00eancia j\u00e1 estava finalizado e aguardava o aval da Presid\u00eancia, despacho que liberou a fase seguinte, de sele\u00e7\u00e3o da banca.<\/p>\n\n\n\n<p class=\"wp-block-paragraph\">A contrata\u00e7\u00e3o da organizadora foi formalizada por <strong>dispensa de licita\u00e7\u00e3o<\/strong>, com base no <strong>art. 75, inciso XV, da Lei n\u00ba 14.133\/2021<\/strong>, dispositivo que se aplica \u00e0 contrata\u00e7\u00e3o de institui\u00e7\u00e3o brasileira sem fins lucrativos com atua\u00e7\u00e3o em pesquisa, ensino ou desenvolvimento institucional e reputa\u00e7\u00e3o \u00e9tico-profissional reconhecida.<\/p>\n\n\n\n<h2 id=\"h-comissao-e-banca\" class=\"wp-block-heading\">Comiss\u00e3o e banca<\/h2>\n\n\n\n<h3 id=\"h-comissao-do-concurso\" class=\"wp-block-heading\">Comiss\u00e3o do concurso<\/h3>\n\n\n\n<p class=\"wp-block-paragraph\">A comiss\u00e3o respons\u00e1vel pelos preparativos foi oficializada por <strong>portaria publicada em 24 de abril de 2026<\/strong>, autorizada pela desembargadora presidente do TRT 8. A composi\u00e7\u00e3o divulgada \u00e9:<\/p>\n\n\n\n<ul class=\"wp-block-list\">\n<li><strong>Paulo Andr\u00e9 Pessoa da Silva<\/strong> \u2014 T\u00e9cnico Judici\u00e1rio, presidente da comiss\u00e3o;<\/li>\n\n\n\n<li><strong>Lia Martins Costa e Silva Cruz<\/strong> \u2014 Analista Judici\u00e1ria, membro;<\/li>\n\n\n\n<li><strong>Mariane Lima de Sales<\/strong> \u2014 Analista Judici\u00e1ria, membro.<\/li>\n<\/ul>\n\n\n\n<h3 id=\"h-banca-organizadora\" class=\"wp-block-heading\">Banca organizadora<\/h3>\n\n\n\n<p class=\"wp-block-paragraph\">Em <strong>13 de julho de 2026<\/strong>, a presidente do tribunal, desembargadora <strong>Sulamir Palmeira Monassa de Almeida<\/strong>, anunciou a escolha da <strong>Funda\u00e7\u00e3o Carlos Chagas (FCC)<\/strong> para planejar e executar a sele\u00e7\u00e3o.<\/p>\n\n\n\n<p class=\"wp-block-paragraph\">Cinco institui\u00e7\u00f5es apresentaram propostas: <strong>FCC, Cebraspe, Funda\u00e7\u00e3o Cesgranrio, Instituto AOCP e Funda\u00e7\u00e3o Getulio Vargas (FGV)<\/strong>. A proposta t\u00e9cnica vencedora (n\u00ba 71 A\/2026) tem data de <strong>8 de julho de 2026<\/strong> e integra o contrato.<\/p>\n\n\n\n<p class=\"wp-block-paragraph\">A formaliza\u00e7\u00e3o levou cerca de seis semanas. Em <strong>25 de agosto<\/strong>, o processo j\u00e1 registrava o contrato &#8220;para assinatura&#8221;; em <strong>27 de agosto<\/strong>, o TRT 8 confirmou a assinatura do <strong>Contrato TRT-8 n\u00ba 34\/2026<\/strong>; e em <strong>28 de agosto<\/strong> o extrato foi divulgado no PNCP, com vig\u00eancia suficiente para cobrir todas as fases da sele\u00e7\u00e3o, do edital \u00e0 convoca\u00e7\u00e3o dos aprovados.<\/p>\n\n\n\n<p class=\"wp-block-paragraph\">Com a banca contratada, cabe agora \u00e0 FCC concluir o edital, o sistema de inscri\u00e7\u00f5es e o cronograma, em conjunto com o tribunal.<\/p>\n\n\n\n<h2 id=\"h-edital\" class=\"wp-block-heading\">Edital<\/h2>\n\n\n\n<p class=\"wp-block-paragraph\"><strong>O edital do concurso TRT 8 ainda n\u00e3o foi publicado<\/strong> e o tribunal n\u00e3o anunciou data para a divulga\u00e7\u00e3o.<\/p>\n\n\n\n<p class=\"wp-block-paragraph\">O que j\u00e1 est\u00e1 definido em documento oficial, pelo contrato assinado com a FCC:<\/p>\n\n\n\n<ul class=\"wp-block-list\">\n<li><strong>Finalidade:<\/strong> forma\u00e7\u00e3o de <strong>cadastro de reserva<\/strong> (sem quantitativo de vagas imediatas definido no contrato);<\/li>\n\n\n\n<li><strong>Cargos:<\/strong> Analista Judici\u00e1rio e T\u00e9cnico Judici\u00e1rio, distribu\u00eddos em <strong>24 combina\u00e7\u00f5es de \u00e1rea e especialidade<\/strong>;<\/li>\n\n\n\n<li><strong>Escolaridade:<\/strong> n\u00edvel superior para os dois cargos;<\/li>\n\n\n\n<li><strong>Organizadora:<\/strong> Funda\u00e7\u00e3o Carlos Chagas.<\/li>\n<\/ul>\n\n\n\n<p class=\"wp-block-paragraph\">N\u00famero de vagas por especialidade, taxa de inscri\u00e7\u00e3o, conte\u00fado program\u00e1tico, crit\u00e9rios de avalia\u00e7\u00e3o e cronograma <strong>s\u00f3 passam a valer quando o edital de abertura for publicado<\/strong>. At\u00e9 l\u00e1, o documento oficial \u00e9 a \u00fanica fonte v\u00e1lida para qualquer um desses pontos.<\/p>\n\n\n\n<p class=\"wp-block-paragraph\">A publica\u00e7\u00e3o ser\u00e1 acompanhada nos canais do <strong>TRT 8<\/strong> e da <strong>FCC<\/strong>, e esta p\u00e1gina ser\u00e1 atualizada assim que o edital sair.<\/p>\n\n\n\n<h2 id=\"h-vagas-cargos-e-remuneracao\" class=\"wp-block-heading\">Vagas, cargos e remunera\u00e7\u00e3o<\/h2>\n\n\n\n<h3 id=\"h-cargos-previstos-no-contrato\" class=\"wp-block-heading\">Cargos previstos no contrato<\/h3>\n\n\n\n<p class=\"wp-block-paragraph\">O quadro do Contrato TRT-8 n\u00ba 34\/2026 relaciona as seguintes oportunidades, <strong>todas para cadastro de reserva<\/strong>:<\/p>\n\n\n\n<p class=\"wp-block-paragraph\"><strong>Analista Judici\u00e1rio<\/strong><\/p>\n\n\n\n<ul class=\"wp-block-list\">\n<li>\u00c1rea Judici\u00e1ria<\/li>\n\n\n\n<li>\u00c1rea Judici\u00e1ria \u2014 especialidade Oficial de Justi\u00e7a Avaliador Federal<\/li>\n\n\n\n<li>\u00c1rea Administrativa<\/li>\n\n\n\n<li>\u00c1rea Administrativa \u2014 especialidade Contabilidade<\/li>\n\n\n\n<li>\u00c1rea Apoio Especializado \u2014 Tecnologia da Informa\u00e7\u00e3o<\/li>\n\n\n\n<li>\u00c1rea Apoio Especializado \u2014 Estat\u00edstica<\/li>\n\n\n\n<li>\u00c1rea Apoio Especializado \u2014 Comunica\u00e7\u00e3o Social<\/li>\n\n\n\n<li>\u00c1rea Apoio Especializado \u2014 Arquitetura<\/li>\n\n\n\n<li>\u00c1rea Apoio Especializado \u2014 Arquivologia<\/li>\n\n\n\n<li>\u00c1rea Apoio Especializado \u2014 Biblioteconomia<\/li>\n\n\n\n<li>\u00c1rea Apoio Especializado \u2014 Enfermagem<\/li>\n\n\n\n<li>\u00c1rea Apoio Especializado \u2014 Engenharia Civil<\/li>\n\n\n\n<li>\u00c1rea Apoio Especializado \u2014 Engenharia El\u00e9trica<\/li>\n\n\n\n<li>\u00c1rea Apoio Especializado \u2014 Engenharia de Seguran\u00e7a do Trabalho<\/li>\n\n\n\n<li>\u00c1rea Apoio Especializado \u2014 Medicina<\/li>\n\n\n\n<li>\u00c1rea Apoio Especializado \u2014 Odontologia<\/li>\n\n\n\n<li>\u00c1rea Apoio Especializado \u2014 Psicologia<\/li>\n\n\n\n<li>\u00c1rea Apoio Especializado \u2014 Servi\u00e7o Social<\/li>\n\n\n\n<li>\u00c1rea Apoio Especializado \u2014 Hist\u00f3ria<\/li>\n<\/ul>\n\n\n\n<p class=\"wp-block-paragraph\"><strong>T\u00e9cnico Judici\u00e1rio<\/strong><\/p>\n\n\n\n<ul class=\"wp-block-list\">\n<li>\u00c1rea Administrativa<\/li>\n\n\n\n<li>\u00c1rea Administrativa \u2014 especialidade Agente da Pol\u00edcia Judicial<\/li>\n\n\n\n<li>\u00c1rea Apoio Especializado \u2014 Tecnologia da Informa\u00e7\u00e3o<\/li>\n\n\n\n<li>\u00c1rea Apoio Especializado \u2014 Enfermagem<\/li>\n<\/ul>\n\n\n\n<h3 id=\"h-quadro-de-pessoal-e-cargos-vagos\" class=\"wp-block-heading\">Quadro de pessoal e cargos vagos<\/h3>\n\n\n\n<p class=\"wp-block-paragraph\">Levantamento no Portal da Transpar\u00eancia do TRT 8, consultado em julho de 2026, apontava <strong>92 cargos vagos<\/strong> no quadro de pessoal, com maior concentra\u00e7\u00e3o em T\u00e9cnico Judici\u00e1rio. O dado explica a antecipa\u00e7\u00e3o dos preparativos, mesmo com o concurso anterior ainda em vigor.<\/p>\n\n\n\n<h3 id=\"h-remuneracao\" class=\"wp-block-heading\">Remunera\u00e7\u00e3o<\/h3>\n\n\n\n<p class=\"wp-block-paragraph\">Com o <strong>vencimento b\u00e1sico somado \u00e0 Gratifica\u00e7\u00e3o de Atividade Judici\u00e1ria (GAJ)<\/strong>, os valores iniciais em 2026 s\u00e3o:<\/p>\n\n\n\n<ul class=\"wp-block-list\">\n<li><strong>Analista Judici\u00e1rio: R$ 16.040,88<\/strong> \u2014 R$ 6.683,70 de vencimento b\u00e1sico + R$ 9.357,18 de GAJ;<\/li>\n\n\n\n<li><strong>T\u00e9cnico Judici\u00e1rio: R$ 9.776,71<\/strong> \u2014 R$ 4.073,63 de vencimento b\u00e1sico + R$ 5.703,08 de GAJ.<\/li>\n<\/ul>\n\n\n\n<p class=\"wp-block-paragraph\">Al\u00e9m da remunera\u00e7\u00e3o, os servidores recebem <strong>aux\u00edlio-alimenta\u00e7\u00e3o de R$ 1.860,51<\/strong>, <strong>assist\u00eancia pr\u00e9-escolar de R$ 1.288,47<\/strong> e <strong>aux\u00edlio-sa\u00fade de R$ 579,39<\/strong>, valores atualizados pela <strong>Portaria Conjunta n\u00ba 1, de 3 de fevereiro de 2026<\/strong>.<\/p>\n\n\n\n<p class=\"wp-block-paragraph\">O ganho pode subir com o <strong>Adicional de Qualifica\u00e7\u00e3o (AQ)<\/strong>, concedido por t\u00edtulos acad\u00eamicos (especializa\u00e7\u00e3o, mestrado e doutorado) e por treinamentos internos, cujos valores foram reajustados a partir de 2026 pela <strong>Lei n\u00ba 15.293\/2025<\/strong>. Os cargos de Analista e T\u00e9cnico Judici\u00e1rio s\u00e3o organizados em tr\u00eas classes (A, B e C), com progress\u00e3o funcional e promo\u00e7\u00e3o ao longo da carreira.<\/p>\n\n\n\n<p class=\"wp-block-paragraph\"><strong>Requisito de escolaridade:<\/strong> desde a <strong>Lei n\u00ba 14.456\/2022<\/strong>, que alterou a Lei n\u00ba 11.416\/2006, o ingresso como T\u00e9cnico Judici\u00e1rio no Poder Judici\u00e1rio da Uni\u00e3o tamb\u00e9m exige curso superior completo. Assim, tanto Analista quanto T\u00e9cnico ser\u00e3o cargos de n\u00edvel superior, respeitadas as forma\u00e7\u00f5es espec\u00edficas de cada especialidade.<\/p>\n\n\n\n<h2 id=\"h-provas-e-locais\" class=\"wp-block-heading\">Provas e locais<\/h2>\n\n\n\n<p class=\"wp-block-paragraph\">O edital ainda n\u00e3o trouxe as regras de avalia\u00e7\u00e3o. O que existe at\u00e9 agora s\u00e3o as diretrizes do <strong>termo de refer\u00eancia<\/strong> da contrata\u00e7\u00e3o e o hist\u00f3rico da edi\u00e7\u00e3o anterior.<\/p>\n\n\n\n<p class=\"wp-block-paragraph\"><strong>Previs\u00e3o do termo de refer\u00eancia:<\/strong> aplica\u00e7\u00e3o de <strong>provas objetiva e discursiva<\/strong>, com locais em <strong>Bel\u00e9m, Marab\u00e1 e Santar\u00e9m (PA)<\/strong> e <strong>Macap\u00e1 (AP)<\/strong>. A confirma\u00e7\u00e3o depende da publica\u00e7\u00e3o do edital.<\/p>\n\n\n\n<p class=\"wp-block-paragraph\"><strong>Como foi em 2022<\/strong> (\u00faltima edi\u00e7\u00e3o, organizada pelo Cebraspe): prova objetiva de <strong>60 quest\u00f5es<\/strong> de m\u00faltipla escolha com cinco alternativas, mais <strong>reda\u00e7\u00e3o de at\u00e9 30 linhas<\/strong>, aplicadas em <strong>6 de novembro de 2022<\/strong>, com dura\u00e7\u00e3o de <strong>4h30<\/strong>. O conte\u00fado abrangeu l\u00edngua portuguesa, racioc\u00ednio l\u00f3gico, inform\u00e1tica, legisla\u00e7\u00e3o e conhecimentos espec\u00edficos. Foram <strong>32.529 inscritos<\/strong> para cinco vagas imediatas e cadastro de reserva.<\/p>\n\n\n\n<h2 id=\"h-cronologia\" class=\"wp-block-heading\">Cronologia<\/h2>\n\n\n\n<ul class=\"wp-block-list\">\n<li><strong>Abril de 2026<\/strong> \u2014 TRT 8 inicia o processo administrativo n\u00ba 3778\/2026 para contratar a banca organizadora.<\/li>\n\n\n\n<li><strong>24 de abril de 2026<\/strong> \u2014 publicada a portaria que institui a comiss\u00e3o do concurso.<\/li>\n\n\n\n<li><strong>Junho de 2026<\/strong> \u2014 termo de refer\u00eancia finalizado e encaminhado para aval da Presid\u00eancia.<\/li>\n\n\n\n<li><strong>8 de julho de 2026<\/strong> \u2014 FCC apresenta a proposta t\u00e9cnica n\u00ba 71 A\/2026.<\/li>\n\n\n\n<li><strong>13 de julho de 2026<\/strong> \u2014 Presid\u00eancia anuncia a escolha da FCC entre cinco institui\u00e7\u00f5es concorrentes.<\/li>\n\n\n\n<li><strong>25 de agosto de 2026<\/strong> \u2014 processo registra o Contrato TRT8 n\u00ba 34\/2026 pronto para assinatura.<\/li>\n\n\n\n<li><strong>27 de agosto de 2026<\/strong> \u2014 TRT 8 confirma a assinatura do contrato com a FCC.<\/li>\n\n\n\n<li><strong>28 de agosto de 2026<\/strong> \u2014 extrato do contrato \u00e9 publicado no PNCP, no valor de R$ 3.085.624,00.<\/li>\n<\/ul>\n\n\n\n<h2 id=\"h-ultimas-noticias\" class=\"wp-block-heading\">\u00daltimas not\u00edcias<\/h2>\n\n\n\n<p class=\"wp-block-paragraph\"><strong>Contrato com a FCC \u00e9 assinado e edital fica no aguardo (27\/08\/2026)<\/strong> O TRT 8 confirmou a assinatura do Contrato n\u00ba 34\/2026 com a Funda\u00e7\u00e3o Carlos Chagas. O documento define a sele\u00e7\u00e3o como cadastro de reserva para Analista e T\u00e9cnico Judici\u00e1rio e relaciona 24 combina\u00e7\u00f5es de cargo, \u00e1rea e especialidade. <\/p>\n\n\n\n<p class=\"wp-block-paragraph\"><strong>FCC \u00e9 escolhida como banca organizadora (13\/07\/2026)<\/strong> A Presid\u00eancia do tribunal selecionou a Funda\u00e7\u00e3o Carlos Chagas entre cinco institui\u00e7\u00f5es que apresentaram propostas FCC, Cebraspe, Cesgranrio, Instituto AOCP e FGV.<\/p>\n\n\n\n<p class=\"wp-block-paragraph\"><strong>Comiss\u00e3o do concurso \u00e9 institu\u00edda por portaria (24\/04\/2026)<\/strong> O tribunal oficializou o grupo respons\u00e1vel pelo planejamento da sele\u00e7\u00e3o, presidido pelo t\u00e9cnico judici\u00e1rio Paulo Andr\u00e9 Pessoa da Silva. <\/p>\n\n\n\n<p class=\"wp-block-paragraph\"><strong>Quer sair na frente?<\/strong> O Aprova Concursos tem <a href=\"https:\/\/www.aprovaconcursos.com.br\/concursos\/trt-8-pa-ap?xcod=%7B%22co%22%3A%22%7B%5C%22u%5C%22%3A%5C%226296edfc-71ca-412b-9e23-6db69a12af4c%5C%22%2C%5C%22url%5C%22%3A%5C%22www.aprovaconcursos.com.br%2F%5C%22%2C%5C%22v%5C%22%3A1%7D%22%2C%22u%22%3A%226296edfc-71ca-412b-9e23-6db69a12af4c%22%2C%22url%22%3A%22www.aprovaconcursos.com.br%2Fconcursos%2Ftrt-8-pa-ap%22%2C%22r%22%3A%22%22%2C%22v%22%3A1%7D&amp;utm_content=%7B%22u%22%3A%226296edfc-71ca-412b-9e23-6db69a12af4c%22%2C%22url%22%3A%22www.aprovaconcursos.com.br%2F%22%2C%22v%22%3A1%7D\" target=\"_blank\" rel=\"noopener noreferrer\">curso preparat\u00f3rio para o concurso do TRT 8<\/a>, com material voltado \u00e0s carreiras de Analista e T\u00e9cnico Judici\u00e1rio, d\u00e1 para come\u00e7ar a estudar a base antes da publica\u00e7\u00e3o do edital.<\/p>\n\n\n\n<h2 id=\"h-perguntas-frequentes\" class=\"wp-block-heading\">Perguntas frequentes<\/h2>\n\n\n\n<h3 id=\"h-quando-sai-o-edital-do-concurso-trt-8\" class=\"wp-block-heading\">Quando sai o edital do concurso TRT 8?<\/h3>\n\n\n\n<p class=\"wp-block-paragraph\">N\u00e3o h\u00e1 data oficial. O tribunal contratou a FCC em 27 de agosto de 2026 e, desde ent\u00e3o, n\u00e3o divulgou prazo para o edital, para as inscri\u00e7\u00f5es ou para as provas. Com a banca contratada, a publica\u00e7\u00e3o depende apenas da conclus\u00e3o dos trabalhos entre o TRT 8 e a organizadora. Datas divulgadas fora dos canais oficiais s\u00e3o estimativas.<\/p>\n\n\n\n<h3 id=\"h-o-concurso-trt-8-tera-vagas-imediatas\" class=\"wp-block-heading\">O concurso TRT 8 ter\u00e1 vagas imediatas?<\/h3>\n\n\n\n<p class=\"wp-block-paragraph\">O contrato assinado com a FCC prev\u00ea <strong>forma\u00e7\u00e3o de cadastro de reserva<\/strong> para Analista e T\u00e9cnico Judici\u00e1rio, sem quantitativo de vagas imediatas. Isso n\u00e3o impede que o edital estabele\u00e7a vagas para provimento imediato, a defini\u00e7\u00e3o s\u00f3 ser\u00e1 conhecida com a publica\u00e7\u00e3o do documento.<\/p>\n\n\n\n<h3 id=\"h-por-que-o-tecnico-judiciario-exige-nivel-superior\" class=\"wp-block-heading\">Por que o T\u00e9cnico Judici\u00e1rio exige n\u00edvel superior?<\/h3>\n\n\n\n<p class=\"wp-block-paragraph\">Porque a Lei n\u00ba 14.456\/2022 alterou a Lei n\u00ba 11.416\/2006 e passou a exigir curso superior completo para ingresso no cargo de T\u00e9cnico Judici\u00e1rio do Poder Judici\u00e1rio da Uni\u00e3o. A regra vale para todos os tribunais federais, incluindo os Regionais do Trabalho.<\/p>\n\n\n\n<h3 id=\"h-o-concurso-anterior-do-trt-8-ainda-esta-valido\" class=\"wp-block-heading\">O concurso anterior do TRT 8 ainda est\u00e1 v\u00e1lido?<\/h3>\n\n\n\n<p class=\"wp-block-paragraph\">Sim. A sele\u00e7\u00e3o de 2022, organizada pelo Cebraspe, continuava em vigor durante a prepara\u00e7\u00e3o do novo concurso, com encerramento previsto para o in\u00edcio de 2027. Foi justamente esse prazo que levou o tribunal a antecipar os preparativos, para evitar interrup\u00e7\u00e3o nas nomea\u00e7\u00f5es.<\/p>\n\n\n\n<h3 id=\"h-banca-contratada-e-o-mesmo-que-edital-publicado\" class=\"wp-block-heading\">Banca contratada \u00e9 o mesmo que edital publicado?<\/h3>\n\n\n\n<p class=\"wp-block-paragraph\">N\u00e3o. A contrata\u00e7\u00e3o da banca \u00e9 uma etapa administrativa: autoriza a organizadora a elaborar o edital, montar o sistema de inscri\u00e7\u00f5es e planejar a aplica\u00e7\u00e3o das provas. O edital \u00e9 o documento que fixa vagas, requisitos, taxa, conte\u00fado program\u00e1tico e cronograma. S\u00f3 a partir dele as regras passam a valer.<\/p>\n\n\n\n<p class=\"wp-block-paragraph\"><\/p>\n","protected":false},"excerpt":{"rendered":"<p>Resumo e situa\u00e7\u00e3o atual O concurso TRT 8 (Tribunal Regional do Trabalho da 8\u00aa Regi\u00e3o, com jurisdi\u00e7\u00e3o no Par\u00e1 e no Amap\u00e1)\u2026<\/p>\n","protected":false},"author":6,"featured_media":166996,"comment_status":"open","ping_status":"open","sticky":false,"template":"","format":"standard","meta":{"footnotes":""},"categories":[11,18699],"tags":[20195],"class_list":["post-166995","post","type-post","status-publish","format-standard","has-post-thumbnail","hentry","category-noticias","category-ultimas-noticias-concursos","tag-trt-8"],"yoast_head":"<!-- This site is optimized with the Yoast SEO Premium plugin v27.9 (Yoast SEO v28.2) - https:\/\/yoast.com\/product\/yoast-seo-premium-wordpress\/ -->\n<title>Concurso TRT 8: 24 cargos e sal\u00e1rio inicial de R$ 16 mil<\/title>\n<meta name=\"description\" content=\"Concurso TRT 8 tem banca contratada (FCC) e 24 cargos previstos para cadastro de reserva, com inicial de at\u00e9 R$ 16 mil.\" \/>\n<meta name=\"robots\" content=\"index, follow, max-snippet:-1, max-image-preview:large, max-video-preview:-1\" \/>\n<link rel=\"canonical\" href=\"https:\/\/www.aprovaconcursos.com.br\/noticias\/concurso-trt-8\/\" \/>\n<meta property=\"og:locale\" content=\"pt_BR\" \/>\n<meta property=\"og:type\" content=\"article\" \/>\n<meta property=\"og:title\" content=\"Concurso TRT 8: 24 cargos e sal\u00e1rio inicial de R$ 16 mil\" \/>\n<meta property=\"og:description\" content=\"Concurso TRT 8 tem banca contratada (FCC) e 24 cargos previstos para cadastro de reserva, com inicial de at\u00e9 R$ 16 mil.\" \/>\n<meta property=\"og:url\" content=\"https:\/\/www.aprovaconcursos.com.br\/noticias\/concurso-trt-8\/\" \/>\n<meta property=\"og:site_name\" content=\"Aprova Concursos - Not\u00edcias\" \/>\n<meta property=\"article:publisher\" content=\"https:\/\/www.facebook.com\/aprovaconcursos\" \/>\n<meta property=\"article:published_time\" content=\"2026-08-31T12:48:08+00:00\" \/>\n<meta property=\"article:modified_time\" content=\"2026-08-31T13:29:30+00:00\" \/>\n<meta property=\"og:image\" content=\"https:\/\/www.aprovaconcursos.com.br\/noticias\/wp-content\/uploads\/2026\/08\/concurso-trt-8.webp\" \/>\n\t<meta property=\"og:image:width\" content=\"1600\" \/>\n\t<meta property=\"og:image:height\" content=\"837\" \/>\n\t<meta property=\"og:image:type\" content=\"image\/webp\" \/>\n<meta name=\"author\" content=\"Bruna Silva\" \/>\n<meta name=\"twitter:card\" content=\"summary_large_image\" \/>\n<meta name=\"twitter:label1\" content=\"Escrito por\" \/>\n\t<meta name=\"twitter:data1\" content=\"Bruna Silva\" \/>\n\t<meta name=\"twitter:label2\" content=\"Est. tempo de leitura\" \/>\n\t<meta name=\"twitter:data2\" content=\"10 minutos\" \/>\n<script type=\"application\/ld+json\" class=\"yoast-schema-graph\">{\"@context\":\"https:\\\/\\\/schema.org\",\"@graph\":[{\"@type\":\"NewsArticle\",\"@id\":\"https:\\\/\\\/www.aprovaconcursos.com.br\\\/noticias\\\/concurso-trt-8\\\/#article\",\"isPartOf\":{\"@id\":\"https:\\\/\\\/www.aprovaconcursos.com.br\\\/noticias\\\/concurso-trt-8\\\/\"},\"author\":{\"name\":\"Bruna Silva\",\"@id\":\"https:\\\/\\\/www.aprovaconcursos.com.br\\\/noticias\\\/#\\\/schema\\\/person\\\/02de4047f7bd2cbec9b6b2323204656c\"},\"headline\":\"Concurso TRT 8: 24 cargos e sal\u00e1rio inicial de R$ 16 mil\",\"datePublished\":\"2026-08-31T12:48:08+00:00\",\"dateModified\":\"2026-08-31T13:29:30+00:00\",\"mainEntityOfPage\":{\"@id\":\"https:\\\/\\\/www.aprovaconcursos.com.br\\\/noticias\\\/concurso-trt-8\\\/\"},\"wordCount\":1872,\"commentCount\":0,\"publisher\":{\"@id\":\"https:\\\/\\\/www.aprovaconcursos.com.br\\\/noticias\\\/#organization\"},\"image\":{\"@id\":\"https:\\\/\\\/www.aprovaconcursos.com.br\\\/noticias\\\/concurso-trt-8\\\/#primaryimage\"},\"thumbnailUrl\":\"https:\\\/\\\/www.aprovaconcursos.com.br\\\/noticias\\\/wp-content\\\/uploads\\\/2026\\\/08\\\/concurso-trt-8.webp\",\"keywords\":[\"trt 8\"],\"articleSection\":[\"Not\u00edcias\",\"\u00daltimas Not\u00edcias\"],\"inLanguage\":\"pt-BR\",\"potentialAction\":[{\"@type\":\"CommentAction\",\"name\":\"Comment\",\"target\":[\"https:\\\/\\\/www.aprovaconcursos.com.br\\\/noticias\\\/concurso-trt-8\\\/#respond\"]}],\"copyrightYear\":\"2026\",\"copyrightHolder\":{\"@id\":\"https:\\\/\\\/www.aprovaconcursos.com.br\\\/noticias\\\/#organization\"}},{\"@type\":\"WebPage\",\"@id\":\"https:\\\/\\\/www.aprovaconcursos.com.br\\\/noticias\\\/concurso-trt-8\\\/\",\"url\":\"https:\\\/\\\/www.aprovaconcursos.com.br\\\/noticias\\\/concurso-trt-8\\\/\",\"name\":\"Concurso TRT 8: 24 cargos e sal\u00e1rio inicial de R$ 16 mil\",\"isPartOf\":{\"@id\":\"https:\\\/\\\/www.aprovaconcursos.com.br\\\/noticias\\\/#website\"},\"primaryImageOfPage\":{\"@id\":\"https:\\\/\\\/www.aprovaconcursos.com.br\\\/noticias\\\/concurso-trt-8\\\/#primaryimage\"},\"image\":{\"@id\":\"https:\\\/\\\/www.aprovaconcursos.com.br\\\/noticias\\\/concurso-trt-8\\\/#primaryimage\"},\"thumbnailUrl\":\"https:\\\/\\\/www.aprovaconcursos.com.br\\\/noticias\\\/wp-content\\\/uploads\\\/2026\\\/08\\\/concurso-trt-8.webp\",\"datePublished\":\"2026-08-31T12:48:08+00:00\",\"dateModified\":\"2026-08-31T13:29:30+00:00\",\"description\":\"Concurso TRT 8 tem banca contratada (FCC) e 24 cargos previstos para cadastro de reserva, com inicial de at\u00e9 R$ 16 mil.\",\"breadcrumb\":{\"@id\":\"https:\\\/\\\/www.aprovaconcursos.com.br\\\/noticias\\\/concurso-trt-8\\\/#breadcrumb\"},\"inLanguage\":\"pt-BR\",\"potentialAction\":[{\"@type\":\"ReadAction\",\"target\":[\"https:\\\/\\\/www.aprovaconcursos.com.br\\\/noticias\\\/concurso-trt-8\\\/\"]}]},{\"@type\":\"ImageObject\",\"inLanguage\":\"pt-BR\",\"@id\":\"https:\\\/\\\/www.aprovaconcursos.com.br\\\/noticias\\\/concurso-trt-8\\\/#primaryimage\",\"url\":\"https:\\\/\\\/www.aprovaconcursos.com.br\\\/noticias\\\/wp-content\\\/uploads\\\/2026\\\/08\\\/concurso-trt-8.webp\",\"contentUrl\":\"https:\\\/\\\/www.aprovaconcursos.com.br\\\/noticias\\\/wp-content\\\/uploads\\\/2026\\\/08\\\/concurso-trt-8.webp\",\"width\":1600,\"height\":837,\"caption\":\"Concurso TRT 8.\"},{\"@type\":\"BreadcrumbList\",\"@id\":\"https:\\\/\\\/www.aprovaconcursos.com.br\\\/noticias\\\/concurso-trt-8\\\/#breadcrumb\",\"itemListElement\":[{\"@type\":\"ListItem\",\"position\":1,\"name\":\"Home\",\"item\":\"https:\\\/\\\/www.aprovaconcursos.com.br\\\/noticias\\\/\"},{\"@type\":\"ListItem\",\"position\":2,\"name\":\"Concurso TRT 8: 24 cargos e sal\u00e1rio inicial de R$ 16 mil\"}]},{\"@type\":\"WebSite\",\"@id\":\"https:\\\/\\\/www.aprovaconcursos.com.br\\\/noticias\\\/#website\",\"url\":\"https:\\\/\\\/www.aprovaconcursos.com.br\\\/noticias\\\/\",\"name\":\"Aprova Concursos - Not\u00edcias\",\"description\":\"Fique por dentro das not\u00edcias sobre concursos p\u00fablicos do Brasil inteiro, ENEM, Exame de Ordem (OAB) e Exame de Sufici\u00eancia (CFC). Mantenha-se atualizado aqui!\",\"publisher\":{\"@id\":\"https:\\\/\\\/www.aprovaconcursos.com.br\\\/noticias\\\/#organization\"},\"potentialAction\":[{\"@type\":\"SearchAction\",\"target\":{\"@type\":\"EntryPoint\",\"urlTemplate\":\"https:\\\/\\\/www.aprovaconcursos.com.br\\\/noticias\\\/?s={search_term_string}\"},\"query-input\":{\"@type\":\"PropertyValueSpecification\",\"valueRequired\":true,\"valueName\":\"search_term_string\"}}],\"inLanguage\":\"pt-BR\"},{\"@type\":\"Organization\",\"@id\":\"https:\\\/\\\/www.aprovaconcursos.com.br\\\/noticias\\\/#organization\",\"name\":\"Aprova Concursos - Not\u00edcias\",\"url\":\"https:\\\/\\\/www.aprovaconcursos.com.br\\\/noticias\\\/\",\"logo\":{\"@type\":\"ImageObject\",\"inLanguage\":\"pt-BR\",\"@id\":\"https:\\\/\\\/www.aprovaconcursos.com.br\\\/noticias\\\/#\\\/schema\\\/logo\\\/image\\\/\",\"url\":\"https:\\\/\\\/www.aprovaconcursos.com.br\\\/noticias\\\/wp-content\\\/uploads\\\/2026\\\/06\\\/logo.webp\",\"contentUrl\":\"https:\\\/\\\/www.aprovaconcursos.com.br\\\/noticias\\\/wp-content\\\/uploads\\\/2026\\\/06\\\/logo.webp\",\"width\":171,\"height\":49,\"caption\":\"Aprova Concursos - Not\u00edcias\"},\"image\":{\"@id\":\"https:\\\/\\\/www.aprovaconcursos.com.br\\\/noticias\\\/#\\\/schema\\\/logo\\\/image\\\/\"},\"sameAs\":[\"https:\\\/\\\/www.facebook.com\\\/aprovaconcursos\"]},{\"@type\":\"Person\",\"@id\":\"https:\\\/\\\/www.aprovaconcursos.com.br\\\/noticias\\\/#\\\/schema\\\/person\\\/02de4047f7bd2cbec9b6b2323204656c\",\"name\":\"Bruna Silva\",\"image\":{\"@type\":\"ImageObject\",\"inLanguage\":\"pt-BR\",\"@id\":\"https:\\\/\\\/secure.gravatar.com\\\/avatar\\\/5fabaa975c4c6bb33544b972597d884f7e9c3a62a662250af1086af52760d20a?s=96&d=mm&r=g\",\"url\":\"https:\\\/\\\/secure.gravatar.com\\\/avatar\\\/5fabaa975c4c6bb33544b972597d884f7e9c3a62a662250af1086af52760d20a?s=96&d=mm&r=g\",\"contentUrl\":\"https:\\\/\\\/secure.gravatar.com\\\/avatar\\\/5fabaa975c4c6bb33544b972597d884f7e9c3a62a662250af1086af52760d20a?s=96&d=mm&r=g\",\"caption\":\"Bruna Silva\"},\"sameAs\":[\"https:\\\/\\\/www.aprovaconcursos.com.br\\\/\"],\"url\":\"https:\\\/\\\/www.aprovaconcursos.com.br\\\/noticias\\\/autor\\\/bruna-silva\\\/\"}]}<\/script>\n<!-- \/ Yoast SEO Premium plugin. -->","yoast_head_json":{"title":"Concurso TRT 8: 24 cargos e sal\u00e1rio inicial de R$ 16 mil","description":"Concurso TRT 8 tem banca contratada (FCC) e 24 cargos previstos para cadastro de reserva, com inicial de at\u00e9 R$ 16 mil.","robots":{"index":"index","follow":"follow","max-snippet":"max-snippet:-1","max-image-preview":"max-image-preview:large","max-video-preview":"max-video-preview:-1"},"canonical":"https:\/\/www.aprovaconcursos.com.br\/noticias\/concurso-trt-8\/","og_locale":"pt_BR","og_type":"article","og_title":"Concurso TRT 8: 24 cargos e sal\u00e1rio inicial de R$ 16 mil","og_description":"Concurso TRT 8 tem banca contratada (FCC) e 24 cargos previstos para cadastro de reserva, com inicial de at\u00e9 R$ 16 mil.","og_url":"https:\/\/www.aprovaconcursos.com.br\/noticias\/concurso-trt-8\/","og_site_name":"Aprova Concursos - Not\u00edcias","article_publisher":"https:\/\/www.facebook.com\/aprovaconcursos","article_published_time":"2026-08-31T12:48:08+00:00","article_modified_time":"2026-08-31T13:29:30+00:00","og_image":[{"width":1600,"height":837,"url":"https:\/\/www.aprovaconcursos.com.br\/noticias\/wp-content\/uploads\/2026\/08\/concurso-trt-8.webp","type":"image\/webp"}],"author":"Bruna Silva","twitter_card":"summary_large_image","twitter_misc":{"Escrito por":"Bruna Silva","Est. tempo de leitura":"10 minutos"},"schema":{"@context":"https:\/\/schema.org","@graph":[{"@type":"NewsArticle","@id":"https:\/\/www.aprovaconcursos.com.br\/noticias\/concurso-trt-8\/#article","isPartOf":{"@id":"https:\/\/www.aprovaconcursos.com.br\/noticias\/concurso-trt-8\/"},"author":{"name":"Bruna Silva","@id":"https:\/\/www.aprovaconcursos.com.br\/noticias\/#\/schema\/person\/02de4047f7bd2cbec9b6b2323204656c"},"headline":"Concurso TRT 8: 24 cargos e sal\u00e1rio inicial de R$ 16 mil","datePublished":"2026-08-31T12:48:08+00:00","dateModified":"2026-08-31T13:29:30+00:00","mainEntityOfPage":{"@id":"https:\/\/www.aprovaconcursos.com.br\/noticias\/concurso-trt-8\/"},"wordCount":1872,"commentCount":0,"publisher":{"@id":"https:\/\/www.aprovaconcursos.com.br\/noticias\/#organization"},"image":{"@id":"https:\/\/www.aprovaconcursos.com.br\/noticias\/concurso-trt-8\/#primaryimage"},"thumbnailUrl":"https:\/\/www.aprovaconcursos.com.br\/noticias\/wp-content\/uploads\/2026\/08\/concurso-trt-8.webp","keywords":["trt 8"],"articleSection":["Not\u00edcias","\u00daltimas Not\u00edcias"],"inLanguage":"pt-BR","potentialAction":[{"@type":"CommentAction","name":"Comment","target":["https:\/\/www.aprovaconcursos.com.br\/noticias\/concurso-trt-8\/#respond"]}],"copyrightYear":"2026","copyrightHolder":{"@id":"https:\/\/www.aprovaconcursos.com.br\/noticias\/#organization"}},{"@type":"WebPage","@id":"https:\/\/www.aprovaconcursos.com.br\/noticias\/concurso-trt-8\/","url":"https:\/\/www.aprovaconcursos.com.br\/noticias\/concurso-trt-8\/","name":"Concurso TRT 8: 24 cargos e sal\u00e1rio inicial de R$ 16 mil","isPartOf":{"@id":"https:\/\/www.aprovaconcursos.com.br\/noticias\/#website"},"primaryImageOfPage":{"@id":"https:\/\/www.aprovaconcursos.com.br\/noticias\/concurso-trt-8\/#primaryimage"},"image":{"@id":"https:\/\/www.aprovaconcursos.com.br\/noticias\/concurso-trt-8\/#primaryimage"},"thumbnailUrl":"https:\/\/www.aprovaconcursos.com.br\/noticias\/wp-content\/uploads\/2026\/08\/concurso-trt-8.webp","datePublished":"2026-08-31T12:48:08+00:00","dateModified":"2026-08-31T13:29:30+00:00","description":"Concurso TRT 8 tem banca contratada (FCC) e 24 cargos previstos para cadastro de reserva, com inicial de at\u00e9 R$ 16 mil.","breadcrumb":{"@id":"https:\/\/www.aprovaconcursos.com.br\/noticias\/concurso-trt-8\/#breadcrumb"},"inLanguage":"pt-BR","potentialAction":[{"@type":"ReadAction","target":["https:\/\/www.aprovaconcursos.com.br\/noticias\/concurso-trt-8\/"]}]},{"@type":"ImageObject","inLanguage":"pt-BR","@id":"https:\/\/www.aprovaconcursos.com.br\/noticias\/concurso-trt-8\/#primaryimage","url":"https:\/\/www.aprovaconcursos.com.br\/noticias\/wp-content\/uploads\/2026\/08\/concurso-trt-8.webp","contentUrl":"https:\/\/www.aprovaconcursos.com.br\/noticias\/wp-content\/uploads\/2026\/08\/concurso-trt-8.webp","width":1600,"height":837,"caption":"Concurso TRT 8."},{"@type":"BreadcrumbList","@id":"https:\/\/www.aprovaconcursos.com.br\/noticias\/concurso-trt-8\/#breadcrumb","itemListElement":[{"@type":"ListItem","position":1,"name":"Home","item":"https:\/\/www.aprovaconcursos.com.br\/noticias\/"},{"@type":"ListItem","position":2,"name":"Concurso TRT 8: 24 cargos e sal\u00e1rio inicial de R$ 16 mil"}]},{"@type":"WebSite","@id":"https:\/\/www.aprovaconcursos.com.br\/noticias\/#website","url":"https:\/\/www.aprovaconcursos.com.br\/noticias\/","name":"Aprova Concursos - Not\u00edcias","description":"Fique por dentro das not\u00edcias sobre concursos p\u00fablicos do Brasil inteiro, ENEM, Exame de Ordem (OAB) e Exame de Sufici\u00eancia (CFC). Mantenha-se atualizado aqui!","publisher":{"@id":"https:\/\/www.aprovaconcursos.com.br\/noticias\/#organization"},"potentialAction":[{"@type":"SearchAction","target":{"@type":"EntryPoint","urlTemplate":"https:\/\/www.aprovaconcursos.com.br\/noticias\/?s={search_term_string}"},"query-input":{"@type":"PropertyValueSpecification","valueRequired":true,"valueName":"search_term_string"}}],"inLanguage":"pt-BR"},{"@type":"Organization","@id":"https:\/\/www.aprovaconcursos.com.br\/noticias\/#organization","name":"Aprova Concursos - Not\u00edcias","url":"https:\/\/www.aprovaconcursos.com.br\/noticias\/","logo":{"@type":"ImageObject","inLanguage":"pt-BR","@id":"https:\/\/www.aprovaconcursos.com.br\/noticias\/#\/schema\/logo\/image\/","url":"https:\/\/www.aprovaconcursos.com.br\/noticias\/wp-content\/uploads\/2026\/06\/logo.webp","contentUrl":"https:\/\/www.aprovaconcursos.com.br\/noticias\/wp-content\/uploads\/2026\/06\/logo.webp","width":171,"height":49,"caption":"Aprova Concursos - Not\u00edcias"},"image":{"@id":"https:\/\/www.aprovaconcursos.com.br\/noticias\/#\/schema\/logo\/image\/"},"sameAs":["https:\/\/www.facebook.com\/aprovaconcursos"]},{"@type":"Person","@id":"https:\/\/www.aprovaconcursos.com.br\/noticias\/#\/schema\/person\/02de4047f7bd2cbec9b6b2323204656c","name":"Bruna Silva","image":{"@type":"ImageObject","inLanguage":"pt-BR","@id":"https:\/\/secure.gravatar.com\/avatar\/5fabaa975c4c6bb33544b972597d884f7e9c3a62a662250af1086af52760d20a?s=96&d=mm&r=g","url":"https:\/\/secure.gravatar.com\/avatar\/5fabaa975c4c6bb33544b972597d884f7e9c3a62a662250af1086af52760d20a?s=96&d=mm&r=g","contentUrl":"https:\/\/secure.gravatar.com\/avatar\/5fabaa975c4c6bb33544b972597d884f7e9c3a62a662250af1086af52760d20a?s=96&d=mm&r=g","caption":"Bruna Silva"},"sameAs":["https:\/\/www.aprovaconcursos.com.br\/"],"url":"https:\/\/www.aprovaconcursos.com.br\/noticias\/autor\/bruna-silva\/"}]}},"_links":{"self":[{"href":"https:\/\/www.aprovaconcursos.com.br\/noticias\/wp-json\/wp\/v2\/posts\/166995","targetHints":{"allow":["GET"]}}],"collection":[{"href":"https:\/\/www.aprovaconcursos.com.br\/noticias\/wp-json\/wp\/v2\/posts"}],"about":[{"href":"https:\/\/www.aprovaconcursos.com.br\/noticias\/wp-json\/wp\/v2\/types\/post"}],"author":[{"embeddable":true,"href":"https:\/\/www.aprovaconcursos.com.br\/noticias\/wp-json\/wp\/v2\/users\/6"}],"replies":[{"embeddable":true,"href":"https:\/\/www.aprovaconcursos.com.br\/noticias\/wp-json\/wp\/v2\/comments?post=166995"}],"version-history":[{"count":2,"href":"https:\/\/www.aprovaconcursos.com.br\/noticias\/wp-json\/wp\/v2\/posts\/166995\/revisions"}],"predecessor-version":[{"id":167001,"href":"https:\/\/www.aprovaconcursos.com.br\/noticias\/wp-json\/wp\/v2\/posts\/166995\/revisions\/167001"}],"wp:featuredmedia":[{"embeddable":true,"href":"https:\/\/www.aprovaconcursos.com.br\/noticias\/wp-json\/wp\/v2\/media\/166996"}],"wp:attachment":[{"href":"https:\/\/www.aprovaconcursos.com.br\/noticias\/wp-json\/wp\/v2\/media?parent=166995"}],"wp:term":[{"taxonomy":"category","embeddable":true,"href":"https:\/\/www.aprovaconcursos.com.br\/noticias\/wp-json\/wp\/v2\/categories?post=166995"},{"taxonomy":"post_tag","embeddable":true,"href":"https:\/\/www.aprovaconcursos.com.br\/noticias\/wp-json\/wp\/v2\/tags?post=166995"}],"curies":[{"name":"wp","href":"https:\/\/api.w.org\/{rel}","templated":true}]}}