{"id":166992,"date":"2026-08-31T09:21:33","date_gmt":"2026-08-31T12:21:33","guid":{"rendered":"https:\/\/www.aprovaconcursos.com.br\/noticias\/?p=166992"},"modified":"2026-08-31T09:21:33","modified_gmt":"2026-08-31T12:21:33","slug":"concurso-guarda-itanhaem-sp","status":"publish","type":"post","link":"https:\/\/www.aprovaconcursos.com.br\/noticias\/concurso-guarda-itanhaem-sp\/","title":{"rendered":"Concurso Guarda de Itanha\u00e9m SP: 20 vagas e sal\u00e1rio de at\u00e9 R$ 4.525,40"},"content":{"rendered":"\n<h2 id=\"h-resumo-e-situacao-atual\" class=\"wp-block-heading\">Resumo e situa\u00e7\u00e3o atual<\/h2>\n\n\n\n<p class=\"wp-block-paragraph\">O <strong>concurso da Guarda de Itanha\u00e9m (SP) est\u00e1 com inscri\u00e7\u00f5es abertas<\/strong>. A Prefeitura da Est\u00e2ncia Balne\u00e1ria de Itanha\u00e9m publicou o <strong>Edital n\u00ba 02\/2026<\/strong>, que oferece <strong>20 vagas mais cadastro de reserva<\/strong> para o cargo de <strong>Guarda Civil Municipal \u2013 2\u00aa Classe<\/strong>, de n\u00edvel m\u00e9dio.<\/p>\n\n\n\n<p class=\"wp-block-paragraph\">A remunera\u00e7\u00e3o inicial \u00e9 de <strong>R$ 2.662,00<\/strong>, acrescida de <strong>gratifica\u00e7\u00e3o de 70%<\/strong> pela sujei\u00e7\u00e3o ao Regime Especial de Trabalho, o que eleva o vencimento para cerca de <strong>R$ 4.525,40<\/strong>, al\u00e9m de aux\u00edlio-alimenta\u00e7\u00e3o e aux\u00edlio-transporte.<\/p>\n\n\n\n<p class=\"wp-block-paragraph\">As inscri\u00e7\u00f5es come\u00e7aram em <strong>31 de agosto de 2026, \u00e0s 16 horas<\/strong>, e v\u00e3o at\u00e9 <strong>23h59 de 29 de setembro de 2026<\/strong>, exclusivamente pelo site do <a href=\"https:\/\/www.nossorumo.org.br\" target=\"_blank\" rel=\"noopener noreferrer\">Instituto Nosso Rumo<\/a>, banca organizadora. A taxa \u00e9 de <strong>R$ 76,80<\/strong>.<\/p>\n\n\n\n<p class=\"wp-block-paragraph\"><strong>Pr\u00f3ximo passo:<\/strong> a <strong>prova objetiva est\u00e1 marcada para 18 de outubro de 2026<\/strong>, em Itanha\u00e9m. As demais fases, teste f\u00edsico, exames m\u00e9dicos e investiga\u00e7\u00e3o social, est\u00e3o previstas para dezembro de 2026 e o in\u00edcio de 2027, segundo a Prefeitura.<\/p>\n\n\n\n<p class=\"wp-block-paragraph\"><strong>\u00daltima movimenta\u00e7\u00e3o:<\/strong> divulga\u00e7\u00e3o do <a href=\"https:\/\/www.itanhaem.sp.gov.br\/wp-content\/uploads\/2026\/08\/INR_EDITAL-DE-ABERTURA_GCM_ITANHAEM_CP022026_PUBLICACAO.pdf\" target=\"_blank\" rel=\"noopener noreferrer\">edital de abertura<\/a> em 27 de agosto de 2026.<\/p>\n\n\n\n<h2 id=\"h-comissao-e-banca\" class=\"wp-block-heading\">Comiss\u00e3o e banca<\/h2>\n\n\n\n<p class=\"wp-block-paragraph\">A organiza\u00e7\u00e3o do concurso ficou a cargo do <strong>Instituto de Educa\u00e7\u00e3o e Desenvolvimento Social Nosso Rumo<\/strong>, respons\u00e1vel pela prova objetiva e pelo teste de aptid\u00e3o f\u00edsica.<\/p>\n\n\n\n<p class=\"wp-block-paragraph\">A supervis\u00e3o \u00e9 da <strong>Comiss\u00e3o do Concurso P\u00fablico institu\u00edda pela Portaria n\u00ba 145, de 18 de agosto de 2026<\/strong>, publicada pela Prefeitura de Itanha\u00e9m.<\/p>\n\n\n\n<p class=\"wp-block-paragraph\">As fases de exames m\u00e9dicos, exame toxicol\u00f3gico e investiga\u00e7\u00e3o social ficam sob responsabilidade direta da <strong>Prefeitura Municipal da Est\u00e2ncia Balne\u00e1ria de Itanha\u00e9m<\/strong>.<\/p>\n\n\n\n<h2 id=\"h-edital\" class=\"wp-block-heading\">Edital<\/h2>\n\n\n\n<p class=\"wp-block-paragraph\">O <strong>Edital n\u00ba 02\/2026<\/strong> foi divulgado em <strong>27 de agosto de 2026<\/strong> e est\u00e1 dispon\u00edvel na <a href=\"https:\/\/www.itanhaem.sp.gov.br\/secretaria-de-educacao\/portal-da-educacao\/concurso-publico\/concurso-publico-2026\/concurso-publico-02-2026-guarda-civil-municipal\/\" target=\"_blank\" rel=\"noopener noreferrer\">p\u00e1gina oficial do concurso<\/a>, no site da Prefeitura.<\/p>\n\n\n\n<p class=\"wp-block-paragraph\">Pontos centrais do documento:<\/p>\n\n\n\n<ul class=\"wp-block-list\">\n<li><strong>Cargo:<\/strong> Guarda Civil Municipal \u2013 2\u00aa Classe (c\u00f3digo de op\u00e7\u00e3o 212), masculino e feminino<\/li>\n\n\n\n<li><strong>Regime:<\/strong> estatut\u00e1rio, nos termos da Lei Municipal n\u00ba 3.055\/2004 e da Lei Complementar n\u00ba 194\/2018<\/li>\n\n\n\n<li><strong>Escolaridade:<\/strong> ensino m\u00e9dio completo<\/li>\n\n\n\n<li><strong>Validade:<\/strong> 2 anos, prorrog\u00e1vel por igual per\u00edodo, a contar da homologa\u00e7\u00e3o<\/li>\n\n\n\n<li><strong>Etapas:<\/strong> prova objetiva, exame antropom\u00e9trico e teste de aptid\u00e3o f\u00edsica, exames m\u00e9dicos e toxicol\u00f3gico, investiga\u00e7\u00e3o social e comportamental<\/li>\n\n\n\n<li><strong>Ap\u00f3s a aprova\u00e7\u00e3o:<\/strong> Curso de Forma\u00e7\u00e3o com carga m\u00ednima de 476 horas, conforme a Matriz Curricular da Senasp, e 30 dias de treinamento e capacita\u00e7\u00e3o f\u00edsica<\/li>\n<\/ul>\n\n\n\n<p class=\"wp-block-paragraph\">Os requisitos para a posse incluem <strong>CNH categoria &#8220;B&#8221;<\/strong>, idade m\u00ednima de 18 anos, <strong>altura m\u00ednima de 1,60 m para homens e 1,55 m para mulheres<\/strong>, perfil psicol\u00f3gico compat\u00edvel com o porte e o uso de arma de fogo e idoneidade moral comprovada por investiga\u00e7\u00e3o social.<\/p>\n\n\n\n<h2 id=\"h-vagas-cargos-e-remuneracao\" class=\"wp-block-heading\">Vagas, cargos e remunera\u00e7\u00e3o<\/h2>\n\n\n\n<p class=\"wp-block-paragraph\">S\u00e3o <strong>20 vagas imediatas mais cadastro de reserva<\/strong> para Guarda Civil Municipal \u2013 2\u00aa Classe. A distribui\u00e7\u00e3o segue as reservas legais:<\/p>\n\n\n\n<figure class=\"wp-block-table\"><table class=\"has-fixed-layout\"><thead><tr><th>Item<\/th><th>Detalhe<\/th><\/tr><\/thead><tbody><tr><td>Vagas totais<\/td><td>20 + cadastro de reserva<\/td><\/tr><tr><td>Pessoas com defici\u00eancia<\/td><td>1 vaga + cadastro de reserva<\/td><\/tr><tr><td>Sexo feminino<\/td><td>m\u00ednimo de 20% das vagas de ingresso na carreira<\/td><\/tr><tr><td>Cidade de lota\u00e7\u00e3o<\/td><td>Itanha\u00e9m (SP)<\/td><\/tr><\/tbody><\/table><\/figure>\n\n\n\n<p class=\"wp-block-paragraph\">A <strong>remunera\u00e7\u00e3o inicial \u00e9 de R$ 2.662,00<\/strong> (refer\u00eancia GCM-1), somada \u00e0 <strong>gratifica\u00e7\u00e3o de 70%<\/strong> pela sujei\u00e7\u00e3o ao Regime Especial de Trabalho, calculada exclusivamente sobre o padr\u00e3o de vencimento, conforme a Lei Complementar n\u00ba 261, de 25 de mar\u00e7o de 2026. Com o adicional, o valor chega a <strong>aproximadamente R$ 4.525,40<\/strong>.<\/p>\n\n\n\n<p class=\"wp-block-paragraph\">A <strong>jornada \u00e9 de 40 horas semanais<\/strong>, com 8 horas di\u00e1rias e cumprimento de regime de plant\u00e3o, incluindo finais de semana, feriados e turnos noturnos. O cargo tamb\u00e9m prev\u00ea <strong>aux\u00edlio-alimenta\u00e7\u00e3o e aux\u00edlio-transporte<\/strong>.<\/p>\n\n\n\n<p class=\"wp-block-paragraph\">O cadastro de reserva s\u00f3 \u00e9 aproveitado com a abertura de novas vagas ou substitui\u00e7\u00f5es, dentro do prazo de validade do concurso.<\/p>\n\n\n\n<h2 id=\"h-inscricoes\" class=\"wp-block-heading\">Inscri\u00e7\u00f5es<\/h2>\n\n\n\n<p class=\"wp-block-paragraph\">As inscri\u00e7\u00f5es s\u00e3o feitas <strong>apenas pela internet<\/strong>, no site do Instituto Nosso Rumo.<\/p>\n\n\n\n<ul class=\"wp-block-list\">\n<li><strong>Per\u00edodo:<\/strong> de 31 de agosto de 2026, \u00e0s 16h, at\u00e9 23h59 de 29 de setembro de 2026 (hor\u00e1rio de Bras\u00edlia)<\/li>\n\n\n\n<li><strong>Taxa:<\/strong> R$ 76,80<\/li>\n\n\n\n<li><strong>Pagamento:<\/strong> boleto banc\u00e1rio ou Pix, com vencimento no primeiro dia \u00fatil seguinte ao encerramento das inscri\u00e7\u00f5es<\/li>\n\n\n\n<li><strong>Limite:<\/strong> uma \u00fanica inscri\u00e7\u00e3o por candidato<\/li>\n<\/ul>\n\n\n\n<p class=\"wp-block-paragraph\"><strong>Isen\u00e7\u00e3o da taxa:<\/strong> pode ser solicitada, no ato da inscri\u00e7\u00e3o, por <strong>doadores de medula \u00f3ssea<\/strong> inscritos no Redome e por <strong>doadores regulares de sangue<\/strong> que comprovem ao menos tr\u00eas doa\u00e7\u00f5es nos 12 meses anteriores \u00e0 publica\u00e7\u00e3o do edital. A documenta\u00e7\u00e3o \u00e9 enviada exclusivamente pela \u00e1rea do candidato no site da banca.<\/p>\n\n\n\n<p class=\"wp-block-paragraph\">O edital tamb\u00e9m assegura o uso do <strong>nome social<\/strong>, o pedido de <strong>condi\u00e7\u00f5es especiais<\/strong> para a prova mediante laudo m\u00e9dico e a inscri\u00e7\u00e3o na condi\u00e7\u00e3o de <strong>jurado<\/strong> como crit\u00e9rio de desempate.<\/p>\n\n\n\n<h2 id=\"h-provas-e-locais\" class=\"wp-block-heading\">Provas e locais<\/h2>\n\n\n\n<p class=\"wp-block-paragraph\">A <strong>prova objetiva ser\u00e1 aplicada em 18 de outubro de 2026<\/strong>, na cidade de Itanha\u00e9m. Locais e hor\u00e1rios ser\u00e3o divulgados em edital de convoca\u00e7\u00e3o, no site da Prefeitura e no site da banca.<\/p>\n\n\n\n<p class=\"wp-block-paragraph\">Estrutura da prova:<\/p>\n\n\n\n<figure class=\"wp-block-table\"><table class=\"has-fixed-layout\"><thead><tr><th>Disciplina<\/th><th>Quest\u00f5es<\/th><\/tr><\/thead><tbody><tr><td>L\u00edngua Portuguesa<\/td><td>8<\/td><\/tr><tr><td>Matem\u00e1tica<\/td><td>7<\/td><\/tr><tr><td>No\u00e7\u00f5es de Inform\u00e1tica<\/td><td>5<\/td><\/tr><tr><td>Conhecimentos Espec\u00edficos<\/td><td>20<\/td><\/tr><tr><td><strong>Total<\/strong><\/td><td><strong>40<\/strong><\/td><\/tr><\/tbody><\/table><\/figure>\n\n\n\n<ul class=\"wp-block-list\">\n<li><strong>Dura\u00e7\u00e3o:<\/strong> 3 horas, com sa\u00edda da sala permitida somente ap\u00f3s 2 horas<\/li>\n\n\n\n<li><strong>Formato:<\/strong> m\u00faltipla escolha, com cinco alternativas e uma \u00fanica resposta correta<\/li>\n\n\n\n<li><strong>Pontua\u00e7\u00e3o:<\/strong> escala de 0 a 100, com <strong>m\u00ednimo de 50 pontos para habilita\u00e7\u00e3o<\/strong><\/li>\n\n\n\n<li><strong>Material:<\/strong> caneta esferogr\u00e1fica azul ou preta de corpo transparente, l\u00e1pis e borracha<\/li>\n\n\n\n<li><strong>Chegada:<\/strong> 30 minutos de anteced\u00eancia, com documento oficial de identidade com foto<\/li>\n<\/ul>\n\n\n\n<p class=\"wp-block-paragraph\"><strong>Teste de aptid\u00e3o f\u00edsica:<\/strong> ser\u00e3o convocados os candidatos habilitados at\u00e9 a <strong>70\u00aa posi\u00e7\u00e3o da ampla concorr\u00eancia<\/strong>, mais empatados, e todos os candidatos com defici\u00eancia habilitados. Antes do teste \u00e9 feita a <strong>aferi\u00e7\u00e3o de altura<\/strong>, e quem n\u00e3o atinge a altura m\u00ednima \u00e9 eliminado.<\/p>\n\n\n\n<p class=\"wp-block-paragraph\">O TAF vale de 0 a 400 pontos, exige <strong>m\u00ednimo de 210 pontos<\/strong> e \u00e9 composto por apoio de frente sobre o solo, resist\u00eancia abdominal, corrida de 50 metros e corrida de 12 minutos. <strong>Nota zero em qualquer teste elimina o candidato.<\/strong> \u00c9 obrigat\u00f3rio apresentar atestado m\u00e9dico de aptid\u00e3o para esfor\u00e7o f\u00edsico emitido em at\u00e9 30 dias.<\/p>\n\n\n\n<p class=\"wp-block-paragraph\">Depois v\u00eam os <strong>exames m\u00e9dicos espec\u00edficos e o exame toxicol\u00f3gico<\/strong> de larga janela de detec\u00e7\u00e3o e, por fim, a <strong>investiga\u00e7\u00e3o social e comportamental<\/strong>, que exige laudo de avalia\u00e7\u00e3o psicol\u00f3gica com aptid\u00e3o para porte e manuseio de arma de fogo.<\/p>\n\n\n\n<h2 id=\"h-gabaritos-e-resultados\" class=\"wp-block-heading\">Gabaritos e resultados<\/h2>\n\n\n\n<p class=\"wp-block-paragraph\">O <strong>gabarito da prova objetiva<\/strong> ser\u00e1 divulgado no site do Instituto Nosso Rumo, na data prevista no cronograma do edital. Os cadernos de quest\u00f5es ficam dispon\u00edveis no site da banca durante o prazo de recurso.<\/p>\n\n\n\n<p class=\"wp-block-paragraph\">Os <strong>recursos<\/strong> podem ser apresentados em at\u00e9 <strong>2 dias \u00fateis<\/strong> contados da divulga\u00e7\u00e3o de cada resultado, exclusivamente pela \u00e1rea do candidato no site da banca. Quest\u00f5es anuladas t\u00eam o ponto atribu\u00eddo a todos os candidatos.<\/p>\n\n\n\n<p class=\"wp-block-paragraph\">A <strong>nota final<\/strong> corresponde \u00e0 pontua\u00e7\u00e3o obtida na prova objetiva, ap\u00f3s aprova\u00e7\u00e3o em todas as fases. Ser\u00e3o publicadas duas listas: uma geral e uma espec\u00edfica para pessoas com defici\u00eancia. A classifica\u00e7\u00e3o final sai no site da banca e no <a href=\"https:\/\/www.itanhaem.sp.gov.br\/boletim\/\" target=\"_blank\" rel=\"noopener noreferrer\">Boletim Oficial do Munic\u00edpio<\/a>.<\/p>\n\n\n\n<h2 id=\"h-cronologia\" class=\"wp-block-heading\">Cronologia<\/h2>\n\n\n\n<ul class=\"wp-block-list\">\n<li><strong>25 de mar\u00e7o de 2026<\/strong> \u2014 Lei Complementar n\u00ba 261 estabelece o c\u00e1lculo da gratifica\u00e7\u00e3o de 70% do Regime Especial de Trabalho<\/li>\n\n\n\n<li><strong>18 de agosto de 2026<\/strong> \u2014 Portaria n\u00ba 145 institui a Comiss\u00e3o do Concurso P\u00fablico<\/li>\n\n\n\n<li><strong>27 de agosto de 2026<\/strong> \u2014 Prefeitura divulga o Edital n\u00ba 02\/2026, com 20 vagas para Guarda Civil Municipal<\/li>\n\n\n\n<li><strong>31 de agosto de 2026<\/strong> \u2014 abertura das inscri\u00e7\u00f5es, \u00e0s 16h<\/li>\n\n\n\n<li><strong>29 de setembro de 2026<\/strong> \u2014 encerramento das inscri\u00e7\u00f5es, \u00e0s 23h59<\/li>\n\n\n\n<li><strong>18 de outubro de 2026<\/strong> \u2014 aplica\u00e7\u00e3o da prova objetiva, em Itanha\u00e9m<\/li>\n\n\n\n<li><strong>Dezembro de 2026 e in\u00edcio de 2027<\/strong> \u2014 previs\u00e3o para as demais fases, segundo a Prefeitura<\/li>\n<\/ul>\n\n\n\n<h2 id=\"h-ultimas-noticias\" class=\"wp-block-heading\">\u00daltimas not\u00edcias<\/h2>\n\n\n\n<p class=\"wp-block-paragraph\"><strong>Edital publicado com 20 vagas e sal\u00e1rio de at\u00e9 R$ 4.525,40<\/strong>:<strong> 27\/08\/2026<\/strong> A Prefeitura de Itanha\u00e9m divulgou o Edital n\u00ba 02\/2026 para Guarda Civil Municipal \u2013 2\u00aa Classe, com 20 vagas e cadastro de reserva, exig\u00eancia de ensino m\u00e9dio e CNH categoria &#8220;B&#8221;. As inscri\u00e7\u00f5es foram marcadas para 31 de agosto a 29 de setembro, com taxa de R$ 76,80, e a prova objetiva ficou definida para 18 de outubro.<\/p>\n\n\n\n<h2 id=\"h-perguntas-frequentes\" class=\"wp-block-heading\">Perguntas frequentes<\/h2>\n\n\n\n<h3 id=\"h-quem-ainda-nao-tem-cnh-pode-se-inscrever\" class=\"wp-block-heading\">Quem ainda n\u00e3o tem CNH pode se inscrever?<\/h3>\n\n\n\n<p class=\"wp-block-paragraph\">Sim. A Carteira Nacional de Habilita\u00e7\u00e3o categoria &#8220;B&#8221; \u00e9 exigida <strong>no ato da posse<\/strong>, e n\u00e3o no momento da inscri\u00e7\u00e3o. O mesmo vale para o certificado de conclus\u00e3o do ensino m\u00e9dio e para a quita\u00e7\u00e3o com o servi\u00e7o militar, no caso dos candidatos do sexo masculino.<\/p>\n\n\n\n<h3 id=\"h-tatuagem-elimina-o-candidato\" class=\"wp-block-heading\">Tatuagem elimina o candidato?<\/h3>\n\n\n\n<p class=\"wp-block-paragraph\">O edital <strong>n\u00e3o inclui tatuagem entre os crit\u00e9rios de elimina\u00e7\u00e3o<\/strong>. As restri\u00e7\u00f5es previstas est\u00e3o nos exames m\u00e9dicos espec\u00edficos, no exame toxicol\u00f3gico e na investiga\u00e7\u00e3o social e comportamental, que avalia conduta, idoneidade e antecedentes.<\/p>\n\n\n\n<h3 id=\"h-quem-for-aprovado-fora-das-20-vagas-sera-chamado\" class=\"wp-block-heading\">Quem for aprovado fora das 20 vagas ser\u00e1 chamado?<\/h3>\n\n\n\n<p class=\"wp-block-paragraph\">N\u00e3o h\u00e1 garantia. Os aprovados al\u00e9m das vagas imediatas formam o <strong>cadastro de reserva<\/strong>, aproveitado apenas se surgirem novas vagas ou substitui\u00e7\u00f5es durante a validade do concurso, que \u00e9 de dois anos, prorrog\u00e1vel por mais dois.<\/p>\n\n\n\n<h3 id=\"h-e-possivel-recorrer-da-reprovacao-no-teste-fisico\" class=\"wp-block-heading\">\u00c9 poss\u00edvel recorrer da reprova\u00e7\u00e3o no teste f\u00edsico?<\/h3>\n\n\n\n<p class=\"wp-block-paragraph\">Sim. O edital admite recurso contra o resultado do exame antropom\u00e9trico e do teste de aptid\u00e3o f\u00edsica, no prazo de <strong>2 dias \u00fateis<\/strong> ap\u00f3s a divulga\u00e7\u00e3o, apresentado apenas pela \u00e1rea do candidato no site da banca.<\/p>\n\n\n\n<h3 id=\"h-a-prova-pode-ser-aplicada-em-outra-cidade\" class=\"wp-block-heading\">A prova pode ser aplicada em outra cidade?<\/h3>\n\n\n\n<p class=\"wp-block-paragraph\">A previs\u00e3o \u00e9 aplicar todas as etapas em Itanha\u00e9m. Se o n\u00famero de inscritos superar a capacidade das escolas do munic\u00edpio, a banca pode alocar candidatos em cidades pr\u00f3ximas, sem responsabilidade por transporte ou hospedagem.<\/p>\n\n\n\n<p class=\"wp-block-paragraph\"><\/p>\n","protected":false},"excerpt":{"rendered":"<p>Resumo e situa\u00e7\u00e3o atual O concurso da Guarda de Itanha\u00e9m (SP) est\u00e1 com inscri\u00e7\u00f5es abertas. A Prefeitura da Est\u00e2ncia Balne\u00e1ria de Itanha\u00e9m\u2026<\/p>\n","protected":false},"author":6,"featured_media":166993,"comment_status":"open","ping_status":"open","sticky":false,"template":"","format":"standard","meta":{"footnotes":""},"categories":[11,18699],"tags":[24768],"class_list":["post-166992","post","type-post","status-publish","format-standard","has-post-thumbnail","hentry","category-noticias","category-ultimas-noticias-concursos","tag-guarda-sp"],"yoast_head":"<!-- This site is optimized with the Yoast SEO Premium plugin v27.9 (Yoast SEO v28.2) - https:\/\/yoast.com\/product\/yoast-seo-premium-wordpress\/ -->\n<title>Concurso Guarda de Itanha\u00e9m: 20 vagas e at\u00e9 R$ 4,5 mil<\/title>\n<meta name=\"description\" content=\"Concurso Guarda de Itanha\u00e9m SP: 20 vagas para Guarda Civil Municipal, sal\u00e1rio de at\u00e9 R$ 4.525,40 e inscri\u00e7\u00f5es at\u00e9 29 de setembro.\" \/>\n<meta name=\"robots\" content=\"index, follow, max-snippet:-1, max-image-preview:large, max-video-preview:-1\" \/>\n<link rel=\"canonical\" href=\"https:\/\/www.aprovaconcursos.com.br\/noticias\/concurso-guarda-itanhaem-sp\/\" \/>\n<meta property=\"og:locale\" content=\"pt_BR\" \/>\n<meta property=\"og:type\" content=\"article\" \/>\n<meta property=\"og:title\" content=\"Concurso Guarda de Itanha\u00e9m SP: 20 vagas e sal\u00e1rio de at\u00e9 R$ 4.525,40\" \/>\n<meta property=\"og:description\" content=\"Concurso Guarda de Itanha\u00e9m SP: 20 vagas para Guarda Civil Municipal, sal\u00e1rio de at\u00e9 R$ 4.525,40 e inscri\u00e7\u00f5es at\u00e9 29 de setembro.\" \/>\n<meta property=\"og:url\" content=\"https:\/\/www.aprovaconcursos.com.br\/noticias\/concurso-guarda-itanhaem-sp\/\" \/>\n<meta property=\"og:site_name\" content=\"Aprova Concursos - Not\u00edcias\" \/>\n<meta property=\"article:publisher\" content=\"https:\/\/www.facebook.com\/aprovaconcursos\" \/>\n<meta property=\"article:published_time\" content=\"2026-08-31T12:21:33+00:00\" \/>\n<meta property=\"og:image\" content=\"https:\/\/www.aprovaconcursos.com.br\/noticias\/wp-content\/uploads\/2026\/08\/guarda-de-itanhaem-sp.webp\" \/>\n\t<meta property=\"og:image:width\" content=\"1600\" \/>\n\t<meta property=\"og:image:height\" content=\"837\" \/>\n\t<meta property=\"og:image:type\" content=\"image\/webp\" \/>\n<meta name=\"author\" content=\"Bruna Silva\" \/>\n<meta name=\"twitter:card\" content=\"summary_large_image\" \/>\n<meta name=\"twitter:label1\" content=\"Escrito por\" \/>\n\t<meta name=\"twitter:data1\" content=\"Bruna Silva\" \/>\n\t<meta name=\"twitter:label2\" content=\"Est. tempo de leitura\" \/>\n\t<meta name=\"twitter:data2\" content=\"9 minutos\" \/>\n<script type=\"application\/ld+json\" class=\"yoast-schema-graph\">{\"@context\":\"https:\\\/\\\/schema.org\",\"@graph\":[{\"@type\":\"NewsArticle\",\"@id\":\"https:\\\/\\\/www.aprovaconcursos.com.br\\\/noticias\\\/concurso-guarda-itanhaem-sp\\\/#article\",\"isPartOf\":{\"@id\":\"https:\\\/\\\/www.aprovaconcursos.com.br\\\/noticias\\\/concurso-guarda-itanhaem-sp\\\/\"},\"author\":{\"name\":\"Bruna Silva\",\"@id\":\"https:\\\/\\\/www.aprovaconcursos.com.br\\\/noticias\\\/#\\\/schema\\\/person\\\/02de4047f7bd2cbec9b6b2323204656c\"},\"headline\":\"Concurso Guarda de Itanha\u00e9m SP: 20 vagas e sal\u00e1rio de at\u00e9 R$ 4.525,40\",\"datePublished\":\"2026-08-31T12:21:33+00:00\",\"mainEntityOfPage\":{\"@id\":\"https:\\\/\\\/www.aprovaconcursos.com.br\\\/noticias\\\/concurso-guarda-itanhaem-sp\\\/\"},\"wordCount\":1585,\"commentCount\":0,\"publisher\":{\"@id\":\"https:\\\/\\\/www.aprovaconcursos.com.br\\\/noticias\\\/#organization\"},\"image\":{\"@id\":\"https:\\\/\\\/www.aprovaconcursos.com.br\\\/noticias\\\/concurso-guarda-itanhaem-sp\\\/#primaryimage\"},\"thumbnailUrl\":\"https:\\\/\\\/www.aprovaconcursos.com.br\\\/noticias\\\/wp-content\\\/uploads\\\/2026\\\/08\\\/guarda-de-itanhaem-sp.webp\",\"keywords\":[\"Guarda SP\"],\"articleSection\":[\"Not\u00edcias\",\"\u00daltimas Not\u00edcias\"],\"inLanguage\":\"pt-BR\",\"potentialAction\":[{\"@type\":\"CommentAction\",\"name\":\"Comment\",\"target\":[\"https:\\\/\\\/www.aprovaconcursos.com.br\\\/noticias\\\/concurso-guarda-itanhaem-sp\\\/#respond\"]}],\"copyrightYear\":\"2026\",\"copyrightHolder\":{\"@id\":\"https:\\\/\\\/www.aprovaconcursos.com.br\\\/noticias\\\/#organization\"}},{\"@type\":\"WebPage\",\"@id\":\"https:\\\/\\\/www.aprovaconcursos.com.br\\\/noticias\\\/concurso-guarda-itanhaem-sp\\\/\",\"url\":\"https:\\\/\\\/www.aprovaconcursos.com.br\\\/noticias\\\/concurso-guarda-itanhaem-sp\\\/\",\"name\":\"Concurso Guarda de Itanha\u00e9m: 20 vagas e at\u00e9 R$ 4,5 mil\",\"isPartOf\":{\"@id\":\"https:\\\/\\\/www.aprovaconcursos.com.br\\\/noticias\\\/#website\"},\"primaryImageOfPage\":{\"@id\":\"https:\\\/\\\/www.aprovaconcursos.com.br\\\/noticias\\\/concurso-guarda-itanhaem-sp\\\/#primaryimage\"},\"image\":{\"@id\":\"https:\\\/\\\/www.aprovaconcursos.com.br\\\/noticias\\\/concurso-guarda-itanhaem-sp\\\/#primaryimage\"},\"thumbnailUrl\":\"https:\\\/\\\/www.aprovaconcursos.com.br\\\/noticias\\\/wp-content\\\/uploads\\\/2026\\\/08\\\/guarda-de-itanhaem-sp.webp\",\"datePublished\":\"2026-08-31T12:21:33+00:00\",\"description\":\"Concurso Guarda de Itanha\u00e9m SP: 20 vagas para Guarda Civil Municipal, sal\u00e1rio de at\u00e9 R$ 4.525,40 e inscri\u00e7\u00f5es at\u00e9 29 de setembro.\",\"breadcrumb\":{\"@id\":\"https:\\\/\\\/www.aprovaconcursos.com.br\\\/noticias\\\/concurso-guarda-itanhaem-sp\\\/#breadcrumb\"},\"inLanguage\":\"pt-BR\",\"potentialAction\":[{\"@type\":\"ReadAction\",\"target\":[\"https:\\\/\\\/www.aprovaconcursos.com.br\\\/noticias\\\/concurso-guarda-itanhaem-sp\\\/\"]}]},{\"@type\":\"ImageObject\",\"inLanguage\":\"pt-BR\",\"@id\":\"https:\\\/\\\/www.aprovaconcursos.com.br\\\/noticias\\\/concurso-guarda-itanhaem-sp\\\/#primaryimage\",\"url\":\"https:\\\/\\\/www.aprovaconcursos.com.br\\\/noticias\\\/wp-content\\\/uploads\\\/2026\\\/08\\\/guarda-de-itanhaem-sp.webp\",\"contentUrl\":\"https:\\\/\\\/www.aprovaconcursos.com.br\\\/noticias\\\/wp-content\\\/uploads\\\/2026\\\/08\\\/guarda-de-itanhaem-sp.webp\",\"width\":1600,\"height\":837,\"caption\":\"Guarda de Itanha\u00e9m SP.\"},{\"@type\":\"BreadcrumbList\",\"@id\":\"https:\\\/\\\/www.aprovaconcursos.com.br\\\/noticias\\\/concurso-guarda-itanhaem-sp\\\/#breadcrumb\",\"itemListElement\":[{\"@type\":\"ListItem\",\"position\":1,\"name\":\"Home\",\"item\":\"https:\\\/\\\/www.aprovaconcursos.com.br\\\/noticias\\\/\"},{\"@type\":\"ListItem\",\"position\":2,\"name\":\"Concurso Guarda de Itanha\u00e9m SP: 20 vagas e sal\u00e1rio de at\u00e9 R$ 4.525,40\"}]},{\"@type\":\"WebSite\",\"@id\":\"https:\\\/\\\/www.aprovaconcursos.com.br\\\/noticias\\\/#website\",\"url\":\"https:\\\/\\\/www.aprovaconcursos.com.br\\\/noticias\\\/\",\"name\":\"Aprova Concursos - Not\u00edcias\",\"description\":\"Fique por dentro das not\u00edcias sobre concursos p\u00fablicos do Brasil inteiro, ENEM, Exame de Ordem (OAB) e Exame de Sufici\u00eancia (CFC). Mantenha-se atualizado aqui!\",\"publisher\":{\"@id\":\"https:\\\/\\\/www.aprovaconcursos.com.br\\\/noticias\\\/#organization\"},\"potentialAction\":[{\"@type\":\"SearchAction\",\"target\":{\"@type\":\"EntryPoint\",\"urlTemplate\":\"https:\\\/\\\/www.aprovaconcursos.com.br\\\/noticias\\\/?s={search_term_string}\"},\"query-input\":{\"@type\":\"PropertyValueSpecification\",\"valueRequired\":true,\"valueName\":\"search_term_string\"}}],\"inLanguage\":\"pt-BR\"},{\"@type\":\"Organization\",\"@id\":\"https:\\\/\\\/www.aprovaconcursos.com.br\\\/noticias\\\/#organization\",\"name\":\"Aprova Concursos - Not\u00edcias\",\"url\":\"https:\\\/\\\/www.aprovaconcursos.com.br\\\/noticias\\\/\",\"logo\":{\"@type\":\"ImageObject\",\"inLanguage\":\"pt-BR\",\"@id\":\"https:\\\/\\\/www.aprovaconcursos.com.br\\\/noticias\\\/#\\\/schema\\\/logo\\\/image\\\/\",\"url\":\"https:\\\/\\\/www.aprovaconcursos.com.br\\\/noticias\\\/wp-content\\\/uploads\\\/2026\\\/06\\\/logo.webp\",\"contentUrl\":\"https:\\\/\\\/www.aprovaconcursos.com.br\\\/noticias\\\/wp-content\\\/uploads\\\/2026\\\/06\\\/logo.webp\",\"width\":171,\"height\":49,\"caption\":\"Aprova Concursos - Not\u00edcias\"},\"image\":{\"@id\":\"https:\\\/\\\/www.aprovaconcursos.com.br\\\/noticias\\\/#\\\/schema\\\/logo\\\/image\\\/\"},\"sameAs\":[\"https:\\\/\\\/www.facebook.com\\\/aprovaconcursos\"]},{\"@type\":\"Person\",\"@id\":\"https:\\\/\\\/www.aprovaconcursos.com.br\\\/noticias\\\/#\\\/schema\\\/person\\\/02de4047f7bd2cbec9b6b2323204656c\",\"name\":\"Bruna Silva\",\"image\":{\"@type\":\"ImageObject\",\"inLanguage\":\"pt-BR\",\"@id\":\"https:\\\/\\\/secure.gravatar.com\\\/avatar\\\/5fabaa975c4c6bb33544b972597d884f7e9c3a62a662250af1086af52760d20a?s=96&d=mm&r=g\",\"url\":\"https:\\\/\\\/secure.gravatar.com\\\/avatar\\\/5fabaa975c4c6bb33544b972597d884f7e9c3a62a662250af1086af52760d20a?s=96&d=mm&r=g\",\"contentUrl\":\"https:\\\/\\\/secure.gravatar.com\\\/avatar\\\/5fabaa975c4c6bb33544b972597d884f7e9c3a62a662250af1086af52760d20a?s=96&d=mm&r=g\",\"caption\":\"Bruna Silva\"},\"sameAs\":[\"https:\\\/\\\/www.aprovaconcursos.com.br\\\/\"],\"url\":\"https:\\\/\\\/www.aprovaconcursos.com.br\\\/noticias\\\/autor\\\/bruna-silva\\\/\"}]}<\/script>\n<!-- \/ Yoast SEO Premium plugin. -->","yoast_head_json":{"title":"Concurso Guarda de Itanha\u00e9m: 20 vagas e at\u00e9 R$ 4,5 mil","description":"Concurso Guarda de Itanha\u00e9m SP: 20 vagas para Guarda Civil Municipal, sal\u00e1rio de at\u00e9 R$ 4.525,40 e inscri\u00e7\u00f5es at\u00e9 29 de setembro.","robots":{"index":"index","follow":"follow","max-snippet":"max-snippet:-1","max-image-preview":"max-image-preview:large","max-video-preview":"max-video-preview:-1"},"canonical":"https:\/\/www.aprovaconcursos.com.br\/noticias\/concurso-guarda-itanhaem-sp\/","og_locale":"pt_BR","og_type":"article","og_title":"Concurso Guarda de Itanha\u00e9m SP: 20 vagas e sal\u00e1rio de at\u00e9 R$ 4.525,40","og_description":"Concurso Guarda de Itanha\u00e9m SP: 20 vagas para Guarda Civil Municipal, sal\u00e1rio de at\u00e9 R$ 4.525,40 e inscri\u00e7\u00f5es at\u00e9 29 de setembro.","og_url":"https:\/\/www.aprovaconcursos.com.br\/noticias\/concurso-guarda-itanhaem-sp\/","og_site_name":"Aprova Concursos - Not\u00edcias","article_publisher":"https:\/\/www.facebook.com\/aprovaconcursos","article_published_time":"2026-08-31T12:21:33+00:00","og_image":[{"width":1600,"height":837,"url":"https:\/\/www.aprovaconcursos.com.br\/noticias\/wp-content\/uploads\/2026\/08\/guarda-de-itanhaem-sp.webp","type":"image\/webp"}],"author":"Bruna Silva","twitter_card":"summary_large_image","twitter_misc":{"Escrito por":"Bruna Silva","Est. tempo de leitura":"9 minutos"},"schema":{"@context":"https:\/\/schema.org","@graph":[{"@type":"NewsArticle","@id":"https:\/\/www.aprovaconcursos.com.br\/noticias\/concurso-guarda-itanhaem-sp\/#article","isPartOf":{"@id":"https:\/\/www.aprovaconcursos.com.br\/noticias\/concurso-guarda-itanhaem-sp\/"},"author":{"name":"Bruna Silva","@id":"https:\/\/www.aprovaconcursos.com.br\/noticias\/#\/schema\/person\/02de4047f7bd2cbec9b6b2323204656c"},"headline":"Concurso Guarda de Itanha\u00e9m SP: 20 vagas e sal\u00e1rio de at\u00e9 R$ 4.525,40","datePublished":"2026-08-31T12:21:33+00:00","mainEntityOfPage":{"@id":"https:\/\/www.aprovaconcursos.com.br\/noticias\/concurso-guarda-itanhaem-sp\/"},"wordCount":1585,"commentCount":0,"publisher":{"@id":"https:\/\/www.aprovaconcursos.com.br\/noticias\/#organization"},"image":{"@id":"https:\/\/www.aprovaconcursos.com.br\/noticias\/concurso-guarda-itanhaem-sp\/#primaryimage"},"thumbnailUrl":"https:\/\/www.aprovaconcursos.com.br\/noticias\/wp-content\/uploads\/2026\/08\/guarda-de-itanhaem-sp.webp","keywords":["Guarda SP"],"articleSection":["Not\u00edcias","\u00daltimas Not\u00edcias"],"inLanguage":"pt-BR","potentialAction":[{"@type":"CommentAction","name":"Comment","target":["https:\/\/www.aprovaconcursos.com.br\/noticias\/concurso-guarda-itanhaem-sp\/#respond"]}],"copyrightYear":"2026","copyrightHolder":{"@id":"https:\/\/www.aprovaconcursos.com.br\/noticias\/#organization"}},{"@type":"WebPage","@id":"https:\/\/www.aprovaconcursos.com.br\/noticias\/concurso-guarda-itanhaem-sp\/","url":"https:\/\/www.aprovaconcursos.com.br\/noticias\/concurso-guarda-itanhaem-sp\/","name":"Concurso Guarda de Itanha\u00e9m: 20 vagas e at\u00e9 R$ 4,5 mil","isPartOf":{"@id":"https:\/\/www.aprovaconcursos.com.br\/noticias\/#website"},"primaryImageOfPage":{"@id":"https:\/\/www.aprovaconcursos.com.br\/noticias\/concurso-guarda-itanhaem-sp\/#primaryimage"},"image":{"@id":"https:\/\/www.aprovaconcursos.com.br\/noticias\/concurso-guarda-itanhaem-sp\/#primaryimage"},"thumbnailUrl":"https:\/\/www.aprovaconcursos.com.br\/noticias\/wp-content\/uploads\/2026\/08\/guarda-de-itanhaem-sp.webp","datePublished":"2026-08-31T12:21:33+00:00","description":"Concurso Guarda de Itanha\u00e9m SP: 20 vagas para Guarda Civil Municipal, sal\u00e1rio de at\u00e9 R$ 4.525,40 e inscri\u00e7\u00f5es at\u00e9 29 de setembro.","breadcrumb":{"@id":"https:\/\/www.aprovaconcursos.com.br\/noticias\/concurso-guarda-itanhaem-sp\/#breadcrumb"},"inLanguage":"pt-BR","potentialAction":[{"@type":"ReadAction","target":["https:\/\/www.aprovaconcursos.com.br\/noticias\/concurso-guarda-itanhaem-sp\/"]}]},{"@type":"ImageObject","inLanguage":"pt-BR","@id":"https:\/\/www.aprovaconcursos.com.br\/noticias\/concurso-guarda-itanhaem-sp\/#primaryimage","url":"https:\/\/www.aprovaconcursos.com.br\/noticias\/wp-content\/uploads\/2026\/08\/guarda-de-itanhaem-sp.webp","contentUrl":"https:\/\/www.aprovaconcursos.com.br\/noticias\/wp-content\/uploads\/2026\/08\/guarda-de-itanhaem-sp.webp","width":1600,"height":837,"caption":"Guarda de Itanha\u00e9m SP."},{"@type":"BreadcrumbList","@id":"https:\/\/www.aprovaconcursos.com.br\/noticias\/concurso-guarda-itanhaem-sp\/#breadcrumb","itemListElement":[{"@type":"ListItem","position":1,"name":"Home","item":"https:\/\/www.aprovaconcursos.com.br\/noticias\/"},{"@type":"ListItem","position":2,"name":"Concurso Guarda de Itanha\u00e9m SP: 20 vagas e sal\u00e1rio de at\u00e9 R$ 4.525,40"}]},{"@type":"WebSite","@id":"https:\/\/www.aprovaconcursos.com.br\/noticias\/#website","url":"https:\/\/www.aprovaconcursos.com.br\/noticias\/","name":"Aprova Concursos - Not\u00edcias","description":"Fique por dentro das not\u00edcias sobre concursos p\u00fablicos do Brasil inteiro, ENEM, Exame de Ordem (OAB) e Exame de Sufici\u00eancia (CFC). Mantenha-se atualizado aqui!","publisher":{"@id":"https:\/\/www.aprovaconcursos.com.br\/noticias\/#organization"},"potentialAction":[{"@type":"SearchAction","target":{"@type":"EntryPoint","urlTemplate":"https:\/\/www.aprovaconcursos.com.br\/noticias\/?s={search_term_string}"},"query-input":{"@type":"PropertyValueSpecification","valueRequired":true,"valueName":"search_term_string"}}],"inLanguage":"pt-BR"},{"@type":"Organization","@id":"https:\/\/www.aprovaconcursos.com.br\/noticias\/#organization","name":"Aprova Concursos - Not\u00edcias","url":"https:\/\/www.aprovaconcursos.com.br\/noticias\/","logo":{"@type":"ImageObject","inLanguage":"pt-BR","@id":"https:\/\/www.aprovaconcursos.com.br\/noticias\/#\/schema\/logo\/image\/","url":"https:\/\/www.aprovaconcursos.com.br\/noticias\/wp-content\/uploads\/2026\/06\/logo.webp","contentUrl":"https:\/\/www.aprovaconcursos.com.br\/noticias\/wp-content\/uploads\/2026\/06\/logo.webp","width":171,"height":49,"caption":"Aprova Concursos - Not\u00edcias"},"image":{"@id":"https:\/\/www.aprovaconcursos.com.br\/noticias\/#\/schema\/logo\/image\/"},"sameAs":["https:\/\/www.facebook.com\/aprovaconcursos"]},{"@type":"Person","@id":"https:\/\/www.aprovaconcursos.com.br\/noticias\/#\/schema\/person\/02de4047f7bd2cbec9b6b2323204656c","name":"Bruna Silva","image":{"@type":"ImageObject","inLanguage":"pt-BR","@id":"https:\/\/secure.gravatar.com\/avatar\/5fabaa975c4c6bb33544b972597d884f7e9c3a62a662250af1086af52760d20a?s=96&d=mm&r=g","url":"https:\/\/secure.gravatar.com\/avatar\/5fabaa975c4c6bb33544b972597d884f7e9c3a62a662250af1086af52760d20a?s=96&d=mm&r=g","contentUrl":"https:\/\/secure.gravatar.com\/avatar\/5fabaa975c4c6bb33544b972597d884f7e9c3a62a662250af1086af52760d20a?s=96&d=mm&r=g","caption":"Bruna Silva"},"sameAs":["https:\/\/www.aprovaconcursos.com.br\/"],"url":"https:\/\/www.aprovaconcursos.com.br\/noticias\/autor\/bruna-silva\/"}]}},"_links":{"self":[{"href":"https:\/\/www.aprovaconcursos.com.br\/noticias\/wp-json\/wp\/v2\/posts\/166992","targetHints":{"allow":["GET"]}}],"collection":[{"href":"https:\/\/www.aprovaconcursos.com.br\/noticias\/wp-json\/wp\/v2\/posts"}],"about":[{"href":"https:\/\/www.aprovaconcursos.com.br\/noticias\/wp-json\/wp\/v2\/types\/post"}],"author":[{"embeddable":true,"href":"https:\/\/www.aprovaconcursos.com.br\/noticias\/wp-json\/wp\/v2\/users\/6"}],"replies":[{"embeddable":true,"href":"https:\/\/www.aprovaconcursos.com.br\/noticias\/wp-json\/wp\/v2\/comments?post=166992"}],"version-history":[{"count":1,"href":"https:\/\/www.aprovaconcursos.com.br\/noticias\/wp-json\/wp\/v2\/posts\/166992\/revisions"}],"predecessor-version":[{"id":166994,"href":"https:\/\/www.aprovaconcursos.com.br\/noticias\/wp-json\/wp\/v2\/posts\/166992\/revisions\/166994"}],"wp:featuredmedia":[{"embeddable":true,"href":"https:\/\/www.aprovaconcursos.com.br\/noticias\/wp-json\/wp\/v2\/media\/166993"}],"wp:attachment":[{"href":"https:\/\/www.aprovaconcursos.com.br\/noticias\/wp-json\/wp\/v2\/media?parent=166992"}],"wp:term":[{"taxonomy":"category","embeddable":true,"href":"https:\/\/www.aprovaconcursos.com.br\/noticias\/wp-json\/wp\/v2\/categories?post=166992"},{"taxonomy":"post_tag","embeddable":true,"href":"https:\/\/www.aprovaconcursos.com.br\/noticias\/wp-json\/wp\/v2\/tags?post=166992"}],"curies":[{"name":"wp","href":"https:\/\/api.w.org\/{rel}","templated":true}]}}