{"id":166989,"date":"2026-08-31T09:03:25","date_gmt":"2026-08-31T12:03:25","guid":{"rendered":"https:\/\/www.aprovaconcursos.com.br\/noticias\/?p=166989"},"modified":"2026-08-31T09:03:25","modified_gmt":"2026-08-31T12:03:25","slug":"concurso-setec-campinas-sp","status":"publish","type":"post","link":"https:\/\/www.aprovaconcursos.com.br\/noticias\/concurso-setec-campinas-sp\/","title":{"rendered":"Concurso SETEC Campinas SP: 40 vagas e at\u00e9 R$ 11,4 mil"},"content":{"rendered":"\n<h2 id=\"h-resumo-e-situacao-atual\" class=\"wp-block-heading\">Resumo e situa\u00e7\u00e3o atual<\/h2>\n\n\n\n<p class=\"wp-block-paragraph\">O concurso p\u00fablico da <strong>SETEC, Servi\u00e7os T\u00e9cnicos Gerais<\/strong>, autarquia do munic\u00edpio de Campinas (SP), est\u00e1 com <strong>editais publicados e inscri\u00e7\u00f5es prestes a abrir<\/strong>. S\u00e3o 40 vagas imediatas, al\u00e9m de cadastro de reserva para todos os cargos, distribu\u00eddas entre os n\u00edveis fundamental, m\u00e9dio\/t\u00e9cnico e superior.A organiza\u00e7\u00e3o \u00e9 do INDEPAC, e os sal\u00e1rios iniciais v\u00e3o de R$ 2.571,28 a R$ 11.427,98, com vale-alimenta\u00e7\u00e3o\/refei\u00e7\u00e3o de R$ 2.150,12 e contrata\u00e7\u00e3o pelo regime estatut\u00e1rio.<\/p>\n\n\n\n<p class=\"wp-block-paragraph\"><strong>\u00daltima movimenta\u00e7\u00e3o:<\/strong> publica\u00e7\u00e3o dos <strong>Editais n\u00ba 01\/2026<\/strong> (cargos diversos) e <strong>n\u00ba 02\/2026<\/strong> (Procurador).<\/p>\n\n\n\n<p class=\"wp-block-paragraph\"><strong>Pr\u00f3ximo passo:<\/strong> abertura das inscri\u00e7\u00f5es em <strong>8 de setembro de 2026<\/strong>, exclusivamente pela internet, no site do INDEPAC. O prazo segue at\u00e9 4 de dezembro de 2026, com provas escritas previstas para 17 de janeiro de 2027, em Campinas.<\/p>\n\n\n\n<p class=\"wp-block-paragraph\"><strong>Em n\u00fameros:<\/strong><\/p>\n\n\n\n<ul class=\"wp-block-list\">\n<li><strong>Vagas:<\/strong> 40 imediatas + cadastro de reserva<\/li>\n\n\n\n<li><strong>Escolaridade:<\/strong> fundamental, m\u00e9dio\/t\u00e9cnico e superior<\/li>\n\n\n\n<li><strong>Sal\u00e1rios:<\/strong> de R$ 2.571,28 a R$ 11.427,98<\/li>\n\n\n\n<li><strong>Banca:<\/strong> INDEPAC<\/li>\n\n\n\n<li><strong>Inscri\u00e7\u00f5es:<\/strong> 8\/9 a 4\/12\/2026<\/li>\n\n\n\n<li><strong>Taxas:<\/strong> R$ 48,00, R$ 55,00 e R$ 78,00<\/li>\n\n\n\n<li><strong>Provas:<\/strong> 17\/1\/2027<\/li>\n<\/ul>\n\n\n\n<h2 id=\"h-comissao-e-banca\" class=\"wp-block-heading\">Comiss\u00e3o e banca<\/h2>\n\n\n\n<p class=\"wp-block-paragraph\">A movimenta\u00e7\u00e3o interna come\u00e7ou meses antes dos editais. A comiss\u00e3o organizadora foi oficializada pela Portaria n\u00ba 27, de 22 de maio de 2026, publicada no Di\u00e1rio Oficial do Munic\u00edpio de Campinas, grupo respons\u00e1vel por conduzir os procedimentos internos da sele\u00e7\u00e3o.<\/p>\n\n\n\n<p class=\"wp-block-paragraph\">Em 29 de julho de 2026 foi publicado o contrato entre a SETEC e o INDEPAC (Instituto de Cultura, Desenvolvimento Educacional, Promo\u00e7\u00e3o Humana e A\u00e7\u00e3o Comunit\u00e1ria), respons\u00e1vel pelo planejamento, organiza\u00e7\u00e3o e aplica\u00e7\u00e3o das provas escrita, pr\u00e1tica e de t\u00edtulos. O contrato foi divulgado no Portal Nacional de Contrata\u00e7\u00f5es P\u00fablicas (PNCP) e abrange todas as etapas, da publica\u00e7\u00e3o do edital \u00e0 divulga\u00e7\u00e3o dos resultados.<\/p>\n\n\n\n<h2 id=\"h-edital\" class=\"wp-block-heading\">Edital<\/h2>\n\n\n\n<p class=\"wp-block-paragraph\">S\u00e3o <strong>dois editais complementares<\/strong>, com inscri\u00e7\u00f5es integradas no mesmo per\u00edodo:<\/p>\n\n\n\n<ul class=\"wp-block-list\">\n<li><strong>Edital n\u00ba 01\/2026<\/strong> \u2014 cargos de n\u00edveis fundamental, m\u00e9dio\/t\u00e9cnico e superior<\/li>\n\n\n\n<li><strong>Edital n\u00ba 02\/2026<\/strong> \u2014 exclusivo para o cargo de <strong>Procurador<\/strong><\/li>\n<\/ul>\n\n\n\n<p class=\"wp-block-paragraph\">O Edital n\u00ba 01\/2026 re\u00fane 39 vagas em diferentes fun\u00e7\u00f5es, enquanto o n\u00ba 02\/2026 oferece uma vaga para Procurador, mais cadastro de reserva.<\/p>\n\n\n\n<p class=\"wp-block-paragraph\"><strong>Reserva de vagas:<\/strong> s\u00e3o assegurados 5% das vagas \u00e0s pessoas com defici\u00eancia (PCD) e 30% \u00e0s cotas raciais, divididos em 25% para pretos e pardos, 3% para ind\u00edgenas e 2% para quilombolas.<\/p>\n\n\n\n<p class=\"wp-block-paragraph\"><strong>Jornada:<\/strong> 36 horas semanais (ou at\u00e9 180 horas mensais em escala) para quase todos os cargos, com exce\u00e7\u00e3o de Assistente Social, que cumpre 30 horas semanais ou at\u00e9 150 horas mensais.<\/p>\n\n\n\n<p class=\"wp-block-paragraph\">Os documentos completos est\u00e3o dispon\u00edveis no site da banca, o <a href=\"https:\/\/indepac.selecao.net.br\/\" target=\"_blank\" rel=\"noopener noreferrer\">INDEPAC<\/a>, e no portal da <a href=\"https:\/\/setec.sp.gov.br\/\" target=\"_blank\" rel=\"noopener noreferrer\">SETEC<\/a>.<\/p>\n\n\n\n<h2 id=\"h-vagas-cargos-e-remuneracao\" class=\"wp-block-heading\">Vagas, cargos e remunera\u00e7\u00e3o<\/h2>\n\n\n\n<p class=\"wp-block-paragraph\"><strong>N\u00edvel fundamental \u2014 18 vagas + CR<\/strong><\/p>\n\n\n\n<figure class=\"wp-block-table\"><table class=\"has-fixed-layout\"><thead><tr><th>Cargo<\/th><th>Vagas<\/th><th>Sal\u00e1rio inicial<\/th><\/tr><\/thead><tbody><tr><td>Agente de Apoio Operacional<\/td><td>6 + CR<\/td><td>R$ 3.142,63<\/td><\/tr><tr><td>Agente Funer\u00e1rio<\/td><td>4 + CR<\/td><td>R$ 3.142,63<\/td><\/tr><tr><td>Agente de Suporte Funer\u00e1rio<\/td><td>3 + CR<\/td><td>R$ 3.142,63<\/td><\/tr><tr><td>Motorista Especializado<\/td><td>3 + CR<\/td><td>R$ 4.285,47<\/td><\/tr><tr><td>Condutor de Ve\u00edculos e M\u00e1quinas<\/td><td>1 + CR<\/td><td>R$ 4.285,47<\/td><\/tr><tr><td>Oficial de Servi\u00e7os<\/td><td>1 + CR<\/td><td>R$ 2.571,28<\/td><\/tr><\/tbody><\/table><\/figure>\n\n\n\n<p class=\"wp-block-paragraph\"><strong>N\u00edvel m\u00e9dio\/t\u00e9cnico \u2014 20 vagas + CR<\/strong><\/p>\n\n\n\n<figure class=\"wp-block-table\"><table class=\"has-fixed-layout\"><thead><tr><th>Cargo<\/th><th>Vagas<\/th><th>Sal\u00e1rio inicial<\/th><\/tr><\/thead><tbody><tr><td>Agente Administrativo<\/td><td>8 + CR<\/td><td>R$ 3.714,09<\/td><\/tr><tr><td>Agente de Fiscaliza\u00e7\u00e3o<\/td><td>5 + CR<\/td><td>R$ 4.285,47<\/td><\/tr><tr><td>Agente de Suporte T\u00e9cnico<\/td><td>4 + CR<\/td><td>R$ 5.142,61<\/td><\/tr><tr><td>Assistente de S.V.O.<\/td><td>2 + CR<\/td><td>R$ 4.285,47<\/td><\/tr><tr><td>T\u00e9cnico em Seguran\u00e7a do Trabalho<\/td><td>1 + CR<\/td><td>R$ 5.142,61<\/td><\/tr><\/tbody><\/table><\/figure>\n\n\n\n<p class=\"wp-block-paragraph\"><strong>N\u00edvel superior \u2014 2 vagas + CR<\/strong><\/p>\n\n\n\n<figure class=\"wp-block-table\"><table class=\"has-fixed-layout\"><thead><tr><th>Cargo<\/th><th>Vagas<\/th><th>Sal\u00e1rio inicial<\/th><\/tr><\/thead><tbody><tr><td>Procurador (Edital n\u00ba 02\/2026)<\/td><td>1 + CR<\/td><td>R$ 11.427,98<\/td><\/tr><tr><td>Analista T\u00e9cnico (Inform\u00e1tica)<\/td><td>1 + CR<\/td><td>R$ 8.285,32<\/td><\/tr><tr><td>Engenheiro Civil<\/td><td>CR<\/td><td>R$ 10.428,05<\/td><\/tr><tr><td>Assistente Social<\/td><td>CR<\/td><td>R$ 8.285,32<\/td><\/tr><\/tbody><\/table><\/figure>\n\n\n\n<p class=\"wp-block-paragraph\"><strong>Benef\u00edcio comum a todos os cargos:<\/strong> vale-alimenta\u00e7\u00e3o\/refei\u00e7\u00e3o de R$ 2.150,12 por m\u00eas. O cargo de Agente de Fiscaliza\u00e7\u00e3o ainda pode receber pr\u00eamio de produtividade de at\u00e9 85% sobre o sal\u00e1rio base, conforme legisla\u00e7\u00e3o municipal.<\/p>\n\n\n\n<p class=\"wp-block-paragraph\"><strong>Principais requisitos por n\u00edvel:<\/strong> CNH categoria D para Condutor de Ve\u00edculos e M\u00e1quinas e Motorista Especializado; CNH D ou E para Agente de Fiscaliza\u00e7\u00e3o; curso t\u00e9cnico e registro no MTE para T\u00e9cnico em Seguran\u00e7a do Trabalho; forma\u00e7\u00e3o em Servi\u00e7o Social com registro no CRESS; Engenharia Civil com registro no CREA; e Direito com registro ativo na OAB para Procurador.<\/p>\n\n\n\n<h2 id=\"h-inscricoes\" class=\"wp-block-heading\">Inscri\u00e7\u00f5es<\/h2>\n\n\n\n<p class=\"wp-block-paragraph\">As inscri\u00e7\u00f5es ocorrem de 8 de setembro a 4 de dezembro de 2026, exclusivamente pela internet, na p\u00e1gina do INDEPAC. O boleto deve ser pago at\u00e9 7 de dezembro de 2026.<\/p>\n\n\n\n<p class=\"wp-block-paragraph\"><strong>Taxas de inscri\u00e7\u00e3o:<\/strong><\/p>\n\n\n\n<ul class=\"wp-block-list\">\n<li>N\u00edvel fundamental: <strong>R$ 48,00<\/strong><\/li>\n\n\n\n<li>N\u00edvel m\u00e9dio\/t\u00e9cnico: <strong>R$ 55,00<\/strong><\/li>\n\n\n\n<li>N\u00edvel superior, incluindo Procurador: <strong>R$ 78,00<\/strong><\/li>\n<\/ul>\n\n\n\n<p class=\"wp-block-paragraph\"><strong>Duas inscri\u00e7\u00f5es s\u00e3o permitidas<\/strong> no Edital n\u00ba 01\/2026, desde que os cargos tenham provas em per\u00edodos diferentes. O Per\u00edodo A re\u00fane Agente Administrativo, Agente de Apoio Operacional, Agente de Suporte Funer\u00e1rio, Analista T\u00e9cnico (Inform\u00e1tica), Assistente Social, Condutor de Ve\u00edculos e M\u00e1quinas e Engenheiro Civil. O Per\u00edodo B re\u00fane Agente de Fiscaliza\u00e7\u00e3o, Agente de Suporte T\u00e9cnico, Agente Funer\u00e1rio, Assistente de S.V.O., Motorista Especializado, Oficial de Servi\u00e7os e T\u00e9cnico em Seguran\u00e7a do Trabalho. Para Procurador, no Edital n\u00ba 02\/2026, \u00e9 permitida apenas uma inscri\u00e7\u00e3o.<\/p>\n\n\n\n<p class=\"wp-block-paragraph\"><strong>Isen\u00e7\u00e3o da taxa:<\/strong> o pedido vai de 8 a 18 de setembro de 2026, no site do INDEPAC, e o resultado sai em 2 de outubro de 2026. Podem solicitar doadores de sangue dos \u00faltimos seis meses, doadores de medula \u00f3ssea cadastrados no REDOME e inscritos no Cad\u00danico com renda familiar per capita de at\u00e9 meio sal\u00e1rio m\u00ednimo nacional.<\/p>\n\n\n\n<h2 id=\"h-provas-e-locais\" class=\"wp-block-heading\">Provas e locais<\/h2>\n\n\n\n<p class=\"wp-block-paragraph\">As provas escritas est\u00e3o previstas para 17 de janeiro de 2027, na cidade de Campinas (SP). Locais e hor\u00e1rios ser\u00e3o informados no edital de convoca\u00e7\u00e3o, com publica\u00e7\u00e3o prevista para 18 de dezembro de 2026.<\/p>\n\n\n\n<p class=\"wp-block-paragraph\"><strong>Etapas previstas, conforme o cargo:<\/strong><\/p>\n\n\n\n<ul class=\"wp-block-list\">\n<li><strong>Prova objetiva<\/strong> \u2014 eliminat\u00f3ria e classificat\u00f3ria para todos os cargos, com avalia\u00e7\u00e3o de 0 a 100 pontos e nota m\u00ednima de 50 pontos. A dura\u00e7\u00e3o \u00e9 de 3 horas para os cargos gerais, 3h30 para cargos de n\u00edvel m\u00e9dio e superior com reda\u00e7\u00e3o e 4 horas para Procurador.<\/li>\n\n\n\n<li><strong>Prova dissertativa<\/strong> \u2014 no mesmo dia da objetiva, para Agente de Suporte T\u00e9cnico, Analista T\u00e9cnico (Inform\u00e1tica), Assistente Social, Engenheiro Civil e T\u00e9cnico em Seguran\u00e7a do Trabalho, com uma quest\u00e3o te\u00f3rico-pr\u00e1tica.<\/li>\n\n\n\n<li><strong>Prova pr\u00e1tico-profissional<\/strong> \u2014 somente para Procurador, com elabora\u00e7\u00e3o de uma pe\u00e7a avaliada de 0 a 20 pontos e m\u00ednimo de 10 pontos para habilita\u00e7\u00e3o.<\/li>\n\n\n\n<li><strong>Prova pr\u00e1tica<\/strong> \u2014 para Condutor de Ve\u00edculos e M\u00e1quinas e Motorista Especializado.<\/li>\n\n\n\n<li><strong>Teste de aptid\u00e3o f\u00edsica (TAF)<\/strong> \u2014 eliminat\u00f3rio, para Agente de Apoio Operacional, Oficial de Servi\u00e7os, Agente de Suporte Funer\u00e1rio, Motorista Especializado, Agente de Fiscaliza\u00e7\u00e3o e Assistente de S.V.O.<\/li>\n\n\n\n<li><strong>Prova de t\u00edtulos<\/strong> \u2014 classificat\u00f3ria, para Agente de Suporte Funer\u00e1rio, Assistente de S.V.O., Motorista Especializado e Procurador.<\/li>\n<\/ul>\n\n\n\n<p class=\"wp-block-paragraph\"><strong>Conte\u00fado program\u00e1tico:<\/strong> os cargos de n\u00edvel fundamental t\u00eam L\u00edngua Portuguesa e Matem\u00e1tica; os de n\u00edvel m\u00e9dio\/t\u00e9cnico e superior seguem a mesma base ampliada, somada aos conhecimentos espec\u00edficos de cada fun\u00e7\u00e3o. O programa de Procurador re\u00fane Direito Administrativo (incluindo a Lei n\u00ba 14.133\/21), Constitucional, Tribut\u00e1rio, Civil, Processual Civil, Penal e Processual Penal, do Trabalho, Financeiro, Ambiental, Urban\u00edstico e legisla\u00e7\u00e3o municipal.<\/p>\n\n\n\n<h2 id=\"h-gabaritos-e-resultados\" class=\"wp-block-heading\">Gabaritos e resultados<\/h2>\n\n\n\n<p class=\"wp-block-paragraph\"><strong>Status:<\/strong> ainda n\u00e3o h\u00e1 gabarito, resultado ou classifica\u00e7\u00e3o divulgados. As provas escritas s\u00f3 ser\u00e3o aplicadas em <strong>17 de janeiro de 2027<\/strong>.<\/p>\n\n\n\n<p class=\"wp-block-paragraph\"><strong>Pr\u00f3ximos passos at\u00e9 l\u00e1:<\/strong> encerramento das inscri\u00e7\u00f5es em 4\/12\/2026, publica\u00e7\u00e3o do edital de convoca\u00e7\u00e3o em 18\/12\/2026 e, depois da aplica\u00e7\u00e3o, divulga\u00e7\u00e3o de gabarito preliminar, prazo de recursos e resultado. As datas de gabarito e resultado ainda n\u00e3o constam de cronograma oficial divulgado. Esta se\u00e7\u00e3o ser\u00e1 atualizada quando o INDEPAC publicar cada documento.<\/p>\n\n\n\n<h2 id=\"h-cronologia\" class=\"wp-block-heading\">Cronologia<\/h2>\n\n\n\n<ul class=\"wp-block-list\">\n<li><strong>22\/5\/2026<\/strong> \u2014 Portaria n\u00ba 27 formaliza a comiss\u00e3o organizadora, no Di\u00e1rio Oficial do Munic\u00edpio<\/li>\n\n\n\n<li><strong>29\/7\/2026<\/strong> \u2014 publica\u00e7\u00e3o do contrato entre a SETEC e o INDEPAC<\/li>\n\n\n\n<li><strong>28\/8\/2026<\/strong> \u2014 publica\u00e7\u00e3o dos Editais n\u00ba 01\/2026 e n\u00ba 02\/2026<\/li>\n\n\n\n<li><strong>8\/9\/2026<\/strong> \u2014 abertura das inscri\u00e7\u00f5es<\/li>\n\n\n\n<li><strong>8 a 18\/9\/2026<\/strong> \u2014 prazo para pedido de isen\u00e7\u00e3o da taxa<\/li>\n\n\n\n<li><strong>2\/10\/2026<\/strong> \u2014 divulga\u00e7\u00e3o do resultado dos pedidos de isen\u00e7\u00e3o<\/li>\n\n\n\n<li><strong>4\/12\/2026<\/strong> \u2014 encerramento das inscri\u00e7\u00f5es<\/li>\n\n\n\n<li><strong>7\/12\/2026<\/strong> \u2014 prazo final para pagamento do boleto<\/li>\n\n\n\n<li><strong>18\/12\/2026<\/strong> \u2014 previs\u00e3o de publica\u00e7\u00e3o do edital de convoca\u00e7\u00e3o para as provas<\/li>\n\n\n\n<li><strong>17\/1\/2027<\/strong> \u2014 aplica\u00e7\u00e3o das provas escritas, em Campinas<\/li>\n<\/ul>\n\n\n\n<h2 id=\"h-ultimas-noticias\" class=\"wp-block-heading\">\u00daltimas not\u00edcias<\/h2>\n\n\n\n<p class=\"wp-block-paragraph\"><strong>Editais publicados com 40 vagas e sal\u00e1rios de at\u00e9 R$ 11,4 mil<\/strong><br>A SETEC divulgou dois editais que somam 40 vagas imediatas e cadastro de reserva para 15 cargos, com inscri\u00e7\u00f5es de 8 de setembro a 4 de dezembro de 2026 e provas previstas para 17 de janeiro de 2027.<\/p>\n\n\n\n<p class=\"wp-block-paragraph\"><strong>Banca definida: INDEPAC assume a organiza\u00e7\u00e3o<\/strong><br>O contrato com o INDEPAC foi publicado em 29 de julho de 2026 e cobre todas as etapas, do edital \u00e0 divulga\u00e7\u00e3o dos resultados.<\/p>\n\n\n\n<p class=\"wp-block-paragraph\"><strong>Comiss\u00e3o organizadora \u00e9 formada por portaria<\/strong><br>A Portaria n\u00ba 27, de 22 de maio de 2026, oficializou o grupo respons\u00e1vel pelos procedimentos internos da sele\u00e7\u00e3o.<\/p>\n\n\n\n<h2 id=\"h-perguntas-frequentes\" class=\"wp-block-heading\">Perguntas frequentes<\/h2>\n\n\n\n<h3 id=\"h-preciso-morar-em-campinas-para-me-inscrever\" class=\"wp-block-heading\">Preciso morar em Campinas para me inscrever?<\/h3>\n\n\n\n<p class=\"wp-block-paragraph\">N\u00e3o. Os requisitos gerais dos editais tratam de nacionalidade, idade m\u00ednima de 18 anos, situa\u00e7\u00e3o regular com Justi\u00e7a Eleitoral e Servi\u00e7o Militar, aptid\u00e3o f\u00edsica e mental e aus\u00eancia de antecedentes criminais, sem exig\u00eancia de resid\u00eancia no munic\u00edpio. As provas escritas, por\u00e9m, ser\u00e3o aplicadas em Campinas, e o deslocamento \u00e9 responsabilidade do candidato.<\/p>\n\n\n\n<h3 id=\"h-quem-for-aprovado-no-cadastro-de-reserva-tem-convocacao-garantida\" class=\"wp-block-heading\">Quem for aprovado no cadastro de reserva tem convoca\u00e7\u00e3o garantida?<\/h3>\n\n\n\n<p class=\"wp-block-paragraph\">N\u00e3o. O cadastro de reserva \u00e9 uma lista de aprovados sem vaga imediata. A convoca\u00e7\u00e3o depende de necessidade da administra\u00e7\u00e3o, disponibilidade or\u00e7ament\u00e1ria e vac\u00e2ncia no cargo durante a validade do concurso. Cargos como Assistente Social e Engenheiro Civil constam apenas em cadastro de reserva nos editais.<\/p>\n\n\n\n<h3 id=\"h-qual-foi-o-ultimo-concurso-da-setec-campinas\" class=\"wp-block-heading\">Qual foi o \u00faltimo concurso da SETEC Campinas?<\/h3>\n\n\n\n<p class=\"wp-block-paragraph\">O concurso anterior da autarquia foi realizado em 2021, com 32 vagas para os n\u00edveis fundamental, m\u00e9dio e superior, sob organiza\u00e7\u00e3o do Instituto Mais. Entre as fun\u00e7\u00f5es estavam agente funer\u00e1rio, agente administrativo, agente de fiscaliza\u00e7\u00e3o, analista t\u00e9cnico de inform\u00e1tica, engenheiro civil e procurador.<\/p>\n\n\n\n<h3 id=\"h-se-o-pedido-de-isencao-for-negado-ainda-posso-participar\" class=\"wp-block-heading\">Se o pedido de isen\u00e7\u00e3o for negado, ainda posso participar?<\/h3>\n\n\n\n<p class=\"wp-block-paragraph\">Sim. Quem tiver o pedido indeferido no resultado de 2 de outubro de 2026 continua com a inscri\u00e7\u00e3o v\u00e1lida desde que emita o boleto e efetue o pagamento da taxa dentro do prazo, que vai at\u00e9 7 de dezembro de 2026. Vale acompanhar o site do INDEPAC para eventual prazo de recurso contra o indeferimento.<\/p>\n\n\n\n<h3 id=\"h-o-teste-de-aptidao-fisica-elimina-o-candidato\" class=\"wp-block-heading\">O teste de aptid\u00e3o f\u00edsica elimina o candidato?<\/h3>\n\n\n\n<p class=\"wp-block-paragraph\">Sim, para os cargos em que est\u00e1 previsto. O TAF tem car\u00e1ter eliminat\u00f3rio e alcan\u00e7a Agente de Apoio Operacional, Oficial de Servi\u00e7os, Agente de Suporte Funer\u00e1rio, Motorista Especializado, Agente de Fiscaliza\u00e7\u00e3o e Assistente de S.V.O. As atividades incluem flex\u00e3o de bra\u00e7o, abdominais e levantamento de peso, al\u00e9m de corrida de 12 minutos no caso de Agente de Fiscaliza\u00e7\u00e3o.<\/p>\n\n\n\n<p class=\"wp-block-paragraph\"><\/p>\n","protected":false},"excerpt":{"rendered":"<p>Resumo e situa\u00e7\u00e3o atual O concurso p\u00fablico da SETEC, Servi\u00e7os T\u00e9cnicos Gerais, autarquia do munic\u00edpio de Campinas (SP), est\u00e1 com editais publicados\u2026<\/p>\n","protected":false},"author":6,"featured_media":166990,"comment_status":"open","ping_status":"open","sticky":false,"template":"","format":"standard","meta":{"footnotes":""},"categories":[11,18699],"tags":[24767],"class_list":["post-166989","post","type-post","status-publish","format-standard","has-post-thumbnail","hentry","category-noticias","category-ultimas-noticias-concursos","tag-setec"],"yoast_head":"<!-- This site is optimized with the Yoast SEO Premium plugin v27.9 (Yoast SEO v28.2) - https:\/\/yoast.com\/product\/yoast-seo-premium-wordpress\/ -->\n<title>Concurso SETEC Campinas SP: 40 vagas e at\u00e9 R$ 11,4 mil<\/title>\n<meta name=\"description\" content=\"Editais com 40 vagas e sal\u00e1rios de at\u00e9 R$ 11.427,98. Inscri\u00e7\u00f5es de 8\/9 a 4\/12\/2026. Veja cargos, taxas e datas das provas.\" \/>\n<meta name=\"robots\" content=\"index, follow, max-snippet:-1, max-image-preview:large, max-video-preview:-1\" \/>\n<link rel=\"canonical\" href=\"https:\/\/www.aprovaconcursos.com.br\/noticias\/concurso-setec-campinas-sp\/\" \/>\n<meta property=\"og:locale\" content=\"pt_BR\" \/>\n<meta property=\"og:type\" content=\"article\" \/>\n<meta property=\"og:title\" content=\"Concurso SETEC Campinas SP: 40 vagas e at\u00e9 R$ 11,4 mil\" \/>\n<meta property=\"og:description\" content=\"Editais com 40 vagas e sal\u00e1rios de at\u00e9 R$ 11.427,98. Inscri\u00e7\u00f5es de 8\/9 a 4\/12\/2026. Veja cargos, taxas e datas das provas.\" \/>\n<meta property=\"og:url\" content=\"https:\/\/www.aprovaconcursos.com.br\/noticias\/concurso-setec-campinas-sp\/\" \/>\n<meta property=\"og:site_name\" content=\"Aprova Concursos - Not\u00edcias\" \/>\n<meta property=\"article:publisher\" content=\"https:\/\/www.facebook.com\/aprovaconcursos\" \/>\n<meta property=\"article:published_time\" content=\"2026-08-31T12:03:25+00:00\" \/>\n<meta property=\"og:image\" content=\"https:\/\/www.aprovaconcursos.com.br\/noticias\/wp-content\/uploads\/2026\/08\/concurso-setec-campinas.webp\" \/>\n\t<meta property=\"og:image:width\" content=\"1600\" \/>\n\t<meta property=\"og:image:height\" content=\"837\" \/>\n\t<meta property=\"og:image:type\" content=\"image\/webp\" \/>\n<meta name=\"author\" content=\"Bruna Silva\" \/>\n<meta name=\"twitter:card\" content=\"summary_large_image\" \/>\n<meta name=\"twitter:label1\" content=\"Escrito por\" \/>\n\t<meta name=\"twitter:data1\" content=\"Bruna Silva\" \/>\n\t<meta name=\"twitter:label2\" content=\"Est. tempo de leitura\" \/>\n\t<meta name=\"twitter:data2\" content=\"10 minutos\" \/>\n<script type=\"application\/ld+json\" class=\"yoast-schema-graph\">{\"@context\":\"https:\\\/\\\/schema.org\",\"@graph\":[{\"@type\":\"NewsArticle\",\"@id\":\"https:\\\/\\\/www.aprovaconcursos.com.br\\\/noticias\\\/concurso-setec-campinas-sp\\\/#article\",\"isPartOf\":{\"@id\":\"https:\\\/\\\/www.aprovaconcursos.com.br\\\/noticias\\\/concurso-setec-campinas-sp\\\/\"},\"author\":{\"name\":\"Bruna Silva\",\"@id\":\"https:\\\/\\\/www.aprovaconcursos.com.br\\\/noticias\\\/#\\\/schema\\\/person\\\/02de4047f7bd2cbec9b6b2323204656c\"},\"headline\":\"Concurso SETEC Campinas SP: 40 vagas e at\u00e9 R$ 11,4 mil\",\"datePublished\":\"2026-08-31T12:03:25+00:00\",\"mainEntityOfPage\":{\"@id\":\"https:\\\/\\\/www.aprovaconcursos.com.br\\\/noticias\\\/concurso-setec-campinas-sp\\\/\"},\"wordCount\":1777,\"commentCount\":0,\"publisher\":{\"@id\":\"https:\\\/\\\/www.aprovaconcursos.com.br\\\/noticias\\\/#organization\"},\"image\":{\"@id\":\"https:\\\/\\\/www.aprovaconcursos.com.br\\\/noticias\\\/concurso-setec-campinas-sp\\\/#primaryimage\"},\"thumbnailUrl\":\"https:\\\/\\\/www.aprovaconcursos.com.br\\\/noticias\\\/wp-content\\\/uploads\\\/2026\\\/08\\\/concurso-setec-campinas.webp\",\"keywords\":[\"SETEC\"],\"articleSection\":[\"Not\u00edcias\",\"\u00daltimas Not\u00edcias\"],\"inLanguage\":\"pt-BR\",\"potentialAction\":[{\"@type\":\"CommentAction\",\"name\":\"Comment\",\"target\":[\"https:\\\/\\\/www.aprovaconcursos.com.br\\\/noticias\\\/concurso-setec-campinas-sp\\\/#respond\"]}],\"copyrightYear\":\"2026\",\"copyrightHolder\":{\"@id\":\"https:\\\/\\\/www.aprovaconcursos.com.br\\\/noticias\\\/#organization\"}},{\"@type\":\"WebPage\",\"@id\":\"https:\\\/\\\/www.aprovaconcursos.com.br\\\/noticias\\\/concurso-setec-campinas-sp\\\/\",\"url\":\"https:\\\/\\\/www.aprovaconcursos.com.br\\\/noticias\\\/concurso-setec-campinas-sp\\\/\",\"name\":\"Concurso SETEC Campinas SP: 40 vagas e at\u00e9 R$ 11,4 mil\",\"isPartOf\":{\"@id\":\"https:\\\/\\\/www.aprovaconcursos.com.br\\\/noticias\\\/#website\"},\"primaryImageOfPage\":{\"@id\":\"https:\\\/\\\/www.aprovaconcursos.com.br\\\/noticias\\\/concurso-setec-campinas-sp\\\/#primaryimage\"},\"image\":{\"@id\":\"https:\\\/\\\/www.aprovaconcursos.com.br\\\/noticias\\\/concurso-setec-campinas-sp\\\/#primaryimage\"},\"thumbnailUrl\":\"https:\\\/\\\/www.aprovaconcursos.com.br\\\/noticias\\\/wp-content\\\/uploads\\\/2026\\\/08\\\/concurso-setec-campinas.webp\",\"datePublished\":\"2026-08-31T12:03:25+00:00\",\"description\":\"Editais com 40 vagas e sal\u00e1rios de at\u00e9 R$ 11.427,98. Inscri\u00e7\u00f5es de 8\\\/9 a 4\\\/12\\\/2026. Veja cargos, taxas e datas das provas.\",\"breadcrumb\":{\"@id\":\"https:\\\/\\\/www.aprovaconcursos.com.br\\\/noticias\\\/concurso-setec-campinas-sp\\\/#breadcrumb\"},\"inLanguage\":\"pt-BR\",\"potentialAction\":[{\"@type\":\"ReadAction\",\"target\":[\"https:\\\/\\\/www.aprovaconcursos.com.br\\\/noticias\\\/concurso-setec-campinas-sp\\\/\"]}]},{\"@type\":\"ImageObject\",\"inLanguage\":\"pt-BR\",\"@id\":\"https:\\\/\\\/www.aprovaconcursos.com.br\\\/noticias\\\/concurso-setec-campinas-sp\\\/#primaryimage\",\"url\":\"https:\\\/\\\/www.aprovaconcursos.com.br\\\/noticias\\\/wp-content\\\/uploads\\\/2026\\\/08\\\/concurso-setec-campinas.webp\",\"contentUrl\":\"https:\\\/\\\/www.aprovaconcursos.com.br\\\/noticias\\\/wp-content\\\/uploads\\\/2026\\\/08\\\/concurso-setec-campinas.webp\",\"width\":1600,\"height\":837,\"caption\":\"Concurso SETEC Campinas.\"},{\"@type\":\"BreadcrumbList\",\"@id\":\"https:\\\/\\\/www.aprovaconcursos.com.br\\\/noticias\\\/concurso-setec-campinas-sp\\\/#breadcrumb\",\"itemListElement\":[{\"@type\":\"ListItem\",\"position\":1,\"name\":\"Home\",\"item\":\"https:\\\/\\\/www.aprovaconcursos.com.br\\\/noticias\\\/\"},{\"@type\":\"ListItem\",\"position\":2,\"name\":\"Concurso SETEC Campinas SP: 40 vagas e at\u00e9 R$ 11,4 mil\"}]},{\"@type\":\"WebSite\",\"@id\":\"https:\\\/\\\/www.aprovaconcursos.com.br\\\/noticias\\\/#website\",\"url\":\"https:\\\/\\\/www.aprovaconcursos.com.br\\\/noticias\\\/\",\"name\":\"Aprova Concursos - Not\u00edcias\",\"description\":\"Fique por dentro das not\u00edcias sobre concursos p\u00fablicos do Brasil inteiro, ENEM, Exame de Ordem (OAB) e Exame de Sufici\u00eancia (CFC). Mantenha-se atualizado aqui!\",\"publisher\":{\"@id\":\"https:\\\/\\\/www.aprovaconcursos.com.br\\\/noticias\\\/#organization\"},\"potentialAction\":[{\"@type\":\"SearchAction\",\"target\":{\"@type\":\"EntryPoint\",\"urlTemplate\":\"https:\\\/\\\/www.aprovaconcursos.com.br\\\/noticias\\\/?s={search_term_string}\"},\"query-input\":{\"@type\":\"PropertyValueSpecification\",\"valueRequired\":true,\"valueName\":\"search_term_string\"}}],\"inLanguage\":\"pt-BR\"},{\"@type\":\"Organization\",\"@id\":\"https:\\\/\\\/www.aprovaconcursos.com.br\\\/noticias\\\/#organization\",\"name\":\"Aprova Concursos - Not\u00edcias\",\"url\":\"https:\\\/\\\/www.aprovaconcursos.com.br\\\/noticias\\\/\",\"logo\":{\"@type\":\"ImageObject\",\"inLanguage\":\"pt-BR\",\"@id\":\"https:\\\/\\\/www.aprovaconcursos.com.br\\\/noticias\\\/#\\\/schema\\\/logo\\\/image\\\/\",\"url\":\"https:\\\/\\\/www.aprovaconcursos.com.br\\\/noticias\\\/wp-content\\\/uploads\\\/2026\\\/06\\\/logo.webp\",\"contentUrl\":\"https:\\\/\\\/www.aprovaconcursos.com.br\\\/noticias\\\/wp-content\\\/uploads\\\/2026\\\/06\\\/logo.webp\",\"width\":171,\"height\":49,\"caption\":\"Aprova Concursos - Not\u00edcias\"},\"image\":{\"@id\":\"https:\\\/\\\/www.aprovaconcursos.com.br\\\/noticias\\\/#\\\/schema\\\/logo\\\/image\\\/\"},\"sameAs\":[\"https:\\\/\\\/www.facebook.com\\\/aprovaconcursos\"]},{\"@type\":\"Person\",\"@id\":\"https:\\\/\\\/www.aprovaconcursos.com.br\\\/noticias\\\/#\\\/schema\\\/person\\\/02de4047f7bd2cbec9b6b2323204656c\",\"name\":\"Bruna Silva\",\"image\":{\"@type\":\"ImageObject\",\"inLanguage\":\"pt-BR\",\"@id\":\"https:\\\/\\\/secure.gravatar.com\\\/avatar\\\/5fabaa975c4c6bb33544b972597d884f7e9c3a62a662250af1086af52760d20a?s=96&d=mm&r=g\",\"url\":\"https:\\\/\\\/secure.gravatar.com\\\/avatar\\\/5fabaa975c4c6bb33544b972597d884f7e9c3a62a662250af1086af52760d20a?s=96&d=mm&r=g\",\"contentUrl\":\"https:\\\/\\\/secure.gravatar.com\\\/avatar\\\/5fabaa975c4c6bb33544b972597d884f7e9c3a62a662250af1086af52760d20a?s=96&d=mm&r=g\",\"caption\":\"Bruna Silva\"},\"sameAs\":[\"https:\\\/\\\/www.aprovaconcursos.com.br\\\/\"],\"url\":\"https:\\\/\\\/www.aprovaconcursos.com.br\\\/noticias\\\/autor\\\/bruna-silva\\\/\"}]}<\/script>\n<!-- \/ Yoast SEO Premium plugin. -->","yoast_head_json":{"title":"Concurso SETEC Campinas SP: 40 vagas e at\u00e9 R$ 11,4 mil","description":"Editais com 40 vagas e sal\u00e1rios de at\u00e9 R$ 11.427,98. Inscri\u00e7\u00f5es de 8\/9 a 4\/12\/2026. Veja cargos, taxas e datas das provas.","robots":{"index":"index","follow":"follow","max-snippet":"max-snippet:-1","max-image-preview":"max-image-preview:large","max-video-preview":"max-video-preview:-1"},"canonical":"https:\/\/www.aprovaconcursos.com.br\/noticias\/concurso-setec-campinas-sp\/","og_locale":"pt_BR","og_type":"article","og_title":"Concurso SETEC Campinas SP: 40 vagas e at\u00e9 R$ 11,4 mil","og_description":"Editais com 40 vagas e sal\u00e1rios de at\u00e9 R$ 11.427,98. Inscri\u00e7\u00f5es de 8\/9 a 4\/12\/2026. Veja cargos, taxas e datas das provas.","og_url":"https:\/\/www.aprovaconcursos.com.br\/noticias\/concurso-setec-campinas-sp\/","og_site_name":"Aprova Concursos - Not\u00edcias","article_publisher":"https:\/\/www.facebook.com\/aprovaconcursos","article_published_time":"2026-08-31T12:03:25+00:00","og_image":[{"width":1600,"height":837,"url":"https:\/\/www.aprovaconcursos.com.br\/noticias\/wp-content\/uploads\/2026\/08\/concurso-setec-campinas.webp","type":"image\/webp"}],"author":"Bruna Silva","twitter_card":"summary_large_image","twitter_misc":{"Escrito por":"Bruna Silva","Est. tempo de leitura":"10 minutos"},"schema":{"@context":"https:\/\/schema.org","@graph":[{"@type":"NewsArticle","@id":"https:\/\/www.aprovaconcursos.com.br\/noticias\/concurso-setec-campinas-sp\/#article","isPartOf":{"@id":"https:\/\/www.aprovaconcursos.com.br\/noticias\/concurso-setec-campinas-sp\/"},"author":{"name":"Bruna Silva","@id":"https:\/\/www.aprovaconcursos.com.br\/noticias\/#\/schema\/person\/02de4047f7bd2cbec9b6b2323204656c"},"headline":"Concurso SETEC Campinas SP: 40 vagas e at\u00e9 R$ 11,4 mil","datePublished":"2026-08-31T12:03:25+00:00","mainEntityOfPage":{"@id":"https:\/\/www.aprovaconcursos.com.br\/noticias\/concurso-setec-campinas-sp\/"},"wordCount":1777,"commentCount":0,"publisher":{"@id":"https:\/\/www.aprovaconcursos.com.br\/noticias\/#organization"},"image":{"@id":"https:\/\/www.aprovaconcursos.com.br\/noticias\/concurso-setec-campinas-sp\/#primaryimage"},"thumbnailUrl":"https:\/\/www.aprovaconcursos.com.br\/noticias\/wp-content\/uploads\/2026\/08\/concurso-setec-campinas.webp","keywords":["SETEC"],"articleSection":["Not\u00edcias","\u00daltimas Not\u00edcias"],"inLanguage":"pt-BR","potentialAction":[{"@type":"CommentAction","name":"Comment","target":["https:\/\/www.aprovaconcursos.com.br\/noticias\/concurso-setec-campinas-sp\/#respond"]}],"copyrightYear":"2026","copyrightHolder":{"@id":"https:\/\/www.aprovaconcursos.com.br\/noticias\/#organization"}},{"@type":"WebPage","@id":"https:\/\/www.aprovaconcursos.com.br\/noticias\/concurso-setec-campinas-sp\/","url":"https:\/\/www.aprovaconcursos.com.br\/noticias\/concurso-setec-campinas-sp\/","name":"Concurso SETEC Campinas SP: 40 vagas e at\u00e9 R$ 11,4 mil","isPartOf":{"@id":"https:\/\/www.aprovaconcursos.com.br\/noticias\/#website"},"primaryImageOfPage":{"@id":"https:\/\/www.aprovaconcursos.com.br\/noticias\/concurso-setec-campinas-sp\/#primaryimage"},"image":{"@id":"https:\/\/www.aprovaconcursos.com.br\/noticias\/concurso-setec-campinas-sp\/#primaryimage"},"thumbnailUrl":"https:\/\/www.aprovaconcursos.com.br\/noticias\/wp-content\/uploads\/2026\/08\/concurso-setec-campinas.webp","datePublished":"2026-08-31T12:03:25+00:00","description":"Editais com 40 vagas e sal\u00e1rios de at\u00e9 R$ 11.427,98. Inscri\u00e7\u00f5es de 8\/9 a 4\/12\/2026. Veja cargos, taxas e datas das provas.","breadcrumb":{"@id":"https:\/\/www.aprovaconcursos.com.br\/noticias\/concurso-setec-campinas-sp\/#breadcrumb"},"inLanguage":"pt-BR","potentialAction":[{"@type":"ReadAction","target":["https:\/\/www.aprovaconcursos.com.br\/noticias\/concurso-setec-campinas-sp\/"]}]},{"@type":"ImageObject","inLanguage":"pt-BR","@id":"https:\/\/www.aprovaconcursos.com.br\/noticias\/concurso-setec-campinas-sp\/#primaryimage","url":"https:\/\/www.aprovaconcursos.com.br\/noticias\/wp-content\/uploads\/2026\/08\/concurso-setec-campinas.webp","contentUrl":"https:\/\/www.aprovaconcursos.com.br\/noticias\/wp-content\/uploads\/2026\/08\/concurso-setec-campinas.webp","width":1600,"height":837,"caption":"Concurso SETEC Campinas."},{"@type":"BreadcrumbList","@id":"https:\/\/www.aprovaconcursos.com.br\/noticias\/concurso-setec-campinas-sp\/#breadcrumb","itemListElement":[{"@type":"ListItem","position":1,"name":"Home","item":"https:\/\/www.aprovaconcursos.com.br\/noticias\/"},{"@type":"ListItem","position":2,"name":"Concurso SETEC Campinas SP: 40 vagas e at\u00e9 R$ 11,4 mil"}]},{"@type":"WebSite","@id":"https:\/\/www.aprovaconcursos.com.br\/noticias\/#website","url":"https:\/\/www.aprovaconcursos.com.br\/noticias\/","name":"Aprova Concursos - Not\u00edcias","description":"Fique por dentro das not\u00edcias sobre concursos p\u00fablicos do Brasil inteiro, ENEM, Exame de Ordem (OAB) e Exame de Sufici\u00eancia (CFC). Mantenha-se atualizado aqui!","publisher":{"@id":"https:\/\/www.aprovaconcursos.com.br\/noticias\/#organization"},"potentialAction":[{"@type":"SearchAction","target":{"@type":"EntryPoint","urlTemplate":"https:\/\/www.aprovaconcursos.com.br\/noticias\/?s={search_term_string}"},"query-input":{"@type":"PropertyValueSpecification","valueRequired":true,"valueName":"search_term_string"}}],"inLanguage":"pt-BR"},{"@type":"Organization","@id":"https:\/\/www.aprovaconcursos.com.br\/noticias\/#organization","name":"Aprova Concursos - Not\u00edcias","url":"https:\/\/www.aprovaconcursos.com.br\/noticias\/","logo":{"@type":"ImageObject","inLanguage":"pt-BR","@id":"https:\/\/www.aprovaconcursos.com.br\/noticias\/#\/schema\/logo\/image\/","url":"https:\/\/www.aprovaconcursos.com.br\/noticias\/wp-content\/uploads\/2026\/06\/logo.webp","contentUrl":"https:\/\/www.aprovaconcursos.com.br\/noticias\/wp-content\/uploads\/2026\/06\/logo.webp","width":171,"height":49,"caption":"Aprova Concursos - Not\u00edcias"},"image":{"@id":"https:\/\/www.aprovaconcursos.com.br\/noticias\/#\/schema\/logo\/image\/"},"sameAs":["https:\/\/www.facebook.com\/aprovaconcursos"]},{"@type":"Person","@id":"https:\/\/www.aprovaconcursos.com.br\/noticias\/#\/schema\/person\/02de4047f7bd2cbec9b6b2323204656c","name":"Bruna Silva","image":{"@type":"ImageObject","inLanguage":"pt-BR","@id":"https:\/\/secure.gravatar.com\/avatar\/5fabaa975c4c6bb33544b972597d884f7e9c3a62a662250af1086af52760d20a?s=96&d=mm&r=g","url":"https:\/\/secure.gravatar.com\/avatar\/5fabaa975c4c6bb33544b972597d884f7e9c3a62a662250af1086af52760d20a?s=96&d=mm&r=g","contentUrl":"https:\/\/secure.gravatar.com\/avatar\/5fabaa975c4c6bb33544b972597d884f7e9c3a62a662250af1086af52760d20a?s=96&d=mm&r=g","caption":"Bruna Silva"},"sameAs":["https:\/\/www.aprovaconcursos.com.br\/"],"url":"https:\/\/www.aprovaconcursos.com.br\/noticias\/autor\/bruna-silva\/"}]}},"_links":{"self":[{"href":"https:\/\/www.aprovaconcursos.com.br\/noticias\/wp-json\/wp\/v2\/posts\/166989","targetHints":{"allow":["GET"]}}],"collection":[{"href":"https:\/\/www.aprovaconcursos.com.br\/noticias\/wp-json\/wp\/v2\/posts"}],"about":[{"href":"https:\/\/www.aprovaconcursos.com.br\/noticias\/wp-json\/wp\/v2\/types\/post"}],"author":[{"embeddable":true,"href":"https:\/\/www.aprovaconcursos.com.br\/noticias\/wp-json\/wp\/v2\/users\/6"}],"replies":[{"embeddable":true,"href":"https:\/\/www.aprovaconcursos.com.br\/noticias\/wp-json\/wp\/v2\/comments?post=166989"}],"version-history":[{"count":1,"href":"https:\/\/www.aprovaconcursos.com.br\/noticias\/wp-json\/wp\/v2\/posts\/166989\/revisions"}],"predecessor-version":[{"id":166991,"href":"https:\/\/www.aprovaconcursos.com.br\/noticias\/wp-json\/wp\/v2\/posts\/166989\/revisions\/166991"}],"wp:featuredmedia":[{"embeddable":true,"href":"https:\/\/www.aprovaconcursos.com.br\/noticias\/wp-json\/wp\/v2\/media\/166990"}],"wp:attachment":[{"href":"https:\/\/www.aprovaconcursos.com.br\/noticias\/wp-json\/wp\/v2\/media?parent=166989"}],"wp:term":[{"taxonomy":"category","embeddable":true,"href":"https:\/\/www.aprovaconcursos.com.br\/noticias\/wp-json\/wp\/v2\/categories?post=166989"},{"taxonomy":"post_tag","embeddable":true,"href":"https:\/\/www.aprovaconcursos.com.br\/noticias\/wp-json\/wp\/v2\/tags?post=166989"}],"curies":[{"name":"wp","href":"https:\/\/api.w.org\/{rel}","templated":true}]}}