{"id":370,"date":"2020-10-15T11:09:35","date_gmt":"2020-10-15T14:09:35","guid":{"rendered":"https:\/\/www.aprovaconcursos.com.br\/blog\/idade-maxima-para-ingresso-na-pm-e-no-corpo-de-bombeiros\/"},"modified":"2026-07-13T17:56:15","modified_gmt":"2026-07-13T20:56:15","slug":"idade-maxima-para-ingressar-na-pm-e-cbm","status":"publish","type":"post","link":"https:\/\/www.aprovaconcursos.com.br\/blog\/idade-maxima-para-ingressar-na-pm-e-cbm\/","title":{"rendered":"Qual a idade m\u00e1xima para ingressar na PM e no Corpo de Bombeiros?"},"content":{"rendered":"<figure id=\"attachment_924\" aria-describedby=\"caption-attachment-924\" style=\"width: 1200px\" class=\"wp-caption alignnone\"><img loading=\"lazy\" decoding=\"async\" class=\"wp-image-924 size-full\" src=\"https:\/\/www.aprovaconcursos.com.br\/blog\/wp-content\/uploads\/2020\/10\/idade-maxima-para-ingressar-na-pm-e-cbm.png\" alt=\"Idade m\u00e1xima para ingressar na PM e no Corpo de Bombeiros\" width=\"1200\" height=\"628\" srcset=\"https:\/\/www.aprovaconcursos.com.br\/blog\/wp-content\/uploads\/2020\/10\/idade-maxima-para-ingressar-na-pm-e-cbm.png 1200w, https:\/\/www.aprovaconcursos.com.br\/blog\/wp-content\/uploads\/2020\/10\/idade-maxima-para-ingressar-na-pm-e-cbm-300x157.png 300w, https:\/\/www.aprovaconcursos.com.br\/blog\/wp-content\/uploads\/2020\/10\/idade-maxima-para-ingressar-na-pm-e-cbm-1024x536.png 1024w, https:\/\/www.aprovaconcursos.com.br\/blog\/wp-content\/uploads\/2020\/10\/idade-maxima-para-ingressar-na-pm-e-cbm-768x402.png 768w\" sizes=\"auto, (max-width: 1200px) 100vw, 1200px\" \/><figcaption id=\"caption-attachment-924\" class=\"wp-caption-text\">Idade m\u00e1xima para PM e no Corpo de Bombeiros.<\/figcaption><\/figure>\n<p data-path-to-node=\"6\">O ingresso nas carreiras da Pol\u00edcia Militar e do Corpo de Bombeiros Militar representa o grande objetivo de vida de milhares de cidad\u00e3os que buscam a estabilidade do servi\u00e7o p\u00fablico aliada \u00e0 voca\u00e7\u00e3o de proteger a sociedade. No entanto, uma das barreiras mais frequentes e controversas enfrentadas pelos candidatos em todo o pa\u00eds \u00e9 o limite de idade imposto pelos editais estaduais.<\/p>\n<p data-path-to-node=\"6\">Atualmente, cada unidade da federa\u00e7\u00e3o possui autonomia para definir a idade m\u00e1xima de ingresso, o que gera um cen\u00e1rio de profunda disparidade nacional e muitas d\u00favidas para os concurseiros.<\/p>\n<p data-path-to-node=\"7\">Para tentar unificar essas regras e adequar o servi\u00e7o p\u00fablico \u00e0 realidade demogr\u00e1fica atual, tramita no Congresso Nacional o <b data-path-to-node=\"7\" data-index-in-node=\"125\">Projeto de Lei 1469\/20<\/b>. A proposta pretende estabelecer um teto de idade m\u00e1xima padronizado para o <b data-path-to-node=\"7\" data-index-in-node=\"224\">Concurso PM e Bombeiros<\/b> em \u00e2mbito nacional, permitindo que candidatos mais maduros tenham a oportunidade de disputar uma vaga nessas corpora\u00e7\u00f5es.<\/p>\n<p data-path-to-node=\"7\">Compreender o teor desse projeto, suas justificativas jur\u00eddicas e o impacto direto que ele possui na prepara\u00e7\u00e3o para os pr\u00f3ximos editais \u00e9 fundamental para quem deseja planejar uma carreira de longo prazo na seguran\u00e7a p\u00fablica.<\/p>\n<h2 data-path-to-node=\"9\">O Cen\u00e1rio Atual e a Falta de Padroniza\u00e7\u00e3o nos Estados<\/h2>\n<p data-path-to-node=\"10\">At\u00e9 o momento, o panorama do <b data-path-to-node=\"10\" data-index-in-node=\"29\">Concurso PM e Bombeiros<\/b> no Brasil \u00e9 marcado pela falta de uniformidade. Enquanto estados como Minas Gerais e S\u00e3o Paulo historicamente limitam o ingresso de soldados e oficiais civis aos 30 anos de idade, outras regi\u00f5es adotam limites de 32 ou at\u00e9 35 anos.<\/p>\n<p data-path-to-node=\"10\">Essa descentraliza\u00e7\u00e3o legislativa faz com que um candidato seja considerado perfeitamente apto para exercer a fun\u00e7\u00e3o militar em um estado, mas sumariamente impedido de se inscrever no concurso vizinho apenas por ter completado um ano a mais de vida.<\/p>\n<p data-path-to-node=\"11\">Essa oscila\u00e7\u00e3o nos crit\u00e9rios de corte cronol\u00f3gico gera uma s\u00e9rie de debates jur\u00eddicos. Muitos especialistas apontam que as restri\u00e7\u00f5es severas de idade violam o princ\u00edpio constitucional do amplo acesso aos cargos p\u00fablicos, criando restri\u00e7\u00f5es que n\u00e3o condizem com a capacidade f\u00edsica real do indiv\u00edduo moderno.<\/p>\n<p data-path-to-node=\"11\">\u00c9 justamente para acabar com essa fragmenta\u00e7\u00e3o que o <a href=\"https:\/\/www2.camara.leg.br\/legin\/fed\/declei\/1960-1969\/decreto-lei-667-2-julho-1969-374170-norma-pe.html\" target=\"_blank\" rel=\"noopener\">Projeto de Lei 1469\/20<\/a> foi apresentado, buscando reinserir um crit\u00e9rio de igualdade federativa para quem deseja servir \u00e0s for\u00e7as de seguran\u00e7a estaduais.<\/p>\n<h2 data-path-to-node=\"13\">O Que Prop\u00f5e o Projeto de Lei 1469\/20?<\/h2>\n<p data-path-to-node=\"14\">O texto do Projeto de Lei 1469\/20 foca na altera\u00e7\u00e3o direta da Lei de Reorganiza\u00e7\u00e3o da Pol\u00edcia Militar e do Corpo de Bombeiros Militar (Decreto-Lei 667\/69). A inten\u00e7\u00e3o \u00e9 fixar balizas federais obrigat\u00f3rias que todos os governos estaduais dever\u00e3o seguir ao elaborar os editais de suas respectivas corpora\u00e7\u00f5es.<\/p>\n<p data-path-to-node=\"15\">A proposta estabelece os seguintes tetos de idade m\u00e1xima para a inscri\u00e7\u00e3o nos certames:<\/p>\n<ul data-path-to-node=\"16\">\n<li>\n<p data-path-to-node=\"16,0,0\"><b data-path-to-node=\"16,0,0\" data-index-in-node=\"0\">At\u00e9 35 anos de idade:<\/b> Limite m\u00e1ximo fixado para o ingresso nos quadros de Oficiais Combatentes e de Pra\u00e7as (Soldados), abrangendo a grande maioria das vagas operacionais oferecidas nos concursos.<\/p>\n<\/li>\n<li>\n<p data-path-to-node=\"16,1,0\"><b data-path-to-node=\"16,1,0\" data-index-in-node=\"0\">At\u00e9 40 anos de idade:<\/b> Limite estendido para o ingresso nos quadros de Oficiais M\u00e9dicos, de Sa\u00fade, Capel\u00e3es ou de outras especializa\u00e7\u00f5es que exijam cursos de gradua\u00e7\u00e3o espec\u00edficos ou resid\u00eancias complementares antes da investidura.<\/p>\n<\/li>\n<\/ul>\n<p data-path-to-node=\"17\">O autor da proposta argumenta que, em d\u00e9cadas passadas, a fixa\u00e7\u00e3o de limites r\u00edgidos em torno dos 25 ou 30 anos poderia encontrar respaldo na din\u00e2mica social e na pr\u00f3pria longevidade da popula\u00e7\u00e3o. No entanto, manter essa mesma r\u00e9gua nos dias de hoje ignora o avan\u00e7o da medicina, a melhoria nas condi\u00e7\u00f5es de sa\u00fade e o aumento expressivo na expectativa de vida dos brasileiros. O limite atual \u00e9 classificado no projeto como anacr\u00f4nico e desprovido de razoabilidade.<\/p>\n<h2 data-path-to-node=\"19\">A Vis\u00e3o do STF sobre Limites de Idade em Concursos<\/h2>\n<p data-path-to-node=\"20\">A imposi\u00e7\u00e3o de limites de idade em concursos p\u00fablicos n\u00e3o \u00e9 um tema novo nos tribunais. O Supremo Tribunal Federal (STF) j\u00e1 pacificou o entendimento sobre a mat\u00e9ria por meio da <b data-path-to-node=\"20\" data-index-in-node=\"177\">S\u00famula 683<\/b>. O texto da s\u00famula dita expressamente que o estabelecimento de limite de idade para inscri\u00e7\u00e3o em concurso p\u00fablico apenas \u00e9 leg\u00edtimo quando estritamente justificado pela natureza das atribui\u00e7\u00f5es do cargo a ser preenchido.<\/p>\n<p data-path-to-node=\"21\">No caso do <b data-path-to-node=\"21\" data-index-in-node=\"11\">Concurso PM e Bombeiros<\/b>, o Judici\u00e1rio sempre tendeu a aceitar limites mais restritivos devido ao desgaste f\u00edsico natural exigido pelas fun\u00e7\u00f5es militares operacionais. No entanto, o que o PL 1469\/20 busca demonstrar \u00e9 que um cidad\u00e3o de 35 anos em 2026 possui total capacidade de desempenhar as fun\u00e7\u00f5es de policiamento ostensivo ou salvamento, desde que supere os testes f\u00edsicos exigidos.<\/p>\n<p data-path-to-node=\"21\">A fixa\u00e7\u00e3o de um teto nacional em 35 anos harmoniza o ordenamento jur\u00eddico, preservando a seguran\u00e7a das corpora\u00e7\u00f5es e ampliando os direitos dos cidad\u00e3os.<\/p>\n<h2 data-path-to-node=\"23\">Idade vs. Condicionamento F\u00edsico: O Papel do TAF<\/h2>\n<p data-path-to-node=\"24\">Um dos principais receios de quem defende a manuten\u00e7\u00e3o de limites de idade mais baixos \u00e9 a suposta queda no rendimento operacional das tropas. Contudo, essa vis\u00e3o desconsidera a exist\u00eancia do <b data-path-to-node=\"24\" data-index-in-node=\"192\">Teste de Aptid\u00e3o F\u00edsica (TAF)<\/b>, que funciona como uma das fases mais rigorosas e eliminat\u00f3rias nos concursos da \u00e1rea de seguran\u00e7a.<\/p>\n<p data-path-to-node=\"25\">O aumento da idade m\u00e1xima para 35 anos n\u00e3o significa, de forma alguma, o afrouxamento das exig\u00eancias f\u00edsicas do cargo. O TAF continuar\u00e1 cobrando \u00edndices estritos de flex\u00f5es na barra fixa, abdominais, nata\u00e7\u00e3o e corrida de m\u00e9dia dist\u00e2ncia.<\/p>\n<p data-path-to-node=\"25\">Portanto, o candidato mais velho que deseja conquistar a sua vaga precisar\u00e1 apresentar um condicionamento f\u00edsico id\u00eantico ou superior ao dos concorrentes mais jovens. O filtro da capacidade f\u00edsica deixa de ser puramente cronol\u00f3gico (baseado na data de nascimento) e passa a ser meritocr\u00e1tico (baseado no desempenho real nos testes).<\/p>\n<h2 data-path-to-node=\"27\">Saiba Como se Planejar Diante das Regras Atuais<\/h2>\n<p data-path-to-node=\"28\">Enquanto o projeto segue em tramita\u00e7\u00e3o e aguarda a san\u00e7\u00e3o definitiva para unificar as regras em todo o Brasil, o candidato que est\u00e1 pr\u00f3ximo do limite dos 30 anos precisa agir com intelig\u00eancia estrat\u00e9gica. N\u00e3o h\u00e1 tempo a perder com lamenta\u00e7\u00f5es ou esperando a legisla\u00e7\u00e3o mudar para come\u00e7ar a agir.<\/p>\n<ul data-path-to-node=\"29\">\n<li>\n<p data-path-to-node=\"29,0,0\"><b data-path-to-node=\"29,0,0\" data-index-in-node=\"0\">Mapeie os Estados com Margens Maiores:<\/b> Se voc\u00ea j\u00e1 completou 30 anos, direcione o seu foco para concursos de estados que j\u00e1 adotam legisla\u00e7\u00f5es mais flex\u00edveis, com limites de 32 ou 35 anos. Isso amplia o seu leque de oportunidades imediatas.<\/p>\n<\/li>\n<li>\n<p data-path-to-node=\"29,1,0\"><b data-path-to-node=\"29,1,0\" data-index-in-node=\"0\">Estude com Foco no Longo Prazo:<\/b> Muitas disciplinas da \u00e1rea policial, como Direito Constitucional, Direito Administrativo e L\u00edngua Portuguesa, s\u00e3o comuns a praticamente todos os editais. Construir uma base s\u00f3lida nessas mat\u00e9rias garantir\u00e1 que voc\u00ea esteja pronto para disparar na frente assim que um edital compat\u00edvel com o seu perfil for publicado.<\/p>\n<\/li>\n<li>\n<p data-path-to-node=\"29,2,0\"><b data-path-to-node=\"29,2,0\" data-index-in-node=\"0\">Mantenha a Regularidade F\u00edsica:<\/b> O treino para o TAF deve ser di\u00e1rio. Desenvolver a resist\u00eancia cardiovascular e a for\u00e7a muscular exige meses de dedica\u00e7\u00e3o e disciplina, especialmente para quem est\u00e1 iniciando os treinos ap\u00f3s os 30 anos.<\/p>\n<\/li>\n<\/ul>\n<h2 data-path-to-node=\"31\">Prepare-se Para Esta Oportunidade<\/h2>\n<p data-path-to-node=\"32\">A imin\u00eancia de mudan\u00e7as na legisla\u00e7\u00e3o e a constante abertura de vagas em diferentes estados mostram que a carreira militar continua sendo uma das melhores op\u00e7\u00f5es de ascens\u00e3o profissional no pa\u00eds. Para vencer a concorr\u00eancia qualificada, o seu m\u00e9todo de aprendizado precisa ser eficiente e direto ao ponto, evitando desperd\u00edcio de energia com materiais desatualizados.<\/p>\n<h2 data-path-to-node=\"34\">Saiba Mais<\/h2>\n<p data-path-to-node=\"35\">Uma excelente alternativa para otimizar o seu tempo e cobrir todo o conte\u00fado program\u00e1tico do edital de forma r\u00e1pida \u00e9 utilizar metodologias de ensino focadas na objetividade. Assistir a videoaulas curtas e resolver exerc\u00edcios de bancas tradicionais ajudar\u00e1 voc\u00ea a fixar os conceitos jur\u00eddicos e legislativos essenciais.<\/p>\n<p data-path-to-node=\"35\">O Aprova Concursos oferece cursos estruturados em planos de estudo inteligentes que v\u00e3o direto ao ponto, perfeitos para quem precisa conciliar o trabalho com a prepara\u00e7\u00e3o de alto rendimento.<\/p>\n<h2 data-path-to-node=\"37\">Comece Agora a Construir a Sua Aprova\u00e7\u00e3o<\/h2>\n<p data-path-to-node=\"38\">O seu futuro na seguran\u00e7a p\u00fablica depende exclusivamente das decis\u00f5es tomadas no presente. Cada hora dedicada \u00e0 leitura da lei seca e \u00e0 resolu\u00e7\u00e3o de quest\u00f5es anteriores representa um avan\u00e7o real em dire\u00e7\u00e3o \u00e0 conquista da sua farda e da estabilidade financeira. N\u00e3o permita que as incertezas sobre as regras de idade limitem o seu potencial.<\/p>\n<p data-path-to-node=\"38\">Acesse nossa plataforma, conhe\u00e7a as nossas ferramentas de apoio e inicie agora mesmo a sua jornada rumo \u00e0 aprova\u00e7\u00e3o no <a href=\"https:\/\/www2.camara.leg.br\/legin\/fed\/declei\/1960-1969\/decreto-lei-667-2-julho-1969-374170-norma-pe.html\" target=\"_blank\" rel=\"noopener\"><b data-path-to-node=\"38\" data-index-in-node=\"460\">Concurso PM e Bombeiros<\/b><\/a>!<\/p>\n","protected":false},"excerpt":{"rendered":"<p>O ingresso nas carreiras da Pol\u00edcia Militar e do Corpo de Bombeiros Militar representa o grande objetivo de vida de milhares de cidad\u00e3os que buscam a estabilidade do servi\u00e7o p\u00fablico aliada \u00e0 voca\u00e7\u00e3o de proteger a sociedade. No entanto, uma das barreiras mais frequentes e controversas enfrentadas pelos candidatos em todo o pa\u00eds \u00e9 o [&hellip;]<\/p>\n","protected":false},"author":5,"featured_media":924,"comment_status":"closed","ping_status":"closed","sticky":false,"template":"","format":"standard","meta":{"footnotes":""},"categories":[13],"tags":[238],"estado":[],"class_list":["post-370","post","type-post","status-publish","format-standard","has-post-thumbnail","hentry","category-carreiras","tag-idade-para-pm-e-bombeiros"],"yoast_head":"<!-- This site is optimized with the Yoast SEO Premium plugin v28.0 (Yoast SEO v28.0) - https:\/\/yoast.com\/product\/yoast-seo-premium-wordpress\/ -->\n<title>Aprova Concursos<\/title>\n<meta name=\"description\" content=\"O Projeto de Lei 1469\/20 prop\u00f5e unificar a idade m\u00e1xima para o Concurso PM e Bombeiros em todo o pa\u00eds. Entenda o impacto da medida.\" \/>\n<meta name=\"robots\" content=\"index, follow, max-snippet:-1, max-image-preview:large, max-video-preview:-1\" \/>\n<link rel=\"canonical\" href=\"https:\/\/www.aprovaconcursos.com.br\/blog\/idade-maxima-para-ingressar-na-pm-e-cbm\/\" \/>\n<meta property=\"og:locale\" content=\"pt_BR\" \/>\n<meta property=\"og:type\" content=\"article\" \/>\n<meta property=\"og:title\" content=\"Aprova Concursos\" \/>\n<meta property=\"og:description\" content=\"O Projeto de Lei 1469\/20 prop\u00f5e unificar a idade m\u00e1xima para o Concurso PM e Bombeiros em todo o pa\u00eds. Entenda o impacto da medida.\" \/>\n<meta property=\"og:url\" content=\"https:\/\/www.aprovaconcursos.com.br\/blog\/idade-maxima-para-ingressar-na-pm-e-cbm\/\" \/>\n<meta property=\"og:site_name\" content=\"Aprova Concursos: Blog de Estudos e Carreiras\" \/>\n<meta property=\"article:published_time\" content=\"2020-10-15T14:09:35+00:00\" \/>\n<meta property=\"article:modified_time\" content=\"2026-07-13T20:56:15+00:00\" \/>\n<meta property=\"og:image\" content=\"https:\/\/www.aprovaconcursos.com.br\/blog\/wp-content\/uploads\/2020\/10\/idade-maxima-para-ingressar-na-pm-e-cbm.png\" \/>\n\t<meta property=\"og:image:width\" content=\"1200\" \/>\n\t<meta property=\"og:image:height\" content=\"628\" \/>\n\t<meta property=\"og:image:type\" content=\"image\/png\" \/>\n<meta name=\"author\" content=\"Rinaldo Junior\" \/>\n<meta name=\"twitter:card\" content=\"summary_large_image\" \/>\n<meta name=\"twitter:title\" content=\"Aprova Concursos\" \/>\n<meta name=\"twitter:label1\" content=\"Escrito por\" \/>\n\t<meta name=\"twitter:data1\" content=\"Rinaldo Junior\" \/>\n\t<meta name=\"twitter:label2\" content=\"Est. tempo de leitura\" \/>\n\t<meta name=\"twitter:data2\" content=\"8 minutos\" \/>\n<script type=\"application\/ld+json\" class=\"yoast-schema-graph\">{\"@context\":\"https:\\\/\\\/schema.org\",\"@graph\":[{\"@type\":[\"Article\",\"BlogPosting\"],\"@id\":\"https:\\\/\\\/www.aprovaconcursos.com.br\\\/blog\\\/idade-maxima-para-ingressar-na-pm-e-cbm\\\/#article\",\"isPartOf\":{\"@id\":\"https:\\\/\\\/www.aprovaconcursos.com.br\\\/blog\\\/idade-maxima-para-ingressar-na-pm-e-cbm\\\/\"},\"author\":{\"name\":\"Rinaldo Junior\",\"@id\":\"https:\\\/\\\/www.aprovaconcursos.com.br\\\/blog\\\/#\\\/schema\\\/person\\\/10a02da482a09ebe8383254f58aa8598\"},\"headline\":\"Qual a idade m\u00e1xima para ingressar na PM e no Corpo de Bombeiros?\",\"datePublished\":\"2020-10-15T14:09:35+00:00\",\"dateModified\":\"2026-07-13T20:56:15+00:00\",\"mainEntityOfPage\":{\"@id\":\"https:\\\/\\\/www.aprovaconcursos.com.br\\\/blog\\\/idade-maxima-para-ingressar-na-pm-e-cbm\\\/\"},\"wordCount\":1446,\"publisher\":{\"@id\":\"https:\\\/\\\/www.aprovaconcursos.com.br\\\/blog\\\/#organization\"},\"image\":{\"@id\":\"https:\\\/\\\/www.aprovaconcursos.com.br\\\/blog\\\/idade-maxima-para-ingressar-na-pm-e-cbm\\\/#primaryimage\"},\"thumbnailUrl\":\"https:\\\/\\\/www.aprovaconcursos.com.br\\\/blog\\\/wp-content\\\/uploads\\\/2020\\\/10\\\/idade-maxima-para-ingressar-na-pm-e-cbm.png\",\"keywords\":[\"Idade para PM e Bombeiros\"],\"articleSection\":[\"Carreiras\"],\"inLanguage\":\"pt-BR\"},{\"@type\":\"WebPage\",\"@id\":\"https:\\\/\\\/www.aprovaconcursos.com.br\\\/blog\\\/idade-maxima-para-ingressar-na-pm-e-cbm\\\/\",\"url\":\"https:\\\/\\\/www.aprovaconcursos.com.br\\\/blog\\\/idade-maxima-para-ingressar-na-pm-e-cbm\\\/\",\"name\":\"Idade m\u00e1xima para ingresso na PM e CBM - Aprova Concursos: Blog de Estudos e Carreiras\",\"isPartOf\":{\"@id\":\"https:\\\/\\\/www.aprovaconcursos.com.br\\\/blog\\\/#website\"},\"primaryImageOfPage\":{\"@id\":\"https:\\\/\\\/www.aprovaconcursos.com.br\\\/blog\\\/idade-maxima-para-ingressar-na-pm-e-cbm\\\/#primaryimage\"},\"image\":{\"@id\":\"https:\\\/\\\/www.aprovaconcursos.com.br\\\/blog\\\/idade-maxima-para-ingressar-na-pm-e-cbm\\\/#primaryimage\"},\"thumbnailUrl\":\"https:\\\/\\\/www.aprovaconcursos.com.br\\\/blog\\\/wp-content\\\/uploads\\\/2020\\\/10\\\/idade-maxima-para-ingressar-na-pm-e-cbm.png\",\"datePublished\":\"2020-10-15T14:09:35+00:00\",\"dateModified\":\"2026-07-13T20:56:15+00:00\",\"description\":\"O Projeto de Lei 1469\\\/20 prop\u00f5e unificar a idade m\u00e1xima para o Concurso PM e Bombeiros em todo o pa\u00eds. Entenda o impacto da medida.\",\"breadcrumb\":{\"@id\":\"https:\\\/\\\/www.aprovaconcursos.com.br\\\/blog\\\/idade-maxima-para-ingressar-na-pm-e-cbm\\\/#breadcrumb\"},\"inLanguage\":\"pt-BR\",\"potentialAction\":[{\"@type\":\"ReadAction\",\"target\":[\"https:\\\/\\\/www.aprovaconcursos.com.br\\\/blog\\\/idade-maxima-para-ingressar-na-pm-e-cbm\\\/\"]}]},{\"@type\":\"ImageObject\",\"inLanguage\":\"pt-BR\",\"@id\":\"https:\\\/\\\/www.aprovaconcursos.com.br\\\/blog\\\/idade-maxima-para-ingressar-na-pm-e-cbm\\\/#primaryimage\",\"url\":\"https:\\\/\\\/www.aprovaconcursos.com.br\\\/blog\\\/wp-content\\\/uploads\\\/2020\\\/10\\\/idade-maxima-para-ingressar-na-pm-e-cbm.png\",\"contentUrl\":\"https:\\\/\\\/www.aprovaconcursos.com.br\\\/blog\\\/wp-content\\\/uploads\\\/2020\\\/10\\\/idade-maxima-para-ingressar-na-pm-e-cbm.png\",\"width\":1200,\"height\":628,\"caption\":\"Idade m\u00e1xima para ingressar na PM e no Corpo de Bombeiros\"},{\"@type\":\"BreadcrumbList\",\"@id\":\"https:\\\/\\\/www.aprovaconcursos.com.br\\\/blog\\\/idade-maxima-para-ingressar-na-pm-e-cbm\\\/#breadcrumb\",\"itemListElement\":[{\"@type\":\"ListItem\",\"position\":1,\"name\":\"Home\",\"item\":\"https:\\\/\\\/www.aprovaconcursos.com.br\\\/blog\\\/\"},{\"@type\":\"ListItem\",\"position\":2,\"name\":\"Qual a idade m\u00e1xima para ingressar na PM e no Corpo de Bombeiros?\"}]},{\"@type\":\"WebSite\",\"@id\":\"https:\\\/\\\/www.aprovaconcursos.com.br\\\/blog\\\/#website\",\"url\":\"https:\\\/\\\/www.aprovaconcursos.com.br\\\/blog\\\/\",\"name\":\"Aprova Concursos - Blog\",\"description\":\"Guias, m\u00e9todos de estudo e an\u00e1lises t\u00e1ticas para sua aprova\u00e7\u00e3o em concursos p\u00fablicos.\",\"publisher\":{\"@id\":\"https:\\\/\\\/www.aprovaconcursos.com.br\\\/blog\\\/#organization\"},\"potentialAction\":[{\"@type\":\"SearchAction\",\"target\":{\"@type\":\"EntryPoint\",\"urlTemplate\":\"https:\\\/\\\/www.aprovaconcursos.com.br\\\/blog\\\/?s={search_term_string}\"},\"query-input\":{\"@type\":\"PropertyValueSpecification\",\"valueRequired\":true,\"valueName\":\"search_term_string\"}}],\"inLanguage\":\"pt-BR\"},{\"@type\":\"Organization\",\"@id\":\"https:\\\/\\\/www.aprovaconcursos.com.br\\\/blog\\\/#organization\",\"name\":\"Aprova Concursos\",\"url\":\"https:\\\/\\\/www.aprovaconcursos.com.br\\\/blog\\\/\",\"logo\":{\"@type\":\"ImageObject\",\"inLanguage\":\"pt-BR\",\"@id\":\"https:\\\/\\\/www.aprovaconcursos.com.br\\\/blog\\\/#\\\/schema\\\/logo\\\/image\\\/\",\"url\":\"https:\\\/\\\/www.aprovaconcursos.com.br\\\/blog\\\/wp-content\\\/uploads\\\/2026\\\/05\\\/cropped-logo-aprova-3.png\",\"contentUrl\":\"https:\\\/\\\/www.aprovaconcursos.com.br\\\/blog\\\/wp-content\\\/uploads\\\/2026\\\/05\\\/cropped-logo-aprova-3.png\",\"width\":1416,\"height\":538,\"caption\":\"Aprova Concursos\"},\"image\":{\"@id\":\"https:\\\/\\\/www.aprovaconcursos.com.br\\\/blog\\\/#\\\/schema\\\/logo\\\/image\\\/\"},\"sameAs\":[\"https:\\\/\\\/www.youtube.com\\\/@aprovaconcursos\",\"https:\\\/\\\/www.tiktok.com\\\/@aprovaconcursosoficial\"]},{\"@type\":\"Person\",\"@id\":\"https:\\\/\\\/www.aprovaconcursos.com.br\\\/blog\\\/#\\\/schema\\\/person\\\/10a02da482a09ebe8383254f58aa8598\",\"name\":\"Rinaldo Junior\",\"image\":{\"@type\":\"ImageObject\",\"inLanguage\":\"pt-BR\",\"@id\":\"https:\\\/\\\/secure.gravatar.com\\\/avatar\\\/f617925ffe96996dc8799f23a7984694b0e3efacaa19fbff06b4414133263471?s=96&d=mm&r=g\",\"url\":\"https:\\\/\\\/secure.gravatar.com\\\/avatar\\\/f617925ffe96996dc8799f23a7984694b0e3efacaa19fbff06b4414133263471?s=96&d=mm&r=g\",\"contentUrl\":\"https:\\\/\\\/secure.gravatar.com\\\/avatar\\\/f617925ffe96996dc8799f23a7984694b0e3efacaa19fbff06b4414133263471?s=96&d=mm&r=g\",\"caption\":\"Rinaldo Junior\"},\"description\":\"Rinaldo \u00e9 graduado em Letras, Tecn\u00f3logo em Marketing e Analista do time de Reda\u00e7\u00e3o do Aprova Concursos. Sua atua\u00e7\u00e3o na esfera de concursos p\u00fablicos prop\u00f5e an\u00e1lises dos principais editais do pa\u00eds e projetos de cria\u00e7\u00e3o de conte\u00fado para web, com expertise em SEO. H\u00e1 anos re\u00fane informa\u00e7\u00f5es atualizadas e materiais de estudo para apoiar o candidato ao longo da jornada de prepara\u00e7\u00e3o.\",\"sameAs\":[\"https:\\\/\\\/www.aprovaconcursos.com.br\\\/\"],\"url\":\"https:\\\/\\\/www.aprovaconcursos.com.br\\\/blog\\\/autor\\\/rinaldo-junior\\\/\"}]}<\/script>\n<!-- \/ Yoast SEO Premium plugin. -->","yoast_head_json":{"title":"Aprova Concursos","description":"O Projeto de Lei 1469\/20 prop\u00f5e unificar a idade m\u00e1xima para o Concurso PM e Bombeiros em todo o pa\u00eds. Entenda o impacto da medida.","robots":{"index":"index","follow":"follow","max-snippet":"max-snippet:-1","max-image-preview":"max-image-preview:large","max-video-preview":"max-video-preview:-1"},"canonical":"https:\/\/www.aprovaconcursos.com.br\/blog\/idade-maxima-para-ingressar-na-pm-e-cbm\/","og_locale":"pt_BR","og_type":"article","og_title":"Aprova Concursos","og_description":"O Projeto de Lei 1469\/20 prop\u00f5e unificar a idade m\u00e1xima para o Concurso PM e Bombeiros em todo o pa\u00eds. Entenda o impacto da medida.","og_url":"https:\/\/www.aprovaconcursos.com.br\/blog\/idade-maxima-para-ingressar-na-pm-e-cbm\/","og_site_name":"Aprova Concursos: Blog de Estudos e Carreiras","article_published_time":"2020-10-15T14:09:35+00:00","article_modified_time":"2026-07-13T20:56:15+00:00","og_image":[{"width":1200,"height":628,"url":"https:\/\/www.aprovaconcursos.com.br\/blog\/wp-content\/uploads\/2020\/10\/idade-maxima-para-ingressar-na-pm-e-cbm.png","type":"image\/png"}],"author":"Rinaldo Junior","twitter_card":"summary_large_image","twitter_title":"Aprova Concursos","twitter_misc":{"Escrito por":"Rinaldo Junior","Est. tempo de leitura":"8 minutos"},"schema":{"@context":"https:\/\/schema.org","@graph":[{"@type":["Article","BlogPosting"],"@id":"https:\/\/www.aprovaconcursos.com.br\/blog\/idade-maxima-para-ingressar-na-pm-e-cbm\/#article","isPartOf":{"@id":"https:\/\/www.aprovaconcursos.com.br\/blog\/idade-maxima-para-ingressar-na-pm-e-cbm\/"},"author":{"name":"Rinaldo Junior","@id":"https:\/\/www.aprovaconcursos.com.br\/blog\/#\/schema\/person\/10a02da482a09ebe8383254f58aa8598"},"headline":"Qual a idade m\u00e1xima para ingressar na PM e no Corpo de Bombeiros?","datePublished":"2020-10-15T14:09:35+00:00","dateModified":"2026-07-13T20:56:15+00:00","mainEntityOfPage":{"@id":"https:\/\/www.aprovaconcursos.com.br\/blog\/idade-maxima-para-ingressar-na-pm-e-cbm\/"},"wordCount":1446,"publisher":{"@id":"https:\/\/www.aprovaconcursos.com.br\/blog\/#organization"},"image":{"@id":"https:\/\/www.aprovaconcursos.com.br\/blog\/idade-maxima-para-ingressar-na-pm-e-cbm\/#primaryimage"},"thumbnailUrl":"https:\/\/www.aprovaconcursos.com.br\/blog\/wp-content\/uploads\/2020\/10\/idade-maxima-para-ingressar-na-pm-e-cbm.png","keywords":["Idade para PM e Bombeiros"],"articleSection":["Carreiras"],"inLanguage":"pt-BR"},{"@type":"WebPage","@id":"https:\/\/www.aprovaconcursos.com.br\/blog\/idade-maxima-para-ingressar-na-pm-e-cbm\/","url":"https:\/\/www.aprovaconcursos.com.br\/blog\/idade-maxima-para-ingressar-na-pm-e-cbm\/","name":"Idade m\u00e1xima para ingresso na PM e CBM - Aprova Concursos: Blog de Estudos e Carreiras","isPartOf":{"@id":"https:\/\/www.aprovaconcursos.com.br\/blog\/#website"},"primaryImageOfPage":{"@id":"https:\/\/www.aprovaconcursos.com.br\/blog\/idade-maxima-para-ingressar-na-pm-e-cbm\/#primaryimage"},"image":{"@id":"https:\/\/www.aprovaconcursos.com.br\/blog\/idade-maxima-para-ingressar-na-pm-e-cbm\/#primaryimage"},"thumbnailUrl":"https:\/\/www.aprovaconcursos.com.br\/blog\/wp-content\/uploads\/2020\/10\/idade-maxima-para-ingressar-na-pm-e-cbm.png","datePublished":"2020-10-15T14:09:35+00:00","dateModified":"2026-07-13T20:56:15+00:00","description":"O Projeto de Lei 1469\/20 prop\u00f5e unificar a idade m\u00e1xima para o Concurso PM e Bombeiros em todo o pa\u00eds. Entenda o impacto da medida.","breadcrumb":{"@id":"https:\/\/www.aprovaconcursos.com.br\/blog\/idade-maxima-para-ingressar-na-pm-e-cbm\/#breadcrumb"},"inLanguage":"pt-BR","potentialAction":[{"@type":"ReadAction","target":["https:\/\/www.aprovaconcursos.com.br\/blog\/idade-maxima-para-ingressar-na-pm-e-cbm\/"]}]},{"@type":"ImageObject","inLanguage":"pt-BR","@id":"https:\/\/www.aprovaconcursos.com.br\/blog\/idade-maxima-para-ingressar-na-pm-e-cbm\/#primaryimage","url":"https:\/\/www.aprovaconcursos.com.br\/blog\/wp-content\/uploads\/2020\/10\/idade-maxima-para-ingressar-na-pm-e-cbm.png","contentUrl":"https:\/\/www.aprovaconcursos.com.br\/blog\/wp-content\/uploads\/2020\/10\/idade-maxima-para-ingressar-na-pm-e-cbm.png","width":1200,"height":628,"caption":"Idade m\u00e1xima para ingressar na PM e no Corpo de Bombeiros"},{"@type":"BreadcrumbList","@id":"https:\/\/www.aprovaconcursos.com.br\/blog\/idade-maxima-para-ingressar-na-pm-e-cbm\/#breadcrumb","itemListElement":[{"@type":"ListItem","position":1,"name":"Home","item":"https:\/\/www.aprovaconcursos.com.br\/blog\/"},{"@type":"ListItem","position":2,"name":"Qual a idade m\u00e1xima para ingressar na PM e no Corpo de Bombeiros?"}]},{"@type":"WebSite","@id":"https:\/\/www.aprovaconcursos.com.br\/blog\/#website","url":"https:\/\/www.aprovaconcursos.com.br\/blog\/","name":"Aprova Concursos - Blog","description":"Guias, m\u00e9todos de estudo e an\u00e1lises t\u00e1ticas para sua aprova\u00e7\u00e3o em concursos p\u00fablicos.","publisher":{"@id":"https:\/\/www.aprovaconcursos.com.br\/blog\/#organization"},"potentialAction":[{"@type":"SearchAction","target":{"@type":"EntryPoint","urlTemplate":"https:\/\/www.aprovaconcursos.com.br\/blog\/?s={search_term_string}"},"query-input":{"@type":"PropertyValueSpecification","valueRequired":true,"valueName":"search_term_string"}}],"inLanguage":"pt-BR"},{"@type":"Organization","@id":"https:\/\/www.aprovaconcursos.com.br\/blog\/#organization","name":"Aprova Concursos","url":"https:\/\/www.aprovaconcursos.com.br\/blog\/","logo":{"@type":"ImageObject","inLanguage":"pt-BR","@id":"https:\/\/www.aprovaconcursos.com.br\/blog\/#\/schema\/logo\/image\/","url":"https:\/\/www.aprovaconcursos.com.br\/blog\/wp-content\/uploads\/2026\/05\/cropped-logo-aprova-3.png","contentUrl":"https:\/\/www.aprovaconcursos.com.br\/blog\/wp-content\/uploads\/2026\/05\/cropped-logo-aprova-3.png","width":1416,"height":538,"caption":"Aprova Concursos"},"image":{"@id":"https:\/\/www.aprovaconcursos.com.br\/blog\/#\/schema\/logo\/image\/"},"sameAs":["https:\/\/www.youtube.com\/@aprovaconcursos","https:\/\/www.tiktok.com\/@aprovaconcursosoficial"]},{"@type":"Person","@id":"https:\/\/www.aprovaconcursos.com.br\/blog\/#\/schema\/person\/10a02da482a09ebe8383254f58aa8598","name":"Rinaldo Junior","image":{"@type":"ImageObject","inLanguage":"pt-BR","@id":"https:\/\/secure.gravatar.com\/avatar\/f617925ffe96996dc8799f23a7984694b0e3efacaa19fbff06b4414133263471?s=96&d=mm&r=g","url":"https:\/\/secure.gravatar.com\/avatar\/f617925ffe96996dc8799f23a7984694b0e3efacaa19fbff06b4414133263471?s=96&d=mm&r=g","contentUrl":"https:\/\/secure.gravatar.com\/avatar\/f617925ffe96996dc8799f23a7984694b0e3efacaa19fbff06b4414133263471?s=96&d=mm&r=g","caption":"Rinaldo Junior"},"description":"Rinaldo \u00e9 graduado em Letras, Tecn\u00f3logo em Marketing e Analista do time de Reda\u00e7\u00e3o do Aprova Concursos. Sua atua\u00e7\u00e3o na esfera de concursos p\u00fablicos prop\u00f5e an\u00e1lises dos principais editais do pa\u00eds e projetos de cria\u00e7\u00e3o de conte\u00fado para web, com expertise em SEO. H\u00e1 anos re\u00fane informa\u00e7\u00f5es atualizadas e materiais de estudo para apoiar o candidato ao longo da jornada de prepara\u00e7\u00e3o.","sameAs":["https:\/\/www.aprovaconcursos.com.br\/"],"url":"https:\/\/www.aprovaconcursos.com.br\/blog\/autor\/rinaldo-junior\/"}]}},"_links":{"self":[{"href":"https:\/\/www.aprovaconcursos.com.br\/blog\/wp-json\/wp\/v2\/posts\/370","targetHints":{"allow":["GET"]}}],"collection":[{"href":"https:\/\/www.aprovaconcursos.com.br\/blog\/wp-json\/wp\/v2\/posts"}],"about":[{"href":"https:\/\/www.aprovaconcursos.com.br\/blog\/wp-json\/wp\/v2\/types\/post"}],"author":[{"embeddable":true,"href":"https:\/\/www.aprovaconcursos.com.br\/blog\/wp-json\/wp\/v2\/users\/5"}],"replies":[{"embeddable":true,"href":"https:\/\/www.aprovaconcursos.com.br\/blog\/wp-json\/wp\/v2\/comments?post=370"}],"version-history":[{"count":5,"href":"https:\/\/www.aprovaconcursos.com.br\/blog\/wp-json\/wp\/v2\/posts\/370\/revisions"}],"predecessor-version":[{"id":1200,"href":"https:\/\/www.aprovaconcursos.com.br\/blog\/wp-json\/wp\/v2\/posts\/370\/revisions\/1200"}],"wp:featuredmedia":[{"embeddable":true,"href":"https:\/\/www.aprovaconcursos.com.br\/blog\/wp-json\/wp\/v2\/media\/924"}],"wp:attachment":[{"href":"https:\/\/www.aprovaconcursos.com.br\/blog\/wp-json\/wp\/v2\/media?parent=370"}],"wp:term":[{"taxonomy":"category","embeddable":true,"href":"https:\/\/www.aprovaconcursos.com.br\/blog\/wp-json\/wp\/v2\/categories?post=370"},{"taxonomy":"post_tag","embeddable":true,"href":"https:\/\/www.aprovaconcursos.com.br\/blog\/wp-json\/wp\/v2\/tags?post=370"},{"taxonomy":"estado","embeddable":true,"href":"https:\/\/www.aprovaconcursos.com.br\/blog\/wp-json\/wp\/v2\/estado?post=370"}],"curies":[{"name":"wp","href":"https:\/\/api.w.org\/{rel}","templated":true}]}}