{"id":342,"date":"2021-09-22T14:11:16","date_gmt":"2021-09-22T17:11:16","guid":{"rendered":"https:\/\/www.aprovaconcursos.com.br\/blog\/concurso-oficial-pm-mg-tudo-sobre-a-carreira\/"},"modified":"2026-07-16T13:56:02","modified_gmt":"2026-07-16T16:56:02","slug":"concurso-oficial-pm-mg-carreira","status":"publish","type":"post","link":"https:\/\/www.aprovaconcursos.com.br\/blog\/concurso-oficial-pm-mg-carreira\/","title":{"rendered":"Concurso Oficial PM MG: Guia para carreira, comando e lideran\u00e7a"},"content":{"rendered":"<figure id=\"attachment_914\" aria-describedby=\"caption-attachment-914\" style=\"width: 1200px\" class=\"wp-caption alignnone\"><img loading=\"lazy\" decoding=\"async\" class=\"wp-image-914 size-full\" src=\"https:\/\/www.aprovaconcursos.com.br\/blog\/wp-content\/uploads\/2021\/09\/concurso-oficial-pm-mg-tudo-sobre-a-carreira.png\" alt=\"Concurso Oficial PM MG: Guia para carreira, comando e lideran\u00e7a\" width=\"1200\" height=\"628\" srcset=\"https:\/\/www.aprovaconcursos.com.br\/blog\/wp-content\/uploads\/2021\/09\/concurso-oficial-pm-mg-tudo-sobre-a-carreira.png 1200w, https:\/\/www.aprovaconcursos.com.br\/blog\/wp-content\/uploads\/2021\/09\/concurso-oficial-pm-mg-tudo-sobre-a-carreira-300x157.png 300w, https:\/\/www.aprovaconcursos.com.br\/blog\/wp-content\/uploads\/2021\/09\/concurso-oficial-pm-mg-tudo-sobre-a-carreira-1024x536.png 1024w, https:\/\/www.aprovaconcursos.com.br\/blog\/wp-content\/uploads\/2021\/09\/concurso-oficial-pm-mg-tudo-sobre-a-carreira-768x402.png 768w\" sizes=\"auto, (max-width: 1200px) 100vw, 1200px\" \/><figcaption id=\"caption-attachment-914\" class=\"wp-caption-text\">Concurso Oficial PM MG: carreira, comando e lideran\u00e7a<\/figcaption><\/figure>\n<p class=\"animating\" data-path-to-node=\"6\"><span class=\"\">Alcan\u00e7ar o posto de <strong>Oficial na <\/strong><strong>Pol\u00edcia Militar<\/strong><strong> do Estado de Minas Gerais (PMMG)<\/strong> representa o \u00e1pice da carreira de seguran\u00e7a p\u00fablica para quem possui forma\u00e7\u00e3o jur\u00eddica.<\/span><span class=\"\"> A corpora\u00e7\u00e3o mineira \u00e9 reconhecida nacionalmente por sua s\u00f3lida estrutura hier\u00e1rquica,<\/span><span class=\"\"> sua tradi\u00e7\u00e3o secular e a excel\u00eancia na forma\u00e7\u00e3o de seus l\u00edderes.<\/span><span class=\"\"> O ingresso ocorre por meio do Curso de Forma\u00e7\u00e3o de Oficiais (CFO),<\/span><span class=\"\"> um processo seletivo altamente elite e competitivo,<\/span><span class=\"\"> que atrai profissionais do Direito de todas as regi\u00f5es do pa\u00eds.<\/span><\/p>\n<p class=\"animating\" data-path-to-node=\"7\"><span class=\"\">Diferente do concurso para a categoria de Pra\u00e7as,<\/span><span class=\"\"> a sele\u00e7\u00e3o para o oficialato n\u00e3o avalia apenas a capacidade de execu\u00e7\u00e3o do policiamento nas ruas.<\/span><span class=\"\"> O certame busca identificar indiv\u00edduos com forte capacidade anal\u00edtica,<\/span> compet\u00eancia de gest\u00e3o, intelig\u00eancia emocional sob extrema press\u00e3o e profundo conhecimento do ordenamento jur\u00eddico brasileiro. Para conquistar a t\u00e3o sonhada espada dos oficiais, o candidato precisa dominar cada detalhe do edital e encarar uma rotina de prepara\u00e7\u00e3o de alt\u00edssimo rendimento.<\/p>\n<h2 data-path-to-node=\"9\">A Trajet\u00f3ria de Crescimento: A Rotina e as Fases da Carreira<\/h2>\n<p data-path-to-node=\"10\">Compreender como funciona a evolu\u00e7\u00e3o profissional dentro da institui\u00e7\u00e3o \u00e9 fundamental para manter a motiva\u00e7\u00e3o durante os longos meses de estudo te\u00f3rico. A rotina e as atribui\u00e7\u00f5es de um <a href=\"https:\/\/www.aprovaconcursos.com.br\/concursos\/pm-mg\" rel=\"noopener noreferrer\" target=\"_blank\">Oficial da PMMG<\/a> mudam drasticamente \u00e0 medida que ele avan\u00e7a nos postos de comando. A carreira se inicia no ambiente acad\u00eamico e evolui para a lideran\u00e7a plena nas ruas.<\/p>\n<h3 data-path-to-node=\"11\">O Per\u00edodo como Discente: O Dia a Dia do Cadete<\/h3>\n<p data-path-to-node=\"12\">Ao ser aprovado nas fases iniciais do concurso, o candidato ingressa na Academia de Pol\u00edcia Militar (APM) como Cadete. Durante todo o per\u00edodo de dura\u00e7\u00e3o do Curso de Forma\u00e7\u00e3o de Oficiais (CFO), o profissional vive sob um regime de dedica\u00e7\u00e3o integral e interna\u00e7\u00e3o parcial.<\/p>\n<p data-path-to-node=\"13\">As atribui\u00e7\u00f5es nessa fase s\u00e3o estritamente estudantis, mas com a exig\u00eancia e o rigor da disciplina militar. O Cadete enfrenta uma carga intensa de aulas te\u00f3ricas e pr\u00e1ticas, englobando t\u00e9cnicas de tiro, defesa pessoal, ordem unida, doutrina de policiamento ostensivo, al\u00e9m de atividades de administra\u00e7\u00e3o p\u00fablica e log\u00edstica militar. H\u00e1 tamb\u00e9m uma forte carga de treinamento f\u00edsico para moldar a resili\u00eancia do futuro comandante.<\/p>\n<h3 data-path-to-node=\"14\">A Transi\u00e7\u00e3o: O Papel do Aspirante a Oficial<\/h3>\n<p data-path-to-node=\"15\">Ap\u00f3s concluir o curso de forma\u00e7\u00e3o com aproveitamento t\u00e9cnico e intelectual, o militar \u00e9 promovido \u00e0 gradua\u00e7\u00e3o de Aspirante a Oficial. Esse per\u00edodo funciona como um est\u00e1gio pr\u00e1tico supervisionado. O Aspirante passa a exercer atividades inerentes aos oficiais subalternos, come\u00e7ando a liderar equipes em campo, supervisionar o policiamento ostensivo e aplicar na pr\u00e1tica os conceitos de gest\u00e3o de crises e administra\u00e7\u00e3o de pessoal aprendidos na academia, preparando-se para assumir o primeiro posto de oficialato.<\/p>\n<h3 data-path-to-node=\"16\">O Comando Pleno: As Atribui\u00e7\u00f5es do Tenente<\/h3>\n<p data-path-to-node=\"17\">Cumprido o per\u00edodo de est\u00e1gio regulamentar, o militar alcan\u00e7a o posto de 2\u00ba Tenente, ingressando oficialmente no quadro de Oficiais Subalternos da PMMG. A rotina desse profissional \u00e9 extremamente din\u00e2mica e se divide em tr\u00eas grandes frentes de atua\u00e7\u00e3o:<\/p>\n<ul data-path-to-node=\"18\">\n<li>\n<p data-path-to-node=\"18,0,0\"><b data-path-to-node=\"18,0,0\" data-index-in-node=\"0\">Frente Operacional:<\/b> O Tenente atua diretamente no comando de pelot\u00f5es e setores estrat\u00e9gicos de policiamento. Ele \u00e9 o respons\u00e1vel por coordenar turnos de servi\u00e7o operacional, planejar e comandar opera\u00e7\u00f5es policiais de repress\u00e3o ao crime, gerenciar o atendimento de ocorr\u00eancias complexas de grande repercuss\u00e3o, promover reuni\u00f5es comunit\u00e1rias de seguran\u00e7a e estabelecer parcerias com a sociedade civil.<\/p>\n<\/li>\n<li>\n<p data-path-to-node=\"18,1,0\"><b data-path-to-node=\"18,1,0\" data-index-in-node=\"0\">Frente Administrativa e Gest\u00e3o:<\/b> O oficial exerce o papel de gestor p\u00fablico dentro da corpora\u00e7\u00e3o. Suas fun\u00e7\u00f5es envolvem o planejamento de opera\u00e7\u00f5es integradas, a administra\u00e7\u00e3o de recursos humanos e log\u00edsticos no n\u00edvel de seu setor, a avalia\u00e7\u00e3o cont\u00ednua do desempenho dos policiais sob seu comando direto, o zelo constante pela manuten\u00e7\u00e3o da hierarquia e da disciplina e a confec\u00e7\u00e3o de documentos institucionais, relat\u00f3rios e projetos organizacionais.<\/p>\n<\/li>\n<li>\n<p data-path-to-node=\"18,2,0\"><b data-path-to-node=\"18,2,0\" data-index-in-node=\"0\">Frente Jur\u00eddica e de Treinamento:<\/b> Por possuir forma\u00e7\u00e3o em Direito, o Tenente atua na pol\u00edcia judici\u00e1ria militar. Ele \u00e9 o encarregado de conduzir processos e procedimentos administrativos internos, produzir Inqu\u00e9ritos Policiais Militares (IPMs), lavrar autos de pris\u00e3o em flagrante de crimes militares e compor conselhos de justi\u00e7a. Al\u00e9m disso, atua na instru\u00e7\u00e3o t\u00e9cnica cont\u00ednua e na doc\u00eancia dentro das unidades de ensino da corpora\u00e7\u00e3o.<\/p>\n<\/li>\n<\/ul>\n<p data-path-to-node=\"19\">O exerc\u00edcio do cargo exige o contato di\u00e1rio com o p\u00fablico, atua\u00e7\u00e3o frequente em condi\u00e7\u00f5es de forte press\u00e3o psicol\u00f3gica e exposi\u00e7\u00e3o a riscos reais inerentes \u00e0 atividade policial, operando em hor\u00e1rios flex\u00edveis que incluem plant\u00f5es diurnos e noturnos.<\/p>\n<h2 data-path-to-node=\"21\">Requisitos Legais e Inegoci\u00e1veis para a Posse<\/h2>\n<p data-path-to-node=\"22\">Devido \u00e0 complexidade das fun\u00e7\u00f5es de comando, o edital do Concurso Oficial PM MG imp\u00f5e requisitos de elegibilidade r\u00edgidos. O n\u00e3o cumprimento de qualquer um desses itens resulta na elimina\u00e7\u00e3o sum\u00e1ria do candidato no momento da matr\u00edcula:<\/p>\n<ul data-path-to-node=\"23\">\n<li>\n<p data-path-to-node=\"23,0,0\"><b data-path-to-node=\"23,0,0\" data-index-in-node=\"0\">Forma\u00e7\u00e3o Acad\u00eamica:<\/b> \u00c9 obrigat\u00f3rio possuir o t\u00edtulo de Bacharel em Direito, obtido em estabelecimento de ensino superior oficialmente reconhecido pelos sistemas de ensino federal, estadual ou distrital.<\/p>\n<\/li>\n<li>\n<p data-path-to-node=\"23,1,0\"><b data-path-to-node=\"23,1,0\" data-index-in-node=\"0\">Limites de Idade:<\/b> O candidato deve ter idade m\u00ednima de 18 anos completos e idade m\u00e1xima de 30 anos na data da inscri\u00e7\u00e3o ou matr\u00edcula, conforme as balizas fixadas na legisla\u00e7\u00e3o de ingresso.<\/p>\n<\/li>\n<li>\n<p data-path-to-node=\"23,2,0\"><b data-path-to-node=\"23,2,0\" data-index-in-node=\"0\">Estatuto de Nacionalidade:<\/b> Por envolver cargos de soberania e comando de for\u00e7as militares estaduais, a vaga \u00e9 exclusiva para cidad\u00e3os brasileiros natos.<\/p>\n<\/li>\n<li>\n<p data-path-to-node=\"23,3,0\"><b data-path-to-node=\"23,3,0\" data-index-in-node=\"0\">Par\u00e2metros de Altura:<\/b> Exige-se a altura m\u00ednima de 1,60m, aplicada de forma id\u00eantica para candidatos do sexo masculino e candidatas do sexo feminino.<\/p>\n<\/li>\n<li>\n<p data-path-to-node=\"23,4,0\"><b data-path-to-node=\"23,4,0\" data-index-in-node=\"0\">Idoneidade e Passado Limpo:<\/b> Possuir idoneidade moral inquestion\u00e1vel, comprovada por meio de uma detalhada investiga\u00e7\u00e3o de antecedentes criminais, sociais e profissionais. O candidato n\u00e3o pode ter sido demitido por justa causa ou exonerado a bem da disciplina das For\u00e7as Armadas ou de outras institui\u00e7\u00f5es militares.<\/p>\n<\/li>\n<li>\n<p data-path-to-node=\"23,5,0\"><b data-path-to-node=\"23,5,0\" data-index-in-node=\"0\">Restri\u00e7\u00f5es sobre Tatuagens:<\/b> O uso de tatuagens \u00e9 permitido, desde que os desenhos n\u00e3o fiquem expostos ao vestir os diferentes uniformes da corpora\u00e7\u00e3o ou que ostentem s\u00edmbolos que fa\u00e7am apologia a condutas criminosas, \u00e0 viol\u00eancia, ao preconceito de qualquer natureza ou que firam frontalmente o decoro da classe militar.<\/p>\n<\/li>\n<\/ul>\n<h2 data-path-to-node=\"25\">Estrutura Financeira e Vantagens da Carreira<\/h2>\n<p data-path-to-node=\"26\">O retorno financeiro para quem ingressa no oficialato da PMMG \u00e9 altamente atrativo desde o in\u00edcio da forma\u00e7\u00e3o. O candidato aprovado entra na corpora\u00e7\u00e3o recebendo uma remunera\u00e7\u00e3o b\u00e1sica inicial que historicamente parte da faixa de <b data-path-to-node=\"26\" data-index-in-node=\"230\">R$ 6.519,44<\/b>, valor pago j\u00e1 na condi\u00e7\u00e3o de Cadete durante o per\u00edodo de estudos na Academia de Pol\u00edcia Militar.<\/p>\n<p data-path-to-node=\"27\">Ap\u00f3s a conclus\u00e3o do CFO e as promo\u00e7\u00f5es subsequentes ao longo da carreira de comando, os vencimentos e gratifica\u00e7\u00f5es passam por progress\u00f5es substanciais. A carga hor\u00e1ria padr\u00e3o de trabalho para os oficiais \u00e9 de <b data-path-to-node=\"27\" data-index-in-node=\"210\">40 horas semanais<\/b>, cumprida em regime de dedica\u00e7\u00e3o integral, o que exige total disponibilidade para o servi\u00e7o conforme as necessidades de seguran\u00e7a do Estado.<\/p>\n<h2 data-path-to-node=\"29\">O Funil de Sele\u00e7\u00e3o: Fases e Mat\u00e9rias Cobradas<\/h2>\n<p data-path-to-node=\"30\">O processo seletivo para Oficial da PMMG \u00e9 composto por um dos funis mais completos do pa\u00eds, dividido em etapas que testam o conhecimento jur\u00eddico avan\u00e7ado e as habilidades pr\u00e1ticas dos concorrentes.<\/p>\n<h3 data-path-to-node=\"31\">1\u00aa Fase: Provas de Conhecimentos (Objetiva e Dissertativa)<\/h3>\n<p data-path-to-node=\"32\">A prova objetiva \u00e9 o primeiro grande filtro do concurso. Geralmente, conta com <b data-path-to-node=\"32\" data-index-in-node=\"79\">40 quest\u00f5es de m\u00faltipla escolha<\/b>, com forte peso nas disciplinas do Direito. O candidato enfrenta quest\u00f5es distribu\u00eddas entre Direito Constitucional, Direito Administrativo, Direito Penal, Direito Processual Penal, Direito Penal Militar, Direito Processual Penal Militar, al\u00e9m de t\u00f3picos de Legisla\u00e7\u00e3o Extravagante e Direitos Humanos. No mesmo dia, \u00e9 aplicada a prova dissertativa, que exige a reda\u00e7\u00e3o de um texto de cunho jur\u00eddico-argumentativo baseado em temas previstos no conte\u00fado program\u00e1tico.<\/p>\n<h3 data-path-to-node=\"33\">2\u00aa Fase: Avalia\u00e7\u00f5es Complementares e a Prova Oral<\/h3>\n<p data-path-to-node=\"34\">Os classificados nas etapas escritas avan\u00e7am para o bloco de exames pr\u00e1ticos e de capacidade t\u00e9cnica:<\/p>\n<ul data-path-to-node=\"35\">\n<li>\n<p data-path-to-node=\"35,0,0\"><b data-path-to-node=\"35,0,0\" data-index-in-node=\"0\">Avalia\u00e7\u00f5es Psicol\u00f3gicas e de Sa\u00fade:<\/b> Triagem cl\u00ednica profunda e testes de perfil comportamental para atestar a aptid\u00e3o psicol\u00f3gica para o porte de armas e o comando de tropas.<\/p>\n<\/li>\n<li>\n<p data-path-to-node=\"35,1,0\"><b data-path-to-node=\"35,1,0\" data-index-in-node=\"0\">Avalia\u00e7\u00e3o F\u00edsica Militar (AFM):<\/b> Teste de Aptid\u00e3o F\u00edsica que cobra \u00edndices rigorosos de resist\u00eancia e for\u00e7a muscular atrav\u00e9s de exerc\u00edcios como corrida de 12 minutos, flex\u00f5es abdominais e barra fixa.<\/p>\n<\/li>\n<li>\n<p data-path-to-node=\"35,2,0\"><b data-path-to-node=\"35,2,0\" data-index-in-node=\"0\">Prova Oral:<\/b> O grande diferencial do concurso de Oficiais. O candidato \u00e9 submetido a uma banca de avaliadores e deve responder verbalmente a questionamentos sobre pontos espec\u00edficos do Direito Penal, Processual Penal, Constitucional e Administrativo. Essa etapa avalia n\u00e3o apenas o dom\u00ednio t\u00e9cnico, mas a postura, a clareza de argumenta\u00e7\u00e3o e a orat\u00f3ria sob press\u00e3o.<\/p>\n<\/li>\n<li>\n<p data-path-to-node=\"35,3,0\"><b data-path-to-node=\"35,3,0\" data-index-in-node=\"0\">Prova de T\u00edtulos:<\/b> Fase meramente classificat\u00f3ria que pontua especializa\u00e7\u00f5es, mestrados, doutorados e experi\u00eancias profissionais relevantes na \u00e1rea jur\u00eddica ou militar.<\/p>\n<\/li>\n<\/ul>\n<h2 data-path-to-node=\"37\">Prepare-se para esta oportunidade<\/h2>\n<p data-path-to-node=\"38\">Vencer a concorr\u00eancia em um certame de alto n\u00edvel como o de Oficial da PMMG exige um planejamento que abandone m\u00e9todos gen\u00e9ricos. A cobran\u00e7a jur\u00eddica da banca \u00e9 profunda e muito pr\u00f3xima das provas de magistratura e promotoria, com a especificidade das disciplinas do Direito Militar.<\/p>\n<h2 data-path-to-node=\"40\">Saiba mais sobre o planejamento focado<\/h2>\n<p data-path-to-node=\"41\">A organiza\u00e7\u00e3o do seu tempo de estudo deve ser cir\u00fargica. Conciliar a leitura densa da doutrina jur\u00eddica com o treino pr\u00e1tico para a reda\u00e7\u00e3o e a orat\u00f3ria da prova oral \u00e9 o caminho exato para a aprova\u00e7\u00e3o. Uma excelente alternativa para otimizar essa rotina \u00e9 a utiliza\u00e7\u00e3o de materiais que transmitam as mat\u00e9rias de forma esquematizada, permitindo a fixa\u00e7\u00e3o dos conceitos em blocos focados de estudos. O Aprova Concursos oferece solu\u00e7\u00f5es de aprendizado din\u00e2micas com videoaulas diretas ao ponto, ideais para guiar seus estudos pelas principais teses jur\u00eddicas exigidas pela banca.<\/p>\n<h2 data-path-to-node=\"43\">Comece agora a construir a sua carreira de comando<\/h2>\n<p data-path-to-node=\"44\">N\u00e3o espere a publica\u00e7\u00e3o oficial do cronograma para iniciar a sua prepara\u00e7\u00e3o para a prova objetiva e para o Teste de Aptid\u00e3o F\u00edsica. O tempo que voc\u00ea investe hoje dominando a legisla\u00e7\u00e3o penal militar e resolvendo exerc\u00edcios anteriores ser\u00e1 o diferencial na conquista da sua vaga na Academia de <a href=\"https:\/\/www.aprovaconcursos.com.br\/concursos\/pm-mg\" target=\"_blank\" rel=\"noopener\">Pol\u00edcia Militar de Minas Gerais<\/a>. Clique aqui, conhe\u00e7a nossas ferramentas completas de apoio e d\u00ea o passo definitivo para conquistar a sua farda e a estabilidade profissional!<\/p>\n","protected":false},"excerpt":{"rendered":"<p>Alcan\u00e7ar o posto de Oficial na Pol\u00edcia Militar do Estado de Minas Gerais (PMMG) representa o \u00e1pice da carreira de seguran\u00e7a p\u00fablica para quem possui forma\u00e7\u00e3o jur\u00eddica. A corpora\u00e7\u00e3o mineira \u00e9 reconhecida nacionalmente por sua s\u00f3lida estrutura hier\u00e1rquica, sua tradi\u00e7\u00e3o secular e a excel\u00eancia na forma\u00e7\u00e3o de seus l\u00edderes. O ingresso ocorre por meio do [&hellip;]<\/p>\n","protected":false},"author":5,"featured_media":914,"comment_status":"closed","ping_status":"closed","sticky":false,"template":"","format":"standard","meta":{"footnotes":""},"categories":[13],"tags":[237],"estado":[12],"class_list":["post-342","post","type-post","status-publish","format-standard","has-post-thumbnail","hentry","category-carreiras","tag-concurso-oficial-pm-mg","estado-mg"],"yoast_head":"<!-- This site is optimized with the Yoast SEO Premium plugin v28.0 (Yoast SEO v28.0) - https:\/\/yoast.com\/product\/yoast-seo-premium-wordpress\/ -->\n<title>Aprova Concursos<\/title>\n<meta name=\"description\" content=\"Pensando em conquistar uma vaga no concurso Oficial PM MG? Ent\u00e3o confira tudo o que voc\u00ea precisa saber antes do pr\u00f3ximo edital ser publicado!\" \/>\n<meta name=\"robots\" content=\"index, follow, max-snippet:-1, max-image-preview:large, max-video-preview:-1\" \/>\n<link rel=\"canonical\" href=\"https:\/\/www.aprovaconcursos.com.br\/blog\/concurso-oficial-pm-mg-carreira\/\" \/>\n<meta property=\"og:locale\" content=\"pt_BR\" \/>\n<meta property=\"og:type\" content=\"article\" \/>\n<meta property=\"og:title\" content=\"Aprova Concursos\" \/>\n<meta property=\"og:description\" content=\"Pensando em conquistar uma vaga no concurso Oficial PM MG? Ent\u00e3o confira tudo o que voc\u00ea precisa saber antes do pr\u00f3ximo edital ser publicado!\" \/>\n<meta property=\"og:url\" content=\"https:\/\/www.aprovaconcursos.com.br\/blog\/concurso-oficial-pm-mg-carreira\/\" \/>\n<meta property=\"og:site_name\" content=\"Aprova Concursos: Blog de Estudos e Carreiras\" \/>\n<meta property=\"article:published_time\" content=\"2021-09-22T17:11:16+00:00\" \/>\n<meta property=\"article:modified_time\" content=\"2026-07-16T16:56:02+00:00\" \/>\n<meta property=\"og:image\" content=\"https:\/\/www.aprovaconcursos.com.br\/blog\/wp-content\/uploads\/2021\/09\/concurso-oficial-pm-mg-tudo-sobre-a-carreira.png\" \/>\n\t<meta property=\"og:image:width\" content=\"1200\" \/>\n\t<meta property=\"og:image:height\" content=\"628\" \/>\n\t<meta property=\"og:image:type\" content=\"image\/png\" \/>\n<meta name=\"author\" content=\"Rinaldo Junior\" \/>\n<meta name=\"twitter:card\" content=\"summary_large_image\" \/>\n<meta name=\"twitter:title\" content=\"Aprova Concursos\" \/>\n<meta name=\"twitter:label1\" content=\"Escrito por\" \/>\n\t<meta name=\"twitter:data1\" content=\"Rinaldo Junior\" \/>\n\t<meta name=\"twitter:label2\" content=\"Est. tempo de leitura\" \/>\n\t<meta name=\"twitter:data2\" content=\"10 minutos\" \/>\n<script type=\"application\/ld+json\" class=\"yoast-schema-graph\">{\"@context\":\"https:\\\/\\\/schema.org\",\"@graph\":[{\"@type\":[\"Article\",\"BlogPosting\"],\"@id\":\"https:\\\/\\\/www.aprovaconcursos.com.br\\\/blog\\\/concurso-oficial-pm-mg-carreira\\\/#article\",\"isPartOf\":{\"@id\":\"https:\\\/\\\/www.aprovaconcursos.com.br\\\/blog\\\/concurso-oficial-pm-mg-carreira\\\/\"},\"author\":{\"name\":\"Rinaldo Junior\",\"@id\":\"https:\\\/\\\/www.aprovaconcursos.com.br\\\/blog\\\/#\\\/schema\\\/person\\\/10a02da482a09ebe8383254f58aa8598\"},\"headline\":\"Concurso Oficial PM MG: Guia para carreira, comando e lideran\u00e7a\",\"datePublished\":\"2021-09-22T17:11:16+00:00\",\"dateModified\":\"2026-07-16T16:56:02+00:00\",\"mainEntityOfPage\":{\"@id\":\"https:\\\/\\\/www.aprovaconcursos.com.br\\\/blog\\\/concurso-oficial-pm-mg-carreira\\\/\"},\"wordCount\":1818,\"publisher\":{\"@id\":\"https:\\\/\\\/www.aprovaconcursos.com.br\\\/blog\\\/#organization\"},\"image\":{\"@id\":\"https:\\\/\\\/www.aprovaconcursos.com.br\\\/blog\\\/concurso-oficial-pm-mg-carreira\\\/#primaryimage\"},\"thumbnailUrl\":\"https:\\\/\\\/www.aprovaconcursos.com.br\\\/blog\\\/wp-content\\\/uploads\\\/2021\\\/09\\\/concurso-oficial-pm-mg-tudo-sobre-a-carreira.png\",\"keywords\":[\"Concurso Oficial PM MG\"],\"articleSection\":[\"Carreiras\"],\"inLanguage\":\"pt-BR\"},{\"@type\":\"WebPage\",\"@id\":\"https:\\\/\\\/www.aprovaconcursos.com.br\\\/blog\\\/concurso-oficial-pm-mg-carreira\\\/\",\"url\":\"https:\\\/\\\/www.aprovaconcursos.com.br\\\/blog\\\/concurso-oficial-pm-mg-carreira\\\/\",\"name\":\"Concurso Oficial PM MG: Guia para carreira, comando e lideran\u00e7a\",\"isPartOf\":{\"@id\":\"https:\\\/\\\/www.aprovaconcursos.com.br\\\/blog\\\/#website\"},\"primaryImageOfPage\":{\"@id\":\"https:\\\/\\\/www.aprovaconcursos.com.br\\\/blog\\\/concurso-oficial-pm-mg-carreira\\\/#primaryimage\"},\"image\":{\"@id\":\"https:\\\/\\\/www.aprovaconcursos.com.br\\\/blog\\\/concurso-oficial-pm-mg-carreira\\\/#primaryimage\"},\"thumbnailUrl\":\"https:\\\/\\\/www.aprovaconcursos.com.br\\\/blog\\\/wp-content\\\/uploads\\\/2021\\\/09\\\/concurso-oficial-pm-mg-tudo-sobre-a-carreira.png\",\"datePublished\":\"2021-09-22T17:11:16+00:00\",\"dateModified\":\"2026-07-16T16:56:02+00:00\",\"description\":\"Pensando em conquistar uma vaga no concurso Oficial PM MG? Ent\u00e3o confira tudo o que voc\u00ea precisa saber antes do pr\u00f3ximo edital ser publicado!\",\"breadcrumb\":{\"@id\":\"https:\\\/\\\/www.aprovaconcursos.com.br\\\/blog\\\/concurso-oficial-pm-mg-carreira\\\/#breadcrumb\"},\"inLanguage\":\"pt-BR\",\"potentialAction\":[{\"@type\":\"ReadAction\",\"target\":[\"https:\\\/\\\/www.aprovaconcursos.com.br\\\/blog\\\/concurso-oficial-pm-mg-carreira\\\/\"]}]},{\"@type\":\"ImageObject\",\"inLanguage\":\"pt-BR\",\"@id\":\"https:\\\/\\\/www.aprovaconcursos.com.br\\\/blog\\\/concurso-oficial-pm-mg-carreira\\\/#primaryimage\",\"url\":\"https:\\\/\\\/www.aprovaconcursos.com.br\\\/blog\\\/wp-content\\\/uploads\\\/2021\\\/09\\\/concurso-oficial-pm-mg-tudo-sobre-a-carreira.png\",\"contentUrl\":\"https:\\\/\\\/www.aprovaconcursos.com.br\\\/blog\\\/wp-content\\\/uploads\\\/2021\\\/09\\\/concurso-oficial-pm-mg-tudo-sobre-a-carreira.png\",\"width\":1200,\"height\":628,\"caption\":\"Concurso Oficial PM MG: Guia para carreira, comando e lideran\u00e7a\"},{\"@type\":\"BreadcrumbList\",\"@id\":\"https:\\\/\\\/www.aprovaconcursos.com.br\\\/blog\\\/concurso-oficial-pm-mg-carreira\\\/#breadcrumb\",\"itemListElement\":[{\"@type\":\"ListItem\",\"position\":1,\"name\":\"Home\",\"item\":\"https:\\\/\\\/www.aprovaconcursos.com.br\\\/blog\\\/\"},{\"@type\":\"ListItem\",\"position\":2,\"name\":\"Concurso Oficial PM MG: Guia para carreira, comando e lideran\u00e7a\"}]},{\"@type\":\"WebSite\",\"@id\":\"https:\\\/\\\/www.aprovaconcursos.com.br\\\/blog\\\/#website\",\"url\":\"https:\\\/\\\/www.aprovaconcursos.com.br\\\/blog\\\/\",\"name\":\"Aprova Concursos - Blog\",\"description\":\"Guias, m\u00e9todos de estudo e an\u00e1lises t\u00e1ticas para sua aprova\u00e7\u00e3o em concursos p\u00fablicos.\",\"publisher\":{\"@id\":\"https:\\\/\\\/www.aprovaconcursos.com.br\\\/blog\\\/#organization\"},\"potentialAction\":[{\"@type\":\"SearchAction\",\"target\":{\"@type\":\"EntryPoint\",\"urlTemplate\":\"https:\\\/\\\/www.aprovaconcursos.com.br\\\/blog\\\/?s={search_term_string}\"},\"query-input\":{\"@type\":\"PropertyValueSpecification\",\"valueRequired\":true,\"valueName\":\"search_term_string\"}}],\"inLanguage\":\"pt-BR\"},{\"@type\":\"Organization\",\"@id\":\"https:\\\/\\\/www.aprovaconcursos.com.br\\\/blog\\\/#organization\",\"name\":\"Aprova Concursos\",\"url\":\"https:\\\/\\\/www.aprovaconcursos.com.br\\\/blog\\\/\",\"logo\":{\"@type\":\"ImageObject\",\"inLanguage\":\"pt-BR\",\"@id\":\"https:\\\/\\\/www.aprovaconcursos.com.br\\\/blog\\\/#\\\/schema\\\/logo\\\/image\\\/\",\"url\":\"https:\\\/\\\/www.aprovaconcursos.com.br\\\/blog\\\/wp-content\\\/uploads\\\/2026\\\/05\\\/cropped-logo-aprova-3.png\",\"contentUrl\":\"https:\\\/\\\/www.aprovaconcursos.com.br\\\/blog\\\/wp-content\\\/uploads\\\/2026\\\/05\\\/cropped-logo-aprova-3.png\",\"width\":1416,\"height\":538,\"caption\":\"Aprova Concursos\"},\"image\":{\"@id\":\"https:\\\/\\\/www.aprovaconcursos.com.br\\\/blog\\\/#\\\/schema\\\/logo\\\/image\\\/\"},\"sameAs\":[\"https:\\\/\\\/www.youtube.com\\\/@aprovaconcursos\",\"https:\\\/\\\/www.tiktok.com\\\/@aprovaconcursosoficial\"]},{\"@type\":\"Person\",\"@id\":\"https:\\\/\\\/www.aprovaconcursos.com.br\\\/blog\\\/#\\\/schema\\\/person\\\/10a02da482a09ebe8383254f58aa8598\",\"name\":\"Rinaldo Junior\",\"image\":{\"@type\":\"ImageObject\",\"inLanguage\":\"pt-BR\",\"@id\":\"https:\\\/\\\/secure.gravatar.com\\\/avatar\\\/f617925ffe96996dc8799f23a7984694b0e3efacaa19fbff06b4414133263471?s=96&d=mm&r=g\",\"url\":\"https:\\\/\\\/secure.gravatar.com\\\/avatar\\\/f617925ffe96996dc8799f23a7984694b0e3efacaa19fbff06b4414133263471?s=96&d=mm&r=g\",\"contentUrl\":\"https:\\\/\\\/secure.gravatar.com\\\/avatar\\\/f617925ffe96996dc8799f23a7984694b0e3efacaa19fbff06b4414133263471?s=96&d=mm&r=g\",\"caption\":\"Rinaldo Junior\"},\"description\":\"Rinaldo \u00e9 graduado em Letras, Tecn\u00f3logo em Marketing e Analista do time de Reda\u00e7\u00e3o do Aprova Concursos. Sua atua\u00e7\u00e3o na esfera de concursos p\u00fablicos prop\u00f5e an\u00e1lises dos principais editais do pa\u00eds e projetos de cria\u00e7\u00e3o de conte\u00fado para web, com expertise em SEO. H\u00e1 anos re\u00fane informa\u00e7\u00f5es atualizadas e materiais de estudo para apoiar o candidato ao longo da jornada de prepara\u00e7\u00e3o.\",\"sameAs\":[\"https:\\\/\\\/www.aprovaconcursos.com.br\\\/\"],\"url\":\"https:\\\/\\\/www.aprovaconcursos.com.br\\\/blog\\\/autor\\\/rinaldo-junior\\\/\"}]}<\/script>\n<!-- \/ Yoast SEO Premium plugin. -->","yoast_head_json":{"title":"Aprova Concursos","description":"Pensando em conquistar uma vaga no concurso Oficial PM MG? Ent\u00e3o confira tudo o que voc\u00ea precisa saber antes do pr\u00f3ximo edital ser publicado!","robots":{"index":"index","follow":"follow","max-snippet":"max-snippet:-1","max-image-preview":"max-image-preview:large","max-video-preview":"max-video-preview:-1"},"canonical":"https:\/\/www.aprovaconcursos.com.br\/blog\/concurso-oficial-pm-mg-carreira\/","og_locale":"pt_BR","og_type":"article","og_title":"Aprova Concursos","og_description":"Pensando em conquistar uma vaga no concurso Oficial PM MG? Ent\u00e3o confira tudo o que voc\u00ea precisa saber antes do pr\u00f3ximo edital ser publicado!","og_url":"https:\/\/www.aprovaconcursos.com.br\/blog\/concurso-oficial-pm-mg-carreira\/","og_site_name":"Aprova Concursos: Blog de Estudos e Carreiras","article_published_time":"2021-09-22T17:11:16+00:00","article_modified_time":"2026-07-16T16:56:02+00:00","og_image":[{"width":1200,"height":628,"url":"https:\/\/www.aprovaconcursos.com.br\/blog\/wp-content\/uploads\/2021\/09\/concurso-oficial-pm-mg-tudo-sobre-a-carreira.png","type":"image\/png"}],"author":"Rinaldo Junior","twitter_card":"summary_large_image","twitter_title":"Aprova Concursos","twitter_misc":{"Escrito por":"Rinaldo Junior","Est. tempo de leitura":"10 minutos"},"schema":{"@context":"https:\/\/schema.org","@graph":[{"@type":["Article","BlogPosting"],"@id":"https:\/\/www.aprovaconcursos.com.br\/blog\/concurso-oficial-pm-mg-carreira\/#article","isPartOf":{"@id":"https:\/\/www.aprovaconcursos.com.br\/blog\/concurso-oficial-pm-mg-carreira\/"},"author":{"name":"Rinaldo Junior","@id":"https:\/\/www.aprovaconcursos.com.br\/blog\/#\/schema\/person\/10a02da482a09ebe8383254f58aa8598"},"headline":"Concurso Oficial PM MG: Guia para carreira, comando e lideran\u00e7a","datePublished":"2021-09-22T17:11:16+00:00","dateModified":"2026-07-16T16:56:02+00:00","mainEntityOfPage":{"@id":"https:\/\/www.aprovaconcursos.com.br\/blog\/concurso-oficial-pm-mg-carreira\/"},"wordCount":1818,"publisher":{"@id":"https:\/\/www.aprovaconcursos.com.br\/blog\/#organization"},"image":{"@id":"https:\/\/www.aprovaconcursos.com.br\/blog\/concurso-oficial-pm-mg-carreira\/#primaryimage"},"thumbnailUrl":"https:\/\/www.aprovaconcursos.com.br\/blog\/wp-content\/uploads\/2021\/09\/concurso-oficial-pm-mg-tudo-sobre-a-carreira.png","keywords":["Concurso Oficial PM MG"],"articleSection":["Carreiras"],"inLanguage":"pt-BR"},{"@type":"WebPage","@id":"https:\/\/www.aprovaconcursos.com.br\/blog\/concurso-oficial-pm-mg-carreira\/","url":"https:\/\/www.aprovaconcursos.com.br\/blog\/concurso-oficial-pm-mg-carreira\/","name":"Concurso Oficial PM MG: Guia para carreira, comando e lideran\u00e7a","isPartOf":{"@id":"https:\/\/www.aprovaconcursos.com.br\/blog\/#website"},"primaryImageOfPage":{"@id":"https:\/\/www.aprovaconcursos.com.br\/blog\/concurso-oficial-pm-mg-carreira\/#primaryimage"},"image":{"@id":"https:\/\/www.aprovaconcursos.com.br\/blog\/concurso-oficial-pm-mg-carreira\/#primaryimage"},"thumbnailUrl":"https:\/\/www.aprovaconcursos.com.br\/blog\/wp-content\/uploads\/2021\/09\/concurso-oficial-pm-mg-tudo-sobre-a-carreira.png","datePublished":"2021-09-22T17:11:16+00:00","dateModified":"2026-07-16T16:56:02+00:00","description":"Pensando em conquistar uma vaga no concurso Oficial PM MG? Ent\u00e3o confira tudo o que voc\u00ea precisa saber antes do pr\u00f3ximo edital ser publicado!","breadcrumb":{"@id":"https:\/\/www.aprovaconcursos.com.br\/blog\/concurso-oficial-pm-mg-carreira\/#breadcrumb"},"inLanguage":"pt-BR","potentialAction":[{"@type":"ReadAction","target":["https:\/\/www.aprovaconcursos.com.br\/blog\/concurso-oficial-pm-mg-carreira\/"]}]},{"@type":"ImageObject","inLanguage":"pt-BR","@id":"https:\/\/www.aprovaconcursos.com.br\/blog\/concurso-oficial-pm-mg-carreira\/#primaryimage","url":"https:\/\/www.aprovaconcursos.com.br\/blog\/wp-content\/uploads\/2021\/09\/concurso-oficial-pm-mg-tudo-sobre-a-carreira.png","contentUrl":"https:\/\/www.aprovaconcursos.com.br\/blog\/wp-content\/uploads\/2021\/09\/concurso-oficial-pm-mg-tudo-sobre-a-carreira.png","width":1200,"height":628,"caption":"Concurso Oficial PM MG: Guia para carreira, comando e lideran\u00e7a"},{"@type":"BreadcrumbList","@id":"https:\/\/www.aprovaconcursos.com.br\/blog\/concurso-oficial-pm-mg-carreira\/#breadcrumb","itemListElement":[{"@type":"ListItem","position":1,"name":"Home","item":"https:\/\/www.aprovaconcursos.com.br\/blog\/"},{"@type":"ListItem","position":2,"name":"Concurso Oficial PM MG: Guia para carreira, comando e lideran\u00e7a"}]},{"@type":"WebSite","@id":"https:\/\/www.aprovaconcursos.com.br\/blog\/#website","url":"https:\/\/www.aprovaconcursos.com.br\/blog\/","name":"Aprova Concursos - Blog","description":"Guias, m\u00e9todos de estudo e an\u00e1lises t\u00e1ticas para sua aprova\u00e7\u00e3o em concursos p\u00fablicos.","publisher":{"@id":"https:\/\/www.aprovaconcursos.com.br\/blog\/#organization"},"potentialAction":[{"@type":"SearchAction","target":{"@type":"EntryPoint","urlTemplate":"https:\/\/www.aprovaconcursos.com.br\/blog\/?s={search_term_string}"},"query-input":{"@type":"PropertyValueSpecification","valueRequired":true,"valueName":"search_term_string"}}],"inLanguage":"pt-BR"},{"@type":"Organization","@id":"https:\/\/www.aprovaconcursos.com.br\/blog\/#organization","name":"Aprova Concursos","url":"https:\/\/www.aprovaconcursos.com.br\/blog\/","logo":{"@type":"ImageObject","inLanguage":"pt-BR","@id":"https:\/\/www.aprovaconcursos.com.br\/blog\/#\/schema\/logo\/image\/","url":"https:\/\/www.aprovaconcursos.com.br\/blog\/wp-content\/uploads\/2026\/05\/cropped-logo-aprova-3.png","contentUrl":"https:\/\/www.aprovaconcursos.com.br\/blog\/wp-content\/uploads\/2026\/05\/cropped-logo-aprova-3.png","width":1416,"height":538,"caption":"Aprova Concursos"},"image":{"@id":"https:\/\/www.aprovaconcursos.com.br\/blog\/#\/schema\/logo\/image\/"},"sameAs":["https:\/\/www.youtube.com\/@aprovaconcursos","https:\/\/www.tiktok.com\/@aprovaconcursosoficial"]},{"@type":"Person","@id":"https:\/\/www.aprovaconcursos.com.br\/blog\/#\/schema\/person\/10a02da482a09ebe8383254f58aa8598","name":"Rinaldo Junior","image":{"@type":"ImageObject","inLanguage":"pt-BR","@id":"https:\/\/secure.gravatar.com\/avatar\/f617925ffe96996dc8799f23a7984694b0e3efacaa19fbff06b4414133263471?s=96&d=mm&r=g","url":"https:\/\/secure.gravatar.com\/avatar\/f617925ffe96996dc8799f23a7984694b0e3efacaa19fbff06b4414133263471?s=96&d=mm&r=g","contentUrl":"https:\/\/secure.gravatar.com\/avatar\/f617925ffe96996dc8799f23a7984694b0e3efacaa19fbff06b4414133263471?s=96&d=mm&r=g","caption":"Rinaldo Junior"},"description":"Rinaldo \u00e9 graduado em Letras, Tecn\u00f3logo em Marketing e Analista do time de Reda\u00e7\u00e3o do Aprova Concursos. Sua atua\u00e7\u00e3o na esfera de concursos p\u00fablicos prop\u00f5e an\u00e1lises dos principais editais do pa\u00eds e projetos de cria\u00e7\u00e3o de conte\u00fado para web, com expertise em SEO. H\u00e1 anos re\u00fane informa\u00e7\u00f5es atualizadas e materiais de estudo para apoiar o candidato ao longo da jornada de prepara\u00e7\u00e3o.","sameAs":["https:\/\/www.aprovaconcursos.com.br\/"],"url":"https:\/\/www.aprovaconcursos.com.br\/blog\/autor\/rinaldo-junior\/"}]}},"_links":{"self":[{"href":"https:\/\/www.aprovaconcursos.com.br\/blog\/wp-json\/wp\/v2\/posts\/342","targetHints":{"allow":["GET"]}}],"collection":[{"href":"https:\/\/www.aprovaconcursos.com.br\/blog\/wp-json\/wp\/v2\/posts"}],"about":[{"href":"https:\/\/www.aprovaconcursos.com.br\/blog\/wp-json\/wp\/v2\/types\/post"}],"author":[{"embeddable":true,"href":"https:\/\/www.aprovaconcursos.com.br\/blog\/wp-json\/wp\/v2\/users\/5"}],"replies":[{"embeddable":true,"href":"https:\/\/www.aprovaconcursos.com.br\/blog\/wp-json\/wp\/v2\/comments?post=342"}],"version-history":[{"count":7,"href":"https:\/\/www.aprovaconcursos.com.br\/blog\/wp-json\/wp\/v2\/posts\/342\/revisions"}],"predecessor-version":[{"id":1270,"href":"https:\/\/www.aprovaconcursos.com.br\/blog\/wp-json\/wp\/v2\/posts\/342\/revisions\/1270"}],"wp:featuredmedia":[{"embeddable":true,"href":"https:\/\/www.aprovaconcursos.com.br\/blog\/wp-json\/wp\/v2\/media\/914"}],"wp:attachment":[{"href":"https:\/\/www.aprovaconcursos.com.br\/blog\/wp-json\/wp\/v2\/media?parent=342"}],"wp:term":[{"taxonomy":"category","embeddable":true,"href":"https:\/\/www.aprovaconcursos.com.br\/blog\/wp-json\/wp\/v2\/categories?post=342"},{"taxonomy":"post_tag","embeddable":true,"href":"https:\/\/www.aprovaconcursos.com.br\/blog\/wp-json\/wp\/v2\/tags?post=342"},{"taxonomy":"estado","embeddable":true,"href":"https:\/\/www.aprovaconcursos.com.br\/blog\/wp-json\/wp\/v2\/estado?post=342"}],"curies":[{"name":"wp","href":"https:\/\/api.w.org\/{rel}","templated":true}]}}