{"id":2243,"date":"2026-09-02T11:50:19","date_gmt":"2026-09-02T14:50:19","guid":{"rendered":"https:\/\/www.aprovaconcursos.com.br\/blog\/?p=2243"},"modified":"2026-09-02T11:50:19","modified_gmt":"2026-09-02T14:50:19","slug":"ser-professor-do-ifmg","status":"publish","type":"post","link":"https:\/\/www.aprovaconcursos.com.br\/blog\/ser-professor-do-ifmg\/","title":{"rendered":"Professor do IFMG: bacharel pode fazer o concurso?"},"content":{"rendered":"<figure id=\"attachment_2244\" aria-describedby=\"caption-attachment-2244\" style=\"width: 1200px\" class=\"wp-caption alignnone\"><img loading=\"lazy\" decoding=\"async\" class=\"size-full wp-image-2244\" src=\"https:\/\/www.aprovaconcursos.com.br\/blog\/wp-content\/uploads\/2026\/09\/professor-do-ifmg.webp\" alt=\"Professor do IFMG: bacharel pode fazer o concurso?\" width=\"1200\" height=\"628\" srcset=\"https:\/\/www.aprovaconcursos.com.br\/blog\/wp-content\/uploads\/2026\/09\/professor-do-ifmg.webp 1200w, https:\/\/www.aprovaconcursos.com.br\/blog\/wp-content\/uploads\/2026\/09\/professor-do-ifmg-300x157.webp 300w, https:\/\/www.aprovaconcursos.com.br\/blog\/wp-content\/uploads\/2026\/09\/professor-do-ifmg-1024x536.webp 1024w, https:\/\/www.aprovaconcursos.com.br\/blog\/wp-content\/uploads\/2026\/09\/professor-do-ifmg-768x402.webp 768w\" sizes=\"auto, (max-width: 1200px) 100vw, 1200px\" \/><figcaption id=\"caption-attachment-2244\" class=\"wp-caption-text\">Professor do IFMG.<\/figcaption><\/figure>\n<p dir=\"ltr\">Voc\u00ea precisa de licenciatura para dar aula em um instituto federal? A d\u00favida aparece em todo grupo de estudo e a resposta contraria o senso comum. Para ser <strong>professor do IFMG<\/strong>, o diploma de licenciatura n\u00e3o \u00e9 obrigat\u00f3rio na maioria das vagas. Bachar\u00e9is e tecn\u00f3logos disputam as mesmas oportunidades que os licenciados e, em algumas etapas, com vantagem. Existe uma condi\u00e7\u00e3o, por\u00e9m, que boa parte dos aprovados s\u00f3 descobre depois da posse. E ela tem prazo.<\/p>\n<h2 dir=\"ltr\">O requisito m\u00ednimo para ser professor do IFMG \u00e9 o ensino superior<\/h2>\n<p dir=\"ltr\">O cargo de <strong>Professor do Ensino B\u00e1sico, T\u00e9cnico e Tecnol\u00f3gico (EBTT)<\/strong> exige forma\u00e7\u00e3o de n\u00edvel superior. Ponto. N\u00e3o h\u00e1, na regra geral, exig\u00eancia de licenciatura plena para ingressar.<\/p>\n<p dir=\"ltr\">Cada edital define quais habilita\u00e7\u00f5es s\u00e3o aceitas em cada \u00e1rea de conhecimento. Na pr\u00e1tica, <strong>tr\u00eas caminhos<\/strong> costumam abrir a porta:<\/p>\n<ul dir=\"ltr\">\n<li><strong>Bacharelado<\/strong> na \u00e1rea espec\u00edfica de ensino;<\/li>\n<li>Curso de <strong>tecn\u00f3logo<\/strong> na \u00e1rea espec\u00edfica;<\/li>\n<li><strong>Curso t\u00e9cnico<\/strong> na \u00e1rea, somado a uma licenciatura qualquer como forma\u00e7\u00e3o superior.<\/li>\n<\/ul>\n<p dir=\"ltr\">Isso cria uma situa\u00e7\u00e3o curiosa. A <strong>Lei de Diretrizes e Bases da Educa\u00e7\u00e3o Nacional<\/strong>, de 1996, determina em seu artigo 62 que a forma\u00e7\u00e3o de docentes para a educa\u00e7\u00e3o b\u00e1sica se dar\u00e1 em curso de licenciatura. Como os institutos federais ofertam ensino m\u00e9dio integrado, seus professores atuam na educa\u00e7\u00e3o b\u00e1sica. Ainda assim, os concursos n\u00e3o transformam a licenciatura em pr\u00e9-requisito.<\/p>\n<p dir=\"ltr\"><strong>Leia tamb\u00e9m: <a href=\"https:\/\/www.aprovaconcursos.com.br\/blog\/estudo-ativo-para-concursos\/\" rel=\"noopener noreferrer\" target=\"_blank\">Estudo ativo: \u00e9 poss\u00edvel fixar mais conte\u00fado em menos tempo?<\/a><\/strong><\/p>\n<h2 dir=\"ltr\">O que uma pesquisa com 141 editais revelou<\/h2>\n<p dir=\"ltr\">Esse n\u00e3o \u00e9 um achado de f\u00f3rum. \u00c9 resultado de pesquisa acad\u00eamica.<\/p>\n<p dir=\"ltr\">Cristhianny Bento Barreiro e Virg\u00ednia Soares de Campos, do IFSul, analisaram <strong>141 editais de sele\u00e7\u00e3o docente<\/strong> publicados pelos 38 institutos federais brasileiros entre 2015 e 2020. O estudo saiu na <a href=\"https:\/\/educa.fcc.org.br\/scielo.php?script=sci_arttext&amp;pid=S1981-416x2021000401510\" rel=\"noopener noreferrer\" target=\"_blank\">Revista Di\u00e1logo Educacional, da PUCPR<\/a>.<\/p>\n<p dir=\"ltr\">O resultado \u00e9 direto: <strong>nenhum dos 141 editais<\/strong> estipulou a licenciatura ou a forma\u00e7\u00e3o pedag\u00f3gica como requisito m\u00ednimo para a vaga. Todos admitiam bacharelado ou tecn\u00f3logo na \u00e1rea espec\u00edfica. Ou seja, o perfil de ingresso desenhado pelos institutos privilegia o dom\u00ednio do conte\u00fado t\u00e9cnico, e n\u00e3o a forma\u00e7\u00e3o para ensinar.<\/p>\n<p dir=\"ltr\">A mesma pesquisa traz dois retratos que ajudam a entender quem \u00e9 o professor do IFMG e da rede federal. <strong>Mais de 85% dos docentes t\u00eam mestrado ou doutorado<\/strong>, e <strong>95,72% trabalham em regime de dedica\u00e7\u00e3o exclusiva<\/strong>, conforme dados da Plataforma Nilo Pe\u00e7anha. \u00c9 um quadro altamente qualificado em p\u00f3s-gradua\u00e7\u00e3o e pouco habilitado em doc\u00eancia, e essa assimetria \u00e9 justamente o problema que as autoras investigam.<\/p>\n<h2 dir=\"ltr\">A licenciatura n\u00e3o abre a porta, mas soma pontos<\/h2>\n<p dir=\"ltr\">Aqui est\u00e1 o detalhe que muda estrat\u00e9gias de prepara\u00e7\u00e3o de quem quer ser professor do IFMG.<\/p>\n<p dir=\"ltr\">Se a licenciatura n\u00e3o \u00e9 requisito, ela pode ser <strong>diferencial<\/strong>. Dos 141 editais analisados, <strong>31 atribu\u00edam pontua\u00e7\u00e3o<\/strong> \u00e0 forma\u00e7\u00e3o pedag\u00f3gica ou \u00e0 licenciatura na prova de t\u00edtulos, com valores que variavam de <strong>3 a 60 pontos<\/strong>, quando esses cursos n\u00e3o eram exigidos para a vaga.<\/p>\n<p dir=\"ltr\">A distribui\u00e7\u00e3o \u00e9 regional e concentrada. <strong>Nove dos 38 institutos federais<\/strong> adotavam essa pontua\u00e7\u00e3o, entre eles dois mineiros: o IF Sudeste MG e o IFSULDEMINAS. Nas regi\u00f5es Norte, Nordeste e Centro-Oeste a pr\u00e1tica era quase inexistente.<\/p>\n<p dir=\"ltr\">Para quem j\u00e1 tem licenciatura, a leitura atenta da tabela de t\u00edtulos do edital deixa de ser detalhe burocr\u00e1tico e vira <strong>c\u00e1lculo de pontos<\/strong>.<\/p>\n<h2 dir=\"ltr\">Depois da posse, a habilita\u00e7\u00e3o volta \u00e0 mesa<\/h2>\n<p dir=\"ltr\">A licenciatura sai pela porta da frente e entra pela janela. Passar no concurso sem ela n\u00e3o encerra o assunto.<\/p>\n<p dir=\"ltr\">O estudo identificou <strong>51 editais, de 21 institutos federais diferentes<\/strong>, que indicam, recomendam ou at\u00e9 obrigam o docente aprovado a se habilitar para a doc\u00eancia depois de assumir o cargo.<\/p>\n<p dir=\"ltr\">O IFMG est\u00e1 nesse grupo. Em edital de 2018, a institui\u00e7\u00e3o registrou que os aprovados que n\u00e3o apresentassem a forma\u00e7\u00e3o pedag\u00f3gica complementar no ato da posse deveriam apresent\u00e1-la posteriormente, com base no artigo 40 da <strong>Resolu\u00e7\u00e3o CNE\/CEB n\u00ba 6, de 2012<\/strong>.<\/p>\n<p dir=\"ltr\">Outros institutos amarram o prazo ao <strong>est\u00e1gio probat\u00f3rio<\/strong>, o per\u00edodo em que o servidor \u00e9 avaliado antes de adquirir estabilidade. H\u00e1 editais com prazos de 24 meses, 30 meses e tr\u00eas anos. Alguns preveem que o pr\u00f3prio instituto ofere\u00e7a o Programa Especial de Forma\u00e7\u00e3o Pedag\u00f3gica.<\/p>\n<p dir=\"ltr\">A forma\u00e7\u00e3o pedag\u00f3gica para graduados n\u00e3o licenciados \u00e9 o caminho previsto na <strong>Resolu\u00e7\u00e3o CNE\/CP n\u00ba 2, de 2019<\/strong>, com <strong>760 horas<\/strong> divididas entre compet\u00eancias profissionais e pr\u00e1tica pedag\u00f3gica. Quem entra sem licenciatura precisa contar com esse tempo na conta.<\/p>\n<h2 dir=\"ltr\">As tr\u00eas etapas que definem quem vira professor do IFMG<\/h2>\n<figure id=\"attachment_2245\" aria-describedby=\"caption-attachment-2245\" style=\"width: 1200px\" class=\"wp-caption alignnone\"><img loading=\"lazy\" decoding=\"async\" class=\"size-full wp-image-2245\" src=\"https:\/\/www.aprovaconcursos.com.br\/blog\/wp-content\/uploads\/2026\/09\/as-tres-etapas.webp\" alt=\"As tr\u00eas etapas que definem quem vira professor do IFMG\" width=\"1200\" height=\"628\" srcset=\"https:\/\/www.aprovaconcursos.com.br\/blog\/wp-content\/uploads\/2026\/09\/as-tres-etapas.webp 1200w, https:\/\/www.aprovaconcursos.com.br\/blog\/wp-content\/uploads\/2026\/09\/as-tres-etapas-300x157.webp 300w, https:\/\/www.aprovaconcursos.com.br\/blog\/wp-content\/uploads\/2026\/09\/as-tres-etapas-1024x536.webp 1024w, https:\/\/www.aprovaconcursos.com.br\/blog\/wp-content\/uploads\/2026\/09\/as-tres-etapas-768x402.webp 768w\" sizes=\"auto, (max-width: 1200px) 100vw, 1200px\" \/><figcaption id=\"caption-attachment-2245\" class=\"wp-caption-text\">As tr\u00eas etapas.<\/figcaption><\/figure>\n<p dir=\"ltr\">Os concursos docentes da rede federal analisados na pesquisa tinham uma estrutura comum de <strong>tr\u00eas etapas<\/strong>, com pesos e regras que variam por institui\u00e7\u00e3o:<\/p>\n<ul dir=\"ltr\">\n<li><strong>Prova de conhecimentos<\/strong>, sobre o conte\u00fado espec\u00edfico da \u00e1rea;<\/li>\n<li><strong>Prova de t\u00edtulos<\/strong>, com pontua\u00e7\u00e3o por p\u00f3s-gradua\u00e7\u00e3o, experi\u00eancia e, em alguns casos, forma\u00e7\u00e3o pedag\u00f3gica;<\/li>\n<li><strong>Prova de desempenho did\u00e1tico<\/strong>, em que o candidato ministra uma aula avaliada por banca.<\/li>\n<\/ul>\n<p dir=\"ltr\">Vale entender <strong>o que \u00e9 a prova de desempenho did\u00e1tico<\/strong> antes de encarar um concurso desses. O candidato recebe um tema, prepara uma aula e a ministra diante de uma banca que avalia dom\u00ednio do conte\u00fado, clareza, uso do tempo, sequ\u00eancia did\u00e1tica e postura. N\u00e3o \u00e9 uma argui\u00e7\u00e3o sobre a mat\u00e9ria, \u00e9 uma aula de verdade.<\/p>\n<p dir=\"ltr\">Note o desequil\u00edbrio. Bachar\u00e9is e tecn\u00f3logos com mestrado ou doutorado tendem a levar vantagem em <strong>duas das tr\u00eas etapas<\/strong>, conhecimentos e t\u00edtulos. \u00c9 a prova did\u00e1tica que testa aquilo que a forma\u00e7\u00e3o espec\u00edfica n\u00e3o garante: a capacidade de ensinar.<\/p>\n<p dir=\"ltr\">E h\u00e1 o regime de trabalho. Como quase toda a rede federal opera em <strong>dedica\u00e7\u00e3o exclusiva<\/strong>, o aprovado assume um v\u00ednculo que veda o exerc\u00edcio de outra atividade remunerada, com contrapartida no vencimento e no plano de carreira.<\/p>\n<p dir=\"ltr\">Duas conclus\u00f5es pr\u00e1ticas saem da\u00ed para quem pretende ser professor do IFMG. A primeira: bacharel e tecn\u00f3logo <strong>n\u00e3o devem se autoexcluir<\/strong> de um concurso docente federal por n\u00e3o ter licenciatura, porque a legisla\u00e7\u00e3o e os editais n\u00e3o fecham essa porta. A segunda: quem passa sem habilita\u00e7\u00e3o pedag\u00f3gica deve tratar essa forma\u00e7\u00e3o como parte do plano de m\u00e9dio prazo, n\u00e3o como pend\u00eancia esquec\u00edvel.<\/p>\n<p dir=\"ltr\">O ponto cego da maioria dos candidatos continua sendo a prova de desempenho did\u00e1tico. \u00c9 a etapa em que o dom\u00ednio do conte\u00fado deixa de ser suficiente e em que a experi\u00eancia de sala de aula, ou a falta dela, fica vis\u00edvel para a banca.<\/p>\n<p dir=\"ltr\"><strong>Quer disputar uma vaga de professor no IFMG com prepara\u00e7\u00e3o de verdade, incluindo a etapa que mais elimina candidatos?<\/strong> O Aprova tem <a href=\"https:\/\/www.aprovaconcursos.com.br\/concursos\/ifmg-mg?xcod={%22u%22:%22c624cdd7-c680-472a-94b0-199332321711%22,%22url%22:%22www.aprovaconcursos.com.br\/%22,%22r%22:%22%22,%22v%22:1}&amp;utm_content={%22u%22:%22c624cdd7-c680-472a-94b0-199332321711%22,%22url%22:%22www.aprovaconcursos.com.br\/%22,%22v%22:1}\" rel=\"noopener noreferrer\" target=\"_blank\">curso preparat\u00f3rio voltado \u00e0 carreira de professor EBTT<\/a>. Conhe\u00e7a as turmas e comece hoje.<\/p>\n<p dir=\"ltr\"><strong>Veja tamb\u00e9m:<\/strong><\/p>\n<p><iframe loading=\"lazy\" title=\"Como come\u00e7ar no mundo dos concursos? |#AprovaCast EP.3 com Prof\u00aa Marina\" width=\"500\" height=\"281\" src=\"https:\/\/www.youtube.com\/embed\/BlAQuZWH-2U?feature=oembed\" frameborder=\"0\" allow=\"accelerometer; autoplay; clipboard-write; encrypted-media; gyroscope; picture-in-picture; web-share\" referrerpolicy=\"strict-origin-when-cross-origin\" allowfullscreen><\/iframe><\/p>\n<h2 dir=\"ltr\">Perguntas frequentes<\/h2>\n<h3 dir=\"ltr\">Licenciatura em qualquer \u00e1rea serve?<\/h3>\n<p dir=\"ltr\">Depende do edital. Quando a licenciatura \u00e9 exigida, precisa ser na \u00e1rea da vaga. Quando o acesso se d\u00e1 por curso t\u00e9cnico, alguns editais aceitam licenciatura em qualquer \u00e1rea como forma\u00e7\u00e3o superior.<\/p>\n<h3 dir=\"ltr\">Mestrado ou doutorado substitui a licenciatura?<\/h3>\n<p dir=\"ltr\">N\u00e3o. Editais da rede federal registram expressamente que t\u00edtulos de especialista, mestre e doutor n\u00e3o suprimem a habilita\u00e7\u00e3o legal para a doc\u00eancia, mesmo quando obtidos em Educa\u00e7\u00e3o ou Ensino.<\/p>\n<h3 dir=\"ltr\">Quem j\u00e1 assumiu sem licenciatura pode perder o cargo?<\/h3>\n<p dir=\"ltr\">N\u00e3o h\u00e1 registro de perda de cargo por esse motivo ap\u00f3s a estabilidade. A pesquisa aponta justamente a fragilidade dos mecanismos de cobran\u00e7a depois que o servidor \u00e9 efetivado.<\/p>\n<h3 dir=\"ltr\">T\u00e9cnico de n\u00edvel m\u00e9dio pode concorrer?<\/h3>\n<p dir=\"ltr\">Sozinho, n\u00e3o. O piso \u00e9 o ensino superior. O curso t\u00e9cnico na \u00e1rea pode ser aproveitado quando combinado com um curso superior de licenciatura, conforme o perfil descrito no edital.<\/p>\n","protected":false},"excerpt":{"rendered":"<p>Voc\u00ea precisa de licenciatura para dar aula em um instituto federal? A d\u00favida aparece em todo grupo de estudo e a resposta contraria o senso comum. Para ser professor do IFMG, o diploma de licenciatura n\u00e3o \u00e9 obrigat\u00f3rio na maioria das vagas. Bachar\u00e9is e tecn\u00f3logos disputam as mesmas oportunidades que os licenciados e, em algumas [&hellip;]<\/p>\n","protected":false},"author":7,"featured_media":2244,"comment_status":"closed","ping_status":"closed","sticky":false,"template":"","format":"standard","meta":{"footnotes":""},"categories":[14],"tags":[369],"estado":[12],"class_list":["post-2243","post","type-post","status-publish","format-standard","has-post-thumbnail","hentry","category-concursos","tag-ifmg","estado-mg"],"yoast_head":"<!-- This site is optimized with the Yoast SEO Premium plugin v28.0 (Yoast SEO v28.0) - https:\/\/yoast.com\/product\/yoast-seo-premium-wordpress\/ -->\n<title>Aprova Concursos<\/title>\n<meta name=\"description\" content=\"Professor do IFMG: bacharel e tecn\u00f3logo podem concorrer? Veja o que os editais exigem, o peso da licenciatura e o prazo ap\u00f3s a posse.\" \/>\n<meta name=\"robots\" content=\"index, follow, max-snippet:-1, max-image-preview:large, max-video-preview:-1\" \/>\n<link rel=\"canonical\" href=\"https:\/\/www.aprovaconcursos.com.br\/blog\/ser-professor-do-ifmg\/\" \/>\n<meta property=\"og:locale\" content=\"pt_BR\" \/>\n<meta property=\"og:type\" content=\"article\" \/>\n<meta property=\"og:title\" content=\"Aprova Concursos\" \/>\n<meta property=\"og:description\" content=\"Professor do IFMG: bacharel e tecn\u00f3logo podem concorrer? Veja o que os editais exigem, o peso da licenciatura e o prazo ap\u00f3s a posse.\" \/>\n<meta property=\"og:url\" content=\"https:\/\/www.aprovaconcursos.com.br\/blog\/ser-professor-do-ifmg\/\" \/>\n<meta property=\"og:site_name\" content=\"Aprova Concursos: Blog de Estudos e Carreiras\" \/>\n<meta property=\"article:published_time\" content=\"2026-09-02T14:50:19+00:00\" \/>\n<meta property=\"og:image\" content=\"https:\/\/www.aprovaconcursos.com.br\/blog\/wp-content\/uploads\/2026\/09\/professor-do-ifmg.webp\" \/>\n\t<meta property=\"og:image:width\" content=\"1200\" \/>\n\t<meta property=\"og:image:height\" content=\"628\" \/>\n\t<meta property=\"og:image:type\" content=\"image\/webp\" \/>\n<meta name=\"author\" content=\"Bruna Silva\" \/>\n<meta name=\"twitter:card\" content=\"summary_large_image\" \/>\n<meta name=\"twitter:title\" content=\"Aprova Concursos\" \/>\n<meta name=\"twitter:label1\" content=\"Escrito por\" \/>\n\t<meta name=\"twitter:data1\" content=\"Bruna Silva\" \/>\n\t<meta name=\"twitter:label2\" content=\"Est. tempo de leitura\" \/>\n\t<meta name=\"twitter:data2\" content=\"8 minutos\" \/>\n<script type=\"application\/ld+json\" class=\"yoast-schema-graph\">{\"@context\":\"https:\\\/\\\/schema.org\",\"@graph\":[{\"@type\":[\"Article\",\"BlogPosting\"],\"@id\":\"https:\\\/\\\/www.aprovaconcursos.com.br\\\/blog\\\/ser-professor-do-ifmg\\\/#article\",\"isPartOf\":{\"@id\":\"https:\\\/\\\/www.aprovaconcursos.com.br\\\/blog\\\/ser-professor-do-ifmg\\\/\"},\"author\":{\"name\":\"Bruna Silva\",\"@id\":\"https:\\\/\\\/www.aprovaconcursos.com.br\\\/blog\\\/#\\\/schema\\\/person\\\/3257537670b3911890caef8568702faf\"},\"headline\":\"Professor do IFMG: bacharel pode fazer o concurso?\",\"datePublished\":\"2026-09-02T14:50:19+00:00\",\"mainEntityOfPage\":{\"@id\":\"https:\\\/\\\/www.aprovaconcursos.com.br\\\/blog\\\/ser-professor-do-ifmg\\\/\"},\"wordCount\":1374,\"publisher\":{\"@id\":\"https:\\\/\\\/www.aprovaconcursos.com.br\\\/blog\\\/#organization\"},\"image\":{\"@id\":\"https:\\\/\\\/www.aprovaconcursos.com.br\\\/blog\\\/ser-professor-do-ifmg\\\/#primaryimage\"},\"thumbnailUrl\":\"https:\\\/\\\/www.aprovaconcursos.com.br\\\/blog\\\/wp-content\\\/uploads\\\/2026\\\/09\\\/professor-do-ifmg.webp\",\"keywords\":[\"IFMG\"],\"articleSection\":[\"Concursos\"],\"inLanguage\":\"pt-BR\"},{\"@type\":\"WebPage\",\"@id\":\"https:\\\/\\\/www.aprovaconcursos.com.br\\\/blog\\\/ser-professor-do-ifmg\\\/\",\"url\":\"https:\\\/\\\/www.aprovaconcursos.com.br\\\/blog\\\/ser-professor-do-ifmg\\\/\",\"name\":\"Professor do IFMG: bacharel pode fazer o concurso?\",\"isPartOf\":{\"@id\":\"https:\\\/\\\/www.aprovaconcursos.com.br\\\/blog\\\/#website\"},\"primaryImageOfPage\":{\"@id\":\"https:\\\/\\\/www.aprovaconcursos.com.br\\\/blog\\\/ser-professor-do-ifmg\\\/#primaryimage\"},\"image\":{\"@id\":\"https:\\\/\\\/www.aprovaconcursos.com.br\\\/blog\\\/ser-professor-do-ifmg\\\/#primaryimage\"},\"thumbnailUrl\":\"https:\\\/\\\/www.aprovaconcursos.com.br\\\/blog\\\/wp-content\\\/uploads\\\/2026\\\/09\\\/professor-do-ifmg.webp\",\"datePublished\":\"2026-09-02T14:50:19+00:00\",\"description\":\"Professor do IFMG: bacharel e tecn\u00f3logo podem concorrer? Veja o que os editais exigem, o peso da licenciatura e o prazo ap\u00f3s a posse.\",\"breadcrumb\":{\"@id\":\"https:\\\/\\\/www.aprovaconcursos.com.br\\\/blog\\\/ser-professor-do-ifmg\\\/#breadcrumb\"},\"inLanguage\":\"pt-BR\",\"potentialAction\":[{\"@type\":\"ReadAction\",\"target\":[\"https:\\\/\\\/www.aprovaconcursos.com.br\\\/blog\\\/ser-professor-do-ifmg\\\/\"]}]},{\"@type\":\"ImageObject\",\"inLanguage\":\"pt-BR\",\"@id\":\"https:\\\/\\\/www.aprovaconcursos.com.br\\\/blog\\\/ser-professor-do-ifmg\\\/#primaryimage\",\"url\":\"https:\\\/\\\/www.aprovaconcursos.com.br\\\/blog\\\/wp-content\\\/uploads\\\/2026\\\/09\\\/professor-do-ifmg.webp\",\"contentUrl\":\"https:\\\/\\\/www.aprovaconcursos.com.br\\\/blog\\\/wp-content\\\/uploads\\\/2026\\\/09\\\/professor-do-ifmg.webp\",\"width\":1200,\"height\":628,\"caption\":\"Professor do IFMG.\"},{\"@type\":\"BreadcrumbList\",\"@id\":\"https:\\\/\\\/www.aprovaconcursos.com.br\\\/blog\\\/ser-professor-do-ifmg\\\/#breadcrumb\",\"itemListElement\":[{\"@type\":\"ListItem\",\"position\":1,\"name\":\"Home\",\"item\":\"https:\\\/\\\/www.aprovaconcursos.com.br\\\/blog\\\/\"},{\"@type\":\"ListItem\",\"position\":2,\"name\":\"Professor do IFMG: bacharel pode fazer o concurso?\"}]},{\"@type\":\"WebSite\",\"@id\":\"https:\\\/\\\/www.aprovaconcursos.com.br\\\/blog\\\/#website\",\"url\":\"https:\\\/\\\/www.aprovaconcursos.com.br\\\/blog\\\/\",\"name\":\"Aprova Concursos - Blog\",\"description\":\"Guias, m\u00e9todos de estudo e an\u00e1lises t\u00e1ticas para sua aprova\u00e7\u00e3o em concursos p\u00fablicos.\",\"publisher\":{\"@id\":\"https:\\\/\\\/www.aprovaconcursos.com.br\\\/blog\\\/#organization\"},\"potentialAction\":[{\"@type\":\"SearchAction\",\"target\":{\"@type\":\"EntryPoint\",\"urlTemplate\":\"https:\\\/\\\/www.aprovaconcursos.com.br\\\/blog\\\/?s={search_term_string}\"},\"query-input\":{\"@type\":\"PropertyValueSpecification\",\"valueRequired\":true,\"valueName\":\"search_term_string\"}}],\"inLanguage\":\"pt-BR\"},{\"@type\":\"Organization\",\"@id\":\"https:\\\/\\\/www.aprovaconcursos.com.br\\\/blog\\\/#organization\",\"name\":\"Aprova Concursos\",\"url\":\"https:\\\/\\\/www.aprovaconcursos.com.br\\\/blog\\\/\",\"logo\":{\"@type\":\"ImageObject\",\"inLanguage\":\"pt-BR\",\"@id\":\"https:\\\/\\\/www.aprovaconcursos.com.br\\\/blog\\\/#\\\/schema\\\/logo\\\/image\\\/\",\"url\":\"https:\\\/\\\/www.aprovaconcursos.com.br\\\/blog\\\/wp-content\\\/uploads\\\/2026\\\/05\\\/cropped-logo-aprova-3.png\",\"contentUrl\":\"https:\\\/\\\/www.aprovaconcursos.com.br\\\/blog\\\/wp-content\\\/uploads\\\/2026\\\/05\\\/cropped-logo-aprova-3.png\",\"width\":1416,\"height\":538,\"caption\":\"Aprova Concursos\"},\"image\":{\"@id\":\"https:\\\/\\\/www.aprovaconcursos.com.br\\\/blog\\\/#\\\/schema\\\/logo\\\/image\\\/\"},\"sameAs\":[\"https:\\\/\\\/www.youtube.com\\\/@aprovaconcursos\",\"https:\\\/\\\/www.tiktok.com\\\/@aprovaconcursosoficial\"]},{\"@type\":\"Person\",\"@id\":\"https:\\\/\\\/www.aprovaconcursos.com.br\\\/blog\\\/#\\\/schema\\\/person\\\/3257537670b3911890caef8568702faf\",\"name\":\"Bruna Silva\",\"image\":{\"@type\":\"ImageObject\",\"inLanguage\":\"pt-BR\",\"@id\":\"https:\\\/\\\/secure.gravatar.com\\\/avatar\\\/5fabaa975c4c6bb33544b972597d884f7e9c3a62a662250af1086af52760d20a?s=96&d=mm&r=g\",\"url\":\"https:\\\/\\\/secure.gravatar.com\\\/avatar\\\/5fabaa975c4c6bb33544b972597d884f7e9c3a62a662250af1086af52760d20a?s=96&d=mm&r=g\",\"contentUrl\":\"https:\\\/\\\/secure.gravatar.com\\\/avatar\\\/5fabaa975c4c6bb33544b972597d884f7e9c3a62a662250af1086af52760d20a?s=96&d=mm&r=g\",\"caption\":\"Bruna Silva\"},\"description\":\"Bruna \u00e9 redatora especializada no nicho de concursos p\u00fablicos. Graduada em Publicidade e Propaganda, desmistifica editais e rotinas de estudos, transformando conte\u00fados complexos em guias din\u00e2micos, precisos e focados na sua aprova\u00e7\u00e3o.\",\"sameAs\":[\"https:\\\/\\\/www.aprovaconcursos.com.br\\\/\"],\"url\":\"https:\\\/\\\/www.aprovaconcursos.com.br\\\/blog\\\/autor\\\/bruna-silva\\\/\"}]}<\/script>\n<!-- \/ Yoast SEO Premium plugin. -->","yoast_head_json":{"title":"Aprova Concursos","description":"Professor do IFMG: bacharel e tecn\u00f3logo podem concorrer? Veja o que os editais exigem, o peso da licenciatura e o prazo ap\u00f3s a posse.","robots":{"index":"index","follow":"follow","max-snippet":"max-snippet:-1","max-image-preview":"max-image-preview:large","max-video-preview":"max-video-preview:-1"},"canonical":"https:\/\/www.aprovaconcursos.com.br\/blog\/ser-professor-do-ifmg\/","og_locale":"pt_BR","og_type":"article","og_title":"Aprova Concursos","og_description":"Professor do IFMG: bacharel e tecn\u00f3logo podem concorrer? Veja o que os editais exigem, o peso da licenciatura e o prazo ap\u00f3s a posse.","og_url":"https:\/\/www.aprovaconcursos.com.br\/blog\/ser-professor-do-ifmg\/","og_site_name":"Aprova Concursos: Blog de Estudos e Carreiras","article_published_time":"2026-09-02T14:50:19+00:00","og_image":[{"width":1200,"height":628,"url":"https:\/\/www.aprovaconcursos.com.br\/blog\/wp-content\/uploads\/2026\/09\/professor-do-ifmg.webp","type":"image\/webp"}],"author":"Bruna Silva","twitter_card":"summary_large_image","twitter_title":"Aprova Concursos","twitter_misc":{"Escrito por":"Bruna Silva","Est. tempo de leitura":"8 minutos"},"schema":{"@context":"https:\/\/schema.org","@graph":[{"@type":["Article","BlogPosting"],"@id":"https:\/\/www.aprovaconcursos.com.br\/blog\/ser-professor-do-ifmg\/#article","isPartOf":{"@id":"https:\/\/www.aprovaconcursos.com.br\/blog\/ser-professor-do-ifmg\/"},"author":{"name":"Bruna Silva","@id":"https:\/\/www.aprovaconcursos.com.br\/blog\/#\/schema\/person\/3257537670b3911890caef8568702faf"},"headline":"Professor do IFMG: bacharel pode fazer o concurso?","datePublished":"2026-09-02T14:50:19+00:00","mainEntityOfPage":{"@id":"https:\/\/www.aprovaconcursos.com.br\/blog\/ser-professor-do-ifmg\/"},"wordCount":1374,"publisher":{"@id":"https:\/\/www.aprovaconcursos.com.br\/blog\/#organization"},"image":{"@id":"https:\/\/www.aprovaconcursos.com.br\/blog\/ser-professor-do-ifmg\/#primaryimage"},"thumbnailUrl":"https:\/\/www.aprovaconcursos.com.br\/blog\/wp-content\/uploads\/2026\/09\/professor-do-ifmg.webp","keywords":["IFMG"],"articleSection":["Concursos"],"inLanguage":"pt-BR"},{"@type":"WebPage","@id":"https:\/\/www.aprovaconcursos.com.br\/blog\/ser-professor-do-ifmg\/","url":"https:\/\/www.aprovaconcursos.com.br\/blog\/ser-professor-do-ifmg\/","name":"Professor do IFMG: bacharel pode fazer o concurso?","isPartOf":{"@id":"https:\/\/www.aprovaconcursos.com.br\/blog\/#website"},"primaryImageOfPage":{"@id":"https:\/\/www.aprovaconcursos.com.br\/blog\/ser-professor-do-ifmg\/#primaryimage"},"image":{"@id":"https:\/\/www.aprovaconcursos.com.br\/blog\/ser-professor-do-ifmg\/#primaryimage"},"thumbnailUrl":"https:\/\/www.aprovaconcursos.com.br\/blog\/wp-content\/uploads\/2026\/09\/professor-do-ifmg.webp","datePublished":"2026-09-02T14:50:19+00:00","description":"Professor do IFMG: bacharel e tecn\u00f3logo podem concorrer? Veja o que os editais exigem, o peso da licenciatura e o prazo ap\u00f3s a posse.","breadcrumb":{"@id":"https:\/\/www.aprovaconcursos.com.br\/blog\/ser-professor-do-ifmg\/#breadcrumb"},"inLanguage":"pt-BR","potentialAction":[{"@type":"ReadAction","target":["https:\/\/www.aprovaconcursos.com.br\/blog\/ser-professor-do-ifmg\/"]}]},{"@type":"ImageObject","inLanguage":"pt-BR","@id":"https:\/\/www.aprovaconcursos.com.br\/blog\/ser-professor-do-ifmg\/#primaryimage","url":"https:\/\/www.aprovaconcursos.com.br\/blog\/wp-content\/uploads\/2026\/09\/professor-do-ifmg.webp","contentUrl":"https:\/\/www.aprovaconcursos.com.br\/blog\/wp-content\/uploads\/2026\/09\/professor-do-ifmg.webp","width":1200,"height":628,"caption":"Professor do IFMG."},{"@type":"BreadcrumbList","@id":"https:\/\/www.aprovaconcursos.com.br\/blog\/ser-professor-do-ifmg\/#breadcrumb","itemListElement":[{"@type":"ListItem","position":1,"name":"Home","item":"https:\/\/www.aprovaconcursos.com.br\/blog\/"},{"@type":"ListItem","position":2,"name":"Professor do IFMG: bacharel pode fazer o concurso?"}]},{"@type":"WebSite","@id":"https:\/\/www.aprovaconcursos.com.br\/blog\/#website","url":"https:\/\/www.aprovaconcursos.com.br\/blog\/","name":"Aprova Concursos - Blog","description":"Guias, m\u00e9todos de estudo e an\u00e1lises t\u00e1ticas para sua aprova\u00e7\u00e3o em concursos p\u00fablicos.","publisher":{"@id":"https:\/\/www.aprovaconcursos.com.br\/blog\/#organization"},"potentialAction":[{"@type":"SearchAction","target":{"@type":"EntryPoint","urlTemplate":"https:\/\/www.aprovaconcursos.com.br\/blog\/?s={search_term_string}"},"query-input":{"@type":"PropertyValueSpecification","valueRequired":true,"valueName":"search_term_string"}}],"inLanguage":"pt-BR"},{"@type":"Organization","@id":"https:\/\/www.aprovaconcursos.com.br\/blog\/#organization","name":"Aprova Concursos","url":"https:\/\/www.aprovaconcursos.com.br\/blog\/","logo":{"@type":"ImageObject","inLanguage":"pt-BR","@id":"https:\/\/www.aprovaconcursos.com.br\/blog\/#\/schema\/logo\/image\/","url":"https:\/\/www.aprovaconcursos.com.br\/blog\/wp-content\/uploads\/2026\/05\/cropped-logo-aprova-3.png","contentUrl":"https:\/\/www.aprovaconcursos.com.br\/blog\/wp-content\/uploads\/2026\/05\/cropped-logo-aprova-3.png","width":1416,"height":538,"caption":"Aprova Concursos"},"image":{"@id":"https:\/\/www.aprovaconcursos.com.br\/blog\/#\/schema\/logo\/image\/"},"sameAs":["https:\/\/www.youtube.com\/@aprovaconcursos","https:\/\/www.tiktok.com\/@aprovaconcursosoficial"]},{"@type":"Person","@id":"https:\/\/www.aprovaconcursos.com.br\/blog\/#\/schema\/person\/3257537670b3911890caef8568702faf","name":"Bruna Silva","image":{"@type":"ImageObject","inLanguage":"pt-BR","@id":"https:\/\/secure.gravatar.com\/avatar\/5fabaa975c4c6bb33544b972597d884f7e9c3a62a662250af1086af52760d20a?s=96&d=mm&r=g","url":"https:\/\/secure.gravatar.com\/avatar\/5fabaa975c4c6bb33544b972597d884f7e9c3a62a662250af1086af52760d20a?s=96&d=mm&r=g","contentUrl":"https:\/\/secure.gravatar.com\/avatar\/5fabaa975c4c6bb33544b972597d884f7e9c3a62a662250af1086af52760d20a?s=96&d=mm&r=g","caption":"Bruna Silva"},"description":"Bruna \u00e9 redatora especializada no nicho de concursos p\u00fablicos. Graduada em Publicidade e Propaganda, desmistifica editais e rotinas de estudos, transformando conte\u00fados complexos em guias din\u00e2micos, precisos e focados na sua aprova\u00e7\u00e3o.","sameAs":["https:\/\/www.aprovaconcursos.com.br\/"],"url":"https:\/\/www.aprovaconcursos.com.br\/blog\/autor\/bruna-silva\/"}]}},"_links":{"self":[{"href":"https:\/\/www.aprovaconcursos.com.br\/blog\/wp-json\/wp\/v2\/posts\/2243","targetHints":{"allow":["GET"]}}],"collection":[{"href":"https:\/\/www.aprovaconcursos.com.br\/blog\/wp-json\/wp\/v2\/posts"}],"about":[{"href":"https:\/\/www.aprovaconcursos.com.br\/blog\/wp-json\/wp\/v2\/types\/post"}],"author":[{"embeddable":true,"href":"https:\/\/www.aprovaconcursos.com.br\/blog\/wp-json\/wp\/v2\/users\/7"}],"replies":[{"embeddable":true,"href":"https:\/\/www.aprovaconcursos.com.br\/blog\/wp-json\/wp\/v2\/comments?post=2243"}],"version-history":[{"count":1,"href":"https:\/\/www.aprovaconcursos.com.br\/blog\/wp-json\/wp\/v2\/posts\/2243\/revisions"}],"predecessor-version":[{"id":2246,"href":"https:\/\/www.aprovaconcursos.com.br\/blog\/wp-json\/wp\/v2\/posts\/2243\/revisions\/2246"}],"wp:featuredmedia":[{"embeddable":true,"href":"https:\/\/www.aprovaconcursos.com.br\/blog\/wp-json\/wp\/v2\/media\/2244"}],"wp:attachment":[{"href":"https:\/\/www.aprovaconcursos.com.br\/blog\/wp-json\/wp\/v2\/media?parent=2243"}],"wp:term":[{"taxonomy":"category","embeddable":true,"href":"https:\/\/www.aprovaconcursos.com.br\/blog\/wp-json\/wp\/v2\/categories?post=2243"},{"taxonomy":"post_tag","embeddable":true,"href":"https:\/\/www.aprovaconcursos.com.br\/blog\/wp-json\/wp\/v2\/tags?post=2243"},{"taxonomy":"estado","embeddable":true,"href":"https:\/\/www.aprovaconcursos.com.br\/blog\/wp-json\/wp\/v2\/estado?post=2243"}],"curies":[{"name":"wp","href":"https:\/\/api.w.org\/{rel}","templated":true}]}}