{"id":2075,"date":"2026-08-24T10:00:18","date_gmt":"2026-08-24T13:00:18","guid":{"rendered":"https:\/\/www.aprovaconcursos.com.br\/blog\/?p=2075"},"modified":"2026-08-31T10:38:22","modified_gmt":"2026-08-31T13:38:22","slug":"atualidades-lei-seca-literatura-ia","status":"publish","type":"post","link":"https:\/\/www.aprovaconcursos.com.br\/blog\/atualidades-lei-seca-literatura-ia\/","title":{"rendered":"Atualidades para Concursos: Lei Seca, Literatura, IA e heran\u00e7a cultural"},"content":{"rendered":"<figure id=\"attachment_2079\" aria-describedby=\"caption-attachment-2079\" style=\"width: 1200px\" class=\"wp-caption alignnone\"><img loading=\"lazy\" decoding=\"async\" class=\"wp-image-2079 size-full\" src=\"https:\/\/www.aprovaconcursos.com.br\/blog\/wp-content\/uploads\/2026\/08\/atualidades-lei-seca-literatura-ia.webp\" alt=\"Atualidades para Concursos sobre Lei Seca, Literatura, IA e heran\u00e7a cultural\" width=\"1200\" height=\"628\" srcset=\"https:\/\/www.aprovaconcursos.com.br\/blog\/wp-content\/uploads\/2026\/08\/atualidades-lei-seca-literatura-ia.webp 1200w, https:\/\/www.aprovaconcursos.com.br\/blog\/wp-content\/uploads\/2026\/08\/atualidades-lei-seca-literatura-ia-300x157.webp 300w, https:\/\/www.aprovaconcursos.com.br\/blog\/wp-content\/uploads\/2026\/08\/atualidades-lei-seca-literatura-ia-1024x536.webp 1024w, https:\/\/www.aprovaconcursos.com.br\/blog\/wp-content\/uploads\/2026\/08\/atualidades-lei-seca-literatura-ia-768x402.webp 768w\" sizes=\"auto, (max-width: 1200px) 100vw, 1200px\" \/><figcaption id=\"caption-attachment-2079\" class=\"wp-caption-text\">Atualidades para Concursos.<\/figcaption><\/figure>\n<p class=\"font-claude-response-body break-words whitespace-normal\" dir=\"ltr\" data-sourcepos=\"8:1-8:229;252-480\">Quando uma lei muda, por que isso vira assunto de prova? Nesta edi\u00e7\u00e3o de <strong>Atualidades para Concursos<\/strong>, mudan\u00e7as na Lei Seca e na Lei Maria da Penha mostram como a legisla\u00e7\u00e3o atualizada costuma cair em vestibulares e concursos.<\/p>\n<p class=\"font-claude-response-body break-words whitespace-normal\" dir=\"ltr\" data-sourcepos=\"10:1-10:364;482-845\">Toda vez que uma legisla\u00e7\u00e3o \u00e9 alterada, imediatamente passa a ser foco da aten\u00e7\u00e3o dos notici\u00e1rios e tamb\u00e9m deve se tornar foco da aten\u00e7\u00e3o dos cidad\u00e3os. Recentemente, a chamada <strong>&#8220;Lei Seca&#8221;<\/strong> foi alterada para passar a identificar tamb\u00e9m o consumo de drogas il\u00edcitas associado \u00e0 dire\u00e7\u00e3o. E o que isso significa? Quais s\u00e3o os efeitos? Isso pode virar tema de prova?<\/p>\n<h2 class=\"mt-3 -mb-1 text-[1.125rem] font-bold\" dir=\"ltr\" data-sourcepos=\"12:1-12:12;847-858\">Lei Seca<\/h2>\n<p class=\"font-claude-response-body break-words whitespace-normal\" dir=\"ltr\" data-sourcepos=\"14:1-14:516;860-1375\">A lei foi criada em 2008 e, em seguida, seu conte\u00fado passou a figurar em provas de diferentes n\u00edveis de escolaridade. Em 2012, recebeu uma altera\u00e7\u00e3o importante, considerando um hiato que se criava quando o motorista se negava a fazer o <strong>teste do etil\u00f4metro<\/strong>. No ano seguinte (2013), quando a lei completou 5 anos de vig\u00eancia, tornou-se tema de reda\u00e7\u00e3o do Enem, solicitando aos estudantes que discutissem os impactos gerados, trazendo como textos de apoio, por exemplo, a <strong>redu\u00e7\u00e3o do n\u00famero de acidentes graves<\/strong>.<\/p>\n<p class=\"font-claude-response-body break-words whitespace-normal\" dir=\"ltr\" data-sourcepos=\"16:1-16:224;1377-1600\">E agora, pode acontecer novamente? Com a mudan\u00e7a, a lei pode figurar novamente como ponto de partida para discuss\u00f5es em textos e para quest\u00f5es objetivas. \u00c9 bom compreender o que ela recobre e quais s\u00e3o os pontos de aten\u00e7\u00e3o.<\/p>\n<h3 class=\"mt-2 -mb-1 text-base font-bold\" dir=\"ltr\" data-sourcepos=\"18:1-18:31;1602-1632\">O que muda na fiscaliza\u00e7\u00e3o<\/h3>\n<p class=\"font-claude-response-body break-words whitespace-normal\" dir=\"ltr\" data-sourcepos=\"20:1-20:379;1634-2012\">Vale entender a novidade. A atualiza\u00e7\u00e3o amplia o foco: al\u00e9m do \u00e1lcool, a fiscaliza\u00e7\u00e3o passa a mirar tamb\u00e9m o <strong>consumo de drogas il\u00edcitas<\/strong> ao volante. Na pr\u00e1tica, os agentes ganham mais respaldo para identificar sinais de embriaguez e altera\u00e7\u00e3o da capacidade de dirigir, mesmo sem o etil\u00f4metro. Para provas, o tema conecta <strong>Legisla\u00e7\u00e3o de Tr\u00e2nsito, sa\u00fade p\u00fablica e cidadania<\/strong>.<\/p>\n<h2 class=\"mt-3 -mb-1 text-[1.125rem] font-bold\" dir=\"ltr\" data-sourcepos=\"22:1-22:34;2014-2047\">Extens\u00e3o da Lei Maria da Penha<\/h2>\n<p class=\"font-claude-response-body break-words whitespace-normal\" dir=\"ltr\" data-sourcepos=\"24:1-24:461;2049-2509\">Desde janeiro deste ano, o STF confirmou a possibilidade de obten\u00e7\u00e3o de benef\u00edcio do INSS para mulheres v\u00edtimas de viol\u00eancia dom\u00e9stica, afastadas do trabalho. E agora, no m\u00eas de agosto, tamb\u00e9m reconheceu a possibilidade de uma v\u00edtima, por exemplo, de persegui\u00e7\u00e3o ou amea\u00e7a, mesmo n\u00e3o sendo de pessoa das rela\u00e7\u00f5es pr\u00f3ximas, solicitar <strong>medida protetiva<\/strong>. Isso ocorre em um momento de muita aten\u00e7\u00e3o em rela\u00e7\u00e3o \u00e0 eleva\u00e7\u00e3o do n\u00famero de <strong>feminic\u00eddios<\/strong> no Brasil.<\/p>\n<p class=\"font-claude-response-body break-words whitespace-normal\" dir=\"ltr\" data-sourcepos=\"26:1-26:213;2511-2723\">Em 2015, quando se completava uma d\u00e9cada da vig\u00eancia da Lei Maria da Penha e quando passou a valer a <strong>Lei do Feminic\u00eddio<\/strong>, a reda\u00e7\u00e3o do Enem cobrou o tema da persist\u00eancia da viol\u00eancia contra a mulher no Brasil.<\/p>\n<p class=\"font-claude-response-body break-words whitespace-normal\" dir=\"ltr\" data-sourcepos=\"28:1-28:439;2725-3163\">Neste momento, o aumento do n\u00famero registrado desse tipo de crime e a necessidade de n\u00e3o s\u00f3 legislar mais a respeito, mas de <strong>mudar a heran\u00e7a cultural<\/strong> em rela\u00e7\u00e3o a isso passam a ser foco de abordagem em quest\u00f5es objetivas e discursivas. Isso no \u00e2mbito de processos seletivos, vestibulares e concursos, mas no \u00e2mbito da cidadania, espera-se que haja mudan\u00e7as comportamentais significativas, geradas por consci\u00eancia com base em educa\u00e7\u00e3o.<\/p>\n<h3 class=\"mt-2 -mb-1 text-base font-bold\" dir=\"ltr\" data-sourcepos=\"30:1-30:43;3165-3207\">Quem pode pedir medida protetiva agora<\/h3>\n<p class=\"font-claude-response-body break-words whitespace-normal\" dir=\"ltr\" data-sourcepos=\"32:1-32:386;3209-3594\">A decis\u00e3o amplia o alcance da prote\u00e7\u00e3o. Antes associada sobretudo a rela\u00e7\u00f5es dom\u00e9sticas e familiares, a <strong>medida protetiva<\/strong> passa a poder ser solicitada tamb\u00e9m por v\u00edtimas de persegui\u00e7\u00e3o ou amea\u00e7a fora desse c\u00edrculo. \u00c9 um avan\u00e7o importante para quem estuda <strong>Direito e Atualidades<\/strong>, porque mostra o Judici\u00e1rio atuando para ampliar direitos diante de uma realidade que exige resposta.<\/p>\n<h2 class=\"mt-3 -mb-1 text-[1.125rem] font-bold\" dir=\"ltr\" data-sourcepos=\"34:1-34:19;3596-3614\">Literatura e IA<\/h2>\n<p class=\"font-claude-response-body break-words whitespace-normal\" dir=\"ltr\" data-sourcepos=\"36:1-36:253;3616-3868\">Todas as semanas t\u00eam nos apresentado novos desafios e reflex\u00f5es sobre como a IA modifica nossas rela\u00e7\u00f5es com alguma habilidade importante da nossa vida. Talvez a que mais nos chame a aten\u00e7\u00e3o concretamente seja a da <strong>escrita<\/strong>, em diferentes situa\u00e7\u00f5es.<\/p>\n<p class=\"font-claude-response-body break-words whitespace-normal\" dir=\"ltr\" data-sourcepos=\"38:1-38:290;3870-4159\">Pesquisas que mostram o quanto deixamos de ler ou perdemos contato com a possibilidade de interpretar uma informa\u00e7\u00e3o alertam para os problemas individuais e coletivos de n\u00e3o distinguir a diferen\u00e7a entre um <strong>texto humano e outro de IA<\/strong>, ou de n\u00e3o interpretar adequadamente uma informa\u00e7\u00e3o.<\/p>\n<p class=\"font-claude-response-body break-words whitespace-normal\" dir=\"ltr\" data-sourcepos=\"40:1-40:408;4161-4568\">Boas refer\u00eancias sobre essas condi\u00e7\u00f5es encontram-se nos resultados da pesquisa <strong>Retratos da Leitura no Brasil<\/strong>, cuja edi\u00e7\u00e3o mais recente \u00e9 de 2024. Pela primeira vez, o Brasil tem uma popula\u00e7\u00e3o de n\u00e3o leitores, pelos par\u00e2metros da pesquisa, que ultrapassa os 50%. Furtar-se de fazer o caminho da leitura, compreens\u00e3o e escrita com voz pr\u00f3pria pode gerar <strong>aliena\u00e7\u00e3o e falta ainda maior de senso cr\u00edtico<\/strong>.<\/p>\n<h3 class=\"mt-2 -mb-1 text-base font-bold\" dir=\"ltr\" data-sourcepos=\"42:1-42:38;4570-4607\">O que dizem os n\u00fameros da leitura<\/h3>\n<p class=\"font-claude-response-body break-words whitespace-normal\" dir=\"ltr\" data-sourcepos=\"44:1-44:551;4609-5159\">Vale ancorar a reflex\u00e3o em dados. Segundo o <a class=\"underline underline underline-offset-2 decoration-1 decoration-current\/40 hover:decoration-current focus:decoration-current\" href=\"https:\/\/www.prolivro.org.br\/2024\/11\/19\/53-dos-brasileiros-nao-leem-livros-aponta-pesquisa-retratos-da-leitura-2024\/\" rel=\"noopener noreferrer\" target=\"_blank\">Instituto Pr\u00f3-Livro<\/a>, <strong>53% dos brasileiros<\/strong> n\u00e3o leram nem parte de um livro nos tr\u00eas meses anteriores \u00e0 pesquisa, a primeira vez que os n\u00e3o leitores superam os leitores na s\u00e9rie hist\u00f3rica. O pa\u00eds perdeu cerca de <strong>6,7 milh\u00f5es de leitores<\/strong> em quatro anos. Num cen\u00e1rio de textos gerados por IA, ler e interpretar com autonomia vira compet\u00eancia essencial, e argumento forte para reda\u00e7\u00f5es.<\/p>\n<h2 class=\"mt-3 -mb-1 text-[1.125rem] font-bold\" dir=\"ltr\" data-sourcepos=\"46:1-46:20;5161-5180\">Heran\u00e7a cultural<\/h2>\n<p class=\"font-claude-response-body break-words whitespace-normal\" dir=\"ltr\" data-sourcepos=\"48:1-48:178;5182-5359\">Uma homenagem ao legado e a seu cultivo em rela\u00e7\u00e3o a personagens e temas t\u00e3o importantes de nosso tempo tratados na <strong>teledramaturgia brasileira<\/strong>. Vale a leitura e a lembran\u00e7a.<\/p>\n<h3 class=\"mt-2 -mb-1 text-base font-bold\" dir=\"ltr\" data-sourcepos=\"50:1-50:40;5361-5400\">Cultura como forma\u00e7\u00e3o de repert\u00f3rio<\/h3>\n<p class=\"font-claude-response-body break-words whitespace-normal\" dir=\"ltr\" data-sourcepos=\"52:1-52:364;5402-5765\">Por que a teledramaturgia importa para quem estuda? Porque a <strong>cultura popular<\/strong> tamb\u00e9m molda valores e debate temas sociais. Novelas e s\u00e9ries brasileiras discutiram racismo, g\u00eanero e desigualdade muito antes de virarem tema de prova. Acompanhar esse legado \u00e9 uma forma de construir <strong>repert\u00f3rio sociocultural<\/strong>, t\u00e3o valorizado em reda\u00e7\u00f5es e quest\u00f5es discursivas.<\/p>\n<h2 class=\"mt-3 -mb-1 text-[1.125rem] font-bold\" dir=\"ltr\" data-sourcepos=\"54:1-54:34;5767-5800\">Como usar esses temas em prova<\/h2>\n<p class=\"font-claude-response-body break-words whitespace-normal\" dir=\"ltr\" data-sourcepos=\"56:1-56:281;5802-6082\">Reunir os assuntos por \u00e1rea facilita o estudo: <strong>Legisla\u00e7\u00e3o e Cidadania<\/strong> (Lei Seca e Lei Maria da Penha); <strong>Direitos Humanos<\/strong> (viol\u00eancia contra a mulher e medidas protetivas); <strong>Tecnologia e Educa\u00e7\u00e3o<\/strong> (IA, leitura e senso cr\u00edtico); e <strong>Cultura<\/strong> (teledramaturgia e repert\u00f3rio).<\/p>\n<p class=\"font-claude-response-body break-words whitespace-normal\" dir=\"ltr\" data-sourcepos=\"58:1-58:153;6084-6236\">O segredo \u00e9 sempre <strong>conectar o fato ao conceito<\/strong>. N\u00e3o basta saber que a Lei Seca mudou; \u00e9 preciso relacion\u00e1-la a sa\u00fade p\u00fablica e comportamento social.<\/p>\n<p class=\"font-claude-response-body break-words whitespace-normal\" dir=\"ltr\" data-sourcepos=\"60:1-60:226;6238-6463\">Retomando o fio da meada, esta edi\u00e7\u00e3o de <strong>Atualidades para Concursos<\/strong> mostra que legisla\u00e7\u00e3o, direitos e cultura conversam o tempo todo. Da nova Lei Seca \u00e0 queda da leitura no Brasil, cada fato pode virar ponto na sua prova.<\/p>\n<blockquote>\n<p class=\"font-claude-response-body break-words whitespace-normal\" dir=\"ltr\" data-sourcepos=\"64:1-64:346;6930-7275\">Para aprofundar ainda mais nesses temas e entender como transformar esses conceitos em pontos na sua prova, preparei uma an\u00e1lise completa. Assista ao v\u00eddeo abaixo e leve essas reflex\u00f5es para a sua rotina de estudos:<\/p>\n<\/blockquote>\n<p><iframe loading=\"lazy\" title=\"ATUALIDADE PARA CONCURSOS: Lei Seca e Maria da Penha, leitura no Brasil e os impactos da IA\" width=\"500\" height=\"281\" src=\"https:\/\/www.youtube.com\/embed\/hsevhsrGCew?feature=oembed\" frameborder=\"0\" allow=\"accelerometer; autoplay; clipboard-write; encrypted-media; gyroscope; picture-in-picture; web-share\" referrerpolicy=\"strict-origin-when-cross-origin\" allowfullscreen><\/iframe><\/p>\n<p class=\"font-claude-response-body break-words whitespace-normal\" dir=\"ltr\" data-sourcepos=\"64:1-64:138;6812-6949\"><strong>Gostou dessas reflex\u00f5es? Compartilhe com seus colegas de estudo e comente qual tema voc\u00ea acha que mais deve cair nas pr\u00f3ximas provas!<\/strong><\/p>\n<p class=\"font-claude-response-body break-words whitespace-normal\" dir=\"ltr\" data-sourcepos=\"66:1-66:30;6951-6980\">Grande abra\u00e7o e bons estudos!<\/p>\n","protected":false},"excerpt":{"rendered":"<p>Quando uma lei muda, por que isso vira assunto de prova? Nesta edi\u00e7\u00e3o de Atualidades para Concursos, mudan\u00e7as na Lei Seca e na Lei Maria da Penha mostram como a legisla\u00e7\u00e3o atualizada costuma cair em vestibulares e concursos. Toda vez que uma legisla\u00e7\u00e3o \u00e9 alterada, imediatamente passa a ser foco da aten\u00e7\u00e3o dos notici\u00e1rios e [&hellip;]<\/p>\n","protected":false},"author":4,"featured_media":2079,"comment_status":"closed","ping_status":"closed","sticky":false,"template":"","format":"standard","meta":{"footnotes":""},"categories":[8],"tags":[20],"estado":[19],"class_list":["post-2075","post","type-post","status-publish","format-standard","has-post-thumbnail","hentry","category-professores","tag-atualidades-para-concursos","estado-nacional"],"yoast_head":"<!-- This site is optimized with the Yoast SEO Premium plugin v28.0 (Yoast SEO v28.0) - https:\/\/yoast.com\/product\/yoast-seo-premium-wordpress\/ -->\n<title>Aprova Concursos<\/title>\n<meta name=\"description\" content=\"Atualidades para Concursos: entenda a nova Lei Seca, a amplia\u00e7\u00e3o da Lei Maria da Penha e o impacto da IA na leitura. Confira e prepare-se!\" \/>\n<meta name=\"robots\" content=\"index, follow, max-snippet:-1, max-image-preview:large, max-video-preview:-1\" \/>\n<link rel=\"canonical\" href=\"https:\/\/www.aprovaconcursos.com.br\/blog\/atualidades-lei-seca-literatura-ia\/\" \/>\n<meta property=\"og:locale\" content=\"pt_BR\" \/>\n<meta property=\"og:type\" content=\"article\" \/>\n<meta property=\"og:title\" content=\"Aprova Concursos\" \/>\n<meta property=\"og:description\" content=\"Atualidades para Concursos: entenda a nova Lei Seca, a amplia\u00e7\u00e3o da Lei Maria da Penha e o impacto da IA na leitura. Confira e prepare-se!\" \/>\n<meta property=\"og:url\" content=\"https:\/\/www.aprovaconcursos.com.br\/blog\/atualidades-lei-seca-literatura-ia\/\" \/>\n<meta property=\"og:site_name\" content=\"Aprova Concursos: Blog de Estudos e Carreiras\" \/>\n<meta property=\"article:published_time\" content=\"2026-08-24T13:00:18+00:00\" \/>\n<meta property=\"article:modified_time\" content=\"2026-08-31T13:38:22+00:00\" \/>\n<meta property=\"og:image\" content=\"https:\/\/www.aprovaconcursos.com.br\/blog\/wp-content\/uploads\/2026\/08\/atualidades-lei-seca-literatura-ia.webp\" \/>\n\t<meta property=\"og:image:width\" content=\"1200\" \/>\n\t<meta property=\"og:image:height\" content=\"628\" \/>\n\t<meta property=\"og:image:type\" content=\"image\/webp\" \/>\n<meta name=\"author\" content=\"Prof\u00aa Cleuza Cecato\" \/>\n<meta name=\"twitter:card\" content=\"summary_large_image\" \/>\n<meta name=\"twitter:title\" content=\"Aprova Concursos\" \/>\n<meta name=\"twitter:label1\" content=\"Escrito por\" \/>\n\t<meta name=\"twitter:data1\" content=\"Prof\u00aa Cleuza Cecato\" \/>\n\t<meta name=\"twitter:label2\" content=\"Est. tempo de leitura\" \/>\n\t<meta name=\"twitter:data2\" content=\"6 minutos\" \/>\n<script type=\"application\/ld+json\" class=\"yoast-schema-graph\">{\"@context\":\"https:\\\/\\\/schema.org\",\"@graph\":[{\"@type\":[\"Article\",\"BlogPosting\"],\"@id\":\"https:\\\/\\\/www.aprovaconcursos.com.br\\\/blog\\\/atualidades-lei-seca-literatura-ia\\\/#article\",\"isPartOf\":{\"@id\":\"https:\\\/\\\/www.aprovaconcursos.com.br\\\/blog\\\/atualidades-lei-seca-literatura-ia\\\/\"},\"author\":{\"name\":\"Prof\u00aa Cleuza Cecato\",\"@id\":\"https:\\\/\\\/www.aprovaconcursos.com.br\\\/blog\\\/#\\\/schema\\\/person\\\/90ac1d7ada8877eeb4cfa0651313d746\"},\"headline\":\"Atualidades para Concursos: Lei Seca, Literatura, IA e heran\u00e7a cultural\",\"datePublished\":\"2026-08-24T13:00:18+00:00\",\"dateModified\":\"2026-08-31T13:38:22+00:00\",\"mainEntityOfPage\":{\"@id\":\"https:\\\/\\\/www.aprovaconcursos.com.br\\\/blog\\\/atualidades-lei-seca-literatura-ia\\\/\"},\"wordCount\":1183,\"publisher\":{\"@id\":\"https:\\\/\\\/www.aprovaconcursos.com.br\\\/blog\\\/#organization\"},\"image\":{\"@id\":\"https:\\\/\\\/www.aprovaconcursos.com.br\\\/blog\\\/atualidades-lei-seca-literatura-ia\\\/#primaryimage\"},\"thumbnailUrl\":\"https:\\\/\\\/www.aprovaconcursos.com.br\\\/blog\\\/wp-content\\\/uploads\\\/2026\\\/08\\\/atualidades-lei-seca-literatura-ia.webp\",\"keywords\":[\"Atualidades para Concursos\"],\"articleSection\":[\"Professores\"],\"inLanguage\":\"pt-BR\"},{\"@type\":\"WebPage\",\"@id\":\"https:\\\/\\\/www.aprovaconcursos.com.br\\\/blog\\\/atualidades-lei-seca-literatura-ia\\\/\",\"url\":\"https:\\\/\\\/www.aprovaconcursos.com.br\\\/blog\\\/atualidades-lei-seca-literatura-ia\\\/\",\"name\":\"Atualidades para Concursos: Lei Seca, Literatura, IA e heran\u00e7a cultural\",\"isPartOf\":{\"@id\":\"https:\\\/\\\/www.aprovaconcursos.com.br\\\/blog\\\/#website\"},\"primaryImageOfPage\":{\"@id\":\"https:\\\/\\\/www.aprovaconcursos.com.br\\\/blog\\\/atualidades-lei-seca-literatura-ia\\\/#primaryimage\"},\"image\":{\"@id\":\"https:\\\/\\\/www.aprovaconcursos.com.br\\\/blog\\\/atualidades-lei-seca-literatura-ia\\\/#primaryimage\"},\"thumbnailUrl\":\"https:\\\/\\\/www.aprovaconcursos.com.br\\\/blog\\\/wp-content\\\/uploads\\\/2026\\\/08\\\/atualidades-lei-seca-literatura-ia.webp\",\"datePublished\":\"2026-08-24T13:00:18+00:00\",\"dateModified\":\"2026-08-31T13:38:22+00:00\",\"description\":\"Atualidades para Concursos: entenda a nova Lei Seca, a amplia\u00e7\u00e3o da Lei Maria da Penha e o impacto da IA na leitura. Confira e prepare-se!\",\"breadcrumb\":{\"@id\":\"https:\\\/\\\/www.aprovaconcursos.com.br\\\/blog\\\/atualidades-lei-seca-literatura-ia\\\/#breadcrumb\"},\"inLanguage\":\"pt-BR\",\"potentialAction\":[{\"@type\":\"ReadAction\",\"target\":[\"https:\\\/\\\/www.aprovaconcursos.com.br\\\/blog\\\/atualidades-lei-seca-literatura-ia\\\/\"]}]},{\"@type\":\"ImageObject\",\"inLanguage\":\"pt-BR\",\"@id\":\"https:\\\/\\\/www.aprovaconcursos.com.br\\\/blog\\\/atualidades-lei-seca-literatura-ia\\\/#primaryimage\",\"url\":\"https:\\\/\\\/www.aprovaconcursos.com.br\\\/blog\\\/wp-content\\\/uploads\\\/2026\\\/08\\\/atualidades-lei-seca-literatura-ia.webp\",\"contentUrl\":\"https:\\\/\\\/www.aprovaconcursos.com.br\\\/blog\\\/wp-content\\\/uploads\\\/2026\\\/08\\\/atualidades-lei-seca-literatura-ia.webp\",\"width\":1200,\"height\":628,\"caption\":\"Atualidades para Concursos.\"},{\"@type\":\"BreadcrumbList\",\"@id\":\"https:\\\/\\\/www.aprovaconcursos.com.br\\\/blog\\\/atualidades-lei-seca-literatura-ia\\\/#breadcrumb\",\"itemListElement\":[{\"@type\":\"ListItem\",\"position\":1,\"name\":\"Home\",\"item\":\"https:\\\/\\\/www.aprovaconcursos.com.br\\\/blog\\\/\"},{\"@type\":\"ListItem\",\"position\":2,\"name\":\"Atualidades para Concursos: Lei Seca, Literatura, IA e heran\u00e7a cultural\"}]},{\"@type\":\"WebSite\",\"@id\":\"https:\\\/\\\/www.aprovaconcursos.com.br\\\/blog\\\/#website\",\"url\":\"https:\\\/\\\/www.aprovaconcursos.com.br\\\/blog\\\/\",\"name\":\"Aprova Concursos - Blog\",\"description\":\"Guias, m\u00e9todos de estudo e an\u00e1lises t\u00e1ticas para sua aprova\u00e7\u00e3o em concursos p\u00fablicos.\",\"publisher\":{\"@id\":\"https:\\\/\\\/www.aprovaconcursos.com.br\\\/blog\\\/#organization\"},\"potentialAction\":[{\"@type\":\"SearchAction\",\"target\":{\"@type\":\"EntryPoint\",\"urlTemplate\":\"https:\\\/\\\/www.aprovaconcursos.com.br\\\/blog\\\/?s={search_term_string}\"},\"query-input\":{\"@type\":\"PropertyValueSpecification\",\"valueRequired\":true,\"valueName\":\"search_term_string\"}}],\"inLanguage\":\"pt-BR\"},{\"@type\":\"Organization\",\"@id\":\"https:\\\/\\\/www.aprovaconcursos.com.br\\\/blog\\\/#organization\",\"name\":\"Aprova Concursos\",\"url\":\"https:\\\/\\\/www.aprovaconcursos.com.br\\\/blog\\\/\",\"logo\":{\"@type\":\"ImageObject\",\"inLanguage\":\"pt-BR\",\"@id\":\"https:\\\/\\\/www.aprovaconcursos.com.br\\\/blog\\\/#\\\/schema\\\/logo\\\/image\\\/\",\"url\":\"https:\\\/\\\/www.aprovaconcursos.com.br\\\/blog\\\/wp-content\\\/uploads\\\/2026\\\/05\\\/cropped-logo-aprova-3.png\",\"contentUrl\":\"https:\\\/\\\/www.aprovaconcursos.com.br\\\/blog\\\/wp-content\\\/uploads\\\/2026\\\/05\\\/cropped-logo-aprova-3.png\",\"width\":1416,\"height\":538,\"caption\":\"Aprova Concursos\"},\"image\":{\"@id\":\"https:\\\/\\\/www.aprovaconcursos.com.br\\\/blog\\\/#\\\/schema\\\/logo\\\/image\\\/\"},\"sameAs\":[\"https:\\\/\\\/www.youtube.com\\\/@aprovaconcursos\",\"https:\\\/\\\/www.tiktok.com\\\/@aprovaconcursosoficial\"]},{\"@type\":\"Person\",\"@id\":\"https:\\\/\\\/www.aprovaconcursos.com.br\\\/blog\\\/#\\\/schema\\\/person\\\/90ac1d7ada8877eeb4cfa0651313d746\",\"name\":\"Prof\u00aa Cleuza Cecato\",\"image\":{\"@type\":\"ImageObject\",\"inLanguage\":\"pt-BR\",\"@id\":\"https:\\\/\\\/secure.gravatar.com\\\/avatar\\\/161c15658844d54122ab97b2b38773d77b9745352849cc8deeeb30297a0ad2f8?s=96&d=mm&r=g\",\"url\":\"https:\\\/\\\/secure.gravatar.com\\\/avatar\\\/161c15658844d54122ab97b2b38773d77b9745352849cc8deeeb30297a0ad2f8?s=96&d=mm&r=g\",\"contentUrl\":\"https:\\\/\\\/secure.gravatar.com\\\/avatar\\\/161c15658844d54122ab97b2b38773d77b9745352849cc8deeeb30297a0ad2f8?s=96&d=mm&r=g\",\"caption\":\"Prof\u00aa Cleuza Cecato\"},\"description\":\"Doutoranda em Lingu\u00edstica Aplicada pela UFRGS, Mestre em Lingu\u00edstica e graduada em Letras, ambas pela UFPR, a professora Cleuza Cecato construiu uma s\u00f3lida trajet\u00f3ria acad\u00eamica, consolidada na esfera de concursos p\u00fablicos, para diferentes n\u00edveis e contextos. Hoje, ministra aulas de L\u00edngua Portuguesa, Reda\u00e7\u00e3o, Atualidades e Interpreta\u00e7\u00e3o de Textos h\u00e1 15 anos no Aprova. Com uma did\u00e1tica clara e objetiva, ajuda os alunos a transformarem teoria em desempenho real nas provas.\",\"sameAs\":[\"https:\\\/\\\/www.aprovaconcursos.com.br\\\/\",\"http:\\\/\\\/lattes.cnpq.br\\\/2584717245175684\"],\"url\":\"https:\\\/\\\/www.aprovaconcursos.com.br\\\/blog\\\/autor\\\/prof-cleuza-cecato\\\/\"}]}<\/script>\n<!-- \/ Yoast SEO Premium plugin. -->","yoast_head_json":{"title":"Aprova Concursos","description":"Atualidades para Concursos: entenda a nova Lei Seca, a amplia\u00e7\u00e3o da Lei Maria da Penha e o impacto da IA na leitura. Confira e prepare-se!","robots":{"index":"index","follow":"follow","max-snippet":"max-snippet:-1","max-image-preview":"max-image-preview:large","max-video-preview":"max-video-preview:-1"},"canonical":"https:\/\/www.aprovaconcursos.com.br\/blog\/atualidades-lei-seca-literatura-ia\/","og_locale":"pt_BR","og_type":"article","og_title":"Aprova Concursos","og_description":"Atualidades para Concursos: entenda a nova Lei Seca, a amplia\u00e7\u00e3o da Lei Maria da Penha e o impacto da IA na leitura. Confira e prepare-se!","og_url":"https:\/\/www.aprovaconcursos.com.br\/blog\/atualidades-lei-seca-literatura-ia\/","og_site_name":"Aprova Concursos: Blog de Estudos e Carreiras","article_published_time":"2026-08-24T13:00:18+00:00","article_modified_time":"2026-08-31T13:38:22+00:00","og_image":[{"width":1200,"height":628,"url":"https:\/\/www.aprovaconcursos.com.br\/blog\/wp-content\/uploads\/2026\/08\/atualidades-lei-seca-literatura-ia.webp","type":"image\/webp"}],"author":"Prof\u00aa Cleuza Cecato","twitter_card":"summary_large_image","twitter_title":"Aprova Concursos","twitter_misc":{"Escrito por":"Prof\u00aa Cleuza Cecato","Est. tempo de leitura":"6 minutos"},"schema":{"@context":"https:\/\/schema.org","@graph":[{"@type":["Article","BlogPosting"],"@id":"https:\/\/www.aprovaconcursos.com.br\/blog\/atualidades-lei-seca-literatura-ia\/#article","isPartOf":{"@id":"https:\/\/www.aprovaconcursos.com.br\/blog\/atualidades-lei-seca-literatura-ia\/"},"author":{"name":"Prof\u00aa Cleuza Cecato","@id":"https:\/\/www.aprovaconcursos.com.br\/blog\/#\/schema\/person\/90ac1d7ada8877eeb4cfa0651313d746"},"headline":"Atualidades para Concursos: Lei Seca, Literatura, IA e heran\u00e7a cultural","datePublished":"2026-08-24T13:00:18+00:00","dateModified":"2026-08-31T13:38:22+00:00","mainEntityOfPage":{"@id":"https:\/\/www.aprovaconcursos.com.br\/blog\/atualidades-lei-seca-literatura-ia\/"},"wordCount":1183,"publisher":{"@id":"https:\/\/www.aprovaconcursos.com.br\/blog\/#organization"},"image":{"@id":"https:\/\/www.aprovaconcursos.com.br\/blog\/atualidades-lei-seca-literatura-ia\/#primaryimage"},"thumbnailUrl":"https:\/\/www.aprovaconcursos.com.br\/blog\/wp-content\/uploads\/2026\/08\/atualidades-lei-seca-literatura-ia.webp","keywords":["Atualidades para Concursos"],"articleSection":["Professores"],"inLanguage":"pt-BR"},{"@type":"WebPage","@id":"https:\/\/www.aprovaconcursos.com.br\/blog\/atualidades-lei-seca-literatura-ia\/","url":"https:\/\/www.aprovaconcursos.com.br\/blog\/atualidades-lei-seca-literatura-ia\/","name":"Atualidades para Concursos: Lei Seca, Literatura, IA e heran\u00e7a cultural","isPartOf":{"@id":"https:\/\/www.aprovaconcursos.com.br\/blog\/#website"},"primaryImageOfPage":{"@id":"https:\/\/www.aprovaconcursos.com.br\/blog\/atualidades-lei-seca-literatura-ia\/#primaryimage"},"image":{"@id":"https:\/\/www.aprovaconcursos.com.br\/blog\/atualidades-lei-seca-literatura-ia\/#primaryimage"},"thumbnailUrl":"https:\/\/www.aprovaconcursos.com.br\/blog\/wp-content\/uploads\/2026\/08\/atualidades-lei-seca-literatura-ia.webp","datePublished":"2026-08-24T13:00:18+00:00","dateModified":"2026-08-31T13:38:22+00:00","description":"Atualidades para Concursos: entenda a nova Lei Seca, a amplia\u00e7\u00e3o da Lei Maria da Penha e o impacto da IA na leitura. Confira e prepare-se!","breadcrumb":{"@id":"https:\/\/www.aprovaconcursos.com.br\/blog\/atualidades-lei-seca-literatura-ia\/#breadcrumb"},"inLanguage":"pt-BR","potentialAction":[{"@type":"ReadAction","target":["https:\/\/www.aprovaconcursos.com.br\/blog\/atualidades-lei-seca-literatura-ia\/"]}]},{"@type":"ImageObject","inLanguage":"pt-BR","@id":"https:\/\/www.aprovaconcursos.com.br\/blog\/atualidades-lei-seca-literatura-ia\/#primaryimage","url":"https:\/\/www.aprovaconcursos.com.br\/blog\/wp-content\/uploads\/2026\/08\/atualidades-lei-seca-literatura-ia.webp","contentUrl":"https:\/\/www.aprovaconcursos.com.br\/blog\/wp-content\/uploads\/2026\/08\/atualidades-lei-seca-literatura-ia.webp","width":1200,"height":628,"caption":"Atualidades para Concursos."},{"@type":"BreadcrumbList","@id":"https:\/\/www.aprovaconcursos.com.br\/blog\/atualidades-lei-seca-literatura-ia\/#breadcrumb","itemListElement":[{"@type":"ListItem","position":1,"name":"Home","item":"https:\/\/www.aprovaconcursos.com.br\/blog\/"},{"@type":"ListItem","position":2,"name":"Atualidades para Concursos: Lei Seca, Literatura, IA e heran\u00e7a cultural"}]},{"@type":"WebSite","@id":"https:\/\/www.aprovaconcursos.com.br\/blog\/#website","url":"https:\/\/www.aprovaconcursos.com.br\/blog\/","name":"Aprova Concursos - Blog","description":"Guias, m\u00e9todos de estudo e an\u00e1lises t\u00e1ticas para sua aprova\u00e7\u00e3o em concursos p\u00fablicos.","publisher":{"@id":"https:\/\/www.aprovaconcursos.com.br\/blog\/#organization"},"potentialAction":[{"@type":"SearchAction","target":{"@type":"EntryPoint","urlTemplate":"https:\/\/www.aprovaconcursos.com.br\/blog\/?s={search_term_string}"},"query-input":{"@type":"PropertyValueSpecification","valueRequired":true,"valueName":"search_term_string"}}],"inLanguage":"pt-BR"},{"@type":"Organization","@id":"https:\/\/www.aprovaconcursos.com.br\/blog\/#organization","name":"Aprova Concursos","url":"https:\/\/www.aprovaconcursos.com.br\/blog\/","logo":{"@type":"ImageObject","inLanguage":"pt-BR","@id":"https:\/\/www.aprovaconcursos.com.br\/blog\/#\/schema\/logo\/image\/","url":"https:\/\/www.aprovaconcursos.com.br\/blog\/wp-content\/uploads\/2026\/05\/cropped-logo-aprova-3.png","contentUrl":"https:\/\/www.aprovaconcursos.com.br\/blog\/wp-content\/uploads\/2026\/05\/cropped-logo-aprova-3.png","width":1416,"height":538,"caption":"Aprova Concursos"},"image":{"@id":"https:\/\/www.aprovaconcursos.com.br\/blog\/#\/schema\/logo\/image\/"},"sameAs":["https:\/\/www.youtube.com\/@aprovaconcursos","https:\/\/www.tiktok.com\/@aprovaconcursosoficial"]},{"@type":"Person","@id":"https:\/\/www.aprovaconcursos.com.br\/blog\/#\/schema\/person\/90ac1d7ada8877eeb4cfa0651313d746","name":"Prof\u00aa Cleuza Cecato","image":{"@type":"ImageObject","inLanguage":"pt-BR","@id":"https:\/\/secure.gravatar.com\/avatar\/161c15658844d54122ab97b2b38773d77b9745352849cc8deeeb30297a0ad2f8?s=96&d=mm&r=g","url":"https:\/\/secure.gravatar.com\/avatar\/161c15658844d54122ab97b2b38773d77b9745352849cc8deeeb30297a0ad2f8?s=96&d=mm&r=g","contentUrl":"https:\/\/secure.gravatar.com\/avatar\/161c15658844d54122ab97b2b38773d77b9745352849cc8deeeb30297a0ad2f8?s=96&d=mm&r=g","caption":"Prof\u00aa Cleuza Cecato"},"description":"Doutoranda em Lingu\u00edstica Aplicada pela UFRGS, Mestre em Lingu\u00edstica e graduada em Letras, ambas pela UFPR, a professora Cleuza Cecato construiu uma s\u00f3lida trajet\u00f3ria acad\u00eamica, consolidada na esfera de concursos p\u00fablicos, para diferentes n\u00edveis e contextos. Hoje, ministra aulas de L\u00edngua Portuguesa, Reda\u00e7\u00e3o, Atualidades e Interpreta\u00e7\u00e3o de Textos h\u00e1 15 anos no Aprova. Com uma did\u00e1tica clara e objetiva, ajuda os alunos a transformarem teoria em desempenho real nas provas.","sameAs":["https:\/\/www.aprovaconcursos.com.br\/","http:\/\/lattes.cnpq.br\/2584717245175684"],"url":"https:\/\/www.aprovaconcursos.com.br\/blog\/autor\/prof-cleuza-cecato\/"}]}},"_links":{"self":[{"href":"https:\/\/www.aprovaconcursos.com.br\/blog\/wp-json\/wp\/v2\/posts\/2075","targetHints":{"allow":["GET"]}}],"collection":[{"href":"https:\/\/www.aprovaconcursos.com.br\/blog\/wp-json\/wp\/v2\/posts"}],"about":[{"href":"https:\/\/www.aprovaconcursos.com.br\/blog\/wp-json\/wp\/v2\/types\/post"}],"author":[{"embeddable":true,"href":"https:\/\/www.aprovaconcursos.com.br\/blog\/wp-json\/wp\/v2\/users\/4"}],"replies":[{"embeddable":true,"href":"https:\/\/www.aprovaconcursos.com.br\/blog\/wp-json\/wp\/v2\/comments?post=2075"}],"version-history":[{"count":1,"href":"https:\/\/www.aprovaconcursos.com.br\/blog\/wp-json\/wp\/v2\/posts\/2075\/revisions"}],"predecessor-version":[{"id":2081,"href":"https:\/\/www.aprovaconcursos.com.br\/blog\/wp-json\/wp\/v2\/posts\/2075\/revisions\/2081"}],"wp:featuredmedia":[{"embeddable":true,"href":"https:\/\/www.aprovaconcursos.com.br\/blog\/wp-json\/wp\/v2\/media\/2079"}],"wp:attachment":[{"href":"https:\/\/www.aprovaconcursos.com.br\/blog\/wp-json\/wp\/v2\/media?parent=2075"}],"wp:term":[{"taxonomy":"category","embeddable":true,"href":"https:\/\/www.aprovaconcursos.com.br\/blog\/wp-json\/wp\/v2\/categories?post=2075"},{"taxonomy":"post_tag","embeddable":true,"href":"https:\/\/www.aprovaconcursos.com.br\/blog\/wp-json\/wp\/v2\/tags?post=2075"},{"taxonomy":"estado","embeddable":true,"href":"https:\/\/www.aprovaconcursos.com.br\/blog\/wp-json\/wp\/v2\/estado?post=2075"}],"curies":[{"name":"wp","href":"https:\/\/api.w.org\/{rel}","templated":true}]}}